{"id":2169,"date":"2009-02-17T13:47:00","date_gmt":"2009-02-17T13:47:00","guid":{"rendered":"https:\/\/www.fraczinet.cl\/sitio\/2009\/02\/17\/iglesia-de-san-francisco\/"},"modified":"2022-09-14T00:57:04","modified_gmt":"2022-09-14T00:57:04","slug":"iglesia-de-san-francisco","status":"publish","type":"post","link":"https:\/\/www.fraczinet.cl\/sitio\/2009\/02\/17\/iglesia-de-san-francisco\/","title":{"rendered":"Iglesia de San Francisco"},"content":{"rendered":"<p><a href=\"http:\/\/4.bp.blogspot.com\/_2S_RxGRVjis\/SZrAOeMS2FI\/AAAAAAAAIPM\/uyh56Z0hhfk\/s1600-h\/Iglesia+de+San+Francisco.JPG\"><img decoding=\"async\" id=\"BLOGGER_PHOTO_ID_5303762866037512274\" style=\"cursor: pointer; float: left; height: 108px; margin: 0px 10px 10px 0px; width: 143px;\" src=\"http:\/\/4.bp.blogspot.com\/_2S_RxGRVjis\/SZrAOeMS2FI\/AAAAAAAAIPM\/uyh56Z0hhfk\/s200\/Iglesia+de+San+Francisco.JPG\" alt=\"\" border=\"0\" \/><\/a>Los Padres Franciscanos llegaron a Chill\u00e1n en el a\u00f1o 1585 reci\u00e9n fundada la ciudad. En el a\u00f1o 1835 se establecieron en el lugar que actualmente ocupa la iglesia y el convento. El edificio construido ese a\u00f1o por el padre Luis Uribe fue remodelado en 1913 por el ingeniero M\u00e1ximo Hofmann y parcialmente destruido por el terremoto del a\u00f1o 1939. A contar del a\u00f1o \u201840 se procedi\u00f3 a su reconstrucci\u00f3n y remodelaci\u00f3n la que a\u00fan no ha sido totalmente terminada.<\/p>\n<div><\/div>\n<div>Anexo a la iglesia se encuentra un museo y biblioteca fundados en 1918 y que contienen santer\u00edas del siglo XIX, utensilios de culto y m\u00e1s de 4.000 vol\u00famenes religiosos de filosof\u00eda y teolog\u00eda. A\u00f1o Construcci\u00f3n: 1903-1913 Direcci\u00f3n: Sargento Aldea esquina Vegas de Sald\u00edas.<\/div>\n","protected":false},"excerpt":{"rendered":"<p>Los Padres Franciscanos llegaron a Chill\u00e1n en el a\u00f1o 1585 reci\u00e9n fundada la ciudad. En el a\u00f1o 1835 se establecieron en el lugar que actualmente ocupa la iglesia y el convento. El edificio construido ese a\u00f1o por el padre Luis Uribe fue remodelado en 1913 por el ingeniero M\u00e1ximo Hofmann y parcialmente destruido por el [&hellip;]<\/p>\n","protected":false},"author":1,"featured_media":12434,"comment_status":"open","ping_status":"open","sticky":false,"template":"","format":"standard","meta":{"footnotes":""},"categories":[31,3],"tags":[],"class_list":["post-2169","post","type-post","status-publish","format-standard","has-post-thumbnail","hentry","category-chillan","category-iglesias-y-capillas"],"yoast_head":"<!-- This site is optimized with the Yoast SEO plugin v25.0 - https:\/\/yoast.com\/wordpress\/plugins\/seo\/ -->\n<title>Iglesia de San Francisco - Nuestro Bio B\u00edo<\/title>\n<meta name=\"robots\" content=\"index, follow, max-snippet:-1, max-image-preview:large, max-video-preview:-1\" \/>\n<link rel=\"canonical\" href=\"https:\/\/www.fraczinet.cl\/sitio\/2009\/02\/17\/iglesia-de-san-francisco\/\" \/>\n<meta property=\"og:locale\" content=\"es_ES\" \/>\n<meta property=\"og:type\" content=\"article\" \/>\n<meta property=\"og:title\" content=\"Iglesia de San Francisco - Nuestro Bio B\u00edo\" \/>\n<meta property=\"og:description\" content=\"Los Padres Franciscanos llegaron a Chill\u00e1n en el a\u00f1o 1585 reci\u00e9n fundada la ciudad. En el a\u00f1o 1835 se establecieron en el lugar que actualmente ocupa la iglesia y el convento. El edificio construido ese a\u00f1o por el padre Luis Uribe fue remodelado en 1913 por el ingeniero M\u00e1ximo Hofmann y parcialmente destruido por el [&hellip;]\" \/>\n<meta property=\"og:url\" content=\"https:\/\/www.fraczinet.cl\/sitio\/2009\/02\/17\/iglesia-de-san-francisco\/\" \/>\n<meta property=\"og:site_name\" content=\"Nuestro Bio B\u00edo\" \/>\n<meta property=\"article:published_time\" content=\"2009-02-17T13:47:00+00:00\" \/>\n<meta property=\"article:modified_time\" content=\"2022-09-14T00:57:04+00:00\" \/>\n<meta property=\"og:image\" content=\"https:\/\/www.fraczinet.cl\/sitio\/wp-content\/uploads\/2009\/02\/Iglesia-de-San-Francisco.jpg\" \/>\n\t<meta property=\"og:image:width\" content=\"143\" \/>\n\t<meta property=\"og:image:height\" content=\"108\" \/>\n\t<meta property=\"og:image:type\" content=\"image\/jpeg\" \/>\n<meta name=\"author\" content=\"admin\" \/>\n<meta name=\"twitter:card\" content=\"summary_large_image\" \/>\n<meta name=\"twitter:creator\" content=\"@nuestrobiobio\" \/>\n<meta name=\"twitter:site\" content=\"@nuestrobiobio\" \/>\n<meta name=\"twitter:label1\" content=\"Escrito por\" \/>\n\t<meta name=\"twitter:data1\" content=\"admin\" \/>\n\t<meta name=\"twitter:label2\" content=\"Tiempo de lectura\" \/>\n\t<meta name=\"twitter:data2\" content=\"1 minuto\" \/>\n<script type=\"application\/ld+json\" class=\"yoast-schema-graph\">{\"@context\":\"https:\/\/schema.org\",\"@graph\":[{\"@type\":\"Article\",\"@id\":\"https:\/\/www.fraczinet.cl\/sitio\/2009\/02\/17\/iglesia-de-san-francisco\/#article\",\"isPartOf\":{\"@id\":\"https:\/\/www.fraczinet.cl\/sitio\/2009\/02\/17\/iglesia-de-san-francisco\/\"},\"author\":{\"name\":\"admin\",\"@id\":\"https:\/\/www.fraczinet.cl\/sitio\/#\/schema\/person\/bc30f98e9cb10ae7e119dbe14bc93784\"},\"headline\":\"Iglesia de San Francisco\",\"datePublished\":\"2009-02-17T13:47:00+00:00\",\"dateModified\":\"2022-09-14T00:57:04+00:00\",\"mainEntityOfPage\":{\"@id\":\"https:\/\/www.fraczinet.cl\/sitio\/2009\/02\/17\/iglesia-de-san-francisco\/\"},\"wordCount\":139,\"commentCount\":0,\"publisher\":{\"@id\":\"https:\/\/www.fraczinet.cl\/sitio\/#\/schema\/person\/aec8ee4da68df2b9b0eefdad24a0d582\"},\"image\":{\"@id\":\"https:\/\/www.fraczinet.cl\/sitio\/2009\/02\/17\/iglesia-de-san-francisco\/#primaryimage\"},\"thumbnailUrl\":\"https:\/\/www.fraczinet.cl\/sitio\/wp-content\/uploads\/2009\/02\/Iglesia-de-San-Francisco.jpg\",\"articleSection\":[\"Chill\u00e1n\",\"Iglesias y Capillas\"],\"inLanguage\":\"es\",\"potentialAction\":[{\"@type\":\"CommentAction\",\"name\":\"Comment\",\"target\":[\"https:\/\/www.fraczinet.cl\/sitio\/2009\/02\/17\/iglesia-de-san-francisco\/#respond\"]}]},{\"@type\":\"WebPage\",\"@id\":\"https:\/\/www.fraczinet.cl\/sitio\/2009\/02\/17\/iglesia-de-san-francisco\/\",\"url\":\"https:\/\/www.fraczinet.cl\/sitio\/2009\/02\/17\/iglesia-de-san-francisco\/\",\"name\":\"Iglesia de San Francisco - Nuestro Bio B\u00edo\",\"isPartOf\":{\"@id\":\"https:\/\/www.fraczinet.cl\/sitio\/#website\"},\"primaryImageOfPage\":{\"@id\":\"https:\/\/www.fraczinet.cl\/sitio\/2009\/02\/17\/iglesia-de-san-francisco\/#primaryimage\"},\"image\":{\"@id\":\"https:\/\/www.fraczinet.cl\/sitio\/2009\/02\/17\/iglesia-de-san-francisco\/#primaryimage\"},\"thumbnailUrl\":\"https:\/\/www.fraczinet.cl\/sitio\/wp-content\/uploads\/2009\/02\/Iglesia-de-San-Francisco.jpg\",\"datePublished\":\"2009-02-17T13:47:00+00:00\",\"dateModified\":\"2022-09-14T00:57:04+00:00\",\"breadcrumb\":{\"@id\":\"https:\/\/www.fraczinet.cl\/sitio\/2009\/02\/17\/iglesia-de-san-francisco\/#breadcrumb\"},\"inLanguage\":\"es\",\"potentialAction\":[{\"@type\":\"ReadAction\",\"target\":[\"https:\/\/www.fraczinet.cl\/sitio\/2009\/02\/17\/iglesia-de-san-francisco\/\"]}]},{\"@type\":\"ImageObject\",\"inLanguage\":\"es\",\"@id\":\"https:\/\/www.fraczinet.cl\/sitio\/2009\/02\/17\/iglesia-de-san-francisco\/#primaryimage\",\"url\":\"https:\/\/www.fraczinet.cl\/sitio\/wp-content\/uploads\/2009\/02\/Iglesia-de-San-Francisco.jpg\",\"contentUrl\":\"https:\/\/www.fraczinet.cl\/sitio\/wp-content\/uploads\/2009\/02\/Iglesia-de-San-Francisco.jpg\",\"width\":143,\"height\":108},{\"@type\":\"BreadcrumbList\",\"@id\":\"https:\/\/www.fraczinet.cl\/sitio\/2009\/02\/17\/iglesia-de-san-francisco\/#breadcrumb\",\"itemListElement\":[{\"@type\":\"ListItem\",\"position\":1,\"name\":\"Portada\",\"item\":\"https:\/\/www.fraczinet.cl\/sitio\/\"},{\"@type\":\"ListItem\",\"position\":2,\"name\":\"Iglesia de San Francisco\"}]},{\"@type\":\"WebSite\",\"@id\":\"https:\/\/www.fraczinet.cl\/sitio\/#website\",\"url\":\"https:\/\/www.fraczinet.cl\/sitio\/\",\"name\":\"Nuestro Bio B\u00edo\",\"description\":\"Tierra de Encuentros\",\"publisher\":{\"@id\":\"https:\/\/www.fraczinet.cl\/sitio\/#\/schema\/person\/aec8ee4da68df2b9b0eefdad24a0d582\"},\"potentialAction\":[{\"@type\":\"SearchAction\",\"target\":{\"@type\":\"EntryPoint\",\"urlTemplate\":\"https:\/\/www.fraczinet.cl\/sitio\/?s={search_term_string}\"},\"query-input\":{\"@type\":\"PropertyValueSpecification\",\"valueRequired\":true,\"valueName\":\"search_term_string\"}}],\"inLanguage\":\"es\"},{\"@type\":[\"Person\",\"Organization\"],\"@id\":\"https:\/\/www.fraczinet.cl\/sitio\/#\/schema\/person\/aec8ee4da68df2b9b0eefdad24a0d582\",\"name\":\"Luis Fernando Fraczinet\",\"image\":{\"@type\":\"ImageObject\",\"inLanguage\":\"es\",\"@id\":\"https:\/\/www.fraczinet.cl\/sitio\/#\/schema\/person\/image\/\",\"url\":\"https:\/\/www.fraczinet.cl\/sitio\/wp-content\/uploads\/2021\/07\/bannerlogo-1.gif\",\"contentUrl\":\"https:\/\/www.fraczinet.cl\/sitio\/wp-content\/uploads\/2021\/07\/bannerlogo-1.gif\",\"width\":159,\"height\":79,\"caption\":\"Luis Fernando Fraczinet\"},\"logo\":{\"@id\":\"https:\/\/www.fraczinet.cl\/sitio\/#\/schema\/person\/image\/\"},\"sameAs\":[\"https:\/\/www.fraczinet.cl\/sitio\/\"]},{\"@type\":\"Person\",\"@id\":\"https:\/\/www.fraczinet.cl\/sitio\/#\/schema\/person\/bc30f98e9cb10ae7e119dbe14bc93784\",\"name\":\"admin\",\"image\":{\"@type\":\"ImageObject\",\"inLanguage\":\"es\",\"@id\":\"https:\/\/www.fraczinet.cl\/sitio\/#\/schema\/person\/image\/\",\"url\":\"https:\/\/secure.gravatar.com\/avatar\/d5ad3cf7ef3b23a2bb5be73be780c86b2fc8545c3ad6b149f3913ff458c00099?s=96&d=mm&r=g\",\"contentUrl\":\"https:\/\/secure.gravatar.com\/avatar\/d5ad3cf7ef3b23a2bb5be73be780c86b2fc8545c3ad6b149f3913ff458c00099?s=96&d=mm&r=g\",\"caption\":\"admin\"},\"sameAs\":[\"https:\/\/www.fraczinet.cl\/sitio\"]}]}<\/script>\n<!-- \/ Yoast SEO plugin. -->","yoast_head_json":{"title":"Iglesia de San Francisco - Nuestro Bio B\u00edo","robots":{"index":"index","follow":"follow","max-snippet":"max-snippet:-1","max-image-preview":"max-image-preview:large","max-video-preview":"max-video-preview:-1"},"canonical":"https:\/\/www.fraczinet.cl\/sitio\/2009\/02\/17\/iglesia-de-san-francisco\/","og_locale":"es_ES","og_type":"article","og_title":"Iglesia de San Francisco - Nuestro Bio B\u00edo","og_description":"Los Padres Franciscanos llegaron a Chill\u00e1n en el a\u00f1o 1585 reci\u00e9n fundada la ciudad. En el a\u00f1o 1835 se establecieron en el lugar que actualmente ocupa la iglesia y el convento. El edificio construido ese a\u00f1o por el padre Luis Uribe fue remodelado en 1913 por el ingeniero M\u00e1ximo Hofmann y parcialmente destruido por el [&hellip;]","og_url":"https:\/\/www.fraczinet.cl\/sitio\/2009\/02\/17\/iglesia-de-san-francisco\/","og_site_name":"Nuestro Bio B\u00edo","article_published_time":"2009-02-17T13:47:00+00:00","article_modified_time":"2022-09-14T00:57:04+00:00","og_image":[{"width":143,"height":108,"url":"https:\/\/www.fraczinet.cl\/sitio\/wp-content\/uploads\/2009\/02\/Iglesia-de-San-Francisco.jpg","type":"image\/jpeg"}],"author":"admin","twitter_card":"summary_large_image","twitter_creator":"@nuestrobiobio","twitter_site":"@nuestrobiobio","twitter_misc":{"Escrito por":"admin","Tiempo de lectura":"1 minuto"},"schema":{"@context":"https:\/\/schema.org","@graph":[{"@type":"Article","@id":"https:\/\/www.fraczinet.cl\/sitio\/2009\/02\/17\/iglesia-de-san-francisco\/#article","isPartOf":{"@id":"https:\/\/www.fraczinet.cl\/sitio\/2009\/02\/17\/iglesia-de-san-francisco\/"},"author":{"name":"admin","@id":"https:\/\/www.fraczinet.cl\/sitio\/#\/schema\/person\/bc30f98e9cb10ae7e119dbe14bc93784"},"headline":"Iglesia de San Francisco","datePublished":"2009-02-17T13:47:00+00:00","dateModified":"2022-09-14T00:57:04+00:00","mainEntityOfPage":{"@id":"https:\/\/www.fraczinet.cl\/sitio\/2009\/02\/17\/iglesia-de-san-francisco\/"},"wordCount":139,"commentCount":0,"publisher":{"@id":"https:\/\/www.fraczinet.cl\/sitio\/#\/schema\/person\/aec8ee4da68df2b9b0eefdad24a0d582"},"image":{"@id":"https:\/\/www.fraczinet.cl\/sitio\/2009\/02\/17\/iglesia-de-san-francisco\/#primaryimage"},"thumbnailUrl":"https:\/\/www.fraczinet.cl\/sitio\/wp-content\/uploads\/2009\/02\/Iglesia-de-San-Francisco.jpg","articleSection":["Chill\u00e1n","Iglesias y Capillas"],"inLanguage":"es","potentialAction":[{"@type":"CommentAction","name":"Comment","target":["https:\/\/www.fraczinet.cl\/sitio\/2009\/02\/17\/iglesia-de-san-francisco\/#respond"]}]},{"@type":"WebPage","@id":"https:\/\/www.fraczinet.cl\/sitio\/2009\/02\/17\/iglesia-de-san-francisco\/","url":"https:\/\/www.fraczinet.cl\/sitio\/2009\/02\/17\/iglesia-de-san-francisco\/","name":"Iglesia de San Francisco - Nuestro Bio B\u00edo","isPartOf":{"@id":"https:\/\/www.fraczinet.cl\/sitio\/#website"},"primaryImageOfPage":{"@id":"https:\/\/www.fraczinet.cl\/sitio\/2009\/02\/17\/iglesia-de-san-francisco\/#primaryimage"},"image":{"@id":"https:\/\/www.fraczinet.cl\/sitio\/2009\/02\/17\/iglesia-de-san-francisco\/#primaryimage"},"thumbnailUrl":"https:\/\/www.fraczinet.cl\/sitio\/wp-content\/uploads\/2009\/02\/Iglesia-de-San-Francisco.jpg","datePublished":"2009-02-17T13:47:00+00:00","dateModified":"2022-09-14T00:57:04+00:00","breadcrumb":{"@id":"https:\/\/www.fraczinet.cl\/sitio\/2009\/02\/17\/iglesia-de-san-francisco\/#breadcrumb"},"inLanguage":"es","potentialAction":[{"@type":"ReadAction","target":["https:\/\/www.fraczinet.cl\/sitio\/2009\/02\/17\/iglesia-de-san-francisco\/"]}]},{"@type":"ImageObject","inLanguage":"es","@id":"https:\/\/www.fraczinet.cl\/sitio\/2009\/02\/17\/iglesia-de-san-francisco\/#primaryimage","url":"https:\/\/www.fraczinet.cl\/sitio\/wp-content\/uploads\/2009\/02\/Iglesia-de-San-Francisco.jpg","contentUrl":"https:\/\/www.fraczinet.cl\/sitio\/wp-content\/uploads\/2009\/02\/Iglesia-de-San-Francisco.jpg","width":143,"height":108},{"@type":"BreadcrumbList","@id":"https:\/\/www.fraczinet.cl\/sitio\/2009\/02\/17\/iglesia-de-san-francisco\/#breadcrumb","itemListElement":[{"@type":"ListItem","position":1,"name":"Portada","item":"https:\/\/www.fraczinet.cl\/sitio\/"},{"@type":"ListItem","position":2,"name":"Iglesia de San Francisco"}]},{"@type":"WebSite","@id":"https:\/\/www.fraczinet.cl\/sitio\/#website","url":"https:\/\/www.fraczinet.cl\/sitio\/","name":"Nuestro Bio B\u00edo","description":"Tierra de Encuentros","publisher":{"@id":"https:\/\/www.fraczinet.cl\/sitio\/#\/schema\/person\/aec8ee4da68df2b9b0eefdad24a0d582"},"potentialAction":[{"@type":"SearchAction","target":{"@type":"EntryPoint","urlTemplate":"https:\/\/www.fraczinet.cl\/sitio\/?s={search_term_string}"},"query-input":{"@type":"PropertyValueSpecification","valueRequired":true,"valueName":"search_term_string"}}],"inLanguage":"es"},{"@type":["Person","Organization"],"@id":"https:\/\/www.fraczinet.cl\/sitio\/#\/schema\/person\/aec8ee4da68df2b9b0eefdad24a0d582","name":"Luis Fernando Fraczinet","image":{"@type":"ImageObject","inLanguage":"es","@id":"https:\/\/www.fraczinet.cl\/sitio\/#\/schema\/person\/image\/","url":"https:\/\/www.fraczinet.cl\/sitio\/wp-content\/uploads\/2021\/07\/bannerlogo-1.gif","contentUrl":"https:\/\/www.fraczinet.cl\/sitio\/wp-content\/uploads\/2021\/07\/bannerlogo-1.gif","width":159,"height":79,"caption":"Luis Fernando Fraczinet"},"logo":{"@id":"https:\/\/www.fraczinet.cl\/sitio\/#\/schema\/person\/image\/"},"sameAs":["https:\/\/www.fraczinet.cl\/sitio\/"]},{"@type":"Person","@id":"https:\/\/www.fraczinet.cl\/sitio\/#\/schema\/person\/bc30f98e9cb10ae7e119dbe14bc93784","name":"admin","image":{"@type":"ImageObject","inLanguage":"es","@id":"https:\/\/www.fraczinet.cl\/sitio\/#\/schema\/person\/image\/","url":"https:\/\/secure.gravatar.com\/avatar\/d5ad3cf7ef3b23a2bb5be73be780c86b2fc8545c3ad6b149f3913ff458c00099?s=96&d=mm&r=g","contentUrl":"https:\/\/secure.gravatar.com\/avatar\/d5ad3cf7ef3b23a2bb5be73be780c86b2fc8545c3ad6b149f3913ff458c00099?s=96&d=mm&r=g","caption":"admin"},"sameAs":["https:\/\/www.fraczinet.cl\/sitio"]}]}},"_links":{"self":[{"href":"https:\/\/www.fraczinet.cl\/sitio\/wp-json\/wp\/v2\/posts\/2169","targetHints":{"allow":["GET"]}}],"collection":[{"href":"https:\/\/www.fraczinet.cl\/sitio\/wp-json\/wp\/v2\/posts"}],"about":[{"href":"https:\/\/www.fraczinet.cl\/sitio\/wp-json\/wp\/v2\/types\/post"}],"author":[{"embeddable":true,"href":"https:\/\/www.fraczinet.cl\/sitio\/wp-json\/wp\/v2\/users\/1"}],"replies":[{"embeddable":true,"href":"https:\/\/www.fraczinet.cl\/sitio\/wp-json\/wp\/v2\/comments?post=2169"}],"version-history":[{"count":2,"href":"https:\/\/www.fraczinet.cl\/sitio\/wp-json\/wp\/v2\/posts\/2169\/revisions"}],"predecessor-version":[{"id":12446,"href":"https:\/\/www.fraczinet.cl\/sitio\/wp-json\/wp\/v2\/posts\/2169\/revisions\/12446"}],"wp:featuredmedia":[{"embeddable":true,"href":"https:\/\/www.fraczinet.cl\/sitio\/wp-json\/wp\/v2\/media\/12434"}],"wp:attachment":[{"href":"https:\/\/www.fraczinet.cl\/sitio\/wp-json\/wp\/v2\/media?parent=2169"}],"wp:term":[{"taxonomy":"category","embeddable":true,"href":"https:\/\/www.fraczinet.cl\/sitio\/wp-json\/wp\/v2\/categories?post=2169"},{"taxonomy":"post_tag","embeddable":true,"href":"https:\/\/www.fraczinet.cl\/sitio\/wp-json\/wp\/v2\/tags?post=2169"}],"curies":[{"name":"wp","href":"https:\/\/api.w.org\/{rel}","templated":true}]}}