{"id":2238,"date":"2009-02-17T15:08:00","date_gmt":"2009-02-17T15:08:00","guid":{"rendered":""},"modified":"2021-11-07T10:27:23","modified_gmt":"2021-11-07T10:27:23","slug":"islote-loberia-e-iglesia-de-piedra","status":"publish","type":"post","link":"https:\/\/www.fraczinet.cl\/sitio\/2009\/02\/17\/islote-loberia-e-iglesia-de-piedra\/","title":{"rendered":"Islote, Lober\u00eda e Iglesia de Piedra"},"content":{"rendered":"<p><a href=\"https:\/\/www.fraczinet.cl\/sitio\/wp-content\/uploads\/2009\/02\/Islote-Lober-C3-ADa-e-Iglesia-de-Piedra.jpg\"><img decoding=\"async\" style=\"float:left; margin:0 10px 10px 0;cursor:pointer; cursor:hand;width: 143px; height: 108px;\" src=\"https:\/\/www.fraczinet.cl\/sitio\/wp-content\/uploads\/2009\/02\/Islote-Lober-C3-ADa-e-Iglesia-de-Piedra.jpg\" border=\"0\" alt=\"\" id=\"BLOGGER_PHOTO_ID_5303783684155862226\"><\/a>Perteneciente al patrimonio natural, El Santuario de la Naturaleza de Cobquecura fue creado por Decreto Supremo del Ministerio de Educaci\u00f3n N\u00b0 544, del 10 de Octubre de 1992. Este Santuario est\u00e1 constitu\u00eddo por los islotes de la Lober\u00eda y la formaci\u00f3n natural denominada Iglesia de Piedra. Geol\u00f3gicamente, ambas formaciones corresponden a basamentos metamorf\u00f3sicos formados aproximadamente hace 320 millones de a\u00f1os, durante la Era Paleol\u00edtica, espec\u00edficamente en el per\u00edodo Carbon\u00edfero.  Direcci\u00f3n: Sector Playa de Cobquecura<\/p>\n","protected":false},"excerpt":{"rendered":"<p>Perteneciente al patrimonio natural, El Santuario de la Naturaleza de Cobquecura fue creado por Decreto Supremo del Ministerio de Educaci\u00f3n N\u00b0 544, del 10 de Octubre de 1992. Este Santuario est\u00e1 constitu\u00eddo por los islotes de la Lober\u00eda y la formaci\u00f3n natural denominada Iglesia de Piedra. Geol\u00f3gicamente, ambas formaciones corresponden a basamentos metamorf\u00f3sicos formados aproximadamente [&hellip;]<\/p>\n","protected":false},"author":1,"featured_media":2261,"comment_status":"open","ping_status":"open","sticky":false,"template":"","format":"standard","meta":{"footnotes":""},"categories":[37,29,225],"tags":[],"class_list":["post-2238","post","type-post","status-publish","format-standard","has-post-thumbnail","hentry","category-cobquecura","category-patrimonio","category-reservas-y-parques"],"yoast_head":"<!-- This site is optimized with the Yoast SEO plugin v25.0 - https:\/\/yoast.com\/wordpress\/plugins\/seo\/ -->\n<title>Islote, Lober\u00eda e Iglesia de Piedra - Nuestro Bio B\u00edo<\/title>\n<meta name=\"robots\" content=\"index, follow, max-snippet:-1, max-image-preview:large, max-video-preview:-1\" \/>\n<link rel=\"canonical\" href=\"https:\/\/www.fraczinet.cl\/sitio\/2009\/02\/17\/islote-loberia-e-iglesia-de-piedra\/\" \/>\n<meta property=\"og:locale\" content=\"es_ES\" \/>\n<meta property=\"og:type\" content=\"article\" \/>\n<meta property=\"og:title\" content=\"Islote, Lober\u00eda e Iglesia de Piedra - Nuestro Bio B\u00edo\" \/>\n<meta property=\"og:description\" content=\"Perteneciente al patrimonio natural, El Santuario de la Naturaleza de Cobquecura fue creado por Decreto Supremo del Ministerio de Educaci\u00f3n N\u00b0 544, del 10 de Octubre de 1992. Este Santuario est\u00e1 constitu\u00eddo por los islotes de la Lober\u00eda y la formaci\u00f3n natural denominada Iglesia de Piedra. Geol\u00f3gicamente, ambas formaciones corresponden a basamentos metamorf\u00f3sicos formados aproximadamente [&hellip;]\" \/>\n<meta property=\"og:url\" content=\"https:\/\/www.fraczinet.cl\/sitio\/2009\/02\/17\/islote-loberia-e-iglesia-de-piedra\/\" \/>\n<meta property=\"og:site_name\" content=\"Nuestro Bio B\u00edo\" \/>\n<meta property=\"article:published_time\" content=\"2009-02-17T15:08:00+00:00\" \/>\n<meta property=\"article:modified_time\" content=\"2021-11-07T10:27:23+00:00\" \/>\n<meta property=\"og:image\" content=\"https:\/\/www.fraczinet.cl\/sitio\/wp-content\/uploads\/2009\/02\/Islote-Lober-C3-ADa-e-Iglesia-de-Piedra.jpg\" \/>\n\t<meta property=\"og:image:width\" content=\"143\" \/>\n\t<meta property=\"og:image:height\" content=\"108\" \/>\n\t<meta property=\"og:image:type\" content=\"image\/jpeg\" \/>\n<meta name=\"author\" content=\"admin\" \/>\n<meta name=\"twitter:card\" content=\"summary_large_image\" \/>\n<meta name=\"twitter:creator\" content=\"@nuestrobiobio\" \/>\n<meta name=\"twitter:site\" content=\"@nuestrobiobio\" \/>\n<meta name=\"twitter:label1\" content=\"Escrito por\" \/>\n\t<meta name=\"twitter:data1\" content=\"admin\" \/>\n<script type=\"application\/ld+json\" class=\"yoast-schema-graph\">{\"@context\":\"https:\/\/schema.org\",\"@graph\":[{\"@type\":\"Article\",\"@id\":\"https:\/\/www.fraczinet.cl\/sitio\/2009\/02\/17\/islote-loberia-e-iglesia-de-piedra\/#article\",\"isPartOf\":{\"@id\":\"https:\/\/www.fraczinet.cl\/sitio\/2009\/02\/17\/islote-loberia-e-iglesia-de-piedra\/\"},\"author\":{\"name\":\"admin\",\"@id\":\"https:\/\/www.fraczinet.cl\/sitio\/#\/schema\/person\/bc30f98e9cb10ae7e119dbe14bc93784\"},\"headline\":\"Islote, Lober\u00eda e Iglesia de Piedra\",\"datePublished\":\"2009-02-17T15:08:00+00:00\",\"dateModified\":\"2021-11-07T10:27:23+00:00\",\"mainEntityOfPage\":{\"@id\":\"https:\/\/www.fraczinet.cl\/sitio\/2009\/02\/17\/islote-loberia-e-iglesia-de-piedra\/\"},\"wordCount\":89,\"commentCount\":0,\"publisher\":{\"@id\":\"https:\/\/www.fraczinet.cl\/sitio\/#\/schema\/person\/aec8ee4da68df2b9b0eefdad24a0d582\"},\"image\":{\"@id\":\"https:\/\/www.fraczinet.cl\/sitio\/2009\/02\/17\/islote-loberia-e-iglesia-de-piedra\/#primaryimage\"},\"thumbnailUrl\":\"https:\/\/www.fraczinet.cl\/sitio\/wp-content\/uploads\/2009\/02\/Islote-Lober-C3-ADa-e-Iglesia-de-Piedra.jpg\",\"articleSection\":[\"Cobquecura\",\"Patrimonio\",\"Reservas y Parques\"],\"inLanguage\":\"es\",\"potentialAction\":[{\"@type\":\"CommentAction\",\"name\":\"Comment\",\"target\":[\"https:\/\/www.fraczinet.cl\/sitio\/2009\/02\/17\/islote-loberia-e-iglesia-de-piedra\/#respond\"]}]},{\"@type\":\"WebPage\",\"@id\":\"https:\/\/www.fraczinet.cl\/sitio\/2009\/02\/17\/islote-loberia-e-iglesia-de-piedra\/\",\"url\":\"https:\/\/www.fraczinet.cl\/sitio\/2009\/02\/17\/islote-loberia-e-iglesia-de-piedra\/\",\"name\":\"Islote, Lober\u00eda e Iglesia de Piedra - Nuestro Bio B\u00edo\",\"isPartOf\":{\"@id\":\"https:\/\/www.fraczinet.cl\/sitio\/#website\"},\"primaryImageOfPage\":{\"@id\":\"https:\/\/www.fraczinet.cl\/sitio\/2009\/02\/17\/islote-loberia-e-iglesia-de-piedra\/#primaryimage\"},\"image\":{\"@id\":\"https:\/\/www.fraczinet.cl\/sitio\/2009\/02\/17\/islote-loberia-e-iglesia-de-piedra\/#primaryimage\"},\"thumbnailUrl\":\"https:\/\/www.fraczinet.cl\/sitio\/wp-content\/uploads\/2009\/02\/Islote-Lober-C3-ADa-e-Iglesia-de-Piedra.jpg\",\"datePublished\":\"2009-02-17T15:08:00+00:00\",\"dateModified\":\"2021-11-07T10:27:23+00:00\",\"breadcrumb\":{\"@id\":\"https:\/\/www.fraczinet.cl\/sitio\/2009\/02\/17\/islote-loberia-e-iglesia-de-piedra\/#breadcrumb\"},\"inLanguage\":\"es\",\"potentialAction\":[{\"@type\":\"ReadAction\",\"target\":[\"https:\/\/www.fraczinet.cl\/sitio\/2009\/02\/17\/islote-loberia-e-iglesia-de-piedra\/\"]}]},{\"@type\":\"ImageObject\",\"inLanguage\":\"es\",\"@id\":\"https:\/\/www.fraczinet.cl\/sitio\/2009\/02\/17\/islote-loberia-e-iglesia-de-piedra\/#primaryimage\",\"url\":\"https:\/\/www.fraczinet.cl\/sitio\/wp-content\/uploads\/2009\/02\/Islote-Lober-C3-ADa-e-Iglesia-de-Piedra.jpg\",\"contentUrl\":\"https:\/\/www.fraczinet.cl\/sitio\/wp-content\/uploads\/2009\/02\/Islote-Lober-C3-ADa-e-Iglesia-de-Piedra.jpg\",\"width\":143,\"height\":108},{\"@type\":\"BreadcrumbList\",\"@id\":\"https:\/\/www.fraczinet.cl\/sitio\/2009\/02\/17\/islote-loberia-e-iglesia-de-piedra\/#breadcrumb\",\"itemListElement\":[{\"@type\":\"ListItem\",\"position\":1,\"name\":\"Portada\",\"item\":\"https:\/\/www.fraczinet.cl\/sitio\/\"},{\"@type\":\"ListItem\",\"position\":2,\"name\":\"Islote, Lober\u00eda e Iglesia de Piedra\"}]},{\"@type\":\"WebSite\",\"@id\":\"https:\/\/www.fraczinet.cl\/sitio\/#website\",\"url\":\"https:\/\/www.fraczinet.cl\/sitio\/\",\"name\":\"Nuestro Bio B\u00edo\",\"description\":\"Tierra de Encuentros\",\"publisher\":{\"@id\":\"https:\/\/www.fraczinet.cl\/sitio\/#\/schema\/person\/aec8ee4da68df2b9b0eefdad24a0d582\"},\"potentialAction\":[{\"@type\":\"SearchAction\",\"target\":{\"@type\":\"EntryPoint\",\"urlTemplate\":\"https:\/\/www.fraczinet.cl\/sitio\/?s={search_term_string}\"},\"query-input\":{\"@type\":\"PropertyValueSpecification\",\"valueRequired\":true,\"valueName\":\"search_term_string\"}}],\"inLanguage\":\"es\"},{\"@type\":[\"Person\",\"Organization\"],\"@id\":\"https:\/\/www.fraczinet.cl\/sitio\/#\/schema\/person\/aec8ee4da68df2b9b0eefdad24a0d582\",\"name\":\"Luis Fernando Fraczinet\",\"image\":{\"@type\":\"ImageObject\",\"inLanguage\":\"es\",\"@id\":\"https:\/\/www.fraczinet.cl\/sitio\/#\/schema\/person\/image\/\",\"url\":\"https:\/\/www.fraczinet.cl\/sitio\/wp-content\/uploads\/2021\/07\/bannerlogo-1.gif\",\"contentUrl\":\"https:\/\/www.fraczinet.cl\/sitio\/wp-content\/uploads\/2021\/07\/bannerlogo-1.gif\",\"width\":159,\"height\":79,\"caption\":\"Luis Fernando Fraczinet\"},\"logo\":{\"@id\":\"https:\/\/www.fraczinet.cl\/sitio\/#\/schema\/person\/image\/\"},\"sameAs\":[\"https:\/\/www.fraczinet.cl\/sitio\/\"]},{\"@type\":\"Person\",\"@id\":\"https:\/\/www.fraczinet.cl\/sitio\/#\/schema\/person\/bc30f98e9cb10ae7e119dbe14bc93784\",\"name\":\"admin\",\"image\":{\"@type\":\"ImageObject\",\"inLanguage\":\"es\",\"@id\":\"https:\/\/www.fraczinet.cl\/sitio\/#\/schema\/person\/image\/\",\"url\":\"https:\/\/secure.gravatar.com\/avatar\/d5ad3cf7ef3b23a2bb5be73be780c86b2fc8545c3ad6b149f3913ff458c00099?s=96&d=mm&r=g\",\"contentUrl\":\"https:\/\/secure.gravatar.com\/avatar\/d5ad3cf7ef3b23a2bb5be73be780c86b2fc8545c3ad6b149f3913ff458c00099?s=96&d=mm&r=g\",\"caption\":\"admin\"},\"sameAs\":[\"https:\/\/www.fraczinet.cl\/sitio\"]}]}<\/script>\n<!-- \/ Yoast SEO plugin. -->","yoast_head_json":{"title":"Islote, Lober\u00eda e Iglesia de Piedra - Nuestro Bio B\u00edo","robots":{"index":"index","follow":"follow","max-snippet":"max-snippet:-1","max-image-preview":"max-image-preview:large","max-video-preview":"max-video-preview:-1"},"canonical":"https:\/\/www.fraczinet.cl\/sitio\/2009\/02\/17\/islote-loberia-e-iglesia-de-piedra\/","og_locale":"es_ES","og_type":"article","og_title":"Islote, Lober\u00eda e Iglesia de Piedra - Nuestro Bio B\u00edo","og_description":"Perteneciente al patrimonio natural, El Santuario de la Naturaleza de Cobquecura fue creado por Decreto Supremo del Ministerio de Educaci\u00f3n N\u00b0 544, del 10 de Octubre de 1992. Este Santuario est\u00e1 constitu\u00eddo por los islotes de la Lober\u00eda y la formaci\u00f3n natural denominada Iglesia de Piedra. Geol\u00f3gicamente, ambas formaciones corresponden a basamentos metamorf\u00f3sicos formados aproximadamente [&hellip;]","og_url":"https:\/\/www.fraczinet.cl\/sitio\/2009\/02\/17\/islote-loberia-e-iglesia-de-piedra\/","og_site_name":"Nuestro Bio B\u00edo","article_published_time":"2009-02-17T15:08:00+00:00","article_modified_time":"2021-11-07T10:27:23+00:00","og_image":[{"width":143,"height":108,"url":"https:\/\/www.fraczinet.cl\/sitio\/wp-content\/uploads\/2009\/02\/Islote-Lober-C3-ADa-e-Iglesia-de-Piedra.jpg","type":"image\/jpeg"}],"author":"admin","twitter_card":"summary_large_image","twitter_creator":"@nuestrobiobio","twitter_site":"@nuestrobiobio","twitter_misc":{"Escrito por":"admin"},"schema":{"@context":"https:\/\/schema.org","@graph":[{"@type":"Article","@id":"https:\/\/www.fraczinet.cl\/sitio\/2009\/02\/17\/islote-loberia-e-iglesia-de-piedra\/#article","isPartOf":{"@id":"https:\/\/www.fraczinet.cl\/sitio\/2009\/02\/17\/islote-loberia-e-iglesia-de-piedra\/"},"author":{"name":"admin","@id":"https:\/\/www.fraczinet.cl\/sitio\/#\/schema\/person\/bc30f98e9cb10ae7e119dbe14bc93784"},"headline":"Islote, Lober\u00eda e Iglesia de Piedra","datePublished":"2009-02-17T15:08:00+00:00","dateModified":"2021-11-07T10:27:23+00:00","mainEntityOfPage":{"@id":"https:\/\/www.fraczinet.cl\/sitio\/2009\/02\/17\/islote-loberia-e-iglesia-de-piedra\/"},"wordCount":89,"commentCount":0,"publisher":{"@id":"https:\/\/www.fraczinet.cl\/sitio\/#\/schema\/person\/aec8ee4da68df2b9b0eefdad24a0d582"},"image":{"@id":"https:\/\/www.fraczinet.cl\/sitio\/2009\/02\/17\/islote-loberia-e-iglesia-de-piedra\/#primaryimage"},"thumbnailUrl":"https:\/\/www.fraczinet.cl\/sitio\/wp-content\/uploads\/2009\/02\/Islote-Lober-C3-ADa-e-Iglesia-de-Piedra.jpg","articleSection":["Cobquecura","Patrimonio","Reservas y Parques"],"inLanguage":"es","potentialAction":[{"@type":"CommentAction","name":"Comment","target":["https:\/\/www.fraczinet.cl\/sitio\/2009\/02\/17\/islote-loberia-e-iglesia-de-piedra\/#respond"]}]},{"@type":"WebPage","@id":"https:\/\/www.fraczinet.cl\/sitio\/2009\/02\/17\/islote-loberia-e-iglesia-de-piedra\/","url":"https:\/\/www.fraczinet.cl\/sitio\/2009\/02\/17\/islote-loberia-e-iglesia-de-piedra\/","name":"Islote, Lober\u00eda e Iglesia de Piedra - Nuestro Bio B\u00edo","isPartOf":{"@id":"https:\/\/www.fraczinet.cl\/sitio\/#website"},"primaryImageOfPage":{"@id":"https:\/\/www.fraczinet.cl\/sitio\/2009\/02\/17\/islote-loberia-e-iglesia-de-piedra\/#primaryimage"},"image":{"@id":"https:\/\/www.fraczinet.cl\/sitio\/2009\/02\/17\/islote-loberia-e-iglesia-de-piedra\/#primaryimage"},"thumbnailUrl":"https:\/\/www.fraczinet.cl\/sitio\/wp-content\/uploads\/2009\/02\/Islote-Lober-C3-ADa-e-Iglesia-de-Piedra.jpg","datePublished":"2009-02-17T15:08:00+00:00","dateModified":"2021-11-07T10:27:23+00:00","breadcrumb":{"@id":"https:\/\/www.fraczinet.cl\/sitio\/2009\/02\/17\/islote-loberia-e-iglesia-de-piedra\/#breadcrumb"},"inLanguage":"es","potentialAction":[{"@type":"ReadAction","target":["https:\/\/www.fraczinet.cl\/sitio\/2009\/02\/17\/islote-loberia-e-iglesia-de-piedra\/"]}]},{"@type":"ImageObject","inLanguage":"es","@id":"https:\/\/www.fraczinet.cl\/sitio\/2009\/02\/17\/islote-loberia-e-iglesia-de-piedra\/#primaryimage","url":"https:\/\/www.fraczinet.cl\/sitio\/wp-content\/uploads\/2009\/02\/Islote-Lober-C3-ADa-e-Iglesia-de-Piedra.jpg","contentUrl":"https:\/\/www.fraczinet.cl\/sitio\/wp-content\/uploads\/2009\/02\/Islote-Lober-C3-ADa-e-Iglesia-de-Piedra.jpg","width":143,"height":108},{"@type":"BreadcrumbList","@id":"https:\/\/www.fraczinet.cl\/sitio\/2009\/02\/17\/islote-loberia-e-iglesia-de-piedra\/#breadcrumb","itemListElement":[{"@type":"ListItem","position":1,"name":"Portada","item":"https:\/\/www.fraczinet.cl\/sitio\/"},{"@type":"ListItem","position":2,"name":"Islote, Lober\u00eda e Iglesia de Piedra"}]},{"@type":"WebSite","@id":"https:\/\/www.fraczinet.cl\/sitio\/#website","url":"https:\/\/www.fraczinet.cl\/sitio\/","name":"Nuestro Bio B\u00edo","description":"Tierra de Encuentros","publisher":{"@id":"https:\/\/www.fraczinet.cl\/sitio\/#\/schema\/person\/aec8ee4da68df2b9b0eefdad24a0d582"},"potentialAction":[{"@type":"SearchAction","target":{"@type":"EntryPoint","urlTemplate":"https:\/\/www.fraczinet.cl\/sitio\/?s={search_term_string}"},"query-input":{"@type":"PropertyValueSpecification","valueRequired":true,"valueName":"search_term_string"}}],"inLanguage":"es"},{"@type":["Person","Organization"],"@id":"https:\/\/www.fraczinet.cl\/sitio\/#\/schema\/person\/aec8ee4da68df2b9b0eefdad24a0d582","name":"Luis Fernando Fraczinet","image":{"@type":"ImageObject","inLanguage":"es","@id":"https:\/\/www.fraczinet.cl\/sitio\/#\/schema\/person\/image\/","url":"https:\/\/www.fraczinet.cl\/sitio\/wp-content\/uploads\/2021\/07\/bannerlogo-1.gif","contentUrl":"https:\/\/www.fraczinet.cl\/sitio\/wp-content\/uploads\/2021\/07\/bannerlogo-1.gif","width":159,"height":79,"caption":"Luis Fernando Fraczinet"},"logo":{"@id":"https:\/\/www.fraczinet.cl\/sitio\/#\/schema\/person\/image\/"},"sameAs":["https:\/\/www.fraczinet.cl\/sitio\/"]},{"@type":"Person","@id":"https:\/\/www.fraczinet.cl\/sitio\/#\/schema\/person\/bc30f98e9cb10ae7e119dbe14bc93784","name":"admin","image":{"@type":"ImageObject","inLanguage":"es","@id":"https:\/\/www.fraczinet.cl\/sitio\/#\/schema\/person\/image\/","url":"https:\/\/secure.gravatar.com\/avatar\/d5ad3cf7ef3b23a2bb5be73be780c86b2fc8545c3ad6b149f3913ff458c00099?s=96&d=mm&r=g","contentUrl":"https:\/\/secure.gravatar.com\/avatar\/d5ad3cf7ef3b23a2bb5be73be780c86b2fc8545c3ad6b149f3913ff458c00099?s=96&d=mm&r=g","caption":"admin"},"sameAs":["https:\/\/www.fraczinet.cl\/sitio"]}]}},"_links":{"self":[{"href":"https:\/\/www.fraczinet.cl\/sitio\/wp-json\/wp\/v2\/posts\/2238","targetHints":{"allow":["GET"]}}],"collection":[{"href":"https:\/\/www.fraczinet.cl\/sitio\/wp-json\/wp\/v2\/posts"}],"about":[{"href":"https:\/\/www.fraczinet.cl\/sitio\/wp-json\/wp\/v2\/types\/post"}],"author":[{"embeddable":true,"href":"https:\/\/www.fraczinet.cl\/sitio\/wp-json\/wp\/v2\/users\/1"}],"replies":[{"embeddable":true,"href":"https:\/\/www.fraczinet.cl\/sitio\/wp-json\/wp\/v2\/comments?post=2238"}],"version-history":[{"count":2,"href":"https:\/\/www.fraczinet.cl\/sitio\/wp-json\/wp\/v2\/posts\/2238\/revisions"}],"predecessor-version":[{"id":9299,"href":"https:\/\/www.fraczinet.cl\/sitio\/wp-json\/wp\/v2\/posts\/2238\/revisions\/9299"}],"wp:featuredmedia":[{"embeddable":true,"href":"https:\/\/www.fraczinet.cl\/sitio\/wp-json\/wp\/v2\/media\/2261"}],"wp:attachment":[{"href":"https:\/\/www.fraczinet.cl\/sitio\/wp-json\/wp\/v2\/media?parent=2238"}],"wp:term":[{"taxonomy":"category","embeddable":true,"href":"https:\/\/www.fraczinet.cl\/sitio\/wp-json\/wp\/v2\/categories?post=2238"},{"taxonomy":"post_tag","embeddable":true,"href":"https:\/\/www.fraczinet.cl\/sitio\/wp-json\/wp\/v2\/tags?post=2238"}],"curies":[{"name":"wp","href":"https:\/\/api.w.org\/{rel}","templated":true}]}}