{"id":2333,"date":"2009-02-15T21:14:00","date_gmt":"2009-02-15T21:14:00","guid":{"rendered":""},"modified":"2022-09-16T11:57:57","modified_gmt":"2022-09-16T11:57:57","slug":"museo-de-arte-sagrado","status":"publish","type":"post","link":"https:\/\/www.fraczinet.cl\/sitio\/2009\/02\/15\/museo-de-arte-sagrado\/","title":{"rendered":"Museo de Arte Sagrado"},"content":{"rendered":"<p><img fetchpriority=\"high\" decoding=\"async\" class=\"size-medium wp-image-12512 alignleft\" src=\"https:\/\/www.fraczinet.cl\/sitio\/wp-content\/uploads\/2009\/02\/Museo-de-arte-sagrado-300x224.png\" alt=\"\" width=\"300\" height=\"224\" srcset=\"https:\/\/www.fraczinet.cl\/sitio\/wp-content\/uploads\/2009\/02\/Museo-de-arte-sagrado-300x224.png 300w, https:\/\/www.fraczinet.cl\/sitio\/wp-content\/uploads\/2009\/02\/Museo-de-arte-sagrado-768x572.png 768w, https:\/\/www.fraczinet.cl\/sitio\/wp-content\/uploads\/2009\/02\/Museo-de-arte-sagrado.png 1000w\" sizes=\"(max-width: 300px) 100vw, 300px\" \/>Encargado: Mirta Vidal Sepulveda Direcci\u00f3n: Caupolic\u00e1n 441, Concepci\u00f3n Administraci\u00f3n: Universidad Cat\u00f3lica de la Sant\u00edsima Concepci\u00f3n El Museo se inicia en septiembre de 1995, siendo inaugurado por Monse\u00f1or Antonio Moreno Casamitjana como \u201cMuseo de la Catedral de la Sant\u00edsima Concepci\u00f3n\u201d, ubicado dentro del Templo Catedral, detr\u00e1s del Presbiterio.<\/p>\n<div><\/div>\n<div>El reducido espacio del recinto obligaba a renovar las vitrinas cada tres meses, para exponer todas las piezas del Museo. Lo anterior hizo evidente la necesidad de contar con una infraestructura apropiada que brindara el espacio requerido: esto se concret\u00f3 en un convenio entre el Arzobispado de la Sant\u00edsima Concepci\u00f3n; el Venerable Cabildo Eclesi\u00e1stico Metropolitano, representado por el De\u00e1n de la Catedral, Monse\u00f1or Ren\u00e9 Hinostroza (q.e.p.d) y la Universidad Cat\u00f3lica de la Sant\u00edsima Concepci\u00f3n, seg\u00fan el cu\u00e1l, \u00e9sta \u00faltima se compromete a preservar y difundir este patrimonio, en una muestra abierta a la comunidad regional.<\/div>\n<div><\/div>\n<div>Este convenio se materializ\u00f3 y dio vida al \u201cMuseo de Arte Sagrado de la Universidad Cat\u00f3lica de la Sant\u00edsima Concepci\u00f3n\u201d, que fue inaugurado por el rector de la Universidad y Obispo Auxiliar de Concepci\u00f3n, Monse\u00f1or Felipe Bacarreza Rodr\u00edguez (actual Obispo de Los \u00c1ngeles), el 13 de julio de 1999.<\/div>\n","protected":false},"excerpt":{"rendered":"<p>Encargado: Mirta Vidal Sepulveda Direcci\u00f3n: Caupolic\u00e1n 441, Concepci\u00f3n Administraci\u00f3n: Universidad Cat\u00f3lica de la Sant\u00edsima Concepci\u00f3n El Museo se inicia en septiembre de 1995, siendo inaugurado por Monse\u00f1or Antonio Moreno Casamitjana como \u201cMuseo de la Catedral de la Sant\u00edsima Concepci\u00f3n\u201d, ubicado dentro del Templo Catedral, detr\u00e1s del Presbiterio. El reducido espacio del recinto obligaba a renovar [&hellip;]<\/p>\n","protected":false},"author":1,"featured_media":12512,"comment_status":"open","ping_status":"open","sticky":false,"template":"","format":"standard","meta":{"footnotes":""},"categories":[42,3],"tags":[],"class_list":["post-2333","post","type-post","status-publish","format-standard","has-post-thumbnail","hentry","category-concepcion","category-iglesias-y-capillas"],"yoast_head":"<!-- This site is optimized with the Yoast SEO plugin v25.0 - https:\/\/yoast.com\/wordpress\/plugins\/seo\/ -->\n<title>Museo de Arte Sagrado - Nuestro Bio B\u00edo<\/title>\n<meta name=\"robots\" content=\"index, follow, max-snippet:-1, max-image-preview:large, max-video-preview:-1\" \/>\n<link rel=\"canonical\" href=\"https:\/\/www.fraczinet.cl\/sitio\/2009\/02\/15\/museo-de-arte-sagrado\/\" \/>\n<meta property=\"og:locale\" content=\"es_ES\" \/>\n<meta property=\"og:type\" content=\"article\" \/>\n<meta property=\"og:title\" content=\"Museo de Arte Sagrado - Nuestro Bio B\u00edo\" \/>\n<meta property=\"og:description\" content=\"Encargado: Mirta Vidal Sepulveda Direcci\u00f3n: Caupolic\u00e1n 441, Concepci\u00f3n Administraci\u00f3n: Universidad Cat\u00f3lica de la Sant\u00edsima Concepci\u00f3n El Museo se inicia en septiembre de 1995, siendo inaugurado por Monse\u00f1or Antonio Moreno Casamitjana como \u201cMuseo de la Catedral de la Sant\u00edsima Concepci\u00f3n\u201d, ubicado dentro del Templo Catedral, detr\u00e1s del Presbiterio. El reducido espacio del recinto obligaba a renovar [&hellip;]\" \/>\n<meta property=\"og:url\" content=\"https:\/\/www.fraczinet.cl\/sitio\/2009\/02\/15\/museo-de-arte-sagrado\/\" \/>\n<meta property=\"og:site_name\" content=\"Nuestro Bio B\u00edo\" \/>\n<meta property=\"article:published_time\" content=\"2009-02-15T21:14:00+00:00\" \/>\n<meta property=\"article:modified_time\" content=\"2022-09-16T11:57:57+00:00\" \/>\n<meta property=\"og:image\" content=\"https:\/\/www.fraczinet.cl\/sitio\/wp-content\/uploads\/2009\/02\/Museo-de-arte-sagrado.png\" \/>\n\t<meta property=\"og:image:width\" content=\"1000\" \/>\n\t<meta property=\"og:image:height\" content=\"745\" \/>\n\t<meta property=\"og:image:type\" content=\"image\/png\" \/>\n<meta name=\"author\" content=\"admin\" \/>\n<meta name=\"twitter:card\" content=\"summary_large_image\" \/>\n<meta name=\"twitter:creator\" content=\"@nuestrobiobio\" \/>\n<meta name=\"twitter:site\" content=\"@nuestrobiobio\" \/>\n<meta name=\"twitter:label1\" content=\"Escrito por\" \/>\n\t<meta name=\"twitter:data1\" content=\"admin\" \/>\n\t<meta name=\"twitter:label2\" content=\"Tiempo de lectura\" \/>\n\t<meta name=\"twitter:data2\" content=\"1 minuto\" \/>\n<script type=\"application\/ld+json\" class=\"yoast-schema-graph\">{\"@context\":\"https:\/\/schema.org\",\"@graph\":[{\"@type\":\"Article\",\"@id\":\"https:\/\/www.fraczinet.cl\/sitio\/2009\/02\/15\/museo-de-arte-sagrado\/#article\",\"isPartOf\":{\"@id\":\"https:\/\/www.fraczinet.cl\/sitio\/2009\/02\/15\/museo-de-arte-sagrado\/\"},\"author\":{\"name\":\"admin\",\"@id\":\"https:\/\/www.fraczinet.cl\/sitio\/#\/schema\/person\/bc30f98e9cb10ae7e119dbe14bc93784\"},\"headline\":\"Museo de Arte Sagrado\",\"datePublished\":\"2009-02-15T21:14:00+00:00\",\"dateModified\":\"2022-09-16T11:57:57+00:00\",\"mainEntityOfPage\":{\"@id\":\"https:\/\/www.fraczinet.cl\/sitio\/2009\/02\/15\/museo-de-arte-sagrado\/\"},\"wordCount\":221,\"commentCount\":0,\"publisher\":{\"@id\":\"https:\/\/www.fraczinet.cl\/sitio\/#\/schema\/person\/aec8ee4da68df2b9b0eefdad24a0d582\"},\"image\":{\"@id\":\"https:\/\/www.fraczinet.cl\/sitio\/2009\/02\/15\/museo-de-arte-sagrado\/#primaryimage\"},\"thumbnailUrl\":\"https:\/\/www.fraczinet.cl\/sitio\/wp-content\/uploads\/2009\/02\/Museo-de-arte-sagrado.png\",\"articleSection\":[\"Concepci\u00f3n\",\"Iglesias y Capillas\"],\"inLanguage\":\"es\",\"potentialAction\":[{\"@type\":\"CommentAction\",\"name\":\"Comment\",\"target\":[\"https:\/\/www.fraczinet.cl\/sitio\/2009\/02\/15\/museo-de-arte-sagrado\/#respond\"]}]},{\"@type\":\"WebPage\",\"@id\":\"https:\/\/www.fraczinet.cl\/sitio\/2009\/02\/15\/museo-de-arte-sagrado\/\",\"url\":\"https:\/\/www.fraczinet.cl\/sitio\/2009\/02\/15\/museo-de-arte-sagrado\/\",\"name\":\"Museo de Arte Sagrado - Nuestro Bio B\u00edo\",\"isPartOf\":{\"@id\":\"https:\/\/www.fraczinet.cl\/sitio\/#website\"},\"primaryImageOfPage\":{\"@id\":\"https:\/\/www.fraczinet.cl\/sitio\/2009\/02\/15\/museo-de-arte-sagrado\/#primaryimage\"},\"image\":{\"@id\":\"https:\/\/www.fraczinet.cl\/sitio\/2009\/02\/15\/museo-de-arte-sagrado\/#primaryimage\"},\"thumbnailUrl\":\"https:\/\/www.fraczinet.cl\/sitio\/wp-content\/uploads\/2009\/02\/Museo-de-arte-sagrado.png\",\"datePublished\":\"2009-02-15T21:14:00+00:00\",\"dateModified\":\"2022-09-16T11:57:57+00:00\",\"breadcrumb\":{\"@id\":\"https:\/\/www.fraczinet.cl\/sitio\/2009\/02\/15\/museo-de-arte-sagrado\/#breadcrumb\"},\"inLanguage\":\"es\",\"potentialAction\":[{\"@type\":\"ReadAction\",\"target\":[\"https:\/\/www.fraczinet.cl\/sitio\/2009\/02\/15\/museo-de-arte-sagrado\/\"]}]},{\"@type\":\"ImageObject\",\"inLanguage\":\"es\",\"@id\":\"https:\/\/www.fraczinet.cl\/sitio\/2009\/02\/15\/museo-de-arte-sagrado\/#primaryimage\",\"url\":\"https:\/\/www.fraczinet.cl\/sitio\/wp-content\/uploads\/2009\/02\/Museo-de-arte-sagrado.png\",\"contentUrl\":\"https:\/\/www.fraczinet.cl\/sitio\/wp-content\/uploads\/2009\/02\/Museo-de-arte-sagrado.png\",\"width\":1000,\"height\":745},{\"@type\":\"BreadcrumbList\",\"@id\":\"https:\/\/www.fraczinet.cl\/sitio\/2009\/02\/15\/museo-de-arte-sagrado\/#breadcrumb\",\"itemListElement\":[{\"@type\":\"ListItem\",\"position\":1,\"name\":\"Portada\",\"item\":\"https:\/\/www.fraczinet.cl\/sitio\/\"},{\"@type\":\"ListItem\",\"position\":2,\"name\":\"Museo de Arte Sagrado\"}]},{\"@type\":\"WebSite\",\"@id\":\"https:\/\/www.fraczinet.cl\/sitio\/#website\",\"url\":\"https:\/\/www.fraczinet.cl\/sitio\/\",\"name\":\"Nuestro Bio B\u00edo\",\"description\":\"Tierra de Encuentros\",\"publisher\":{\"@id\":\"https:\/\/www.fraczinet.cl\/sitio\/#\/schema\/person\/aec8ee4da68df2b9b0eefdad24a0d582\"},\"potentialAction\":[{\"@type\":\"SearchAction\",\"target\":{\"@type\":\"EntryPoint\",\"urlTemplate\":\"https:\/\/www.fraczinet.cl\/sitio\/?s={search_term_string}\"},\"query-input\":{\"@type\":\"PropertyValueSpecification\",\"valueRequired\":true,\"valueName\":\"search_term_string\"}}],\"inLanguage\":\"es\"},{\"@type\":[\"Person\",\"Organization\"],\"@id\":\"https:\/\/www.fraczinet.cl\/sitio\/#\/schema\/person\/aec8ee4da68df2b9b0eefdad24a0d582\",\"name\":\"Luis Fernando Fraczinet\",\"image\":{\"@type\":\"ImageObject\",\"inLanguage\":\"es\",\"@id\":\"https:\/\/www.fraczinet.cl\/sitio\/#\/schema\/person\/image\/\",\"url\":\"https:\/\/www.fraczinet.cl\/sitio\/wp-content\/uploads\/2021\/07\/bannerlogo-1.gif\",\"contentUrl\":\"https:\/\/www.fraczinet.cl\/sitio\/wp-content\/uploads\/2021\/07\/bannerlogo-1.gif\",\"width\":159,\"height\":79,\"caption\":\"Luis Fernando Fraczinet\"},\"logo\":{\"@id\":\"https:\/\/www.fraczinet.cl\/sitio\/#\/schema\/person\/image\/\"},\"sameAs\":[\"https:\/\/www.fraczinet.cl\/sitio\/\"]},{\"@type\":\"Person\",\"@id\":\"https:\/\/www.fraczinet.cl\/sitio\/#\/schema\/person\/bc30f98e9cb10ae7e119dbe14bc93784\",\"name\":\"admin\",\"image\":{\"@type\":\"ImageObject\",\"inLanguage\":\"es\",\"@id\":\"https:\/\/www.fraczinet.cl\/sitio\/#\/schema\/person\/image\/\",\"url\":\"https:\/\/secure.gravatar.com\/avatar\/d5ad3cf7ef3b23a2bb5be73be780c86b2fc8545c3ad6b149f3913ff458c00099?s=96&d=mm&r=g\",\"contentUrl\":\"https:\/\/secure.gravatar.com\/avatar\/d5ad3cf7ef3b23a2bb5be73be780c86b2fc8545c3ad6b149f3913ff458c00099?s=96&d=mm&r=g\",\"caption\":\"admin\"},\"sameAs\":[\"https:\/\/www.fraczinet.cl\/sitio\"]}]}<\/script>\n<!-- \/ Yoast SEO plugin. -->","yoast_head_json":{"title":"Museo de Arte Sagrado - Nuestro Bio B\u00edo","robots":{"index":"index","follow":"follow","max-snippet":"max-snippet:-1","max-image-preview":"max-image-preview:large","max-video-preview":"max-video-preview:-1"},"canonical":"https:\/\/www.fraczinet.cl\/sitio\/2009\/02\/15\/museo-de-arte-sagrado\/","og_locale":"es_ES","og_type":"article","og_title":"Museo de Arte Sagrado - Nuestro Bio B\u00edo","og_description":"Encargado: Mirta Vidal Sepulveda Direcci\u00f3n: Caupolic\u00e1n 441, Concepci\u00f3n Administraci\u00f3n: Universidad Cat\u00f3lica de la Sant\u00edsima Concepci\u00f3n El Museo se inicia en septiembre de 1995, siendo inaugurado por Monse\u00f1or Antonio Moreno Casamitjana como \u201cMuseo de la Catedral de la Sant\u00edsima Concepci\u00f3n\u201d, ubicado dentro del Templo Catedral, detr\u00e1s del Presbiterio. El reducido espacio del recinto obligaba a renovar [&hellip;]","og_url":"https:\/\/www.fraczinet.cl\/sitio\/2009\/02\/15\/museo-de-arte-sagrado\/","og_site_name":"Nuestro Bio B\u00edo","article_published_time":"2009-02-15T21:14:00+00:00","article_modified_time":"2022-09-16T11:57:57+00:00","og_image":[{"width":1000,"height":745,"url":"https:\/\/www.fraczinet.cl\/sitio\/wp-content\/uploads\/2009\/02\/Museo-de-arte-sagrado.png","type":"image\/png"}],"author":"admin","twitter_card":"summary_large_image","twitter_creator":"@nuestrobiobio","twitter_site":"@nuestrobiobio","twitter_misc":{"Escrito por":"admin","Tiempo de lectura":"1 minuto"},"schema":{"@context":"https:\/\/schema.org","@graph":[{"@type":"Article","@id":"https:\/\/www.fraczinet.cl\/sitio\/2009\/02\/15\/museo-de-arte-sagrado\/#article","isPartOf":{"@id":"https:\/\/www.fraczinet.cl\/sitio\/2009\/02\/15\/museo-de-arte-sagrado\/"},"author":{"name":"admin","@id":"https:\/\/www.fraczinet.cl\/sitio\/#\/schema\/person\/bc30f98e9cb10ae7e119dbe14bc93784"},"headline":"Museo de Arte Sagrado","datePublished":"2009-02-15T21:14:00+00:00","dateModified":"2022-09-16T11:57:57+00:00","mainEntityOfPage":{"@id":"https:\/\/www.fraczinet.cl\/sitio\/2009\/02\/15\/museo-de-arte-sagrado\/"},"wordCount":221,"commentCount":0,"publisher":{"@id":"https:\/\/www.fraczinet.cl\/sitio\/#\/schema\/person\/aec8ee4da68df2b9b0eefdad24a0d582"},"image":{"@id":"https:\/\/www.fraczinet.cl\/sitio\/2009\/02\/15\/museo-de-arte-sagrado\/#primaryimage"},"thumbnailUrl":"https:\/\/www.fraczinet.cl\/sitio\/wp-content\/uploads\/2009\/02\/Museo-de-arte-sagrado.png","articleSection":["Concepci\u00f3n","Iglesias y Capillas"],"inLanguage":"es","potentialAction":[{"@type":"CommentAction","name":"Comment","target":["https:\/\/www.fraczinet.cl\/sitio\/2009\/02\/15\/museo-de-arte-sagrado\/#respond"]}]},{"@type":"WebPage","@id":"https:\/\/www.fraczinet.cl\/sitio\/2009\/02\/15\/museo-de-arte-sagrado\/","url":"https:\/\/www.fraczinet.cl\/sitio\/2009\/02\/15\/museo-de-arte-sagrado\/","name":"Museo de Arte Sagrado - Nuestro Bio B\u00edo","isPartOf":{"@id":"https:\/\/www.fraczinet.cl\/sitio\/#website"},"primaryImageOfPage":{"@id":"https:\/\/www.fraczinet.cl\/sitio\/2009\/02\/15\/museo-de-arte-sagrado\/#primaryimage"},"image":{"@id":"https:\/\/www.fraczinet.cl\/sitio\/2009\/02\/15\/museo-de-arte-sagrado\/#primaryimage"},"thumbnailUrl":"https:\/\/www.fraczinet.cl\/sitio\/wp-content\/uploads\/2009\/02\/Museo-de-arte-sagrado.png","datePublished":"2009-02-15T21:14:00+00:00","dateModified":"2022-09-16T11:57:57+00:00","breadcrumb":{"@id":"https:\/\/www.fraczinet.cl\/sitio\/2009\/02\/15\/museo-de-arte-sagrado\/#breadcrumb"},"inLanguage":"es","potentialAction":[{"@type":"ReadAction","target":["https:\/\/www.fraczinet.cl\/sitio\/2009\/02\/15\/museo-de-arte-sagrado\/"]}]},{"@type":"ImageObject","inLanguage":"es","@id":"https:\/\/www.fraczinet.cl\/sitio\/2009\/02\/15\/museo-de-arte-sagrado\/#primaryimage","url":"https:\/\/www.fraczinet.cl\/sitio\/wp-content\/uploads\/2009\/02\/Museo-de-arte-sagrado.png","contentUrl":"https:\/\/www.fraczinet.cl\/sitio\/wp-content\/uploads\/2009\/02\/Museo-de-arte-sagrado.png","width":1000,"height":745},{"@type":"BreadcrumbList","@id":"https:\/\/www.fraczinet.cl\/sitio\/2009\/02\/15\/museo-de-arte-sagrado\/#breadcrumb","itemListElement":[{"@type":"ListItem","position":1,"name":"Portada","item":"https:\/\/www.fraczinet.cl\/sitio\/"},{"@type":"ListItem","position":2,"name":"Museo de Arte Sagrado"}]},{"@type":"WebSite","@id":"https:\/\/www.fraczinet.cl\/sitio\/#website","url":"https:\/\/www.fraczinet.cl\/sitio\/","name":"Nuestro Bio B\u00edo","description":"Tierra de Encuentros","publisher":{"@id":"https:\/\/www.fraczinet.cl\/sitio\/#\/schema\/person\/aec8ee4da68df2b9b0eefdad24a0d582"},"potentialAction":[{"@type":"SearchAction","target":{"@type":"EntryPoint","urlTemplate":"https:\/\/www.fraczinet.cl\/sitio\/?s={search_term_string}"},"query-input":{"@type":"PropertyValueSpecification","valueRequired":true,"valueName":"search_term_string"}}],"inLanguage":"es"},{"@type":["Person","Organization"],"@id":"https:\/\/www.fraczinet.cl\/sitio\/#\/schema\/person\/aec8ee4da68df2b9b0eefdad24a0d582","name":"Luis Fernando Fraczinet","image":{"@type":"ImageObject","inLanguage":"es","@id":"https:\/\/www.fraczinet.cl\/sitio\/#\/schema\/person\/image\/","url":"https:\/\/www.fraczinet.cl\/sitio\/wp-content\/uploads\/2021\/07\/bannerlogo-1.gif","contentUrl":"https:\/\/www.fraczinet.cl\/sitio\/wp-content\/uploads\/2021\/07\/bannerlogo-1.gif","width":159,"height":79,"caption":"Luis Fernando Fraczinet"},"logo":{"@id":"https:\/\/www.fraczinet.cl\/sitio\/#\/schema\/person\/image\/"},"sameAs":["https:\/\/www.fraczinet.cl\/sitio\/"]},{"@type":"Person","@id":"https:\/\/www.fraczinet.cl\/sitio\/#\/schema\/person\/bc30f98e9cb10ae7e119dbe14bc93784","name":"admin","image":{"@type":"ImageObject","inLanguage":"es","@id":"https:\/\/www.fraczinet.cl\/sitio\/#\/schema\/person\/image\/","url":"https:\/\/secure.gravatar.com\/avatar\/d5ad3cf7ef3b23a2bb5be73be780c86b2fc8545c3ad6b149f3913ff458c00099?s=96&d=mm&r=g","contentUrl":"https:\/\/secure.gravatar.com\/avatar\/d5ad3cf7ef3b23a2bb5be73be780c86b2fc8545c3ad6b149f3913ff458c00099?s=96&d=mm&r=g","caption":"admin"},"sameAs":["https:\/\/www.fraczinet.cl\/sitio"]}]}},"_links":{"self":[{"href":"https:\/\/www.fraczinet.cl\/sitio\/wp-json\/wp\/v2\/posts\/2333","targetHints":{"allow":["GET"]}}],"collection":[{"href":"https:\/\/www.fraczinet.cl\/sitio\/wp-json\/wp\/v2\/posts"}],"about":[{"href":"https:\/\/www.fraczinet.cl\/sitio\/wp-json\/wp\/v2\/types\/post"}],"author":[{"embeddable":true,"href":"https:\/\/www.fraczinet.cl\/sitio\/wp-json\/wp\/v2\/users\/1"}],"replies":[{"embeddable":true,"href":"https:\/\/www.fraczinet.cl\/sitio\/wp-json\/wp\/v2\/comments?post=2333"}],"version-history":[{"count":3,"href":"https:\/\/www.fraczinet.cl\/sitio\/wp-json\/wp\/v2\/posts\/2333\/revisions"}],"predecessor-version":[{"id":12514,"href":"https:\/\/www.fraczinet.cl\/sitio\/wp-json\/wp\/v2\/posts\/2333\/revisions\/12514"}],"wp:featuredmedia":[{"embeddable":true,"href":"https:\/\/www.fraczinet.cl\/sitio\/wp-json\/wp\/v2\/media\/12512"}],"wp:attachment":[{"href":"https:\/\/www.fraczinet.cl\/sitio\/wp-json\/wp\/v2\/media?parent=2333"}],"wp:term":[{"taxonomy":"category","embeddable":true,"href":"https:\/\/www.fraczinet.cl\/sitio\/wp-json\/wp\/v2\/categories?post=2333"},{"taxonomy":"post_tag","embeddable":true,"href":"https:\/\/www.fraczinet.cl\/sitio\/wp-json\/wp\/v2\/tags?post=2333"}],"curies":[{"name":"wp","href":"https:\/\/api.w.org\/{rel}","templated":true}]}}