{"id":2335,"date":"2009-02-15T21:12:00","date_gmt":"2009-02-15T21:12:00","guid":{"rendered":""},"modified":"2022-09-16T12:09:13","modified_gmt":"2022-09-16T12:09:13","slug":"museo-geologico-prof-lajos-biro-bagoczky","status":"publish","type":"post","link":"https:\/\/www.fraczinet.cl\/sitio\/2009\/02\/15\/museo-geologico-prof-lajos-biro-bagoczky\/","title":{"rendered":"Museo Geol\u00f3gico \u201cProf. Lajos Bir\u00f3 Bagoczky\u201d"},"content":{"rendered":"<p><img fetchpriority=\"high\" decoding=\"async\" class=\"size-medium wp-image-12519 alignleft\" src=\"https:\/\/www.fraczinet.cl\/sitio\/wp-content\/uploads\/2009\/02\/Museo-Geologico-Lago-Biro-300x200.jpg\" alt=\"\" width=\"300\" height=\"200\" srcset=\"https:\/\/www.fraczinet.cl\/sitio\/wp-content\/uploads\/2009\/02\/Museo-Geologico-Lago-Biro-300x200.jpg 300w, https:\/\/www.fraczinet.cl\/sitio\/wp-content\/uploads\/2009\/02\/Museo-Geologico-Lago-Biro-768x512.jpg 768w, https:\/\/www.fraczinet.cl\/sitio\/wp-content\/uploads\/2009\/02\/Museo-Geologico-Lago-Biro.jpg 810w\" sizes=\"(max-width: 300px) 100vw, 300px\" \/>Encargado: Dr. Arturo Quinzio<br \/>\nDirecci\u00f3n: Barrio Universitario s\/n Concepci\u00f3n<br \/>\nAdministraci\u00f3n: Universidad de Concepci\u00f3n<\/p>\n<p>El Museo se organiza a partir de los a\u00f1os 80, reuniendo las colecciones de Paleontolog\u00eda, Mineralog\u00eda Cristalograf\u00eda, y Petrograf\u00eda, distribuidas en las distintas facultades de la Universidad, quedando finalmente al alero del Departamento de Ciencias de La Tierra, de la Universidad de Concepci\u00f3n. Las colecciones mineral\u00f3gicas y petrogr\u00e1ficas existen desde los a\u00f1os 40 y la colecci\u00f3n paleontol\u00f3gica desde los a\u00f1os 60.<\/p>\n<p>Estas colecciones se han ido incrementando a\u00f1o a a\u00f1o gracias al aporte de docentes, alumnos, personal del museo y personas naturales, constituyendo as\u00ed la m\u00e1s completa colecci\u00f3n de rocas, minerales y f\u00f3siles de la VIII Regi\u00f3n. Fundaci\u00f3n Marzo de 1980.<\/p>\n","protected":false},"excerpt":{"rendered":"<p>Encargado: Dr. Arturo Quinzio Direcci\u00f3n: Barrio Universitario s\/n Concepci\u00f3n Administraci\u00f3n: Universidad de Concepci\u00f3n El Museo se organiza a partir de los a\u00f1os 80, reuniendo las colecciones de Paleontolog\u00eda, Mineralog\u00eda Cristalograf\u00eda, y Petrograf\u00eda, distribuidas en las distintas facultades de la Universidad, quedando finalmente al alero del Departamento de Ciencias de La Tierra, de la Universidad de [&hellip;]<\/p>\n","protected":false},"author":1,"featured_media":12519,"comment_status":"open","ping_status":"open","sticky":false,"template":"","format":"standard","meta":{"footnotes":""},"categories":[42,160,224,29],"tags":[],"class_list":["post-2335","post","type-post","status-publish","format-standard","has-post-thumbnail","hentry","category-concepcion","category-cultura","category-museos","category-patrimonio"],"yoast_head":"<!-- This site is optimized with the Yoast SEO plugin v25.0 - https:\/\/yoast.com\/wordpress\/plugins\/seo\/ -->\n<title>Museo Geol\u00f3gico \u201cProf. Lajos Bir\u00f3 Bagoczky\u201d - Nuestro Bio B\u00edo<\/title>\n<meta name=\"robots\" content=\"index, follow, max-snippet:-1, max-image-preview:large, max-video-preview:-1\" \/>\n<link rel=\"canonical\" href=\"https:\/\/www.fraczinet.cl\/sitio\/2009\/02\/15\/museo-geologico-prof-lajos-biro-bagoczky\/\" \/>\n<meta property=\"og:locale\" content=\"es_ES\" \/>\n<meta property=\"og:type\" content=\"article\" \/>\n<meta property=\"og:title\" content=\"Museo Geol\u00f3gico \u201cProf. Lajos Bir\u00f3 Bagoczky\u201d - Nuestro Bio B\u00edo\" \/>\n<meta property=\"og:description\" content=\"Encargado: Dr. Arturo Quinzio Direcci\u00f3n: Barrio Universitario s\/n Concepci\u00f3n Administraci\u00f3n: Universidad de Concepci\u00f3n El Museo se organiza a partir de los a\u00f1os 80, reuniendo las colecciones de Paleontolog\u00eda, Mineralog\u00eda Cristalograf\u00eda, y Petrograf\u00eda, distribuidas en las distintas facultades de la Universidad, quedando finalmente al alero del Departamento de Ciencias de La Tierra, de la Universidad de [&hellip;]\" \/>\n<meta property=\"og:url\" content=\"https:\/\/www.fraczinet.cl\/sitio\/2009\/02\/15\/museo-geologico-prof-lajos-biro-bagoczky\/\" \/>\n<meta property=\"og:site_name\" content=\"Nuestro Bio B\u00edo\" \/>\n<meta property=\"article:published_time\" content=\"2009-02-15T21:12:00+00:00\" \/>\n<meta property=\"article:modified_time\" content=\"2022-09-16T12:09:13+00:00\" \/>\n<meta property=\"og:image\" content=\"https:\/\/www.fraczinet.cl\/sitio\/wp-content\/uploads\/2009\/02\/Museo-Geologico-Lago-Biro.jpg\" \/>\n\t<meta property=\"og:image:width\" content=\"810\" \/>\n\t<meta property=\"og:image:height\" content=\"540\" \/>\n\t<meta property=\"og:image:type\" content=\"image\/jpeg\" \/>\n<meta name=\"author\" content=\"admin\" \/>\n<meta name=\"twitter:card\" content=\"summary_large_image\" \/>\n<meta name=\"twitter:creator\" content=\"@nuestrobiobio\" \/>\n<meta name=\"twitter:site\" content=\"@nuestrobiobio\" \/>\n<meta name=\"twitter:label1\" content=\"Escrito por\" \/>\n\t<meta name=\"twitter:data1\" content=\"admin\" \/>\n\t<meta name=\"twitter:label2\" content=\"Tiempo de lectura\" \/>\n\t<meta name=\"twitter:data2\" content=\"1 minuto\" \/>\n<script type=\"application\/ld+json\" class=\"yoast-schema-graph\">{\"@context\":\"https:\/\/schema.org\",\"@graph\":[{\"@type\":\"Article\",\"@id\":\"https:\/\/www.fraczinet.cl\/sitio\/2009\/02\/15\/museo-geologico-prof-lajos-biro-bagoczky\/#article\",\"isPartOf\":{\"@id\":\"https:\/\/www.fraczinet.cl\/sitio\/2009\/02\/15\/museo-geologico-prof-lajos-biro-bagoczky\/\"},\"author\":{\"name\":\"admin\",\"@id\":\"https:\/\/www.fraczinet.cl\/sitio\/#\/schema\/person\/bc30f98e9cb10ae7e119dbe14bc93784\"},\"headline\":\"Museo Geol\u00f3gico \u201cProf. Lajos Bir\u00f3 Bagoczky\u201d\",\"datePublished\":\"2009-02-15T21:12:00+00:00\",\"dateModified\":\"2022-09-16T12:09:13+00:00\",\"mainEntityOfPage\":{\"@id\":\"https:\/\/www.fraczinet.cl\/sitio\/2009\/02\/15\/museo-geologico-prof-lajos-biro-bagoczky\/\"},\"wordCount\":141,\"commentCount\":0,\"publisher\":{\"@id\":\"https:\/\/www.fraczinet.cl\/sitio\/#\/schema\/person\/aec8ee4da68df2b9b0eefdad24a0d582\"},\"image\":{\"@id\":\"https:\/\/www.fraczinet.cl\/sitio\/2009\/02\/15\/museo-geologico-prof-lajos-biro-bagoczky\/#primaryimage\"},\"thumbnailUrl\":\"https:\/\/www.fraczinet.cl\/sitio\/wp-content\/uploads\/2009\/02\/Museo-Geologico-Lago-Biro.jpg\",\"articleSection\":[\"Concepci\u00f3n\",\"Cultura\",\"Museos\",\"Patrimonio\"],\"inLanguage\":\"es\",\"potentialAction\":[{\"@type\":\"CommentAction\",\"name\":\"Comment\",\"target\":[\"https:\/\/www.fraczinet.cl\/sitio\/2009\/02\/15\/museo-geologico-prof-lajos-biro-bagoczky\/#respond\"]}]},{\"@type\":\"WebPage\",\"@id\":\"https:\/\/www.fraczinet.cl\/sitio\/2009\/02\/15\/museo-geologico-prof-lajos-biro-bagoczky\/\",\"url\":\"https:\/\/www.fraczinet.cl\/sitio\/2009\/02\/15\/museo-geologico-prof-lajos-biro-bagoczky\/\",\"name\":\"Museo Geol\u00f3gico \u201cProf. Lajos Bir\u00f3 Bagoczky\u201d - Nuestro Bio B\u00edo\",\"isPartOf\":{\"@id\":\"https:\/\/www.fraczinet.cl\/sitio\/#website\"},\"primaryImageOfPage\":{\"@id\":\"https:\/\/www.fraczinet.cl\/sitio\/2009\/02\/15\/museo-geologico-prof-lajos-biro-bagoczky\/#primaryimage\"},\"image\":{\"@id\":\"https:\/\/www.fraczinet.cl\/sitio\/2009\/02\/15\/museo-geologico-prof-lajos-biro-bagoczky\/#primaryimage\"},\"thumbnailUrl\":\"https:\/\/www.fraczinet.cl\/sitio\/wp-content\/uploads\/2009\/02\/Museo-Geologico-Lago-Biro.jpg\",\"datePublished\":\"2009-02-15T21:12:00+00:00\",\"dateModified\":\"2022-09-16T12:09:13+00:00\",\"breadcrumb\":{\"@id\":\"https:\/\/www.fraczinet.cl\/sitio\/2009\/02\/15\/museo-geologico-prof-lajos-biro-bagoczky\/#breadcrumb\"},\"inLanguage\":\"es\",\"potentialAction\":[{\"@type\":\"ReadAction\",\"target\":[\"https:\/\/www.fraczinet.cl\/sitio\/2009\/02\/15\/museo-geologico-prof-lajos-biro-bagoczky\/\"]}]},{\"@type\":\"ImageObject\",\"inLanguage\":\"es\",\"@id\":\"https:\/\/www.fraczinet.cl\/sitio\/2009\/02\/15\/museo-geologico-prof-lajos-biro-bagoczky\/#primaryimage\",\"url\":\"https:\/\/www.fraczinet.cl\/sitio\/wp-content\/uploads\/2009\/02\/Museo-Geologico-Lago-Biro.jpg\",\"contentUrl\":\"https:\/\/www.fraczinet.cl\/sitio\/wp-content\/uploads\/2009\/02\/Museo-Geologico-Lago-Biro.jpg\",\"width\":810,\"height\":540},{\"@type\":\"BreadcrumbList\",\"@id\":\"https:\/\/www.fraczinet.cl\/sitio\/2009\/02\/15\/museo-geologico-prof-lajos-biro-bagoczky\/#breadcrumb\",\"itemListElement\":[{\"@type\":\"ListItem\",\"position\":1,\"name\":\"Portada\",\"item\":\"https:\/\/www.fraczinet.cl\/sitio\/\"},{\"@type\":\"ListItem\",\"position\":2,\"name\":\"Museo Geol\u00f3gico \u201cProf. Lajos Bir\u00f3 Bagoczky\u201d\"}]},{\"@type\":\"WebSite\",\"@id\":\"https:\/\/www.fraczinet.cl\/sitio\/#website\",\"url\":\"https:\/\/www.fraczinet.cl\/sitio\/\",\"name\":\"Nuestro Bio B\u00edo\",\"description\":\"Tierra de Encuentros\",\"publisher\":{\"@id\":\"https:\/\/www.fraczinet.cl\/sitio\/#\/schema\/person\/aec8ee4da68df2b9b0eefdad24a0d582\"},\"potentialAction\":[{\"@type\":\"SearchAction\",\"target\":{\"@type\":\"EntryPoint\",\"urlTemplate\":\"https:\/\/www.fraczinet.cl\/sitio\/?s={search_term_string}\"},\"query-input\":{\"@type\":\"PropertyValueSpecification\",\"valueRequired\":true,\"valueName\":\"search_term_string\"}}],\"inLanguage\":\"es\"},{\"@type\":[\"Person\",\"Organization\"],\"@id\":\"https:\/\/www.fraczinet.cl\/sitio\/#\/schema\/person\/aec8ee4da68df2b9b0eefdad24a0d582\",\"name\":\"Luis Fernando Fraczinet\",\"image\":{\"@type\":\"ImageObject\",\"inLanguage\":\"es\",\"@id\":\"https:\/\/www.fraczinet.cl\/sitio\/#\/schema\/person\/image\/\",\"url\":\"https:\/\/www.fraczinet.cl\/sitio\/wp-content\/uploads\/2021\/07\/bannerlogo-1.gif\",\"contentUrl\":\"https:\/\/www.fraczinet.cl\/sitio\/wp-content\/uploads\/2021\/07\/bannerlogo-1.gif\",\"width\":159,\"height\":79,\"caption\":\"Luis Fernando Fraczinet\"},\"logo\":{\"@id\":\"https:\/\/www.fraczinet.cl\/sitio\/#\/schema\/person\/image\/\"},\"sameAs\":[\"https:\/\/www.fraczinet.cl\/sitio\/\"]},{\"@type\":\"Person\",\"@id\":\"https:\/\/www.fraczinet.cl\/sitio\/#\/schema\/person\/bc30f98e9cb10ae7e119dbe14bc93784\",\"name\":\"admin\",\"image\":{\"@type\":\"ImageObject\",\"inLanguage\":\"es\",\"@id\":\"https:\/\/www.fraczinet.cl\/sitio\/#\/schema\/person\/image\/\",\"url\":\"https:\/\/secure.gravatar.com\/avatar\/d5ad3cf7ef3b23a2bb5be73be780c86b2fc8545c3ad6b149f3913ff458c00099?s=96&d=mm&r=g\",\"contentUrl\":\"https:\/\/secure.gravatar.com\/avatar\/d5ad3cf7ef3b23a2bb5be73be780c86b2fc8545c3ad6b149f3913ff458c00099?s=96&d=mm&r=g\",\"caption\":\"admin\"},\"sameAs\":[\"https:\/\/www.fraczinet.cl\/sitio\"]}]}<\/script>\n<!-- \/ Yoast SEO plugin. -->","yoast_head_json":{"title":"Museo Geol\u00f3gico \u201cProf. Lajos Bir\u00f3 Bagoczky\u201d - Nuestro Bio B\u00edo","robots":{"index":"index","follow":"follow","max-snippet":"max-snippet:-1","max-image-preview":"max-image-preview:large","max-video-preview":"max-video-preview:-1"},"canonical":"https:\/\/www.fraczinet.cl\/sitio\/2009\/02\/15\/museo-geologico-prof-lajos-biro-bagoczky\/","og_locale":"es_ES","og_type":"article","og_title":"Museo Geol\u00f3gico \u201cProf. Lajos Bir\u00f3 Bagoczky\u201d - Nuestro Bio B\u00edo","og_description":"Encargado: Dr. Arturo Quinzio Direcci\u00f3n: Barrio Universitario s\/n Concepci\u00f3n Administraci\u00f3n: Universidad de Concepci\u00f3n El Museo se organiza a partir de los a\u00f1os 80, reuniendo las colecciones de Paleontolog\u00eda, Mineralog\u00eda Cristalograf\u00eda, y Petrograf\u00eda, distribuidas en las distintas facultades de la Universidad, quedando finalmente al alero del Departamento de Ciencias de La Tierra, de la Universidad de [&hellip;]","og_url":"https:\/\/www.fraczinet.cl\/sitio\/2009\/02\/15\/museo-geologico-prof-lajos-biro-bagoczky\/","og_site_name":"Nuestro Bio B\u00edo","article_published_time":"2009-02-15T21:12:00+00:00","article_modified_time":"2022-09-16T12:09:13+00:00","og_image":[{"width":810,"height":540,"url":"https:\/\/www.fraczinet.cl\/sitio\/wp-content\/uploads\/2009\/02\/Museo-Geologico-Lago-Biro.jpg","type":"image\/jpeg"}],"author":"admin","twitter_card":"summary_large_image","twitter_creator":"@nuestrobiobio","twitter_site":"@nuestrobiobio","twitter_misc":{"Escrito por":"admin","Tiempo de lectura":"1 minuto"},"schema":{"@context":"https:\/\/schema.org","@graph":[{"@type":"Article","@id":"https:\/\/www.fraczinet.cl\/sitio\/2009\/02\/15\/museo-geologico-prof-lajos-biro-bagoczky\/#article","isPartOf":{"@id":"https:\/\/www.fraczinet.cl\/sitio\/2009\/02\/15\/museo-geologico-prof-lajos-biro-bagoczky\/"},"author":{"name":"admin","@id":"https:\/\/www.fraczinet.cl\/sitio\/#\/schema\/person\/bc30f98e9cb10ae7e119dbe14bc93784"},"headline":"Museo Geol\u00f3gico \u201cProf. Lajos Bir\u00f3 Bagoczky\u201d","datePublished":"2009-02-15T21:12:00+00:00","dateModified":"2022-09-16T12:09:13+00:00","mainEntityOfPage":{"@id":"https:\/\/www.fraczinet.cl\/sitio\/2009\/02\/15\/museo-geologico-prof-lajos-biro-bagoczky\/"},"wordCount":141,"commentCount":0,"publisher":{"@id":"https:\/\/www.fraczinet.cl\/sitio\/#\/schema\/person\/aec8ee4da68df2b9b0eefdad24a0d582"},"image":{"@id":"https:\/\/www.fraczinet.cl\/sitio\/2009\/02\/15\/museo-geologico-prof-lajos-biro-bagoczky\/#primaryimage"},"thumbnailUrl":"https:\/\/www.fraczinet.cl\/sitio\/wp-content\/uploads\/2009\/02\/Museo-Geologico-Lago-Biro.jpg","articleSection":["Concepci\u00f3n","Cultura","Museos","Patrimonio"],"inLanguage":"es","potentialAction":[{"@type":"CommentAction","name":"Comment","target":["https:\/\/www.fraczinet.cl\/sitio\/2009\/02\/15\/museo-geologico-prof-lajos-biro-bagoczky\/#respond"]}]},{"@type":"WebPage","@id":"https:\/\/www.fraczinet.cl\/sitio\/2009\/02\/15\/museo-geologico-prof-lajos-biro-bagoczky\/","url":"https:\/\/www.fraczinet.cl\/sitio\/2009\/02\/15\/museo-geologico-prof-lajos-biro-bagoczky\/","name":"Museo Geol\u00f3gico \u201cProf. Lajos Bir\u00f3 Bagoczky\u201d - Nuestro Bio B\u00edo","isPartOf":{"@id":"https:\/\/www.fraczinet.cl\/sitio\/#website"},"primaryImageOfPage":{"@id":"https:\/\/www.fraczinet.cl\/sitio\/2009\/02\/15\/museo-geologico-prof-lajos-biro-bagoczky\/#primaryimage"},"image":{"@id":"https:\/\/www.fraczinet.cl\/sitio\/2009\/02\/15\/museo-geologico-prof-lajos-biro-bagoczky\/#primaryimage"},"thumbnailUrl":"https:\/\/www.fraczinet.cl\/sitio\/wp-content\/uploads\/2009\/02\/Museo-Geologico-Lago-Biro.jpg","datePublished":"2009-02-15T21:12:00+00:00","dateModified":"2022-09-16T12:09:13+00:00","breadcrumb":{"@id":"https:\/\/www.fraczinet.cl\/sitio\/2009\/02\/15\/museo-geologico-prof-lajos-biro-bagoczky\/#breadcrumb"},"inLanguage":"es","potentialAction":[{"@type":"ReadAction","target":["https:\/\/www.fraczinet.cl\/sitio\/2009\/02\/15\/museo-geologico-prof-lajos-biro-bagoczky\/"]}]},{"@type":"ImageObject","inLanguage":"es","@id":"https:\/\/www.fraczinet.cl\/sitio\/2009\/02\/15\/museo-geologico-prof-lajos-biro-bagoczky\/#primaryimage","url":"https:\/\/www.fraczinet.cl\/sitio\/wp-content\/uploads\/2009\/02\/Museo-Geologico-Lago-Biro.jpg","contentUrl":"https:\/\/www.fraczinet.cl\/sitio\/wp-content\/uploads\/2009\/02\/Museo-Geologico-Lago-Biro.jpg","width":810,"height":540},{"@type":"BreadcrumbList","@id":"https:\/\/www.fraczinet.cl\/sitio\/2009\/02\/15\/museo-geologico-prof-lajos-biro-bagoczky\/#breadcrumb","itemListElement":[{"@type":"ListItem","position":1,"name":"Portada","item":"https:\/\/www.fraczinet.cl\/sitio\/"},{"@type":"ListItem","position":2,"name":"Museo Geol\u00f3gico \u201cProf. Lajos Bir\u00f3 Bagoczky\u201d"}]},{"@type":"WebSite","@id":"https:\/\/www.fraczinet.cl\/sitio\/#website","url":"https:\/\/www.fraczinet.cl\/sitio\/","name":"Nuestro Bio B\u00edo","description":"Tierra de Encuentros","publisher":{"@id":"https:\/\/www.fraczinet.cl\/sitio\/#\/schema\/person\/aec8ee4da68df2b9b0eefdad24a0d582"},"potentialAction":[{"@type":"SearchAction","target":{"@type":"EntryPoint","urlTemplate":"https:\/\/www.fraczinet.cl\/sitio\/?s={search_term_string}"},"query-input":{"@type":"PropertyValueSpecification","valueRequired":true,"valueName":"search_term_string"}}],"inLanguage":"es"},{"@type":["Person","Organization"],"@id":"https:\/\/www.fraczinet.cl\/sitio\/#\/schema\/person\/aec8ee4da68df2b9b0eefdad24a0d582","name":"Luis Fernando Fraczinet","image":{"@type":"ImageObject","inLanguage":"es","@id":"https:\/\/www.fraczinet.cl\/sitio\/#\/schema\/person\/image\/","url":"https:\/\/www.fraczinet.cl\/sitio\/wp-content\/uploads\/2021\/07\/bannerlogo-1.gif","contentUrl":"https:\/\/www.fraczinet.cl\/sitio\/wp-content\/uploads\/2021\/07\/bannerlogo-1.gif","width":159,"height":79,"caption":"Luis Fernando Fraczinet"},"logo":{"@id":"https:\/\/www.fraczinet.cl\/sitio\/#\/schema\/person\/image\/"},"sameAs":["https:\/\/www.fraczinet.cl\/sitio\/"]},{"@type":"Person","@id":"https:\/\/www.fraczinet.cl\/sitio\/#\/schema\/person\/bc30f98e9cb10ae7e119dbe14bc93784","name":"admin","image":{"@type":"ImageObject","inLanguage":"es","@id":"https:\/\/www.fraczinet.cl\/sitio\/#\/schema\/person\/image\/","url":"https:\/\/secure.gravatar.com\/avatar\/d5ad3cf7ef3b23a2bb5be73be780c86b2fc8545c3ad6b149f3913ff458c00099?s=96&d=mm&r=g","contentUrl":"https:\/\/secure.gravatar.com\/avatar\/d5ad3cf7ef3b23a2bb5be73be780c86b2fc8545c3ad6b149f3913ff458c00099?s=96&d=mm&r=g","caption":"admin"},"sameAs":["https:\/\/www.fraczinet.cl\/sitio"]}]}},"_links":{"self":[{"href":"https:\/\/www.fraczinet.cl\/sitio\/wp-json\/wp\/v2\/posts\/2335","targetHints":{"allow":["GET"]}}],"collection":[{"href":"https:\/\/www.fraczinet.cl\/sitio\/wp-json\/wp\/v2\/posts"}],"about":[{"href":"https:\/\/www.fraczinet.cl\/sitio\/wp-json\/wp\/v2\/types\/post"}],"author":[{"embeddable":true,"href":"https:\/\/www.fraczinet.cl\/sitio\/wp-json\/wp\/v2\/users\/1"}],"replies":[{"embeddable":true,"href":"https:\/\/www.fraczinet.cl\/sitio\/wp-json\/wp\/v2\/comments?post=2335"}],"version-history":[{"count":3,"href":"https:\/\/www.fraczinet.cl\/sitio\/wp-json\/wp\/v2\/posts\/2335\/revisions"}],"predecessor-version":[{"id":12524,"href":"https:\/\/www.fraczinet.cl\/sitio\/wp-json\/wp\/v2\/posts\/2335\/revisions\/12524"}],"wp:featuredmedia":[{"embeddable":true,"href":"https:\/\/www.fraczinet.cl\/sitio\/wp-json\/wp\/v2\/media\/12519"}],"wp:attachment":[{"href":"https:\/\/www.fraczinet.cl\/sitio\/wp-json\/wp\/v2\/media?parent=2335"}],"wp:term":[{"taxonomy":"category","embeddable":true,"href":"https:\/\/www.fraczinet.cl\/sitio\/wp-json\/wp\/v2\/categories?post=2335"},{"taxonomy":"post_tag","embeddable":true,"href":"https:\/\/www.fraczinet.cl\/sitio\/wp-json\/wp\/v2\/tags?post=2335"}],"curies":[{"name":"wp","href":"https:\/\/api.w.org\/{rel}","templated":true}]}}