{"id":2336,"date":"2009-02-15T21:10:00","date_gmt":"2009-02-15T21:10:00","guid":{"rendered":""},"modified":"2021-07-29T02:38:51","modified_gmt":"2021-07-29T02:38:51","slug":"casa-de-don-pedro-del-rio","status":"publish","type":"post","link":"https:\/\/www.fraczinet.cl\/sitio\/2009\/02\/15\/casa-de-don-pedro-del-rio\/","title":{"rendered":"Casa de Don Pedro del R\u00edo"},"content":{"rendered":"<p><a href=\"https:\/\/www.fraczinet.cl\/sitio\/wp-content\/uploads\/2009\/02\/Casa-de-Don-Pedro-del-R-C3-ADo.jpg\"><img decoding=\"async\" alt=\"\" border=\"0\" id=\"BLOGGER_PHOTO_ID_5303134918786856546\" src=\"https:\/\/www.fraczinet.cl\/sitio\/wp-content\/uploads\/2009\/02\/Casa-de-Don-Pedro-del-R-C3-ADo.jpg\" style=\"cursor: pointer; float: left; height: 200px; margin: 0px 10px 10px 0px; width: 133px;\" \/><\/a>La casa de don Pedro del R\u00edo, en Concepci\u00f3n, est\u00e1 ubicada en la esquina de las calles Barros Arana y Castell\u00f3n, frente al Palacio de Justicia, en pleno centro de la ciudad.   El actual emplazamiento de la cuidad de Concepci\u00f3n data de 1764 y su trazado fue hecho por el agrimensor militar Ambrosio O`Higgins, quien m\u00e1s tarde ser\u00eda Gobernador del Reino.   Durante las \u00faltimas d\u00e9cadas del siglo XIX la regi\u00f3n de Concepci\u00f3n experiment\u00f3 un gran auge que estuvo estrechamente ligado al desarrollo del industria del carb\u00f3n, la cual impuls\u00f3 otras actividades en la zona.&nbsp;<\/p>\n<div><\/div>\n<div>Como es de esperar, el auge econ\u00f3mico condujo a un mejoramiento urbano, \u00e9ste proceso se vivi\u00f3 en todas las grandes ciudades, pero en algunas tuvo m\u00e1s fuerza que en otras. Algunas de las medidas fueron, la promulgaci\u00f3n de leyes de \u201ctransformaci\u00f3n\u201d, el mejoramiento de la infraestructura urbana, la edificaci\u00f3n de grandes mansiones y una general preocupaci\u00f3n por trazar en las ciudades sectores para el esparcimiento p\u00fablico.  En este proceso de desarrollo urbano se not\u00f3 una clara influencia extranjera, la cual tambi\u00e9n se hizo sentir en los estratos altos de la sociedad. El aumento de la riqueza privada fue determinante en la configuraci\u00f3n de la aristocracia.&nbsp;  <\/div>\n<div><\/div>\n<div>Durante el transcurso del siglo XIX la clase alta sufri\u00f3 una serie de transformaciones que, a fines de siglo, nos permiten identificarla como un grupo bien definido. Entre sus caracter\u00edsticas se not\u00f3 una fuerte influencia extranjera; muestra de ello son el gusto por las ostentosas mansiones y el refinamiento en el diario vivir, a este nuevo estilo de vida se agreg\u00f3 una intensa vida social y un marcado inter\u00e9s por el mundo de la cultura y la pol\u00edtica. Este inter\u00e9s cultural, acompa\u00f1ado de la gran comodidad de las nuevas residencias, impuls\u00f3 un auge de las tertulias en las que se hablaba de m\u00fasica, literatura, nuevas corrientes de pensamiento, pintura, etc.   Muchas de \u00e9stas tertulias llegaron a tener gran renombre e importancia para la vida cultural del pa\u00eds, pues algunas dieron origen a publicaciones peri\u00f3dicas y destacados artistas.&nbsp;<\/div>\n<div><\/div>\n<div>La casa de don Pedro del R\u00edo en Concepci\u00f3n acogi\u00f3, durante a\u00f1os, una de estas tertulias; generando una valiosa actividad cultural en la ciudad.  El inmueble fue encargado al arquitecto Onofre Montan\u00e9 Urrejola, por don Pedro del R\u00edo Za\u00f1art\u00fa para su residencia. La casa fue ocupada a contar de 1918 por do\u00f1a Carmen Urrejola del R\u00edo hasta su muerte en 1932, durante estos a\u00f1os acogi\u00f3 en ella una tertulia que reuni\u00f3 lo m\u00e1s destacado de la vida intelectual y cultural de Concepci\u00f3n.&nbsp;<\/div>\n<div><\/div>\n<div>La construcci\u00f3n se inici\u00f3 en 1915 y fue terminada en 1917.  Es un edificio de esquina de dos pisos, de estilo neocl\u00e1sico con elementos de Art Nouveau en su decoraci\u00f3n y volumetr\u00eda. Es digno de destacar que es uno de los pocos edificios que han resistido los numerosos terremotos de la zona, dando un testimonio del relevante pasado hist\u00f3rico de Concepci\u00f3n.  Direcci\u00f3n: Calle Barros Aranas esquina Castell\u00f3n, Concepci\u00f3n<\/div>\n","protected":false},"excerpt":{"rendered":"<p>La casa de don Pedro del R\u00edo, en Concepci\u00f3n, est\u00e1 ubicada en la esquina de las calles Barros Arana y Castell\u00f3n, frente al Palacio de Justicia, en pleno centro de la ciudad. El actual emplazamiento de la cuidad de Concepci\u00f3n data de 1764 y su trazado fue hecho por el agrimensor militar Ambrosio O`Higgins, quien [&hellip;]<\/p>\n","protected":false},"author":1,"featured_media":2409,"comment_status":"open","ping_status":"open","sticky":false,"template":"","format":"standard","meta":{"footnotes":""},"categories":[42,10,17,23],"tags":[],"class_list":["post-2336","post","type-post","status-publish","format-standard","has-post-thumbnail","hentry","category-concepcion","category-historia","category-patrimonio-arquitectonico","category-personajes"],"yoast_head":"<!-- This site is optimized with the Yoast SEO plugin v25.0 - https:\/\/yoast.com\/wordpress\/plugins\/seo\/ -->\n<title>Casa de Don Pedro del R\u00edo - Nuestro Bio B\u00edo<\/title>\n<meta name=\"robots\" content=\"index, follow, max-snippet:-1, max-image-preview:large, max-video-preview:-1\" \/>\n<link rel=\"canonical\" href=\"https:\/\/www.fraczinet.cl\/sitio\/2009\/02\/15\/casa-de-don-pedro-del-rio\/\" \/>\n<meta property=\"og:locale\" content=\"es_ES\" \/>\n<meta property=\"og:type\" content=\"article\" \/>\n<meta property=\"og:title\" content=\"Casa de Don Pedro del R\u00edo - Nuestro Bio B\u00edo\" \/>\n<meta property=\"og:description\" content=\"La casa de don Pedro del R\u00edo, en Concepci\u00f3n, est\u00e1 ubicada en la esquina de las calles Barros Arana y Castell\u00f3n, frente al Palacio de Justicia, en pleno centro de la ciudad. El actual emplazamiento de la cuidad de Concepci\u00f3n data de 1764 y su trazado fue hecho por el agrimensor militar Ambrosio O`Higgins, quien [&hellip;]\" \/>\n<meta property=\"og:url\" content=\"https:\/\/www.fraczinet.cl\/sitio\/2009\/02\/15\/casa-de-don-pedro-del-rio\/\" \/>\n<meta property=\"og:site_name\" content=\"Nuestro Bio B\u00edo\" \/>\n<meta property=\"article:published_time\" content=\"2009-02-15T21:10:00+00:00\" \/>\n<meta property=\"article:modified_time\" content=\"2021-07-29T02:38:51+00:00\" \/>\n<meta property=\"og:image\" content=\"https:\/\/www.fraczinet.cl\/sitio\/wp-content\/uploads\/2009\/02\/Casa-de-Don-Pedro-del-R-C3-ADo.jpg\" \/>\n\t<meta property=\"og:image:width\" content=\"143\" \/>\n\t<meta property=\"og:image:height\" content=\"215\" \/>\n\t<meta property=\"og:image:type\" content=\"image\/jpeg\" \/>\n<meta name=\"author\" content=\"admin\" \/>\n<meta name=\"twitter:card\" content=\"summary_large_image\" \/>\n<meta name=\"twitter:creator\" content=\"@nuestrobiobio\" \/>\n<meta name=\"twitter:site\" content=\"@nuestrobiobio\" \/>\n<meta name=\"twitter:label1\" content=\"Escrito por\" \/>\n\t<meta name=\"twitter:data1\" content=\"admin\" \/>\n\t<meta name=\"twitter:label2\" content=\"Tiempo de lectura\" \/>\n\t<meta name=\"twitter:data2\" content=\"3 minutos\" \/>\n<script type=\"application\/ld+json\" class=\"yoast-schema-graph\">{\"@context\":\"https:\/\/schema.org\",\"@graph\":[{\"@type\":\"Article\",\"@id\":\"https:\/\/www.fraczinet.cl\/sitio\/2009\/02\/15\/casa-de-don-pedro-del-rio\/#article\",\"isPartOf\":{\"@id\":\"https:\/\/www.fraczinet.cl\/sitio\/2009\/02\/15\/casa-de-don-pedro-del-rio\/\"},\"author\":{\"name\":\"admin\",\"@id\":\"https:\/\/www.fraczinet.cl\/sitio\/#\/schema\/person\/bc30f98e9cb10ae7e119dbe14bc93784\"},\"headline\":\"Casa de Don Pedro del R\u00edo\",\"datePublished\":\"2009-02-15T21:10:00+00:00\",\"dateModified\":\"2021-07-29T02:38:51+00:00\",\"mainEntityOfPage\":{\"@id\":\"https:\/\/www.fraczinet.cl\/sitio\/2009\/02\/15\/casa-de-don-pedro-del-rio\/\"},\"wordCount\":539,\"commentCount\":0,\"publisher\":{\"@id\":\"https:\/\/www.fraczinet.cl\/sitio\/#\/schema\/person\/aec8ee4da68df2b9b0eefdad24a0d582\"},\"image\":{\"@id\":\"https:\/\/www.fraczinet.cl\/sitio\/2009\/02\/15\/casa-de-don-pedro-del-rio\/#primaryimage\"},\"thumbnailUrl\":\"https:\/\/www.fraczinet.cl\/sitio\/wp-content\/uploads\/2009\/02\/Casa-de-Don-Pedro-del-R-C3-ADo.jpg\",\"articleSection\":[\"Concepci\u00f3n\",\"Historia\",\"Patrimonio Arquitect\u00f3nico\",\"Personajes\"],\"inLanguage\":\"es\",\"potentialAction\":[{\"@type\":\"CommentAction\",\"name\":\"Comment\",\"target\":[\"https:\/\/www.fraczinet.cl\/sitio\/2009\/02\/15\/casa-de-don-pedro-del-rio\/#respond\"]}]},{\"@type\":\"WebPage\",\"@id\":\"https:\/\/www.fraczinet.cl\/sitio\/2009\/02\/15\/casa-de-don-pedro-del-rio\/\",\"url\":\"https:\/\/www.fraczinet.cl\/sitio\/2009\/02\/15\/casa-de-don-pedro-del-rio\/\",\"name\":\"Casa de Don Pedro del R\u00edo - Nuestro Bio B\u00edo\",\"isPartOf\":{\"@id\":\"https:\/\/www.fraczinet.cl\/sitio\/#website\"},\"primaryImageOfPage\":{\"@id\":\"https:\/\/www.fraczinet.cl\/sitio\/2009\/02\/15\/casa-de-don-pedro-del-rio\/#primaryimage\"},\"image\":{\"@id\":\"https:\/\/www.fraczinet.cl\/sitio\/2009\/02\/15\/casa-de-don-pedro-del-rio\/#primaryimage\"},\"thumbnailUrl\":\"https:\/\/www.fraczinet.cl\/sitio\/wp-content\/uploads\/2009\/02\/Casa-de-Don-Pedro-del-R-C3-ADo.jpg\",\"datePublished\":\"2009-02-15T21:10:00+00:00\",\"dateModified\":\"2021-07-29T02:38:51+00:00\",\"breadcrumb\":{\"@id\":\"https:\/\/www.fraczinet.cl\/sitio\/2009\/02\/15\/casa-de-don-pedro-del-rio\/#breadcrumb\"},\"inLanguage\":\"es\",\"potentialAction\":[{\"@type\":\"ReadAction\",\"target\":[\"https:\/\/www.fraczinet.cl\/sitio\/2009\/02\/15\/casa-de-don-pedro-del-rio\/\"]}]},{\"@type\":\"ImageObject\",\"inLanguage\":\"es\",\"@id\":\"https:\/\/www.fraczinet.cl\/sitio\/2009\/02\/15\/casa-de-don-pedro-del-rio\/#primaryimage\",\"url\":\"https:\/\/www.fraczinet.cl\/sitio\/wp-content\/uploads\/2009\/02\/Casa-de-Don-Pedro-del-R-C3-ADo.jpg\",\"contentUrl\":\"https:\/\/www.fraczinet.cl\/sitio\/wp-content\/uploads\/2009\/02\/Casa-de-Don-Pedro-del-R-C3-ADo.jpg\",\"width\":143,\"height\":215},{\"@type\":\"BreadcrumbList\",\"@id\":\"https:\/\/www.fraczinet.cl\/sitio\/2009\/02\/15\/casa-de-don-pedro-del-rio\/#breadcrumb\",\"itemListElement\":[{\"@type\":\"ListItem\",\"position\":1,\"name\":\"Portada\",\"item\":\"https:\/\/www.fraczinet.cl\/sitio\/\"},{\"@type\":\"ListItem\",\"position\":2,\"name\":\"Casa de Don Pedro del R\u00edo\"}]},{\"@type\":\"WebSite\",\"@id\":\"https:\/\/www.fraczinet.cl\/sitio\/#website\",\"url\":\"https:\/\/www.fraczinet.cl\/sitio\/\",\"name\":\"Nuestro Bio B\u00edo\",\"description\":\"Tierra de Encuentros\",\"publisher\":{\"@id\":\"https:\/\/www.fraczinet.cl\/sitio\/#\/schema\/person\/aec8ee4da68df2b9b0eefdad24a0d582\"},\"potentialAction\":[{\"@type\":\"SearchAction\",\"target\":{\"@type\":\"EntryPoint\",\"urlTemplate\":\"https:\/\/www.fraczinet.cl\/sitio\/?s={search_term_string}\"},\"query-input\":{\"@type\":\"PropertyValueSpecification\",\"valueRequired\":true,\"valueName\":\"search_term_string\"}}],\"inLanguage\":\"es\"},{\"@type\":[\"Person\",\"Organization\"],\"@id\":\"https:\/\/www.fraczinet.cl\/sitio\/#\/schema\/person\/aec8ee4da68df2b9b0eefdad24a0d582\",\"name\":\"Luis Fernando Fraczinet\",\"image\":{\"@type\":\"ImageObject\",\"inLanguage\":\"es\",\"@id\":\"https:\/\/www.fraczinet.cl\/sitio\/#\/schema\/person\/image\/\",\"url\":\"https:\/\/www.fraczinet.cl\/sitio\/wp-content\/uploads\/2021\/07\/bannerlogo-1.gif\",\"contentUrl\":\"https:\/\/www.fraczinet.cl\/sitio\/wp-content\/uploads\/2021\/07\/bannerlogo-1.gif\",\"width\":159,\"height\":79,\"caption\":\"Luis Fernando Fraczinet\"},\"logo\":{\"@id\":\"https:\/\/www.fraczinet.cl\/sitio\/#\/schema\/person\/image\/\"},\"sameAs\":[\"https:\/\/www.fraczinet.cl\/sitio\/\"]},{\"@type\":\"Person\",\"@id\":\"https:\/\/www.fraczinet.cl\/sitio\/#\/schema\/person\/bc30f98e9cb10ae7e119dbe14bc93784\",\"name\":\"admin\",\"image\":{\"@type\":\"ImageObject\",\"inLanguage\":\"es\",\"@id\":\"https:\/\/www.fraczinet.cl\/sitio\/#\/schema\/person\/image\/\",\"url\":\"https:\/\/secure.gravatar.com\/avatar\/d5ad3cf7ef3b23a2bb5be73be780c86b2fc8545c3ad6b149f3913ff458c00099?s=96&d=mm&r=g\",\"contentUrl\":\"https:\/\/secure.gravatar.com\/avatar\/d5ad3cf7ef3b23a2bb5be73be780c86b2fc8545c3ad6b149f3913ff458c00099?s=96&d=mm&r=g\",\"caption\":\"admin\"},\"sameAs\":[\"https:\/\/www.fraczinet.cl\/sitio\"]}]}<\/script>\n<!-- \/ Yoast SEO plugin. -->","yoast_head_json":{"title":"Casa de Don Pedro del R\u00edo - Nuestro Bio B\u00edo","robots":{"index":"index","follow":"follow","max-snippet":"max-snippet:-1","max-image-preview":"max-image-preview:large","max-video-preview":"max-video-preview:-1"},"canonical":"https:\/\/www.fraczinet.cl\/sitio\/2009\/02\/15\/casa-de-don-pedro-del-rio\/","og_locale":"es_ES","og_type":"article","og_title":"Casa de Don Pedro del R\u00edo - Nuestro Bio B\u00edo","og_description":"La casa de don Pedro del R\u00edo, en Concepci\u00f3n, est\u00e1 ubicada en la esquina de las calles Barros Arana y Castell\u00f3n, frente al Palacio de Justicia, en pleno centro de la ciudad. El actual emplazamiento de la cuidad de Concepci\u00f3n data de 1764 y su trazado fue hecho por el agrimensor militar Ambrosio O`Higgins, quien [&hellip;]","og_url":"https:\/\/www.fraczinet.cl\/sitio\/2009\/02\/15\/casa-de-don-pedro-del-rio\/","og_site_name":"Nuestro Bio B\u00edo","article_published_time":"2009-02-15T21:10:00+00:00","article_modified_time":"2021-07-29T02:38:51+00:00","og_image":[{"width":143,"height":215,"url":"https:\/\/www.fraczinet.cl\/sitio\/wp-content\/uploads\/2009\/02\/Casa-de-Don-Pedro-del-R-C3-ADo.jpg","type":"image\/jpeg"}],"author":"admin","twitter_card":"summary_large_image","twitter_creator":"@nuestrobiobio","twitter_site":"@nuestrobiobio","twitter_misc":{"Escrito por":"admin","Tiempo de lectura":"3 minutos"},"schema":{"@context":"https:\/\/schema.org","@graph":[{"@type":"Article","@id":"https:\/\/www.fraczinet.cl\/sitio\/2009\/02\/15\/casa-de-don-pedro-del-rio\/#article","isPartOf":{"@id":"https:\/\/www.fraczinet.cl\/sitio\/2009\/02\/15\/casa-de-don-pedro-del-rio\/"},"author":{"name":"admin","@id":"https:\/\/www.fraczinet.cl\/sitio\/#\/schema\/person\/bc30f98e9cb10ae7e119dbe14bc93784"},"headline":"Casa de Don Pedro del R\u00edo","datePublished":"2009-02-15T21:10:00+00:00","dateModified":"2021-07-29T02:38:51+00:00","mainEntityOfPage":{"@id":"https:\/\/www.fraczinet.cl\/sitio\/2009\/02\/15\/casa-de-don-pedro-del-rio\/"},"wordCount":539,"commentCount":0,"publisher":{"@id":"https:\/\/www.fraczinet.cl\/sitio\/#\/schema\/person\/aec8ee4da68df2b9b0eefdad24a0d582"},"image":{"@id":"https:\/\/www.fraczinet.cl\/sitio\/2009\/02\/15\/casa-de-don-pedro-del-rio\/#primaryimage"},"thumbnailUrl":"https:\/\/www.fraczinet.cl\/sitio\/wp-content\/uploads\/2009\/02\/Casa-de-Don-Pedro-del-R-C3-ADo.jpg","articleSection":["Concepci\u00f3n","Historia","Patrimonio Arquitect\u00f3nico","Personajes"],"inLanguage":"es","potentialAction":[{"@type":"CommentAction","name":"Comment","target":["https:\/\/www.fraczinet.cl\/sitio\/2009\/02\/15\/casa-de-don-pedro-del-rio\/#respond"]}]},{"@type":"WebPage","@id":"https:\/\/www.fraczinet.cl\/sitio\/2009\/02\/15\/casa-de-don-pedro-del-rio\/","url":"https:\/\/www.fraczinet.cl\/sitio\/2009\/02\/15\/casa-de-don-pedro-del-rio\/","name":"Casa de Don Pedro del R\u00edo - Nuestro Bio B\u00edo","isPartOf":{"@id":"https:\/\/www.fraczinet.cl\/sitio\/#website"},"primaryImageOfPage":{"@id":"https:\/\/www.fraczinet.cl\/sitio\/2009\/02\/15\/casa-de-don-pedro-del-rio\/#primaryimage"},"image":{"@id":"https:\/\/www.fraczinet.cl\/sitio\/2009\/02\/15\/casa-de-don-pedro-del-rio\/#primaryimage"},"thumbnailUrl":"https:\/\/www.fraczinet.cl\/sitio\/wp-content\/uploads\/2009\/02\/Casa-de-Don-Pedro-del-R-C3-ADo.jpg","datePublished":"2009-02-15T21:10:00+00:00","dateModified":"2021-07-29T02:38:51+00:00","breadcrumb":{"@id":"https:\/\/www.fraczinet.cl\/sitio\/2009\/02\/15\/casa-de-don-pedro-del-rio\/#breadcrumb"},"inLanguage":"es","potentialAction":[{"@type":"ReadAction","target":["https:\/\/www.fraczinet.cl\/sitio\/2009\/02\/15\/casa-de-don-pedro-del-rio\/"]}]},{"@type":"ImageObject","inLanguage":"es","@id":"https:\/\/www.fraczinet.cl\/sitio\/2009\/02\/15\/casa-de-don-pedro-del-rio\/#primaryimage","url":"https:\/\/www.fraczinet.cl\/sitio\/wp-content\/uploads\/2009\/02\/Casa-de-Don-Pedro-del-R-C3-ADo.jpg","contentUrl":"https:\/\/www.fraczinet.cl\/sitio\/wp-content\/uploads\/2009\/02\/Casa-de-Don-Pedro-del-R-C3-ADo.jpg","width":143,"height":215},{"@type":"BreadcrumbList","@id":"https:\/\/www.fraczinet.cl\/sitio\/2009\/02\/15\/casa-de-don-pedro-del-rio\/#breadcrumb","itemListElement":[{"@type":"ListItem","position":1,"name":"Portada","item":"https:\/\/www.fraczinet.cl\/sitio\/"},{"@type":"ListItem","position":2,"name":"Casa de Don Pedro del R\u00edo"}]},{"@type":"WebSite","@id":"https:\/\/www.fraczinet.cl\/sitio\/#website","url":"https:\/\/www.fraczinet.cl\/sitio\/","name":"Nuestro Bio B\u00edo","description":"Tierra de Encuentros","publisher":{"@id":"https:\/\/www.fraczinet.cl\/sitio\/#\/schema\/person\/aec8ee4da68df2b9b0eefdad24a0d582"},"potentialAction":[{"@type":"SearchAction","target":{"@type":"EntryPoint","urlTemplate":"https:\/\/www.fraczinet.cl\/sitio\/?s={search_term_string}"},"query-input":{"@type":"PropertyValueSpecification","valueRequired":true,"valueName":"search_term_string"}}],"inLanguage":"es"},{"@type":["Person","Organization"],"@id":"https:\/\/www.fraczinet.cl\/sitio\/#\/schema\/person\/aec8ee4da68df2b9b0eefdad24a0d582","name":"Luis Fernando Fraczinet","image":{"@type":"ImageObject","inLanguage":"es","@id":"https:\/\/www.fraczinet.cl\/sitio\/#\/schema\/person\/image\/","url":"https:\/\/www.fraczinet.cl\/sitio\/wp-content\/uploads\/2021\/07\/bannerlogo-1.gif","contentUrl":"https:\/\/www.fraczinet.cl\/sitio\/wp-content\/uploads\/2021\/07\/bannerlogo-1.gif","width":159,"height":79,"caption":"Luis Fernando Fraczinet"},"logo":{"@id":"https:\/\/www.fraczinet.cl\/sitio\/#\/schema\/person\/image\/"},"sameAs":["https:\/\/www.fraczinet.cl\/sitio\/"]},{"@type":"Person","@id":"https:\/\/www.fraczinet.cl\/sitio\/#\/schema\/person\/bc30f98e9cb10ae7e119dbe14bc93784","name":"admin","image":{"@type":"ImageObject","inLanguage":"es","@id":"https:\/\/www.fraczinet.cl\/sitio\/#\/schema\/person\/image\/","url":"https:\/\/secure.gravatar.com\/avatar\/d5ad3cf7ef3b23a2bb5be73be780c86b2fc8545c3ad6b149f3913ff458c00099?s=96&d=mm&r=g","contentUrl":"https:\/\/secure.gravatar.com\/avatar\/d5ad3cf7ef3b23a2bb5be73be780c86b2fc8545c3ad6b149f3913ff458c00099?s=96&d=mm&r=g","caption":"admin"},"sameAs":["https:\/\/www.fraczinet.cl\/sitio"]}]}},"_links":{"self":[{"href":"https:\/\/www.fraczinet.cl\/sitio\/wp-json\/wp\/v2\/posts\/2336","targetHints":{"allow":["GET"]}}],"collection":[{"href":"https:\/\/www.fraczinet.cl\/sitio\/wp-json\/wp\/v2\/posts"}],"about":[{"href":"https:\/\/www.fraczinet.cl\/sitio\/wp-json\/wp\/v2\/types\/post"}],"author":[{"embeddable":true,"href":"https:\/\/www.fraczinet.cl\/sitio\/wp-json\/wp\/v2\/users\/1"}],"replies":[{"embeddable":true,"href":"https:\/\/www.fraczinet.cl\/sitio\/wp-json\/wp\/v2\/comments?post=2336"}],"version-history":[{"count":1,"href":"https:\/\/www.fraczinet.cl\/sitio\/wp-json\/wp\/v2\/posts\/2336\/revisions"}],"predecessor-version":[{"id":2410,"href":"https:\/\/www.fraczinet.cl\/sitio\/wp-json\/wp\/v2\/posts\/2336\/revisions\/2410"}],"wp:featuredmedia":[{"embeddable":true,"href":"https:\/\/www.fraczinet.cl\/sitio\/wp-json\/wp\/v2\/media\/2409"}],"wp:attachment":[{"href":"https:\/\/www.fraczinet.cl\/sitio\/wp-json\/wp\/v2\/media?parent=2336"}],"wp:term":[{"taxonomy":"category","embeddable":true,"href":"https:\/\/www.fraczinet.cl\/sitio\/wp-json\/wp\/v2\/categories?post=2336"},{"taxonomy":"post_tag","embeddable":true,"href":"https:\/\/www.fraczinet.cl\/sitio\/wp-json\/wp\/v2\/tags?post=2336"}],"curies":[{"name":"wp","href":"https:\/\/api.w.org\/{rel}","templated":true}]}}