{"id":2337,"date":"2009-02-15T21:09:00","date_gmt":"2009-02-15T21:09:00","guid":{"rendered":""},"modified":"2021-07-29T02:38:53","modified_gmt":"2021-07-29T02:38:53","slug":"mausoleo-del-general-don-jose-maria-de-la-cruz","status":"publish","type":"post","link":"https:\/\/www.fraczinet.cl\/sitio\/2009\/02\/15\/mausoleo-del-general-don-jose-maria-de-la-cruz\/","title":{"rendered":"Mausoleo del General Don Jos\u00e9 Mar\u00eda de la Cruz"},"content":{"rendered":"<p><a href=\"https:\/\/www.fraczinet.cl\/sitio\/wp-content\/uploads\/2009\/02\/Mausoleo-del-General-Don-Jos-C3-A9-Mar-C3-ADa-de-la-Cruz.jpg\"><img decoding=\"async\" alt=\"\" border=\"0\" id=\"BLOGGER_PHOTO_ID_5303134565697999186\" src=\"https:\/\/www.fraczinet.cl\/sitio\/wp-content\/uploads\/2009\/02\/Mausoleo-del-General-Don-Jos-C3-A9-Mar-C3-ADa-de-la-Cruz.jpg\" style=\"cursor: pointer; float: left; height: 200px; margin: 0px 10px 10px 0px; width: 134px;\" \/><\/a>Este mausoleo fue erigido en 1879, por lo que es uno de los m\u00e1s antiguos del Museo de Concepci\u00f3n. Conserva adem\u00e1s los restos del General Jos\u00e9 Mar\u00eda de la Cruz Prieto, quien fuera un destacad\u00edsimo hombre de armas, que entre otros aport\u00f3 mucho en las campa\u00f1as de Independencia del pa\u00eds.&nbsp;<\/p>\n<div><\/div>\n<div>Don Jos\u00e9 Mar\u00eda naci\u00f3 en Concepci\u00f3n el 25 de marzo de 1799 y a los 12 a\u00f1os se enrol\u00f3 como cadete en el regimiento \u00ablos Dragones\u00bb, dos a\u00f1os m\u00e1s tarde era portaestandarte de los H\u00fasares de la Gran Guardia por lo que combati\u00f3 en Chill\u00e1n. Sirvi\u00f3 como ayudante de O\u00b4Higgins en todas las campa\u00f1as posteriores.   Durante la reconquista, en Mendoza fue Oficial Instructor del Ej\u00e9rcito de Los Andes. Combati\u00f3 en Chacabuco y luego fue ascendido a Capit\u00e1n y destinado al batall\u00f3n de infanter\u00eda de Arauco. Dirigiendo el Regimiento de Cazadores de la escolta Directorial (que reemplaz\u00f3 al regimiento Arauco) combati\u00f3 en Cancha Rayada y Maip\u00fa, luego de lo cual fue nombrado Mayor. O\u00b4Higgins le condecor\u00f3 con la legi\u00f3n del M\u00e9rito, y luego cuando \u00e9ste abdic\u00f3 fue comandante de su escolta.  Se retir\u00f3 del Ej\u00e9rcito, pero volvi\u00f3 a las filas en la revoluci\u00f3n de 1829.&nbsp;<\/div>\n<div><\/div>\n<div>Fue nombrado por Portales como ministro de guerra en 1830.   Fue Jefe del estado Mayor y particip\u00f3 en la guerra contra la Confederaci\u00f3n Per\u00fa Boliviana, dirigiendo el sitio de Callao. Vuelto a Chile fue nombrado Intendente de Valpara\u00edso y Comandante General de marina por el Presidente Bulnes.   En 1847 pas\u00f3 a la Intendencia de Concepci\u00f3n. En 1951 estando en Concepci\u00f3n fue candidato a la Rep\u00fablica oponi\u00e9ndose al centralismo de Manuel Montt. En este mismo per\u00edodo encabez\u00f3 un esfuerzo revolucionario, pero fue derrotado por Bulnes en Loncomilla (8 de dicimebre de 1851).   Se retir\u00f3 a la vida privada, consagr\u00e1ndose a las labores agr\u00edcolas, hasta su fallecimiento ocurrido el 23 de noviembre de 1873.&nbsp;<\/div>\n<div><\/div>\n<div>A\u00f1o Construcci\u00f3n: 1879  Direcci\u00f3n: Cementerio de Concepci\u00f3n<\/div>\n","protected":false},"excerpt":{"rendered":"<p>Este mausoleo fue erigido en 1879, por lo que es uno de los m\u00e1s antiguos del Museo de Concepci\u00f3n. Conserva adem\u00e1s los restos del General Jos\u00e9 Mar\u00eda de la Cruz Prieto, quien fuera un destacad\u00edsimo hombre de armas, que entre otros aport\u00f3 mucho en las campa\u00f1as de Independencia del pa\u00eds.&nbsp; Don Jos\u00e9 Mar\u00eda naci\u00f3 en [&hellip;]<\/p>\n","protected":false},"author":1,"featured_media":2411,"comment_status":"open","ping_status":"open","sticky":false,"template":"","format":"standard","meta":{"footnotes":""},"categories":[42,10,3,23],"tags":[],"class_list":["post-2337","post","type-post","status-publish","format-standard","has-post-thumbnail","hentry","category-concepcion","category-historia","category-iglesias-y-capillas","category-personajes"],"yoast_head":"<!-- This site is optimized with the Yoast SEO plugin v25.0 - https:\/\/yoast.com\/wordpress\/plugins\/seo\/ -->\n<title>Mausoleo del General Don Jos\u00e9 Mar\u00eda de la Cruz - Nuestro Bio B\u00edo<\/title>\n<meta name=\"robots\" content=\"index, follow, max-snippet:-1, max-image-preview:large, max-video-preview:-1\" \/>\n<link rel=\"canonical\" href=\"https:\/\/www.fraczinet.cl\/sitio\/2009\/02\/15\/mausoleo-del-general-don-jose-maria-de-la-cruz\/\" \/>\n<meta property=\"og:locale\" content=\"es_ES\" \/>\n<meta property=\"og:type\" content=\"article\" \/>\n<meta property=\"og:title\" content=\"Mausoleo del General Don Jos\u00e9 Mar\u00eda de la Cruz - Nuestro Bio B\u00edo\" \/>\n<meta property=\"og:description\" content=\"Este mausoleo fue erigido en 1879, por lo que es uno de los m\u00e1s antiguos del Museo de Concepci\u00f3n. Conserva adem\u00e1s los restos del General Jos\u00e9 Mar\u00eda de la Cruz Prieto, quien fuera un destacad\u00edsimo hombre de armas, que entre otros aport\u00f3 mucho en las campa\u00f1as de Independencia del pa\u00eds.&nbsp; Don Jos\u00e9 Mar\u00eda naci\u00f3 en [&hellip;]\" \/>\n<meta property=\"og:url\" content=\"https:\/\/www.fraczinet.cl\/sitio\/2009\/02\/15\/mausoleo-del-general-don-jose-maria-de-la-cruz\/\" \/>\n<meta property=\"og:site_name\" content=\"Nuestro Bio B\u00edo\" \/>\n<meta property=\"article:published_time\" content=\"2009-02-15T21:09:00+00:00\" \/>\n<meta property=\"article:modified_time\" content=\"2021-07-29T02:38:53+00:00\" \/>\n<meta property=\"og:image\" content=\"https:\/\/www.fraczinet.cl\/sitio\/wp-content\/uploads\/2009\/02\/Mausoleo-del-General-Don-Jos-C3-A9-Mar-C3-ADa-de-la-Cruz.jpg\" \/>\n\t<meta property=\"og:image:width\" content=\"143\" \/>\n\t<meta property=\"og:image:height\" content=\"214\" \/>\n\t<meta property=\"og:image:type\" content=\"image\/jpeg\" \/>\n<meta name=\"author\" content=\"admin\" \/>\n<meta name=\"twitter:card\" content=\"summary_large_image\" \/>\n<meta name=\"twitter:creator\" content=\"@nuestrobiobio\" \/>\n<meta name=\"twitter:site\" content=\"@nuestrobiobio\" \/>\n<meta name=\"twitter:label1\" content=\"Escrito por\" \/>\n\t<meta name=\"twitter:data1\" content=\"admin\" \/>\n\t<meta name=\"twitter:label2\" content=\"Tiempo de lectura\" \/>\n\t<meta name=\"twitter:data2\" content=\"2 minutos\" \/>\n<script type=\"application\/ld+json\" class=\"yoast-schema-graph\">{\"@context\":\"https:\/\/schema.org\",\"@graph\":[{\"@type\":\"Article\",\"@id\":\"https:\/\/www.fraczinet.cl\/sitio\/2009\/02\/15\/mausoleo-del-general-don-jose-maria-de-la-cruz\/#article\",\"isPartOf\":{\"@id\":\"https:\/\/www.fraczinet.cl\/sitio\/2009\/02\/15\/mausoleo-del-general-don-jose-maria-de-la-cruz\/\"},\"author\":{\"name\":\"admin\",\"@id\":\"https:\/\/www.fraczinet.cl\/sitio\/#\/schema\/person\/bc30f98e9cb10ae7e119dbe14bc93784\"},\"headline\":\"Mausoleo del General Don Jos\u00e9 Mar\u00eda de la Cruz\",\"datePublished\":\"2009-02-15T21:09:00+00:00\",\"dateModified\":\"2021-07-29T02:38:53+00:00\",\"mainEntityOfPage\":{\"@id\":\"https:\/\/www.fraczinet.cl\/sitio\/2009\/02\/15\/mausoleo-del-general-don-jose-maria-de-la-cruz\/\"},\"wordCount\":351,\"commentCount\":2,\"publisher\":{\"@id\":\"https:\/\/www.fraczinet.cl\/sitio\/#\/schema\/person\/aec8ee4da68df2b9b0eefdad24a0d582\"},\"image\":{\"@id\":\"https:\/\/www.fraczinet.cl\/sitio\/2009\/02\/15\/mausoleo-del-general-don-jose-maria-de-la-cruz\/#primaryimage\"},\"thumbnailUrl\":\"https:\/\/www.fraczinet.cl\/sitio\/wp-content\/uploads\/2009\/02\/Mausoleo-del-General-Don-Jos-C3-A9-Mar-C3-ADa-de-la-Cruz.jpg\",\"articleSection\":[\"Concepci\u00f3n\",\"Historia\",\"Iglesias y Capillas\",\"Personajes\"],\"inLanguage\":\"es\",\"potentialAction\":[{\"@type\":\"CommentAction\",\"name\":\"Comment\",\"target\":[\"https:\/\/www.fraczinet.cl\/sitio\/2009\/02\/15\/mausoleo-del-general-don-jose-maria-de-la-cruz\/#respond\"]}]},{\"@type\":\"WebPage\",\"@id\":\"https:\/\/www.fraczinet.cl\/sitio\/2009\/02\/15\/mausoleo-del-general-don-jose-maria-de-la-cruz\/\",\"url\":\"https:\/\/www.fraczinet.cl\/sitio\/2009\/02\/15\/mausoleo-del-general-don-jose-maria-de-la-cruz\/\",\"name\":\"Mausoleo del General Don Jos\u00e9 Mar\u00eda de la Cruz - Nuestro Bio B\u00edo\",\"isPartOf\":{\"@id\":\"https:\/\/www.fraczinet.cl\/sitio\/#website\"},\"primaryImageOfPage\":{\"@id\":\"https:\/\/www.fraczinet.cl\/sitio\/2009\/02\/15\/mausoleo-del-general-don-jose-maria-de-la-cruz\/#primaryimage\"},\"image\":{\"@id\":\"https:\/\/www.fraczinet.cl\/sitio\/2009\/02\/15\/mausoleo-del-general-don-jose-maria-de-la-cruz\/#primaryimage\"},\"thumbnailUrl\":\"https:\/\/www.fraczinet.cl\/sitio\/wp-content\/uploads\/2009\/02\/Mausoleo-del-General-Don-Jos-C3-A9-Mar-C3-ADa-de-la-Cruz.jpg\",\"datePublished\":\"2009-02-15T21:09:00+00:00\",\"dateModified\":\"2021-07-29T02:38:53+00:00\",\"breadcrumb\":{\"@id\":\"https:\/\/www.fraczinet.cl\/sitio\/2009\/02\/15\/mausoleo-del-general-don-jose-maria-de-la-cruz\/#breadcrumb\"},\"inLanguage\":\"es\",\"potentialAction\":[{\"@type\":\"ReadAction\",\"target\":[\"https:\/\/www.fraczinet.cl\/sitio\/2009\/02\/15\/mausoleo-del-general-don-jose-maria-de-la-cruz\/\"]}]},{\"@type\":\"ImageObject\",\"inLanguage\":\"es\",\"@id\":\"https:\/\/www.fraczinet.cl\/sitio\/2009\/02\/15\/mausoleo-del-general-don-jose-maria-de-la-cruz\/#primaryimage\",\"url\":\"https:\/\/www.fraczinet.cl\/sitio\/wp-content\/uploads\/2009\/02\/Mausoleo-del-General-Don-Jos-C3-A9-Mar-C3-ADa-de-la-Cruz.jpg\",\"contentUrl\":\"https:\/\/www.fraczinet.cl\/sitio\/wp-content\/uploads\/2009\/02\/Mausoleo-del-General-Don-Jos-C3-A9-Mar-C3-ADa-de-la-Cruz.jpg\",\"width\":143,\"height\":214},{\"@type\":\"BreadcrumbList\",\"@id\":\"https:\/\/www.fraczinet.cl\/sitio\/2009\/02\/15\/mausoleo-del-general-don-jose-maria-de-la-cruz\/#breadcrumb\",\"itemListElement\":[{\"@type\":\"ListItem\",\"position\":1,\"name\":\"Portada\",\"item\":\"https:\/\/www.fraczinet.cl\/sitio\/\"},{\"@type\":\"ListItem\",\"position\":2,\"name\":\"Mausoleo del General Don Jos\u00e9 Mar\u00eda de la Cruz\"}]},{\"@type\":\"WebSite\",\"@id\":\"https:\/\/www.fraczinet.cl\/sitio\/#website\",\"url\":\"https:\/\/www.fraczinet.cl\/sitio\/\",\"name\":\"Nuestro Bio B\u00edo\",\"description\":\"Tierra de Encuentros\",\"publisher\":{\"@id\":\"https:\/\/www.fraczinet.cl\/sitio\/#\/schema\/person\/aec8ee4da68df2b9b0eefdad24a0d582\"},\"potentialAction\":[{\"@type\":\"SearchAction\",\"target\":{\"@type\":\"EntryPoint\",\"urlTemplate\":\"https:\/\/www.fraczinet.cl\/sitio\/?s={search_term_string}\"},\"query-input\":{\"@type\":\"PropertyValueSpecification\",\"valueRequired\":true,\"valueName\":\"search_term_string\"}}],\"inLanguage\":\"es\"},{\"@type\":[\"Person\",\"Organization\"],\"@id\":\"https:\/\/www.fraczinet.cl\/sitio\/#\/schema\/person\/aec8ee4da68df2b9b0eefdad24a0d582\",\"name\":\"Luis Fernando Fraczinet\",\"image\":{\"@type\":\"ImageObject\",\"inLanguage\":\"es\",\"@id\":\"https:\/\/www.fraczinet.cl\/sitio\/#\/schema\/person\/image\/\",\"url\":\"https:\/\/www.fraczinet.cl\/sitio\/wp-content\/uploads\/2021\/07\/bannerlogo-1.gif\",\"contentUrl\":\"https:\/\/www.fraczinet.cl\/sitio\/wp-content\/uploads\/2021\/07\/bannerlogo-1.gif\",\"width\":159,\"height\":79,\"caption\":\"Luis Fernando Fraczinet\"},\"logo\":{\"@id\":\"https:\/\/www.fraczinet.cl\/sitio\/#\/schema\/person\/image\/\"},\"sameAs\":[\"https:\/\/www.fraczinet.cl\/sitio\/\"]},{\"@type\":\"Person\",\"@id\":\"https:\/\/www.fraczinet.cl\/sitio\/#\/schema\/person\/bc30f98e9cb10ae7e119dbe14bc93784\",\"name\":\"admin\",\"image\":{\"@type\":\"ImageObject\",\"inLanguage\":\"es\",\"@id\":\"https:\/\/www.fraczinet.cl\/sitio\/#\/schema\/person\/image\/\",\"url\":\"https:\/\/secure.gravatar.com\/avatar\/d5ad3cf7ef3b23a2bb5be73be780c86b2fc8545c3ad6b149f3913ff458c00099?s=96&d=mm&r=g\",\"contentUrl\":\"https:\/\/secure.gravatar.com\/avatar\/d5ad3cf7ef3b23a2bb5be73be780c86b2fc8545c3ad6b149f3913ff458c00099?s=96&d=mm&r=g\",\"caption\":\"admin\"},\"sameAs\":[\"https:\/\/www.fraczinet.cl\/sitio\"]}]}<\/script>\n<!-- \/ Yoast SEO plugin. -->","yoast_head_json":{"title":"Mausoleo del General Don Jos\u00e9 Mar\u00eda de la Cruz - Nuestro Bio B\u00edo","robots":{"index":"index","follow":"follow","max-snippet":"max-snippet:-1","max-image-preview":"max-image-preview:large","max-video-preview":"max-video-preview:-1"},"canonical":"https:\/\/www.fraczinet.cl\/sitio\/2009\/02\/15\/mausoleo-del-general-don-jose-maria-de-la-cruz\/","og_locale":"es_ES","og_type":"article","og_title":"Mausoleo del General Don Jos\u00e9 Mar\u00eda de la Cruz - Nuestro Bio B\u00edo","og_description":"Este mausoleo fue erigido en 1879, por lo que es uno de los m\u00e1s antiguos del Museo de Concepci\u00f3n. Conserva adem\u00e1s los restos del General Jos\u00e9 Mar\u00eda de la Cruz Prieto, quien fuera un destacad\u00edsimo hombre de armas, que entre otros aport\u00f3 mucho en las campa\u00f1as de Independencia del pa\u00eds.&nbsp; Don Jos\u00e9 Mar\u00eda naci\u00f3 en [&hellip;]","og_url":"https:\/\/www.fraczinet.cl\/sitio\/2009\/02\/15\/mausoleo-del-general-don-jose-maria-de-la-cruz\/","og_site_name":"Nuestro Bio B\u00edo","article_published_time":"2009-02-15T21:09:00+00:00","article_modified_time":"2021-07-29T02:38:53+00:00","og_image":[{"width":143,"height":214,"url":"https:\/\/www.fraczinet.cl\/sitio\/wp-content\/uploads\/2009\/02\/Mausoleo-del-General-Don-Jos-C3-A9-Mar-C3-ADa-de-la-Cruz.jpg","type":"image\/jpeg"}],"author":"admin","twitter_card":"summary_large_image","twitter_creator":"@nuestrobiobio","twitter_site":"@nuestrobiobio","twitter_misc":{"Escrito por":"admin","Tiempo de lectura":"2 minutos"},"schema":{"@context":"https:\/\/schema.org","@graph":[{"@type":"Article","@id":"https:\/\/www.fraczinet.cl\/sitio\/2009\/02\/15\/mausoleo-del-general-don-jose-maria-de-la-cruz\/#article","isPartOf":{"@id":"https:\/\/www.fraczinet.cl\/sitio\/2009\/02\/15\/mausoleo-del-general-don-jose-maria-de-la-cruz\/"},"author":{"name":"admin","@id":"https:\/\/www.fraczinet.cl\/sitio\/#\/schema\/person\/bc30f98e9cb10ae7e119dbe14bc93784"},"headline":"Mausoleo del General Don Jos\u00e9 Mar\u00eda de la Cruz","datePublished":"2009-02-15T21:09:00+00:00","dateModified":"2021-07-29T02:38:53+00:00","mainEntityOfPage":{"@id":"https:\/\/www.fraczinet.cl\/sitio\/2009\/02\/15\/mausoleo-del-general-don-jose-maria-de-la-cruz\/"},"wordCount":351,"commentCount":2,"publisher":{"@id":"https:\/\/www.fraczinet.cl\/sitio\/#\/schema\/person\/aec8ee4da68df2b9b0eefdad24a0d582"},"image":{"@id":"https:\/\/www.fraczinet.cl\/sitio\/2009\/02\/15\/mausoleo-del-general-don-jose-maria-de-la-cruz\/#primaryimage"},"thumbnailUrl":"https:\/\/www.fraczinet.cl\/sitio\/wp-content\/uploads\/2009\/02\/Mausoleo-del-General-Don-Jos-C3-A9-Mar-C3-ADa-de-la-Cruz.jpg","articleSection":["Concepci\u00f3n","Historia","Iglesias y Capillas","Personajes"],"inLanguage":"es","potentialAction":[{"@type":"CommentAction","name":"Comment","target":["https:\/\/www.fraczinet.cl\/sitio\/2009\/02\/15\/mausoleo-del-general-don-jose-maria-de-la-cruz\/#respond"]}]},{"@type":"WebPage","@id":"https:\/\/www.fraczinet.cl\/sitio\/2009\/02\/15\/mausoleo-del-general-don-jose-maria-de-la-cruz\/","url":"https:\/\/www.fraczinet.cl\/sitio\/2009\/02\/15\/mausoleo-del-general-don-jose-maria-de-la-cruz\/","name":"Mausoleo del General Don Jos\u00e9 Mar\u00eda de la Cruz - Nuestro Bio B\u00edo","isPartOf":{"@id":"https:\/\/www.fraczinet.cl\/sitio\/#website"},"primaryImageOfPage":{"@id":"https:\/\/www.fraczinet.cl\/sitio\/2009\/02\/15\/mausoleo-del-general-don-jose-maria-de-la-cruz\/#primaryimage"},"image":{"@id":"https:\/\/www.fraczinet.cl\/sitio\/2009\/02\/15\/mausoleo-del-general-don-jose-maria-de-la-cruz\/#primaryimage"},"thumbnailUrl":"https:\/\/www.fraczinet.cl\/sitio\/wp-content\/uploads\/2009\/02\/Mausoleo-del-General-Don-Jos-C3-A9-Mar-C3-ADa-de-la-Cruz.jpg","datePublished":"2009-02-15T21:09:00+00:00","dateModified":"2021-07-29T02:38:53+00:00","breadcrumb":{"@id":"https:\/\/www.fraczinet.cl\/sitio\/2009\/02\/15\/mausoleo-del-general-don-jose-maria-de-la-cruz\/#breadcrumb"},"inLanguage":"es","potentialAction":[{"@type":"ReadAction","target":["https:\/\/www.fraczinet.cl\/sitio\/2009\/02\/15\/mausoleo-del-general-don-jose-maria-de-la-cruz\/"]}]},{"@type":"ImageObject","inLanguage":"es","@id":"https:\/\/www.fraczinet.cl\/sitio\/2009\/02\/15\/mausoleo-del-general-don-jose-maria-de-la-cruz\/#primaryimage","url":"https:\/\/www.fraczinet.cl\/sitio\/wp-content\/uploads\/2009\/02\/Mausoleo-del-General-Don-Jos-C3-A9-Mar-C3-ADa-de-la-Cruz.jpg","contentUrl":"https:\/\/www.fraczinet.cl\/sitio\/wp-content\/uploads\/2009\/02\/Mausoleo-del-General-Don-Jos-C3-A9-Mar-C3-ADa-de-la-Cruz.jpg","width":143,"height":214},{"@type":"BreadcrumbList","@id":"https:\/\/www.fraczinet.cl\/sitio\/2009\/02\/15\/mausoleo-del-general-don-jose-maria-de-la-cruz\/#breadcrumb","itemListElement":[{"@type":"ListItem","position":1,"name":"Portada","item":"https:\/\/www.fraczinet.cl\/sitio\/"},{"@type":"ListItem","position":2,"name":"Mausoleo del General Don Jos\u00e9 Mar\u00eda de la Cruz"}]},{"@type":"WebSite","@id":"https:\/\/www.fraczinet.cl\/sitio\/#website","url":"https:\/\/www.fraczinet.cl\/sitio\/","name":"Nuestro Bio B\u00edo","description":"Tierra de Encuentros","publisher":{"@id":"https:\/\/www.fraczinet.cl\/sitio\/#\/schema\/person\/aec8ee4da68df2b9b0eefdad24a0d582"},"potentialAction":[{"@type":"SearchAction","target":{"@type":"EntryPoint","urlTemplate":"https:\/\/www.fraczinet.cl\/sitio\/?s={search_term_string}"},"query-input":{"@type":"PropertyValueSpecification","valueRequired":true,"valueName":"search_term_string"}}],"inLanguage":"es"},{"@type":["Person","Organization"],"@id":"https:\/\/www.fraczinet.cl\/sitio\/#\/schema\/person\/aec8ee4da68df2b9b0eefdad24a0d582","name":"Luis Fernando Fraczinet","image":{"@type":"ImageObject","inLanguage":"es","@id":"https:\/\/www.fraczinet.cl\/sitio\/#\/schema\/person\/image\/","url":"https:\/\/www.fraczinet.cl\/sitio\/wp-content\/uploads\/2021\/07\/bannerlogo-1.gif","contentUrl":"https:\/\/www.fraczinet.cl\/sitio\/wp-content\/uploads\/2021\/07\/bannerlogo-1.gif","width":159,"height":79,"caption":"Luis Fernando Fraczinet"},"logo":{"@id":"https:\/\/www.fraczinet.cl\/sitio\/#\/schema\/person\/image\/"},"sameAs":["https:\/\/www.fraczinet.cl\/sitio\/"]},{"@type":"Person","@id":"https:\/\/www.fraczinet.cl\/sitio\/#\/schema\/person\/bc30f98e9cb10ae7e119dbe14bc93784","name":"admin","image":{"@type":"ImageObject","inLanguage":"es","@id":"https:\/\/www.fraczinet.cl\/sitio\/#\/schema\/person\/image\/","url":"https:\/\/secure.gravatar.com\/avatar\/d5ad3cf7ef3b23a2bb5be73be780c86b2fc8545c3ad6b149f3913ff458c00099?s=96&d=mm&r=g","contentUrl":"https:\/\/secure.gravatar.com\/avatar\/d5ad3cf7ef3b23a2bb5be73be780c86b2fc8545c3ad6b149f3913ff458c00099?s=96&d=mm&r=g","caption":"admin"},"sameAs":["https:\/\/www.fraczinet.cl\/sitio"]}]}},"_links":{"self":[{"href":"https:\/\/www.fraczinet.cl\/sitio\/wp-json\/wp\/v2\/posts\/2337","targetHints":{"allow":["GET"]}}],"collection":[{"href":"https:\/\/www.fraczinet.cl\/sitio\/wp-json\/wp\/v2\/posts"}],"about":[{"href":"https:\/\/www.fraczinet.cl\/sitio\/wp-json\/wp\/v2\/types\/post"}],"author":[{"embeddable":true,"href":"https:\/\/www.fraczinet.cl\/sitio\/wp-json\/wp\/v2\/users\/1"}],"replies":[{"embeddable":true,"href":"https:\/\/www.fraczinet.cl\/sitio\/wp-json\/wp\/v2\/comments?post=2337"}],"version-history":[{"count":1,"href":"https:\/\/www.fraczinet.cl\/sitio\/wp-json\/wp\/v2\/posts\/2337\/revisions"}],"predecessor-version":[{"id":2412,"href":"https:\/\/www.fraczinet.cl\/sitio\/wp-json\/wp\/v2\/posts\/2337\/revisions\/2412"}],"wp:featuredmedia":[{"embeddable":true,"href":"https:\/\/www.fraczinet.cl\/sitio\/wp-json\/wp\/v2\/media\/2411"}],"wp:attachment":[{"href":"https:\/\/www.fraczinet.cl\/sitio\/wp-json\/wp\/v2\/media?parent=2337"}],"wp:term":[{"taxonomy":"category","embeddable":true,"href":"https:\/\/www.fraczinet.cl\/sitio\/wp-json\/wp\/v2\/categories?post=2337"},{"taxonomy":"post_tag","embeddable":true,"href":"https:\/\/www.fraczinet.cl\/sitio\/wp-json\/wp\/v2\/tags?post=2337"}],"curies":[{"name":"wp","href":"https:\/\/api.w.org\/{rel}","templated":true}]}}