{"id":2384,"date":"2009-02-15T19:04:00","date_gmt":"2009-02-15T19:04:00","guid":{"rendered":"https:\/\/www.fraczinet.cl\/sitio\/2009\/02\/15\/plaza-tribunales\/"},"modified":"2022-09-16T13:45:36","modified_gmt":"2022-09-16T13:45:36","slug":"plaza-tribunales","status":"publish","type":"post","link":"https:\/\/www.fraczinet.cl\/sitio\/plaza-tribunales\/","title":{"rendered":"Plaza Tribunales"},"content":{"rendered":"<p><a href=\"http:\/\/2.bp.blogspot.com\/_2S_RxGRVjis\/SZhnT4HIXfI\/AAAAAAAAHy8\/8hbPeuhr9i4\/s1600-h\/Plaza+Tribunales.JPG\"><img decoding=\"async\" id=\"BLOGGER_PHOTO_ID_5303102152406228466\" style=\"float: left; margin: 0 10px 10px 0; cursor: hand; width: 143px; height: 95px;\" src=\"http:\/\/2.bp.blogspot.com\/_2S_RxGRVjis\/SZhnT4HIXfI\/AAAAAAAAHy8\/8hbPeuhr9i4\/s200\/Plaza+Tribunales.JPG\" alt=\"\" border=\"0\" \/><\/a>A\u00fan cuando el dise\u00f1o original de la plaza de los tribunales fue parte del proyecto del arquitecto Orlando Torrealba, sirviendo para localizar el monumento a O\u00b4Higgins y el de la armada, el dise\u00f1o definitivo de la plaza fue elaborado por arquitectos del MOP, bajo la direcci\u00f3n del mismo Torrealba, reci\u00e9n en 1968 y a petici\u00f3n de la I. Municipalidad de Concepci\u00f3n. A\u00f1o Construcci\u00f3n: 1940 Direcci\u00f3n: Tucapel, B. Arana, Castell\u00f3n, O\u00b4Higgins, Concepci\u00f3n<\/p>\n","protected":false},"excerpt":{"rendered":"<p>A\u00fan cuando el dise\u00f1o original de la plaza de los tribunales fue parte del proyecto del arquitecto Orlando Torrealba, sirviendo para localizar el monumento a O\u00b4Higgins y el de la armada, el dise\u00f1o definitivo de la plaza fue elaborado por arquitectos del MOP, bajo la direcci\u00f3n del mismo Torrealba, reci\u00e9n en 1968 y a petici\u00f3n [&hellip;]<\/p>\n","protected":false},"author":1,"featured_media":12533,"comment_status":"open","ping_status":"closed","sticky":false,"template":"","format":"standard","meta":{"footnotes":""},"categories":[42,5],"tags":[],"class_list":["post-2384","post","type-post","status-publish","format-standard","has-post-thumbnail","hentry","category-concepcion","category-plazas-y-parques"],"yoast_head":"<!-- This site is optimized with the Yoast SEO plugin v28.2 - https:\/\/yoast.com\/product\/yoast-seo-wordpress\/ -->\n<title>Plaza Tribunales - Nuestro Bio B\u00edo<\/title>\n<meta name=\"robots\" content=\"index, follow, max-snippet:-1, max-image-preview:large, max-video-preview:-1\" \/>\n<link rel=\"canonical\" href=\"https:\/\/www.fraczinet.cl\/sitio\/plaza-tribunales\/\" \/>\n<meta property=\"og:locale\" content=\"es_ES\" \/>\n<meta property=\"og:type\" content=\"article\" \/>\n<meta property=\"og:title\" content=\"Plaza Tribunales - Nuestro Bio B\u00edo\" \/>\n<meta property=\"og:description\" content=\"A\u00fan cuando el dise\u00f1o original de la plaza de los tribunales fue parte del proyecto del arquitecto Orlando Torrealba, sirviendo para localizar el monumento a O\u00b4Higgins y el de la armada, el dise\u00f1o definitivo de la plaza fue elaborado por arquitectos del MOP, bajo la direcci\u00f3n del mismo Torrealba, reci\u00e9n en 1968 y a petici\u00f3n [&hellip;]\" \/>\n<meta property=\"og:url\" content=\"https:\/\/www.fraczinet.cl\/sitio\/plaza-tribunales\/\" \/>\n<meta property=\"og:site_name\" content=\"Nuestro Bio B\u00edo\" \/>\n<meta property=\"article:publisher\" content=\"https:\/\/www.facebook.com\/groups\/15721414452\/\" \/>\n<meta property=\"article:published_time\" content=\"2009-02-15T19:04:00+00:00\" \/>\n<meta property=\"article:modified_time\" content=\"2022-09-16T13:45:36+00:00\" \/>\n<meta property=\"og:image\" content=\"https:\/\/www.fraczinet.cl\/sitio\/wp-content\/uploads\/2009\/02\/Plaza-Tribunales.jpg\" \/>\n\t<meta property=\"og:image:width\" content=\"143\" \/>\n\t<meta property=\"og:image:height\" content=\"95\" \/>\n\t<meta property=\"og:image:type\" content=\"image\/jpeg\" \/>\n<meta name=\"twitter:card\" content=\"summary_large_image\" \/>\n<meta name=\"twitter:creator\" content=\"@nuestrobiobio\" \/>\n<meta name=\"twitter:site\" content=\"@nuestrobiobio\" \/>\n<meta name=\"twitter:label1\" content=\"Escrito por\" \/>\n\t<meta name=\"twitter:data1\" content=\"\" \/>\n<script type=\"application\/ld+json\" class=\"yoast-schema-graph\">{\"@context\":\"https:\\\/\\\/schema.org\",\"@graph\":[{\"@type\":\"Article\",\"@id\":\"https:\\\/\\\/www.fraczinet.cl\\\/sitio\\\/plaza-tribunales\\\/#article\",\"isPartOf\":{\"@id\":\"https:\\\/\\\/www.fraczinet.cl\\\/sitio\\\/plaza-tribunales\\\/\"},\"author\":{\"name\":\"\",\"@id\":\"\"},\"headline\":\"Plaza Tribunales\",\"datePublished\":\"2009-02-15T19:04:00+00:00\",\"dateModified\":\"2022-09-16T13:45:36+00:00\",\"mainEntityOfPage\":{\"@id\":\"https:\\\/\\\/www.fraczinet.cl\\\/sitio\\\/plaza-tribunales\\\/\"},\"wordCount\":85,\"commentCount\":0,\"image\":{\"@id\":\"https:\\\/\\\/www.fraczinet.cl\\\/sitio\\\/plaza-tribunales\\\/#primaryimage\"},\"thumbnailUrl\":\"https:\\\/\\\/www.fraczinet.cl\\\/sitio\\\/wp-content\\\/uploads\\\/2009\\\/02\\\/Plaza-Tribunales.jpg\",\"articleSection\":[\"Concepci\u00f3n\",\"Plazas y Parques\"],\"inLanguage\":\"es\",\"potentialAction\":[{\"@type\":\"CommentAction\",\"name\":\"Comment\",\"target\":[\"https:\\\/\\\/www.fraczinet.cl\\\/sitio\\\/plaza-tribunales\\\/#respond\"]}]},{\"@type\":\"WebPage\",\"@id\":\"https:\\\/\\\/www.fraczinet.cl\\\/sitio\\\/plaza-tribunales\\\/\",\"url\":\"https:\\\/\\\/www.fraczinet.cl\\\/sitio\\\/plaza-tribunales\\\/\",\"name\":\"Plaza Tribunales - Nuestro Bio B\u00edo\",\"isPartOf\":{\"@id\":\"https:\\\/\\\/www.fraczinet.cl\\\/sitio\\\/#website\"},\"primaryImageOfPage\":{\"@id\":\"https:\\\/\\\/www.fraczinet.cl\\\/sitio\\\/plaza-tribunales\\\/#primaryimage\"},\"image\":{\"@id\":\"https:\\\/\\\/www.fraczinet.cl\\\/sitio\\\/plaza-tribunales\\\/#primaryimage\"},\"thumbnailUrl\":\"https:\\\/\\\/www.fraczinet.cl\\\/sitio\\\/wp-content\\\/uploads\\\/2009\\\/02\\\/Plaza-Tribunales.jpg\",\"datePublished\":\"2009-02-15T19:04:00+00:00\",\"dateModified\":\"2022-09-16T13:45:36+00:00\",\"author\":{\"@id\":\"\"},\"breadcrumb\":{\"@id\":\"https:\\\/\\\/www.fraczinet.cl\\\/sitio\\\/plaza-tribunales\\\/#breadcrumb\"},\"inLanguage\":\"es\",\"potentialAction\":[{\"@type\":\"ReadAction\",\"target\":[\"https:\\\/\\\/www.fraczinet.cl\\\/sitio\\\/plaza-tribunales\\\/\"]}]},{\"@type\":\"ImageObject\",\"inLanguage\":\"es\",\"@id\":\"https:\\\/\\\/www.fraczinet.cl\\\/sitio\\\/plaza-tribunales\\\/#primaryimage\",\"url\":\"https:\\\/\\\/www.fraczinet.cl\\\/sitio\\\/wp-content\\\/uploads\\\/2009\\\/02\\\/Plaza-Tribunales.jpg\",\"contentUrl\":\"https:\\\/\\\/www.fraczinet.cl\\\/sitio\\\/wp-content\\\/uploads\\\/2009\\\/02\\\/Plaza-Tribunales.jpg\",\"width\":143,\"height\":95},{\"@type\":\"BreadcrumbList\",\"@id\":\"https:\\\/\\\/www.fraczinet.cl\\\/sitio\\\/plaza-tribunales\\\/#breadcrumb\",\"itemListElement\":[{\"@type\":\"ListItem\",\"position\":1,\"name\":\"Portada\",\"item\":\"https:\\\/\\\/www.fraczinet.cl\\\/sitio\\\/\"},{\"@type\":\"ListItem\",\"position\":2,\"name\":\"Plaza Tribunales\"}]},{\"@type\":\"WebSite\",\"@id\":\"https:\\\/\\\/www.fraczinet.cl\\\/sitio\\\/#website\",\"url\":\"https:\\\/\\\/www.fraczinet.cl\\\/sitio\\\/\",\"name\":\"Nuestro Bio B\u00edo\",\"description\":\"Tierra de Encuentros\",\"potentialAction\":[{\"@type\":\"SearchAction\",\"target\":{\"@type\":\"EntryPoint\",\"urlTemplate\":\"https:\\\/\\\/www.fraczinet.cl\\\/sitio\\\/?s={search_term_string}\"},\"query-input\":{\"@type\":\"PropertyValueSpecification\",\"valueRequired\":true,\"valueName\":\"search_term_string\"}}],\"inLanguage\":\"es\"},{\"@type\":\"Person\",\"@id\":\"\"}]}<\/script>\n<!-- \/ Yoast SEO plugin. -->","yoast_head_json":{"title":"Plaza Tribunales - Nuestro Bio B\u00edo","robots":{"index":"index","follow":"follow","max-snippet":"max-snippet:-1","max-image-preview":"max-image-preview:large","max-video-preview":"max-video-preview:-1"},"canonical":"https:\/\/www.fraczinet.cl\/sitio\/plaza-tribunales\/","og_locale":"es_ES","og_type":"article","og_title":"Plaza Tribunales - Nuestro Bio B\u00edo","og_description":"A\u00fan cuando el dise\u00f1o original de la plaza de los tribunales fue parte del proyecto del arquitecto Orlando Torrealba, sirviendo para localizar el monumento a O\u00b4Higgins y el de la armada, el dise\u00f1o definitivo de la plaza fue elaborado por arquitectos del MOP, bajo la direcci\u00f3n del mismo Torrealba, reci\u00e9n en 1968 y a petici\u00f3n [&hellip;]","og_url":"https:\/\/www.fraczinet.cl\/sitio\/plaza-tribunales\/","og_site_name":"Nuestro Bio B\u00edo","article_publisher":"https:\/\/www.facebook.com\/groups\/15721414452\/","article_published_time":"2009-02-15T19:04:00+00:00","article_modified_time":"2022-09-16T13:45:36+00:00","og_image":[{"width":143,"height":95,"url":"https:\/\/www.fraczinet.cl\/sitio\/wp-content\/uploads\/2009\/02\/Plaza-Tribunales.jpg","type":"image\/jpeg"}],"twitter_card":"summary_large_image","twitter_creator":"@nuestrobiobio","twitter_site":"@nuestrobiobio","twitter_misc":{"Escrito por":""},"schema":{"@context":"https:\/\/schema.org","@graph":[{"@type":"Article","@id":"https:\/\/www.fraczinet.cl\/sitio\/plaza-tribunales\/#article","isPartOf":{"@id":"https:\/\/www.fraczinet.cl\/sitio\/plaza-tribunales\/"},"author":{"name":"","@id":""},"headline":"Plaza Tribunales","datePublished":"2009-02-15T19:04:00+00:00","dateModified":"2022-09-16T13:45:36+00:00","mainEntityOfPage":{"@id":"https:\/\/www.fraczinet.cl\/sitio\/plaza-tribunales\/"},"wordCount":85,"commentCount":0,"image":{"@id":"https:\/\/www.fraczinet.cl\/sitio\/plaza-tribunales\/#primaryimage"},"thumbnailUrl":"https:\/\/www.fraczinet.cl\/sitio\/wp-content\/uploads\/2009\/02\/Plaza-Tribunales.jpg","articleSection":["Concepci\u00f3n","Plazas y Parques"],"inLanguage":"es","potentialAction":[{"@type":"CommentAction","name":"Comment","target":["https:\/\/www.fraczinet.cl\/sitio\/plaza-tribunales\/#respond"]}]},{"@type":"WebPage","@id":"https:\/\/www.fraczinet.cl\/sitio\/plaza-tribunales\/","url":"https:\/\/www.fraczinet.cl\/sitio\/plaza-tribunales\/","name":"Plaza Tribunales - Nuestro Bio B\u00edo","isPartOf":{"@id":"https:\/\/www.fraczinet.cl\/sitio\/#website"},"primaryImageOfPage":{"@id":"https:\/\/www.fraczinet.cl\/sitio\/plaza-tribunales\/#primaryimage"},"image":{"@id":"https:\/\/www.fraczinet.cl\/sitio\/plaza-tribunales\/#primaryimage"},"thumbnailUrl":"https:\/\/www.fraczinet.cl\/sitio\/wp-content\/uploads\/2009\/02\/Plaza-Tribunales.jpg","datePublished":"2009-02-15T19:04:00+00:00","dateModified":"2022-09-16T13:45:36+00:00","author":{"@id":""},"breadcrumb":{"@id":"https:\/\/www.fraczinet.cl\/sitio\/plaza-tribunales\/#breadcrumb"},"inLanguage":"es","potentialAction":[{"@type":"ReadAction","target":["https:\/\/www.fraczinet.cl\/sitio\/plaza-tribunales\/"]}]},{"@type":"ImageObject","inLanguage":"es","@id":"https:\/\/www.fraczinet.cl\/sitio\/plaza-tribunales\/#primaryimage","url":"https:\/\/www.fraczinet.cl\/sitio\/wp-content\/uploads\/2009\/02\/Plaza-Tribunales.jpg","contentUrl":"https:\/\/www.fraczinet.cl\/sitio\/wp-content\/uploads\/2009\/02\/Plaza-Tribunales.jpg","width":143,"height":95},{"@type":"BreadcrumbList","@id":"https:\/\/www.fraczinet.cl\/sitio\/plaza-tribunales\/#breadcrumb","itemListElement":[{"@type":"ListItem","position":1,"name":"Portada","item":"https:\/\/www.fraczinet.cl\/sitio\/"},{"@type":"ListItem","position":2,"name":"Plaza Tribunales"}]},{"@type":"WebSite","@id":"https:\/\/www.fraczinet.cl\/sitio\/#website","url":"https:\/\/www.fraczinet.cl\/sitio\/","name":"Nuestro Bio B\u00edo","description":"Tierra de Encuentros","potentialAction":[{"@type":"SearchAction","target":{"@type":"EntryPoint","urlTemplate":"https:\/\/www.fraczinet.cl\/sitio\/?s={search_term_string}"},"query-input":{"@type":"PropertyValueSpecification","valueRequired":true,"valueName":"search_term_string"}}],"inLanguage":"es"},{"@type":"Person","@id":""}]}},"_links":{"self":[{"href":"https:\/\/www.fraczinet.cl\/sitio\/wp-json\/wp\/v2\/posts\/2384","targetHints":{"allow":["GET"]}}],"collection":[{"href":"https:\/\/www.fraczinet.cl\/sitio\/wp-json\/wp\/v2\/posts"}],"about":[{"href":"https:\/\/www.fraczinet.cl\/sitio\/wp-json\/wp\/v2\/types\/post"}],"author":[{"embeddable":true,"href":"https:\/\/www.fraczinet.cl\/sitio\/wp-json\/wp\/v2\/users\/1"}],"replies":[{"embeddable":true,"href":"https:\/\/www.fraczinet.cl\/sitio\/wp-json\/wp\/v2\/comments?post=2384"}],"version-history":[{"count":2,"href":"https:\/\/www.fraczinet.cl\/sitio\/wp-json\/wp\/v2\/posts\/2384\/revisions"}],"predecessor-version":[{"id":12539,"href":"https:\/\/www.fraczinet.cl\/sitio\/wp-json\/wp\/v2\/posts\/2384\/revisions\/12539"}],"wp:featuredmedia":[{"embeddable":true,"href":"https:\/\/www.fraczinet.cl\/sitio\/wp-json\/wp\/v2\/media\/12533"}],"wp:attachment":[{"href":"https:\/\/www.fraczinet.cl\/sitio\/wp-json\/wp\/v2\/media?parent=2384"}],"wp:term":[{"taxonomy":"category","embeddable":true,"href":"https:\/\/www.fraczinet.cl\/sitio\/wp-json\/wp\/v2\/categories?post=2384"},{"taxonomy":"post_tag","embeddable":true,"href":"https:\/\/www.fraczinet.cl\/sitio\/wp-json\/wp\/v2\/tags?post=2384"}],"curies":[{"name":"wp","href":"https:\/\/api.w.org\/{rel}","templated":true}]}}