{"id":2539,"date":"2009-02-15T21:49:00","date_gmt":"2009-02-15T21:49:00","guid":{"rendered":""},"modified":"2021-07-29T03:49:01","modified_gmt":"2021-07-29T03:49:01","slug":"edificio-administracion-ex-mina","status":"publish","type":"post","link":"https:\/\/www.fraczinet.cl\/sitio\/edificio-administracion-ex-mina\/","title":{"rendered":"Edificio Administraci\u00f3n Ex mina"},"content":{"rendered":"<p><a href=\"https:\/\/www.fraczinet.cl\/sitio\/wp-content\/uploads\/2009\/02\/Edificio-Administraci-C3-B3n-Ex-mina.jpg\"><img decoding=\"async\" alt=\"\" border=\"0\" id=\"BLOGGER_PHOTO_ID_5303144743076161410\" src=\"https:\/\/www.fraczinet.cl\/sitio\/wp-content\/uploads\/2009\/02\/Edificio-Administraci-C3-B3n-Ex-mina.jpg\" style=\"cursor: pointer; float: left; height: 98px; margin: 0px 10px 10px 0px; width: 143px;\" \/><\/a>Edificio de inspiraci\u00f3n Neocl\u00e1sica, que incorpora algunos rasgos del Preracionalismo y sigue la l\u00ednea de la arquitectura europea (Alemana y Francesa) de Auguste Perret. Con un solo volumen  muy definido emplazado estrat\u00e9gicamente, marca el centro del conjunto, definiendo un acceso principal con columnas y escalinatas, y uno secundario en la parte trasera, en la que se expresa un piso z\u00f3calo.  A\u00f1o Construcci\u00f3n: sin informaci\u00f3n  Direcci\u00f3n: Av costanera camino el Golf, Coronel.<\/p>\n","protected":false},"excerpt":{"rendered":"<p>Edificio de inspiraci\u00f3n Neocl\u00e1sica, que incorpora algunos rasgos del Preracionalismo y sigue la l\u00ednea de la arquitectura europea (Alemana y Francesa) de Auguste Perret. Con un solo volumen muy definido emplazado estrat\u00e9gicamente, marca el centro del conjunto, definiendo un acceso principal con columnas y escalinatas, y uno secundario en la parte trasera, en la que [&hellip;]<\/p>\n","protected":false},"author":1,"featured_media":2563,"comment_status":"open","ping_status":"closed","sticky":false,"template":"","format":"standard","meta":{"footnotes":""},"categories":[49,17],"tags":[],"class_list":["post-2539","post","type-post","status-publish","format-standard","has-post-thumbnail","hentry","category-coronel","category-patrimonio-arquitectonico"],"yoast_head":"<!-- This site is optimized with the Yoast SEO plugin v28.2 - https:\/\/yoast.com\/product\/yoast-seo-wordpress\/ -->\n<title>Edificio Administraci\u00f3n Ex mina - Nuestro Bio B\u00edo<\/title>\n<meta name=\"robots\" content=\"index, follow, max-snippet:-1, max-image-preview:large, max-video-preview:-1\" \/>\n<link rel=\"canonical\" href=\"https:\/\/www.fraczinet.cl\/sitio\/edificio-administracion-ex-mina\/\" \/>\n<meta property=\"og:locale\" content=\"es_ES\" \/>\n<meta property=\"og:type\" content=\"article\" \/>\n<meta property=\"og:title\" content=\"Edificio Administraci\u00f3n Ex mina - Nuestro Bio B\u00edo\" \/>\n<meta property=\"og:description\" content=\"Edificio de inspiraci\u00f3n Neocl\u00e1sica, que incorpora algunos rasgos del Preracionalismo y sigue la l\u00ednea de la arquitectura europea (Alemana y Francesa) de Auguste Perret. Con un solo volumen muy definido emplazado estrat\u00e9gicamente, marca el centro del conjunto, definiendo un acceso principal con columnas y escalinatas, y uno secundario en la parte trasera, en la que [&hellip;]\" \/>\n<meta property=\"og:url\" content=\"https:\/\/www.fraczinet.cl\/sitio\/edificio-administracion-ex-mina\/\" \/>\n<meta property=\"og:site_name\" content=\"Nuestro Bio B\u00edo\" \/>\n<meta property=\"article:publisher\" content=\"https:\/\/www.facebook.com\/groups\/15721414452\/\" \/>\n<meta property=\"article:published_time\" content=\"2009-02-15T21:49:00+00:00\" \/>\n<meta property=\"article:modified_time\" content=\"2021-07-29T03:49:01+00:00\" \/>\n<meta property=\"og:image\" content=\"https:\/\/www.fraczinet.cl\/sitio\/wp-content\/uploads\/2009\/02\/Edificio-Administraci-C3-B3n-Ex-mina.jpg\" \/>\n\t<meta property=\"og:image:width\" content=\"143\" \/>\n\t<meta property=\"og:image:height\" content=\"98\" \/>\n\t<meta property=\"og:image:type\" content=\"image\/jpeg\" \/>\n<meta name=\"twitter:card\" content=\"summary_large_image\" \/>\n<meta name=\"twitter:creator\" content=\"@nuestrobiobio\" \/>\n<meta name=\"twitter:site\" content=\"@nuestrobiobio\" \/>\n<meta name=\"twitter:label1\" content=\"Escrito por\" \/>\n\t<meta name=\"twitter:data1\" content=\"\" \/>\n<script type=\"application\/ld+json\" class=\"yoast-schema-graph\">{\"@context\":\"https:\\\/\\\/schema.org\",\"@graph\":[{\"@type\":\"Article\",\"@id\":\"https:\\\/\\\/www.fraczinet.cl\\\/sitio\\\/edificio-administracion-ex-mina\\\/#article\",\"isPartOf\":{\"@id\":\"https:\\\/\\\/www.fraczinet.cl\\\/sitio\\\/edificio-administracion-ex-mina\\\/\"},\"author\":{\"name\":\"\",\"@id\":\"\"},\"headline\":\"Edificio Administraci\u00f3n Ex mina\",\"datePublished\":\"2009-02-15T21:49:00+00:00\",\"dateModified\":\"2021-07-29T03:49:01+00:00\",\"mainEntityOfPage\":{\"@id\":\"https:\\\/\\\/www.fraczinet.cl\\\/sitio\\\/edificio-administracion-ex-mina\\\/\"},\"wordCount\":85,\"commentCount\":0,\"image\":{\"@id\":\"https:\\\/\\\/www.fraczinet.cl\\\/sitio\\\/edificio-administracion-ex-mina\\\/#primaryimage\"},\"thumbnailUrl\":\"https:\\\/\\\/www.fraczinet.cl\\\/sitio\\\/wp-content\\\/uploads\\\/2009\\\/02\\\/Edificio-Administraci-C3-B3n-Ex-mina.jpg\",\"articleSection\":[\"Coronel\",\"Patrimonio Arquitect\u00f3nico\"],\"inLanguage\":\"es\",\"potentialAction\":[{\"@type\":\"CommentAction\",\"name\":\"Comment\",\"target\":[\"https:\\\/\\\/www.fraczinet.cl\\\/sitio\\\/edificio-administracion-ex-mina\\\/#respond\"]}]},{\"@type\":\"WebPage\",\"@id\":\"https:\\\/\\\/www.fraczinet.cl\\\/sitio\\\/edificio-administracion-ex-mina\\\/\",\"url\":\"https:\\\/\\\/www.fraczinet.cl\\\/sitio\\\/edificio-administracion-ex-mina\\\/\",\"name\":\"Edificio Administraci\u00f3n Ex mina - Nuestro Bio B\u00edo\",\"isPartOf\":{\"@id\":\"https:\\\/\\\/www.fraczinet.cl\\\/sitio\\\/#website\"},\"primaryImageOfPage\":{\"@id\":\"https:\\\/\\\/www.fraczinet.cl\\\/sitio\\\/edificio-administracion-ex-mina\\\/#primaryimage\"},\"image\":{\"@id\":\"https:\\\/\\\/www.fraczinet.cl\\\/sitio\\\/edificio-administracion-ex-mina\\\/#primaryimage\"},\"thumbnailUrl\":\"https:\\\/\\\/www.fraczinet.cl\\\/sitio\\\/wp-content\\\/uploads\\\/2009\\\/02\\\/Edificio-Administraci-C3-B3n-Ex-mina.jpg\",\"datePublished\":\"2009-02-15T21:49:00+00:00\",\"dateModified\":\"2021-07-29T03:49:01+00:00\",\"author\":{\"@id\":\"\"},\"breadcrumb\":{\"@id\":\"https:\\\/\\\/www.fraczinet.cl\\\/sitio\\\/edificio-administracion-ex-mina\\\/#breadcrumb\"},\"inLanguage\":\"es\",\"potentialAction\":[{\"@type\":\"ReadAction\",\"target\":[\"https:\\\/\\\/www.fraczinet.cl\\\/sitio\\\/edificio-administracion-ex-mina\\\/\"]}]},{\"@type\":\"ImageObject\",\"inLanguage\":\"es\",\"@id\":\"https:\\\/\\\/www.fraczinet.cl\\\/sitio\\\/edificio-administracion-ex-mina\\\/#primaryimage\",\"url\":\"https:\\\/\\\/www.fraczinet.cl\\\/sitio\\\/wp-content\\\/uploads\\\/2009\\\/02\\\/Edificio-Administraci-C3-B3n-Ex-mina.jpg\",\"contentUrl\":\"https:\\\/\\\/www.fraczinet.cl\\\/sitio\\\/wp-content\\\/uploads\\\/2009\\\/02\\\/Edificio-Administraci-C3-B3n-Ex-mina.jpg\",\"width\":143,\"height\":98},{\"@type\":\"BreadcrumbList\",\"@id\":\"https:\\\/\\\/www.fraczinet.cl\\\/sitio\\\/edificio-administracion-ex-mina\\\/#breadcrumb\",\"itemListElement\":[{\"@type\":\"ListItem\",\"position\":1,\"name\":\"Portada\",\"item\":\"https:\\\/\\\/www.fraczinet.cl\\\/sitio\\\/\"},{\"@type\":\"ListItem\",\"position\":2,\"name\":\"Edificio Administraci\u00f3n Ex mina\"}]},{\"@type\":\"WebSite\",\"@id\":\"https:\\\/\\\/www.fraczinet.cl\\\/sitio\\\/#website\",\"url\":\"https:\\\/\\\/www.fraczinet.cl\\\/sitio\\\/\",\"name\":\"Nuestro Bio B\u00edo\",\"description\":\"Tierra de Encuentros\",\"potentialAction\":[{\"@type\":\"SearchAction\",\"target\":{\"@type\":\"EntryPoint\",\"urlTemplate\":\"https:\\\/\\\/www.fraczinet.cl\\\/sitio\\\/?s={search_term_string}\"},\"query-input\":{\"@type\":\"PropertyValueSpecification\",\"valueRequired\":true,\"valueName\":\"search_term_string\"}}],\"inLanguage\":\"es\"},{\"@type\":\"Person\",\"@id\":\"\"}]}<\/script>\n<!-- \/ Yoast SEO plugin. -->","yoast_head_json":{"title":"Edificio Administraci\u00f3n Ex mina - Nuestro Bio B\u00edo","robots":{"index":"index","follow":"follow","max-snippet":"max-snippet:-1","max-image-preview":"max-image-preview:large","max-video-preview":"max-video-preview:-1"},"canonical":"https:\/\/www.fraczinet.cl\/sitio\/edificio-administracion-ex-mina\/","og_locale":"es_ES","og_type":"article","og_title":"Edificio Administraci\u00f3n Ex mina - Nuestro Bio B\u00edo","og_description":"Edificio de inspiraci\u00f3n Neocl\u00e1sica, que incorpora algunos rasgos del Preracionalismo y sigue la l\u00ednea de la arquitectura europea (Alemana y Francesa) de Auguste Perret. Con un solo volumen muy definido emplazado estrat\u00e9gicamente, marca el centro del conjunto, definiendo un acceso principal con columnas y escalinatas, y uno secundario en la parte trasera, en la que [&hellip;]","og_url":"https:\/\/www.fraczinet.cl\/sitio\/edificio-administracion-ex-mina\/","og_site_name":"Nuestro Bio B\u00edo","article_publisher":"https:\/\/www.facebook.com\/groups\/15721414452\/","article_published_time":"2009-02-15T21:49:00+00:00","article_modified_time":"2021-07-29T03:49:01+00:00","og_image":[{"width":143,"height":98,"url":"https:\/\/www.fraczinet.cl\/sitio\/wp-content\/uploads\/2009\/02\/Edificio-Administraci-C3-B3n-Ex-mina.jpg","type":"image\/jpeg"}],"twitter_card":"summary_large_image","twitter_creator":"@nuestrobiobio","twitter_site":"@nuestrobiobio","twitter_misc":{"Escrito por":""},"schema":{"@context":"https:\/\/schema.org","@graph":[{"@type":"Article","@id":"https:\/\/www.fraczinet.cl\/sitio\/edificio-administracion-ex-mina\/#article","isPartOf":{"@id":"https:\/\/www.fraczinet.cl\/sitio\/edificio-administracion-ex-mina\/"},"author":{"name":"","@id":""},"headline":"Edificio Administraci\u00f3n Ex mina","datePublished":"2009-02-15T21:49:00+00:00","dateModified":"2021-07-29T03:49:01+00:00","mainEntityOfPage":{"@id":"https:\/\/www.fraczinet.cl\/sitio\/edificio-administracion-ex-mina\/"},"wordCount":85,"commentCount":0,"image":{"@id":"https:\/\/www.fraczinet.cl\/sitio\/edificio-administracion-ex-mina\/#primaryimage"},"thumbnailUrl":"https:\/\/www.fraczinet.cl\/sitio\/wp-content\/uploads\/2009\/02\/Edificio-Administraci-C3-B3n-Ex-mina.jpg","articleSection":["Coronel","Patrimonio Arquitect\u00f3nico"],"inLanguage":"es","potentialAction":[{"@type":"CommentAction","name":"Comment","target":["https:\/\/www.fraczinet.cl\/sitio\/edificio-administracion-ex-mina\/#respond"]}]},{"@type":"WebPage","@id":"https:\/\/www.fraczinet.cl\/sitio\/edificio-administracion-ex-mina\/","url":"https:\/\/www.fraczinet.cl\/sitio\/edificio-administracion-ex-mina\/","name":"Edificio Administraci\u00f3n Ex mina - Nuestro Bio B\u00edo","isPartOf":{"@id":"https:\/\/www.fraczinet.cl\/sitio\/#website"},"primaryImageOfPage":{"@id":"https:\/\/www.fraczinet.cl\/sitio\/edificio-administracion-ex-mina\/#primaryimage"},"image":{"@id":"https:\/\/www.fraczinet.cl\/sitio\/edificio-administracion-ex-mina\/#primaryimage"},"thumbnailUrl":"https:\/\/www.fraczinet.cl\/sitio\/wp-content\/uploads\/2009\/02\/Edificio-Administraci-C3-B3n-Ex-mina.jpg","datePublished":"2009-02-15T21:49:00+00:00","dateModified":"2021-07-29T03:49:01+00:00","author":{"@id":""},"breadcrumb":{"@id":"https:\/\/www.fraczinet.cl\/sitio\/edificio-administracion-ex-mina\/#breadcrumb"},"inLanguage":"es","potentialAction":[{"@type":"ReadAction","target":["https:\/\/www.fraczinet.cl\/sitio\/edificio-administracion-ex-mina\/"]}]},{"@type":"ImageObject","inLanguage":"es","@id":"https:\/\/www.fraczinet.cl\/sitio\/edificio-administracion-ex-mina\/#primaryimage","url":"https:\/\/www.fraczinet.cl\/sitio\/wp-content\/uploads\/2009\/02\/Edificio-Administraci-C3-B3n-Ex-mina.jpg","contentUrl":"https:\/\/www.fraczinet.cl\/sitio\/wp-content\/uploads\/2009\/02\/Edificio-Administraci-C3-B3n-Ex-mina.jpg","width":143,"height":98},{"@type":"BreadcrumbList","@id":"https:\/\/www.fraczinet.cl\/sitio\/edificio-administracion-ex-mina\/#breadcrumb","itemListElement":[{"@type":"ListItem","position":1,"name":"Portada","item":"https:\/\/www.fraczinet.cl\/sitio\/"},{"@type":"ListItem","position":2,"name":"Edificio Administraci\u00f3n Ex mina"}]},{"@type":"WebSite","@id":"https:\/\/www.fraczinet.cl\/sitio\/#website","url":"https:\/\/www.fraczinet.cl\/sitio\/","name":"Nuestro Bio B\u00edo","description":"Tierra de Encuentros","potentialAction":[{"@type":"SearchAction","target":{"@type":"EntryPoint","urlTemplate":"https:\/\/www.fraczinet.cl\/sitio\/?s={search_term_string}"},"query-input":{"@type":"PropertyValueSpecification","valueRequired":true,"valueName":"search_term_string"}}],"inLanguage":"es"},{"@type":"Person","@id":""}]}},"_links":{"self":[{"href":"https:\/\/www.fraczinet.cl\/sitio\/wp-json\/wp\/v2\/posts\/2539","targetHints":{"allow":["GET"]}}],"collection":[{"href":"https:\/\/www.fraczinet.cl\/sitio\/wp-json\/wp\/v2\/posts"}],"about":[{"href":"https:\/\/www.fraczinet.cl\/sitio\/wp-json\/wp\/v2\/types\/post"}],"author":[{"embeddable":true,"href":"https:\/\/www.fraczinet.cl\/sitio\/wp-json\/wp\/v2\/users\/1"}],"replies":[{"embeddable":true,"href":"https:\/\/www.fraczinet.cl\/sitio\/wp-json\/wp\/v2\/comments?post=2539"}],"version-history":[{"count":1,"href":"https:\/\/www.fraczinet.cl\/sitio\/wp-json\/wp\/v2\/posts\/2539\/revisions"}],"predecessor-version":[{"id":2564,"href":"https:\/\/www.fraczinet.cl\/sitio\/wp-json\/wp\/v2\/posts\/2539\/revisions\/2564"}],"wp:featuredmedia":[{"embeddable":true,"href":"https:\/\/www.fraczinet.cl\/sitio\/wp-json\/wp\/v2\/media\/2563"}],"wp:attachment":[{"href":"https:\/\/www.fraczinet.cl\/sitio\/wp-json\/wp\/v2\/media?parent=2539"}],"wp:term":[{"taxonomy":"category","embeddable":true,"href":"https:\/\/www.fraczinet.cl\/sitio\/wp-json\/wp\/v2\/categories?post=2539"},{"taxonomy":"post_tag","embeddable":true,"href":"https:\/\/www.fraczinet.cl\/sitio\/wp-json\/wp\/v2\/tags?post=2539"}],"curies":[{"name":"wp","href":"https:\/\/api.w.org\/{rel}","templated":true}]}}