{"id":2585,"date":"2009-02-10T23:11:00","date_gmt":"2009-02-10T23:11:00","guid":{"rendered":""},"modified":"2021-07-30T00:34:45","modified_gmt":"2021-07-30T00:34:45","slug":"fiestas-y-tradiciones-de-curanilahue","status":"publish","type":"post","link":"https:\/\/www.fraczinet.cl\/sitio\/fiestas-y-tradiciones-de-curanilahue\/","title":{"rendered":"Fiestas y Tradiciones de Curanilahue"},"content":{"rendered":"<p>Trilla a Yegua Suelta Fecha: febrero Lugar: Trongol Alto Fundo santa Lucia Fiesta costumbrista campesina, que se desarrolla en un entorno natural con bosque nativo con araucarias, es una tradici\u00f3n que perdura en el tiempo, amenizado con m\u00fasica y comidas t\u00edpicas.  Esquila de Ovejas Fecha: noviembre Lugar: Bajo Los R\u00edos Fiesta costumbrista campesina, que se desarrolla en un entorno natural, es una tradici\u00f3n que perdura en el tiempo, amenizado con m\u00fasica y comidas t\u00edpicas.  Fiesta San Sebasti\u00e1n Fecha: 20 de enero Lugar: Fundo Las Playas  Fiesta de tipo religiosa y campesina, en la que se venera a San Sebasti\u00e1n, amenizado con m\u00fasica y comidas t\u00edpicas.<\/p>\n<div><\/div>\n<div style=\"clear: both; text-align: center;\"><a href=\"https:\/\/www.fraczinet.cl\/sitio\/wp-content\/uploads\/2009\/02\/baile-1.jpg\" style=\"margin-left: 1em; margin-right: 1em;\"><img fetchpriority=\"high\" decoding=\"async\" border=\"0\" data-original-height=\"480\" data-original-width=\"640\" height=\"240\" src=\"https:\/\/www.fraczinet.cl\/sitio\/wp-content\/uploads\/2009\/02\/baile-1-300x225.jpg\" width=\"320\" \/><\/a><\/div>\n<p><\/p>\n<div><\/div>\n","protected":false},"excerpt":{"rendered":"<p>Trilla a Yegua Suelta Fecha: febrero Lugar: Trongol Alto Fundo santa Lucia Fiesta costumbrista campesina, que se desarrolla en un entorno natural con bosque nativo con araucarias, es una tradici\u00f3n que perdura en el tiempo, amenizado con m\u00fasica y comidas t\u00edpicas. Esquila de Ovejas Fecha: noviembre Lugar: Bajo Los R\u00edos Fiesta costumbrista campesina, que se [&hellip;]<\/p>\n","protected":false},"author":1,"featured_media":2606,"comment_status":"open","ping_status":"closed","sticky":false,"template":"","format":"standard","meta":{"footnotes":""},"categories":[50,7],"tags":[],"class_list":["post-2585","post","type-post","status-publish","format-standard","has-post-thumbnail","hentry","category-curanilahue","category-fiestas-y-tradiciones"],"yoast_head":"<!-- This site is optimized with the Yoast SEO plugin v28.2 - https:\/\/yoast.com\/product\/yoast-seo-wordpress\/ -->\n<title>Fiestas y Tradiciones de Curanilahue - Nuestro Bio B\u00edo<\/title>\n<meta name=\"robots\" content=\"index, follow, max-snippet:-1, max-image-preview:large, max-video-preview:-1\" \/>\n<link rel=\"canonical\" href=\"https:\/\/www.fraczinet.cl\/sitio\/fiestas-y-tradiciones-de-curanilahue\/\" \/>\n<meta property=\"og:locale\" content=\"es_ES\" \/>\n<meta property=\"og:type\" content=\"article\" \/>\n<meta property=\"og:title\" content=\"Fiestas y Tradiciones de Curanilahue - Nuestro Bio B\u00edo\" \/>\n<meta property=\"og:description\" content=\"Trilla a Yegua Suelta Fecha: febrero Lugar: Trongol Alto Fundo santa Lucia Fiesta costumbrista campesina, que se desarrolla en un entorno natural con bosque nativo con araucarias, es una tradici\u00f3n que perdura en el tiempo, amenizado con m\u00fasica y comidas t\u00edpicas. Esquila de Ovejas Fecha: noviembre Lugar: Bajo Los R\u00edos Fiesta costumbrista campesina, que se [&hellip;]\" \/>\n<meta property=\"og:url\" content=\"https:\/\/www.fraczinet.cl\/sitio\/fiestas-y-tradiciones-de-curanilahue\/\" \/>\n<meta property=\"og:site_name\" content=\"Nuestro Bio B\u00edo\" \/>\n<meta property=\"article:publisher\" content=\"https:\/\/www.facebook.com\/groups\/15721414452\/\" \/>\n<meta property=\"article:published_time\" content=\"2009-02-10T23:11:00+00:00\" \/>\n<meta property=\"article:modified_time\" content=\"2021-07-30T00:34:45+00:00\" \/>\n<meta property=\"og:image\" content=\"https:\/\/www.fraczinet.cl\/sitio\/wp-content\/uploads\/2009\/02\/baile-1.jpg\" \/>\n\t<meta property=\"og:image:width\" content=\"640\" \/>\n\t<meta property=\"og:image:height\" content=\"480\" \/>\n\t<meta property=\"og:image:type\" content=\"image\/jpeg\" \/>\n<meta name=\"twitter:card\" content=\"summary_large_image\" \/>\n<meta name=\"twitter:creator\" content=\"@nuestrobiobio\" \/>\n<meta name=\"twitter:site\" content=\"@nuestrobiobio\" \/>\n<meta name=\"twitter:label1\" content=\"Escrito por\" \/>\n\t<meta name=\"twitter:data1\" content=\"\" \/>\n\t<meta name=\"twitter:label2\" content=\"Tiempo de lectura\" \/>\n\t<meta name=\"twitter:data2\" content=\"1 minuto\" \/>\n<script type=\"application\/ld+json\" class=\"yoast-schema-graph\">{\"@context\":\"https:\\\/\\\/schema.org\",\"@graph\":[{\"@type\":\"Article\",\"@id\":\"https:\\\/\\\/www.fraczinet.cl\\\/sitio\\\/fiestas-y-tradiciones-de-curanilahue\\\/#article\",\"isPartOf\":{\"@id\":\"https:\\\/\\\/www.fraczinet.cl\\\/sitio\\\/fiestas-y-tradiciones-de-curanilahue\\\/\"},\"author\":{\"name\":\"\",\"@id\":\"\"},\"headline\":\"Fiestas y Tradiciones de Curanilahue\",\"datePublished\":\"2009-02-10T23:11:00+00:00\",\"dateModified\":\"2021-07-30T00:34:45+00:00\",\"mainEntityOfPage\":{\"@id\":\"https:\\\/\\\/www.fraczinet.cl\\\/sitio\\\/fiestas-y-tradiciones-de-curanilahue\\\/\"},\"wordCount\":120,\"commentCount\":0,\"image\":{\"@id\":\"https:\\\/\\\/www.fraczinet.cl\\\/sitio\\\/fiestas-y-tradiciones-de-curanilahue\\\/#primaryimage\"},\"thumbnailUrl\":\"https:\\\/\\\/www.fraczinet.cl\\\/sitio\\\/wp-content\\\/uploads\\\/2009\\\/02\\\/baile-1.jpg\",\"articleSection\":[\"Curanilahue\",\"Fiestas y Tradiciones\"],\"inLanguage\":\"es\",\"potentialAction\":[{\"@type\":\"CommentAction\",\"name\":\"Comment\",\"target\":[\"https:\\\/\\\/www.fraczinet.cl\\\/sitio\\\/fiestas-y-tradiciones-de-curanilahue\\\/#respond\"]}]},{\"@type\":\"WebPage\",\"@id\":\"https:\\\/\\\/www.fraczinet.cl\\\/sitio\\\/fiestas-y-tradiciones-de-curanilahue\\\/\",\"url\":\"https:\\\/\\\/www.fraczinet.cl\\\/sitio\\\/fiestas-y-tradiciones-de-curanilahue\\\/\",\"name\":\"Fiestas y Tradiciones de Curanilahue - Nuestro Bio B\u00edo\",\"isPartOf\":{\"@id\":\"https:\\\/\\\/www.fraczinet.cl\\\/sitio\\\/#website\"},\"primaryImageOfPage\":{\"@id\":\"https:\\\/\\\/www.fraczinet.cl\\\/sitio\\\/fiestas-y-tradiciones-de-curanilahue\\\/#primaryimage\"},\"image\":{\"@id\":\"https:\\\/\\\/www.fraczinet.cl\\\/sitio\\\/fiestas-y-tradiciones-de-curanilahue\\\/#primaryimage\"},\"thumbnailUrl\":\"https:\\\/\\\/www.fraczinet.cl\\\/sitio\\\/wp-content\\\/uploads\\\/2009\\\/02\\\/baile-1.jpg\",\"datePublished\":\"2009-02-10T23:11:00+00:00\",\"dateModified\":\"2021-07-30T00:34:45+00:00\",\"author\":{\"@id\":\"\"},\"breadcrumb\":{\"@id\":\"https:\\\/\\\/www.fraczinet.cl\\\/sitio\\\/fiestas-y-tradiciones-de-curanilahue\\\/#breadcrumb\"},\"inLanguage\":\"es\",\"potentialAction\":[{\"@type\":\"ReadAction\",\"target\":[\"https:\\\/\\\/www.fraczinet.cl\\\/sitio\\\/fiestas-y-tradiciones-de-curanilahue\\\/\"]}]},{\"@type\":\"ImageObject\",\"inLanguage\":\"es\",\"@id\":\"https:\\\/\\\/www.fraczinet.cl\\\/sitio\\\/fiestas-y-tradiciones-de-curanilahue\\\/#primaryimage\",\"url\":\"https:\\\/\\\/www.fraczinet.cl\\\/sitio\\\/wp-content\\\/uploads\\\/2009\\\/02\\\/baile-1.jpg\",\"contentUrl\":\"https:\\\/\\\/www.fraczinet.cl\\\/sitio\\\/wp-content\\\/uploads\\\/2009\\\/02\\\/baile-1.jpg\",\"width\":640,\"height\":480},{\"@type\":\"BreadcrumbList\",\"@id\":\"https:\\\/\\\/www.fraczinet.cl\\\/sitio\\\/fiestas-y-tradiciones-de-curanilahue\\\/#breadcrumb\",\"itemListElement\":[{\"@type\":\"ListItem\",\"position\":1,\"name\":\"Portada\",\"item\":\"https:\\\/\\\/www.fraczinet.cl\\\/sitio\\\/\"},{\"@type\":\"ListItem\",\"position\":2,\"name\":\"Fiestas y Tradiciones de Curanilahue\"}]},{\"@type\":\"WebSite\",\"@id\":\"https:\\\/\\\/www.fraczinet.cl\\\/sitio\\\/#website\",\"url\":\"https:\\\/\\\/www.fraczinet.cl\\\/sitio\\\/\",\"name\":\"Nuestro Bio B\u00edo\",\"description\":\"Tierra de Encuentros\",\"potentialAction\":[{\"@type\":\"SearchAction\",\"target\":{\"@type\":\"EntryPoint\",\"urlTemplate\":\"https:\\\/\\\/www.fraczinet.cl\\\/sitio\\\/?s={search_term_string}\"},\"query-input\":{\"@type\":\"PropertyValueSpecification\",\"valueRequired\":true,\"valueName\":\"search_term_string\"}}],\"inLanguage\":\"es\"},{\"@type\":\"Person\",\"@id\":\"\"}]}<\/script>\n<!-- \/ Yoast SEO plugin. -->","yoast_head_json":{"title":"Fiestas y Tradiciones de Curanilahue - Nuestro Bio B\u00edo","robots":{"index":"index","follow":"follow","max-snippet":"max-snippet:-1","max-image-preview":"max-image-preview:large","max-video-preview":"max-video-preview:-1"},"canonical":"https:\/\/www.fraczinet.cl\/sitio\/fiestas-y-tradiciones-de-curanilahue\/","og_locale":"es_ES","og_type":"article","og_title":"Fiestas y Tradiciones de Curanilahue - Nuestro Bio B\u00edo","og_description":"Trilla a Yegua Suelta Fecha: febrero Lugar: Trongol Alto Fundo santa Lucia Fiesta costumbrista campesina, que se desarrolla en un entorno natural con bosque nativo con araucarias, es una tradici\u00f3n que perdura en el tiempo, amenizado con m\u00fasica y comidas t\u00edpicas. Esquila de Ovejas Fecha: noviembre Lugar: Bajo Los R\u00edos Fiesta costumbrista campesina, que se [&hellip;]","og_url":"https:\/\/www.fraczinet.cl\/sitio\/fiestas-y-tradiciones-de-curanilahue\/","og_site_name":"Nuestro Bio B\u00edo","article_publisher":"https:\/\/www.facebook.com\/groups\/15721414452\/","article_published_time":"2009-02-10T23:11:00+00:00","article_modified_time":"2021-07-30T00:34:45+00:00","og_image":[{"width":640,"height":480,"url":"https:\/\/www.fraczinet.cl\/sitio\/wp-content\/uploads\/2009\/02\/baile-1.jpg","type":"image\/jpeg"}],"twitter_card":"summary_large_image","twitter_creator":"@nuestrobiobio","twitter_site":"@nuestrobiobio","twitter_misc":{"Escrito por":"","Tiempo de lectura":"1 minuto"},"schema":{"@context":"https:\/\/schema.org","@graph":[{"@type":"Article","@id":"https:\/\/www.fraczinet.cl\/sitio\/fiestas-y-tradiciones-de-curanilahue\/#article","isPartOf":{"@id":"https:\/\/www.fraczinet.cl\/sitio\/fiestas-y-tradiciones-de-curanilahue\/"},"author":{"name":"","@id":""},"headline":"Fiestas y Tradiciones de Curanilahue","datePublished":"2009-02-10T23:11:00+00:00","dateModified":"2021-07-30T00:34:45+00:00","mainEntityOfPage":{"@id":"https:\/\/www.fraczinet.cl\/sitio\/fiestas-y-tradiciones-de-curanilahue\/"},"wordCount":120,"commentCount":0,"image":{"@id":"https:\/\/www.fraczinet.cl\/sitio\/fiestas-y-tradiciones-de-curanilahue\/#primaryimage"},"thumbnailUrl":"https:\/\/www.fraczinet.cl\/sitio\/wp-content\/uploads\/2009\/02\/baile-1.jpg","articleSection":["Curanilahue","Fiestas y Tradiciones"],"inLanguage":"es","potentialAction":[{"@type":"CommentAction","name":"Comment","target":["https:\/\/www.fraczinet.cl\/sitio\/fiestas-y-tradiciones-de-curanilahue\/#respond"]}]},{"@type":"WebPage","@id":"https:\/\/www.fraczinet.cl\/sitio\/fiestas-y-tradiciones-de-curanilahue\/","url":"https:\/\/www.fraczinet.cl\/sitio\/fiestas-y-tradiciones-de-curanilahue\/","name":"Fiestas y Tradiciones de Curanilahue - Nuestro Bio B\u00edo","isPartOf":{"@id":"https:\/\/www.fraczinet.cl\/sitio\/#website"},"primaryImageOfPage":{"@id":"https:\/\/www.fraczinet.cl\/sitio\/fiestas-y-tradiciones-de-curanilahue\/#primaryimage"},"image":{"@id":"https:\/\/www.fraczinet.cl\/sitio\/fiestas-y-tradiciones-de-curanilahue\/#primaryimage"},"thumbnailUrl":"https:\/\/www.fraczinet.cl\/sitio\/wp-content\/uploads\/2009\/02\/baile-1.jpg","datePublished":"2009-02-10T23:11:00+00:00","dateModified":"2021-07-30T00:34:45+00:00","author":{"@id":""},"breadcrumb":{"@id":"https:\/\/www.fraczinet.cl\/sitio\/fiestas-y-tradiciones-de-curanilahue\/#breadcrumb"},"inLanguage":"es","potentialAction":[{"@type":"ReadAction","target":["https:\/\/www.fraczinet.cl\/sitio\/fiestas-y-tradiciones-de-curanilahue\/"]}]},{"@type":"ImageObject","inLanguage":"es","@id":"https:\/\/www.fraczinet.cl\/sitio\/fiestas-y-tradiciones-de-curanilahue\/#primaryimage","url":"https:\/\/www.fraczinet.cl\/sitio\/wp-content\/uploads\/2009\/02\/baile-1.jpg","contentUrl":"https:\/\/www.fraczinet.cl\/sitio\/wp-content\/uploads\/2009\/02\/baile-1.jpg","width":640,"height":480},{"@type":"BreadcrumbList","@id":"https:\/\/www.fraczinet.cl\/sitio\/fiestas-y-tradiciones-de-curanilahue\/#breadcrumb","itemListElement":[{"@type":"ListItem","position":1,"name":"Portada","item":"https:\/\/www.fraczinet.cl\/sitio\/"},{"@type":"ListItem","position":2,"name":"Fiestas y Tradiciones de Curanilahue"}]},{"@type":"WebSite","@id":"https:\/\/www.fraczinet.cl\/sitio\/#website","url":"https:\/\/www.fraczinet.cl\/sitio\/","name":"Nuestro Bio B\u00edo","description":"Tierra de Encuentros","potentialAction":[{"@type":"SearchAction","target":{"@type":"EntryPoint","urlTemplate":"https:\/\/www.fraczinet.cl\/sitio\/?s={search_term_string}"},"query-input":{"@type":"PropertyValueSpecification","valueRequired":true,"valueName":"search_term_string"}}],"inLanguage":"es"},{"@type":"Person","@id":""}]}},"_links":{"self":[{"href":"https:\/\/www.fraczinet.cl\/sitio\/wp-json\/wp\/v2\/posts\/2585","targetHints":{"allow":["GET"]}}],"collection":[{"href":"https:\/\/www.fraczinet.cl\/sitio\/wp-json\/wp\/v2\/posts"}],"about":[{"href":"https:\/\/www.fraczinet.cl\/sitio\/wp-json\/wp\/v2\/types\/post"}],"author":[{"embeddable":true,"href":"https:\/\/www.fraczinet.cl\/sitio\/wp-json\/wp\/v2\/users\/1"}],"replies":[{"embeddable":true,"href":"https:\/\/www.fraczinet.cl\/sitio\/wp-json\/wp\/v2\/comments?post=2585"}],"version-history":[{"count":1,"href":"https:\/\/www.fraczinet.cl\/sitio\/wp-json\/wp\/v2\/posts\/2585\/revisions"}],"predecessor-version":[{"id":2607,"href":"https:\/\/www.fraczinet.cl\/sitio\/wp-json\/wp\/v2\/posts\/2585\/revisions\/2607"}],"wp:featuredmedia":[{"embeddable":true,"href":"https:\/\/www.fraczinet.cl\/sitio\/wp-json\/wp\/v2\/media\/2606"}],"wp:attachment":[{"href":"https:\/\/www.fraczinet.cl\/sitio\/wp-json\/wp\/v2\/media?parent=2585"}],"wp:term":[{"taxonomy":"category","embeddable":true,"href":"https:\/\/www.fraczinet.cl\/sitio\/wp-json\/wp\/v2\/categories?post=2585"},{"taxonomy":"post_tag","embeddable":true,"href":"https:\/\/www.fraczinet.cl\/sitio\/wp-json\/wp\/v2\/tags?post=2585"}],"curies":[{"name":"wp","href":"https:\/\/api.w.org\/{rel}","templated":true}]}}