{"id":2624,"date":"2009-02-15T22:10:00","date_gmt":"2009-02-15T22:10:00","guid":{"rendered":""},"modified":"2021-07-30T00:48:19","modified_gmt":"2021-07-30T00:48:19","slug":"parroquia-nuestra-senora-del-rosario","status":"publish","type":"post","link":"https:\/\/www.fraczinet.cl\/sitio\/parroquia-nuestra-senora-del-rosario\/","title":{"rendered":"Parroquia Nuestra Se\u00f1ora del Rosario"},"content":{"rendered":"<p><a href=\"https:\/\/www.fraczinet.cl\/sitio\/wp-content\/uploads\/2009\/02\/Parroquia-Nuestra-Se-C3-B1ora-del-Rosario.jpg\"><img decoding=\"async\" alt=\"\" border=\"0\" id=\"BLOGGER_PHOTO_ID_5303150349550746530\" src=\"https:\/\/www.fraczinet.cl\/sitio\/wp-content\/uploads\/2009\/02\/Parroquia-Nuestra-Se-C3-B1ora-del-Rosario.jpg\" style=\"cursor: pointer; float: left; height: 97px; margin: 0px 10px 10px 0px; width: 143px;\" \/><\/a>Data la capilla y campo santo del a\u00f1o 1744, \u00e9poca de gran inter\u00e9s por la explotaci\u00f3n de los terrenos aur\u00edferos en todo el reino, datan tambi\u00e9n nuevas explotaciones de oro y conseciones de estas minas, en una zona que hab\u00eda sido  aur\u00edfera desde la \u00e9poca de de don Pedro de Valdivia. Florida fue capital de Puchacay  y tuvo en el siglo pasado un diario El Rauco y gran desarrollo en las  actividades trigeras y de vinos.  A\u00f1o Construcci\u00f3n: sin informaci\u00f3n  Direcci\u00f3n: Ortiz de  Rozas # 464, Florida.<\/p>\n","protected":false},"excerpt":{"rendered":"<p>Data la capilla y campo santo del a\u00f1o 1744, \u00e9poca de gran inter\u00e9s por la explotaci\u00f3n de los terrenos aur\u00edferos en todo el reino, datan tambi\u00e9n nuevas explotaciones de oro y conseciones de estas minas, en una zona que hab\u00eda sido aur\u00edfera desde la \u00e9poca de de don Pedro de Valdivia. Florida fue capital de [&hellip;]<\/p>\n","protected":false},"author":1,"featured_media":2630,"comment_status":"open","ping_status":"closed","sticky":false,"template":"","format":"standard","meta":{"footnotes":""},"categories":[52,3],"tags":[],"class_list":["post-2624","post","type-post","status-publish","format-standard","has-post-thumbnail","hentry","category-florida","category-iglesias-y-capillas"],"yoast_head":"<!-- This site is optimized with the Yoast SEO plugin v28.2 - https:\/\/yoast.com\/product\/yoast-seo-wordpress\/ -->\n<title>Parroquia Nuestra Se\u00f1ora del Rosario - Nuestro Bio B\u00edo<\/title>\n<meta name=\"robots\" content=\"index, follow, max-snippet:-1, max-image-preview:large, max-video-preview:-1\" \/>\n<link rel=\"canonical\" href=\"https:\/\/www.fraczinet.cl\/sitio\/parroquia-nuestra-senora-del-rosario\/\" \/>\n<meta property=\"og:locale\" content=\"es_ES\" \/>\n<meta property=\"og:type\" content=\"article\" \/>\n<meta property=\"og:title\" content=\"Parroquia Nuestra Se\u00f1ora del Rosario - Nuestro Bio B\u00edo\" \/>\n<meta property=\"og:description\" content=\"Data la capilla y campo santo del a\u00f1o 1744, \u00e9poca de gran inter\u00e9s por la explotaci\u00f3n de los terrenos aur\u00edferos en todo el reino, datan tambi\u00e9n nuevas explotaciones de oro y conseciones de estas minas, en una zona que hab\u00eda sido aur\u00edfera desde la \u00e9poca de de don Pedro de Valdivia. Florida fue capital de [&hellip;]\" \/>\n<meta property=\"og:url\" content=\"https:\/\/www.fraczinet.cl\/sitio\/parroquia-nuestra-senora-del-rosario\/\" \/>\n<meta property=\"og:site_name\" content=\"Nuestro Bio B\u00edo\" \/>\n<meta property=\"article:publisher\" content=\"https:\/\/www.facebook.com\/groups\/15721414452\/\" \/>\n<meta property=\"article:published_time\" content=\"2009-02-15T22:10:00+00:00\" \/>\n<meta property=\"article:modified_time\" content=\"2021-07-30T00:48:19+00:00\" \/>\n<meta property=\"og:image\" content=\"https:\/\/www.fraczinet.cl\/sitio\/wp-content\/uploads\/2009\/02\/Parroquia-Nuestra-Se-C3-B1ora-del-Rosario.jpg\" \/>\n\t<meta property=\"og:image:width\" content=\"143\" \/>\n\t<meta property=\"og:image:height\" content=\"97\" \/>\n\t<meta property=\"og:image:type\" content=\"image\/jpeg\" \/>\n<meta name=\"twitter:card\" content=\"summary_large_image\" \/>\n<meta name=\"twitter:creator\" content=\"@nuestrobiobio\" \/>\n<meta name=\"twitter:site\" content=\"@nuestrobiobio\" \/>\n<meta name=\"twitter:label1\" content=\"Escrito por\" \/>\n\t<meta name=\"twitter:data1\" content=\"\" \/>\n<script type=\"application\/ld+json\" class=\"yoast-schema-graph\">{\"@context\":\"https:\\\/\\\/schema.org\",\"@graph\":[{\"@type\":\"Article\",\"@id\":\"https:\\\/\\\/www.fraczinet.cl\\\/sitio\\\/parroquia-nuestra-senora-del-rosario\\\/#article\",\"isPartOf\":{\"@id\":\"https:\\\/\\\/www.fraczinet.cl\\\/sitio\\\/parroquia-nuestra-senora-del-rosario\\\/\"},\"author\":{\"name\":\"\",\"@id\":\"\"},\"headline\":\"Parroquia Nuestra Se\u00f1ora del Rosario\",\"datePublished\":\"2009-02-15T22:10:00+00:00\",\"dateModified\":\"2021-07-30T00:48:19+00:00\",\"mainEntityOfPage\":{\"@id\":\"https:\\\/\\\/www.fraczinet.cl\\\/sitio\\\/parroquia-nuestra-senora-del-rosario\\\/\"},\"wordCount\":101,\"commentCount\":0,\"image\":{\"@id\":\"https:\\\/\\\/www.fraczinet.cl\\\/sitio\\\/parroquia-nuestra-senora-del-rosario\\\/#primaryimage\"},\"thumbnailUrl\":\"https:\\\/\\\/www.fraczinet.cl\\\/sitio\\\/wp-content\\\/uploads\\\/2009\\\/02\\\/Parroquia-Nuestra-Se-C3-B1ora-del-Rosario.jpg\",\"articleSection\":[\"Florida\",\"Iglesias y Capillas\"],\"inLanguage\":\"es\",\"potentialAction\":[{\"@type\":\"CommentAction\",\"name\":\"Comment\",\"target\":[\"https:\\\/\\\/www.fraczinet.cl\\\/sitio\\\/parroquia-nuestra-senora-del-rosario\\\/#respond\"]}]},{\"@type\":\"WebPage\",\"@id\":\"https:\\\/\\\/www.fraczinet.cl\\\/sitio\\\/parroquia-nuestra-senora-del-rosario\\\/\",\"url\":\"https:\\\/\\\/www.fraczinet.cl\\\/sitio\\\/parroquia-nuestra-senora-del-rosario\\\/\",\"name\":\"Parroquia Nuestra Se\u00f1ora del Rosario - Nuestro Bio B\u00edo\",\"isPartOf\":{\"@id\":\"https:\\\/\\\/www.fraczinet.cl\\\/sitio\\\/#website\"},\"primaryImageOfPage\":{\"@id\":\"https:\\\/\\\/www.fraczinet.cl\\\/sitio\\\/parroquia-nuestra-senora-del-rosario\\\/#primaryimage\"},\"image\":{\"@id\":\"https:\\\/\\\/www.fraczinet.cl\\\/sitio\\\/parroquia-nuestra-senora-del-rosario\\\/#primaryimage\"},\"thumbnailUrl\":\"https:\\\/\\\/www.fraczinet.cl\\\/sitio\\\/wp-content\\\/uploads\\\/2009\\\/02\\\/Parroquia-Nuestra-Se-C3-B1ora-del-Rosario.jpg\",\"datePublished\":\"2009-02-15T22:10:00+00:00\",\"dateModified\":\"2021-07-30T00:48:19+00:00\",\"author\":{\"@id\":\"\"},\"breadcrumb\":{\"@id\":\"https:\\\/\\\/www.fraczinet.cl\\\/sitio\\\/parroquia-nuestra-senora-del-rosario\\\/#breadcrumb\"},\"inLanguage\":\"es\",\"potentialAction\":[{\"@type\":\"ReadAction\",\"target\":[\"https:\\\/\\\/www.fraczinet.cl\\\/sitio\\\/parroquia-nuestra-senora-del-rosario\\\/\"]}]},{\"@type\":\"ImageObject\",\"inLanguage\":\"es\",\"@id\":\"https:\\\/\\\/www.fraczinet.cl\\\/sitio\\\/parroquia-nuestra-senora-del-rosario\\\/#primaryimage\",\"url\":\"https:\\\/\\\/www.fraczinet.cl\\\/sitio\\\/wp-content\\\/uploads\\\/2009\\\/02\\\/Parroquia-Nuestra-Se-C3-B1ora-del-Rosario.jpg\",\"contentUrl\":\"https:\\\/\\\/www.fraczinet.cl\\\/sitio\\\/wp-content\\\/uploads\\\/2009\\\/02\\\/Parroquia-Nuestra-Se-C3-B1ora-del-Rosario.jpg\",\"width\":143,\"height\":97},{\"@type\":\"BreadcrumbList\",\"@id\":\"https:\\\/\\\/www.fraczinet.cl\\\/sitio\\\/parroquia-nuestra-senora-del-rosario\\\/#breadcrumb\",\"itemListElement\":[{\"@type\":\"ListItem\",\"position\":1,\"name\":\"Portada\",\"item\":\"https:\\\/\\\/www.fraczinet.cl\\\/sitio\\\/\"},{\"@type\":\"ListItem\",\"position\":2,\"name\":\"Parroquia Nuestra Se\u00f1ora del Rosario\"}]},{\"@type\":\"WebSite\",\"@id\":\"https:\\\/\\\/www.fraczinet.cl\\\/sitio\\\/#website\",\"url\":\"https:\\\/\\\/www.fraczinet.cl\\\/sitio\\\/\",\"name\":\"Nuestro Bio B\u00edo\",\"description\":\"Tierra de Encuentros\",\"potentialAction\":[{\"@type\":\"SearchAction\",\"target\":{\"@type\":\"EntryPoint\",\"urlTemplate\":\"https:\\\/\\\/www.fraczinet.cl\\\/sitio\\\/?s={search_term_string}\"},\"query-input\":{\"@type\":\"PropertyValueSpecification\",\"valueRequired\":true,\"valueName\":\"search_term_string\"}}],\"inLanguage\":\"es\"},{\"@type\":\"Person\",\"@id\":\"\"}]}<\/script>\n<!-- \/ Yoast SEO plugin. -->","yoast_head_json":{"title":"Parroquia Nuestra Se\u00f1ora del Rosario - Nuestro Bio B\u00edo","robots":{"index":"index","follow":"follow","max-snippet":"max-snippet:-1","max-image-preview":"max-image-preview:large","max-video-preview":"max-video-preview:-1"},"canonical":"https:\/\/www.fraczinet.cl\/sitio\/parroquia-nuestra-senora-del-rosario\/","og_locale":"es_ES","og_type":"article","og_title":"Parroquia Nuestra Se\u00f1ora del Rosario - Nuestro Bio B\u00edo","og_description":"Data la capilla y campo santo del a\u00f1o 1744, \u00e9poca de gran inter\u00e9s por la explotaci\u00f3n de los terrenos aur\u00edferos en todo el reino, datan tambi\u00e9n nuevas explotaciones de oro y conseciones de estas minas, en una zona que hab\u00eda sido aur\u00edfera desde la \u00e9poca de de don Pedro de Valdivia. Florida fue capital de [&hellip;]","og_url":"https:\/\/www.fraczinet.cl\/sitio\/parroquia-nuestra-senora-del-rosario\/","og_site_name":"Nuestro Bio B\u00edo","article_publisher":"https:\/\/www.facebook.com\/groups\/15721414452\/","article_published_time":"2009-02-15T22:10:00+00:00","article_modified_time":"2021-07-30T00:48:19+00:00","og_image":[{"width":143,"height":97,"url":"https:\/\/www.fraczinet.cl\/sitio\/wp-content\/uploads\/2009\/02\/Parroquia-Nuestra-Se-C3-B1ora-del-Rosario.jpg","type":"image\/jpeg"}],"twitter_card":"summary_large_image","twitter_creator":"@nuestrobiobio","twitter_site":"@nuestrobiobio","twitter_misc":{"Escrito por":""},"schema":{"@context":"https:\/\/schema.org","@graph":[{"@type":"Article","@id":"https:\/\/www.fraczinet.cl\/sitio\/parroquia-nuestra-senora-del-rosario\/#article","isPartOf":{"@id":"https:\/\/www.fraczinet.cl\/sitio\/parroquia-nuestra-senora-del-rosario\/"},"author":{"name":"","@id":""},"headline":"Parroquia Nuestra Se\u00f1ora del Rosario","datePublished":"2009-02-15T22:10:00+00:00","dateModified":"2021-07-30T00:48:19+00:00","mainEntityOfPage":{"@id":"https:\/\/www.fraczinet.cl\/sitio\/parroquia-nuestra-senora-del-rosario\/"},"wordCount":101,"commentCount":0,"image":{"@id":"https:\/\/www.fraczinet.cl\/sitio\/parroquia-nuestra-senora-del-rosario\/#primaryimage"},"thumbnailUrl":"https:\/\/www.fraczinet.cl\/sitio\/wp-content\/uploads\/2009\/02\/Parroquia-Nuestra-Se-C3-B1ora-del-Rosario.jpg","articleSection":["Florida","Iglesias y Capillas"],"inLanguage":"es","potentialAction":[{"@type":"CommentAction","name":"Comment","target":["https:\/\/www.fraczinet.cl\/sitio\/parroquia-nuestra-senora-del-rosario\/#respond"]}]},{"@type":"WebPage","@id":"https:\/\/www.fraczinet.cl\/sitio\/parroquia-nuestra-senora-del-rosario\/","url":"https:\/\/www.fraczinet.cl\/sitio\/parroquia-nuestra-senora-del-rosario\/","name":"Parroquia Nuestra Se\u00f1ora del Rosario - Nuestro Bio B\u00edo","isPartOf":{"@id":"https:\/\/www.fraczinet.cl\/sitio\/#website"},"primaryImageOfPage":{"@id":"https:\/\/www.fraczinet.cl\/sitio\/parroquia-nuestra-senora-del-rosario\/#primaryimage"},"image":{"@id":"https:\/\/www.fraczinet.cl\/sitio\/parroquia-nuestra-senora-del-rosario\/#primaryimage"},"thumbnailUrl":"https:\/\/www.fraczinet.cl\/sitio\/wp-content\/uploads\/2009\/02\/Parroquia-Nuestra-Se-C3-B1ora-del-Rosario.jpg","datePublished":"2009-02-15T22:10:00+00:00","dateModified":"2021-07-30T00:48:19+00:00","author":{"@id":""},"breadcrumb":{"@id":"https:\/\/www.fraczinet.cl\/sitio\/parroquia-nuestra-senora-del-rosario\/#breadcrumb"},"inLanguage":"es","potentialAction":[{"@type":"ReadAction","target":["https:\/\/www.fraczinet.cl\/sitio\/parroquia-nuestra-senora-del-rosario\/"]}]},{"@type":"ImageObject","inLanguage":"es","@id":"https:\/\/www.fraczinet.cl\/sitio\/parroquia-nuestra-senora-del-rosario\/#primaryimage","url":"https:\/\/www.fraczinet.cl\/sitio\/wp-content\/uploads\/2009\/02\/Parroquia-Nuestra-Se-C3-B1ora-del-Rosario.jpg","contentUrl":"https:\/\/www.fraczinet.cl\/sitio\/wp-content\/uploads\/2009\/02\/Parroquia-Nuestra-Se-C3-B1ora-del-Rosario.jpg","width":143,"height":97},{"@type":"BreadcrumbList","@id":"https:\/\/www.fraczinet.cl\/sitio\/parroquia-nuestra-senora-del-rosario\/#breadcrumb","itemListElement":[{"@type":"ListItem","position":1,"name":"Portada","item":"https:\/\/www.fraczinet.cl\/sitio\/"},{"@type":"ListItem","position":2,"name":"Parroquia Nuestra Se\u00f1ora del Rosario"}]},{"@type":"WebSite","@id":"https:\/\/www.fraczinet.cl\/sitio\/#website","url":"https:\/\/www.fraczinet.cl\/sitio\/","name":"Nuestro Bio B\u00edo","description":"Tierra de Encuentros","potentialAction":[{"@type":"SearchAction","target":{"@type":"EntryPoint","urlTemplate":"https:\/\/www.fraczinet.cl\/sitio\/?s={search_term_string}"},"query-input":{"@type":"PropertyValueSpecification","valueRequired":true,"valueName":"search_term_string"}}],"inLanguage":"es"},{"@type":"Person","@id":""}]}},"_links":{"self":[{"href":"https:\/\/www.fraczinet.cl\/sitio\/wp-json\/wp\/v2\/posts\/2624","targetHints":{"allow":["GET"]}}],"collection":[{"href":"https:\/\/www.fraczinet.cl\/sitio\/wp-json\/wp\/v2\/posts"}],"about":[{"href":"https:\/\/www.fraczinet.cl\/sitio\/wp-json\/wp\/v2\/types\/post"}],"author":[{"embeddable":true,"href":"https:\/\/www.fraczinet.cl\/sitio\/wp-json\/wp\/v2\/users\/1"}],"replies":[{"embeddable":true,"href":"https:\/\/www.fraczinet.cl\/sitio\/wp-json\/wp\/v2\/comments?post=2624"}],"version-history":[{"count":1,"href":"https:\/\/www.fraczinet.cl\/sitio\/wp-json\/wp\/v2\/posts\/2624\/revisions"}],"predecessor-version":[{"id":2631,"href":"https:\/\/www.fraczinet.cl\/sitio\/wp-json\/wp\/v2\/posts\/2624\/revisions\/2631"}],"wp:featuredmedia":[{"embeddable":true,"href":"https:\/\/www.fraczinet.cl\/sitio\/wp-json\/wp\/v2\/media\/2630"}],"wp:attachment":[{"href":"https:\/\/www.fraczinet.cl\/sitio\/wp-json\/wp\/v2\/media?parent=2624"}],"wp:term":[{"taxonomy":"category","embeddable":true,"href":"https:\/\/www.fraczinet.cl\/sitio\/wp-json\/wp\/v2\/categories?post=2624"},{"taxonomy":"post_tag","embeddable":true,"href":"https:\/\/www.fraczinet.cl\/sitio\/wp-json\/wp\/v2\/tags?post=2624"}],"curies":[{"name":"wp","href":"https:\/\/api.w.org\/{rel}","templated":true}]}}