{"id":2937,"date":"2018-02-15T02:39:00","date_gmt":"2018-02-15T02:39:00","guid":{"rendered":""},"modified":"2021-08-11T01:19:21","modified_gmt":"2021-08-11T01:19:21","slug":"catedral-de-los-angeles","status":"publish","type":"post","link":"https:\/\/www.fraczinet.cl\/sitio\/2018\/02\/15\/catedral-de-los-angeles\/","title":{"rendered":"Catedral de Los Angeles"},"content":{"rendered":"<div style=\"text-align: justify;\">\n<div style=\"clear: both; text-align: center;\"><a href=\"https:\/\/www.fraczinet.cl\/sitio\/wp-content\/uploads\/2018\/02\/1-2.jpg\" style=\"clear: left; float: left; margin-bottom: 1em; margin-right: 1em;\"><img fetchpriority=\"high\" decoding=\"async\" border=\"0\" data-original-height=\"365\" data-original-width=\"477\" height=\"244\" src=\"https:\/\/www.fraczinet.cl\/sitio\/wp-content\/uploads\/2018\/02\/1-2-300x230.jpg\" width=\"320\" \/><\/a><\/div>\n<p><span><\/span>Cuando el Papa Juan XXIII cre\u00f3 la Di\u00f3cesis de Santa Mar\u00eda de Los \u00c1ngeles, el 17 de diciembre de 1959, \u00e9sta se desmembr\u00f3 de las di\u00f3cesis  de Concepci\u00f3n y Temuco e instal\u00f3 la sede episcopal en la parroquia de  San Miguel, que hab\u00eda sido construida en 1831 en la esquina de Col\u00f3n con  Lautaro, donde ahora se ubica el Banco Chile.&nbsp;<\/div>\n<div style=\"text-align: justify;\"><\/div>\n<div style=\"text-align: justify;\">Desde ese momento, la parroquia de San Miguel comenz\u00f3 a ser nombrada  como \u00abCatedral de Los \u00c1ngeles\u00bb. No dur\u00f3 mucho, porque el terremoto de  1960 destruy\u00f3 la antigua construcci\u00f3n y, de paso, los templos de San  Francisco en Los \u00c1ngeles, y los de Nacimiento, Mulch\u00e9n y Santa B\u00e1rbara.&nbsp;<\/div>\n<div style=\"text-align: justify;\"><\/div>\n<div style=\"text-align: justify;\">La Catedral de Los \u00c1ngeles qued\u00f3 en ruinas y hubo que pensar en la  reconstrucci\u00f3n. Luego de intensas negociaciones, la Iglesia cedi\u00f3 al  Banco Chile la esquina de Col\u00f3n con Lautaro y recibi\u00f3 del mismo Banco,  el terreno situado la esquina de Valdivia con Lautaro, donde hab\u00eda  estado el Liceo Comercial, famoso por tener un naranjo en el medio de su  patio, y donde se encuentra la actual Catedral de Los \u00c1ngeles.<\/div>\n<div style=\"text-align: justify;\"><\/div>\n<div style=\"text-align: justify;\">Julio Alvarez, di\u00e1cono del Obispado, cont\u00f3 que la actual Catedral se  edific\u00f3 entre 1970 y 1972. Pero no est\u00e1 terminada: todav\u00eda falta  construir la torre del campanario. Antiguamente, esa cuadra frente a la  Plaza de Armas cobij\u00f3 residencias y despu\u00e9s, al costado inmediato del  templo, estuvo el Banco Central. Como se sabe, hoy d\u00eda est\u00e1 all\u00ed el  Banco de Cr\u00e9dito e Inversiones.&nbsp;<\/div>\n<div style=\"text-align: justify;\"><\/div>\n<div style=\"text-align: justify;\">Acompa\u00f1ada y todo por instituciones financieras, la Catedral de Los \u00c1ngeles muestra los s\u00edmbolos sagrados desde su frontis. All\u00ed se ven  escenas de la Sant\u00edsima Trinidad con mosaicos de colores, \u00e1ngeles que  suben con una cruz, que representa el dolor, y bajan luego con una  estrella. Se observa tambi\u00e9n a la Virgen sujetando en sus manos  protectoras un s\u00edmil de este templo.&nbsp;<\/div>\n<div style=\"text-align: justify;\"><\/div>\n<div style=\"text-align: justify;\">El interior de la Catedral tiene la particularidad de no tener columnas,  lo que permite una mirada amplia. La preside un enorme Cristo, pintado  por Pedro Subercaseaux, que tiene a su derecha la Virgen y a su  izquierda San Juan. A sus costados se observan las cuatro figuras de los  evangelistas y a los pies, San Francisco y Santa Clara.&nbsp;<\/div>\n<div style=\"text-align: justify;\"><\/div>\n<div style=\"text-align: justify;\">Las Sagradas Escrituras rodean sus muros interiores y tiene, tambi\u00e9n,  una figura de la Virgen del Carmen esculpida en una sola pieza con la  madera de un \u00e1rbol nativo.<\/p>\n<div style=\"clear: both; text-align: center;\"><a href=\"https:\/\/www.fraczinet.cl\/sitio\/wp-content\/uploads\/2018\/02\/2-2.jpg\" style=\"margin-left: 1em; margin-right: 1em;\"><img decoding=\"async\" border=\"0\" data-original-height=\"365\" data-original-width=\"563\" height=\"207\" src=\"https:\/\/www.fraczinet.cl\/sitio\/wp-content\/uploads\/2018\/02\/2-2-300x194.jpg\" width=\"320\" \/><\/a><\/div>\n<p><\/p>\n<div style=\"clear: both; text-align: center;\"><a href=\"https:\/\/www.fraczinet.cl\/sitio\/wp-content\/uploads\/2018\/02\/3-2.jpg\" style=\"margin-left: 1em; margin-right: 1em;\"><img decoding=\"async\" border=\"0\" data-original-height=\"365\" data-original-width=\"546\" height=\"213\" src=\"https:\/\/www.fraczinet.cl\/sitio\/wp-content\/uploads\/2018\/02\/3-2-300x201.jpg\" width=\"320\" \/><\/a><\/div>\n<p><\/p>\n<div style=\"clear: both; text-align: center;\"><a href=\"https:\/\/www.fraczinet.cl\/sitio\/wp-content\/uploads\/2018\/02\/4-2.jpg\" style=\"margin-left: 1em; margin-right: 1em;\"><img loading=\"lazy\" decoding=\"async\" border=\"0\" data-original-height=\"365\" data-original-width=\"340\" height=\"320\" src=\"https:\/\/www.fraczinet.cl\/sitio\/wp-content\/uploads\/2018\/02\/4-2-279x300.jpg\" width=\"298\" \/><\/a><\/div>\n<p><\/p>\n<div style=\"clear: both; text-align: center;\"><a href=\"https:\/\/www.fraczinet.cl\/sitio\/wp-content\/uploads\/2018\/02\/5-2.jpg\" style=\"margin-left: 1em; margin-right: 1em;\"><img loading=\"lazy\" decoding=\"async\" border=\"0\" data-original-height=\"365\" data-original-width=\"340\" height=\"320\" src=\"https:\/\/www.fraczinet.cl\/sitio\/wp-content\/uploads\/2018\/02\/5-2-279x300.jpg\" width=\"298\" \/><\/a><\/div>\n<p><\/p>\n<div style=\"clear: both; text-align: center;\"><a href=\"https:\/\/www.fraczinet.cl\/sitio\/wp-content\/uploads\/2018\/02\/6-1.jpg\" style=\"margin-left: 1em; margin-right: 1em;\"><img loading=\"lazy\" decoding=\"async\" border=\"0\" data-original-height=\"365\" data-original-width=\"340\" height=\"320\" src=\"https:\/\/www.fraczinet.cl\/sitio\/wp-content\/uploads\/2018\/02\/6-1-279x300.jpg\" width=\"298\" \/><\/a><\/div>\n<p><\/p>\n<div style=\"clear: both; text-align: center;\"><a href=\"https:\/\/www.fraczinet.cl\/sitio\/wp-content\/uploads\/2018\/02\/7-1.jpg\" style=\"margin-left: 1em; margin-right: 1em;\"><img loading=\"lazy\" decoding=\"async\" border=\"0\" data-original-height=\"365\" data-original-width=\"340\" height=\"320\" src=\"https:\/\/www.fraczinet.cl\/sitio\/wp-content\/uploads\/2018\/02\/7-1-279x300.jpg\" width=\"298\" \/><\/a><\/div>\n<\/div>\n","protected":false},"excerpt":{"rendered":"<p>Cuando el Papa Juan XXIII cre\u00f3 la Di\u00f3cesis de Santa Mar\u00eda de Los \u00c1ngeles, el 17 de diciembre de 1959, \u00e9sta se desmembr\u00f3 de las di\u00f3cesis de Concepci\u00f3n y Temuco e instal\u00f3 la sede episcopal en la parroquia de San Miguel, que hab\u00eda sido construida en 1831 en la esquina de Col\u00f3n con Lautaro, donde [&hellip;]<\/p>\n","protected":false},"author":1,"featured_media":3003,"comment_status":"open","ping_status":"open","sticky":false,"template":"","format":"standard","meta":{"footnotes":""},"categories":[3,65],"tags":[],"class_list":["post-2937","post","type-post","status-publish","format-standard","has-post-thumbnail","hentry","category-iglesias-y-capillas","category-los-angeles"],"yoast_head":"<!-- This site is optimized with the Yoast SEO plugin v25.0 - https:\/\/yoast.com\/wordpress\/plugins\/seo\/ -->\n<title>Catedral de Los Angeles - Nuestro Bio B\u00edo<\/title>\n<meta name=\"robots\" content=\"index, follow, max-snippet:-1, max-image-preview:large, max-video-preview:-1\" \/>\n<link rel=\"canonical\" href=\"https:\/\/www.fraczinet.cl\/sitio\/2018\/02\/15\/catedral-de-los-angeles\/\" \/>\n<meta property=\"og:locale\" content=\"es_ES\" \/>\n<meta property=\"og:type\" content=\"article\" \/>\n<meta property=\"og:title\" content=\"Catedral de Los Angeles - Nuestro Bio B\u00edo\" \/>\n<meta property=\"og:description\" content=\"Cuando el Papa Juan XXIII cre\u00f3 la Di\u00f3cesis de Santa Mar\u00eda de Los \u00c1ngeles, el 17 de diciembre de 1959, \u00e9sta se desmembr\u00f3 de las di\u00f3cesis de Concepci\u00f3n y Temuco e instal\u00f3 la sede episcopal en la parroquia de San Miguel, que hab\u00eda sido construida en 1831 en la esquina de Col\u00f3n con Lautaro, donde [&hellip;]\" \/>\n<meta property=\"og:url\" content=\"https:\/\/www.fraczinet.cl\/sitio\/2018\/02\/15\/catedral-de-los-angeles\/\" \/>\n<meta property=\"og:site_name\" content=\"Nuestro Bio B\u00edo\" \/>\n<meta property=\"article:published_time\" content=\"2018-02-15T02:39:00+00:00\" \/>\n<meta property=\"article:modified_time\" content=\"2021-08-11T01:19:21+00:00\" \/>\n<meta property=\"og:image\" content=\"https:\/\/www.fraczinet.cl\/sitio\/wp-content\/uploads\/2018\/02\/1-2.jpg\" \/>\n\t<meta property=\"og:image:width\" content=\"477\" \/>\n\t<meta property=\"og:image:height\" content=\"365\" \/>\n\t<meta property=\"og:image:type\" content=\"image\/jpeg\" \/>\n<meta name=\"author\" content=\"admin\" \/>\n<meta name=\"twitter:card\" content=\"summary_large_image\" \/>\n<meta name=\"twitter:creator\" content=\"@nuestrobiobio\" \/>\n<meta name=\"twitter:site\" content=\"@nuestrobiobio\" \/>\n<meta name=\"twitter:label1\" content=\"Escrito por\" \/>\n\t<meta name=\"twitter:data1\" content=\"admin\" \/>\n\t<meta name=\"twitter:label2\" content=\"Tiempo de lectura\" \/>\n\t<meta name=\"twitter:data2\" content=\"2 minutos\" \/>\n<script type=\"application\/ld+json\" class=\"yoast-schema-graph\">{\"@context\":\"https:\/\/schema.org\",\"@graph\":[{\"@type\":\"Article\",\"@id\":\"https:\/\/www.fraczinet.cl\/sitio\/2018\/02\/15\/catedral-de-los-angeles\/#article\",\"isPartOf\":{\"@id\":\"https:\/\/www.fraczinet.cl\/sitio\/2018\/02\/15\/catedral-de-los-angeles\/\"},\"author\":{\"name\":\"admin\",\"@id\":\"https:\/\/www.fraczinet.cl\/sitio\/#\/schema\/person\/bc30f98e9cb10ae7e119dbe14bc93784\"},\"headline\":\"Catedral de Los Angeles\",\"datePublished\":\"2018-02-15T02:39:00+00:00\",\"dateModified\":\"2021-08-11T01:19:21+00:00\",\"mainEntityOfPage\":{\"@id\":\"https:\/\/www.fraczinet.cl\/sitio\/2018\/02\/15\/catedral-de-los-angeles\/\"},\"wordCount\":420,\"commentCount\":0,\"publisher\":{\"@id\":\"https:\/\/www.fraczinet.cl\/sitio\/#\/schema\/person\/aec8ee4da68df2b9b0eefdad24a0d582\"},\"image\":{\"@id\":\"https:\/\/www.fraczinet.cl\/sitio\/2018\/02\/15\/catedral-de-los-angeles\/#primaryimage\"},\"thumbnailUrl\":\"https:\/\/www.fraczinet.cl\/sitio\/wp-content\/uploads\/2018\/02\/1-2.jpg\",\"articleSection\":[\"Iglesias y Capillas\",\"Los \u00c1ngeles\"],\"inLanguage\":\"es\",\"potentialAction\":[{\"@type\":\"CommentAction\",\"name\":\"Comment\",\"target\":[\"https:\/\/www.fraczinet.cl\/sitio\/2018\/02\/15\/catedral-de-los-angeles\/#respond\"]}]},{\"@type\":\"WebPage\",\"@id\":\"https:\/\/www.fraczinet.cl\/sitio\/2018\/02\/15\/catedral-de-los-angeles\/\",\"url\":\"https:\/\/www.fraczinet.cl\/sitio\/2018\/02\/15\/catedral-de-los-angeles\/\",\"name\":\"Catedral de Los Angeles - Nuestro Bio B\u00edo\",\"isPartOf\":{\"@id\":\"https:\/\/www.fraczinet.cl\/sitio\/#website\"},\"primaryImageOfPage\":{\"@id\":\"https:\/\/www.fraczinet.cl\/sitio\/2018\/02\/15\/catedral-de-los-angeles\/#primaryimage\"},\"image\":{\"@id\":\"https:\/\/www.fraczinet.cl\/sitio\/2018\/02\/15\/catedral-de-los-angeles\/#primaryimage\"},\"thumbnailUrl\":\"https:\/\/www.fraczinet.cl\/sitio\/wp-content\/uploads\/2018\/02\/1-2.jpg\",\"datePublished\":\"2018-02-15T02:39:00+00:00\",\"dateModified\":\"2021-08-11T01:19:21+00:00\",\"breadcrumb\":{\"@id\":\"https:\/\/www.fraczinet.cl\/sitio\/2018\/02\/15\/catedral-de-los-angeles\/#breadcrumb\"},\"inLanguage\":\"es\",\"potentialAction\":[{\"@type\":\"ReadAction\",\"target\":[\"https:\/\/www.fraczinet.cl\/sitio\/2018\/02\/15\/catedral-de-los-angeles\/\"]}]},{\"@type\":\"ImageObject\",\"inLanguage\":\"es\",\"@id\":\"https:\/\/www.fraczinet.cl\/sitio\/2018\/02\/15\/catedral-de-los-angeles\/#primaryimage\",\"url\":\"https:\/\/www.fraczinet.cl\/sitio\/wp-content\/uploads\/2018\/02\/1-2.jpg\",\"contentUrl\":\"https:\/\/www.fraczinet.cl\/sitio\/wp-content\/uploads\/2018\/02\/1-2.jpg\",\"width\":477,\"height\":365},{\"@type\":\"BreadcrumbList\",\"@id\":\"https:\/\/www.fraczinet.cl\/sitio\/2018\/02\/15\/catedral-de-los-angeles\/#breadcrumb\",\"itemListElement\":[{\"@type\":\"ListItem\",\"position\":1,\"name\":\"Portada\",\"item\":\"https:\/\/www.fraczinet.cl\/sitio\/\"},{\"@type\":\"ListItem\",\"position\":2,\"name\":\"Catedral de Los Angeles\"}]},{\"@type\":\"WebSite\",\"@id\":\"https:\/\/www.fraczinet.cl\/sitio\/#website\",\"url\":\"https:\/\/www.fraczinet.cl\/sitio\/\",\"name\":\"Nuestro Bio B\u00edo\",\"description\":\"Tierra de Encuentros\",\"publisher\":{\"@id\":\"https:\/\/www.fraczinet.cl\/sitio\/#\/schema\/person\/aec8ee4da68df2b9b0eefdad24a0d582\"},\"potentialAction\":[{\"@type\":\"SearchAction\",\"target\":{\"@type\":\"EntryPoint\",\"urlTemplate\":\"https:\/\/www.fraczinet.cl\/sitio\/?s={search_term_string}\"},\"query-input\":{\"@type\":\"PropertyValueSpecification\",\"valueRequired\":true,\"valueName\":\"search_term_string\"}}],\"inLanguage\":\"es\"},{\"@type\":[\"Person\",\"Organization\"],\"@id\":\"https:\/\/www.fraczinet.cl\/sitio\/#\/schema\/person\/aec8ee4da68df2b9b0eefdad24a0d582\",\"name\":\"Luis Fernando Fraczinet\",\"image\":{\"@type\":\"ImageObject\",\"inLanguage\":\"es\",\"@id\":\"https:\/\/www.fraczinet.cl\/sitio\/#\/schema\/person\/image\/\",\"url\":\"https:\/\/www.fraczinet.cl\/sitio\/wp-content\/uploads\/2021\/07\/bannerlogo-1.gif\",\"contentUrl\":\"https:\/\/www.fraczinet.cl\/sitio\/wp-content\/uploads\/2021\/07\/bannerlogo-1.gif\",\"width\":159,\"height\":79,\"caption\":\"Luis Fernando Fraczinet\"},\"logo\":{\"@id\":\"https:\/\/www.fraczinet.cl\/sitio\/#\/schema\/person\/image\/\"},\"sameAs\":[\"https:\/\/www.fraczinet.cl\/sitio\/\"]},{\"@type\":\"Person\",\"@id\":\"https:\/\/www.fraczinet.cl\/sitio\/#\/schema\/person\/bc30f98e9cb10ae7e119dbe14bc93784\",\"name\":\"admin\",\"image\":{\"@type\":\"ImageObject\",\"inLanguage\":\"es\",\"@id\":\"https:\/\/www.fraczinet.cl\/sitio\/#\/schema\/person\/image\/\",\"url\":\"https:\/\/secure.gravatar.com\/avatar\/d5ad3cf7ef3b23a2bb5be73be780c86b2fc8545c3ad6b149f3913ff458c00099?s=96&d=mm&r=g\",\"contentUrl\":\"https:\/\/secure.gravatar.com\/avatar\/d5ad3cf7ef3b23a2bb5be73be780c86b2fc8545c3ad6b149f3913ff458c00099?s=96&d=mm&r=g\",\"caption\":\"admin\"},\"sameAs\":[\"https:\/\/www.fraczinet.cl\/sitio\"]}]}<\/script>\n<!-- \/ Yoast SEO plugin. -->","yoast_head_json":{"title":"Catedral de Los Angeles - Nuestro Bio B\u00edo","robots":{"index":"index","follow":"follow","max-snippet":"max-snippet:-1","max-image-preview":"max-image-preview:large","max-video-preview":"max-video-preview:-1"},"canonical":"https:\/\/www.fraczinet.cl\/sitio\/2018\/02\/15\/catedral-de-los-angeles\/","og_locale":"es_ES","og_type":"article","og_title":"Catedral de Los Angeles - Nuestro Bio B\u00edo","og_description":"Cuando el Papa Juan XXIII cre\u00f3 la Di\u00f3cesis de Santa Mar\u00eda de Los \u00c1ngeles, el 17 de diciembre de 1959, \u00e9sta se desmembr\u00f3 de las di\u00f3cesis de Concepci\u00f3n y Temuco e instal\u00f3 la sede episcopal en la parroquia de San Miguel, que hab\u00eda sido construida en 1831 en la esquina de Col\u00f3n con Lautaro, donde [&hellip;]","og_url":"https:\/\/www.fraczinet.cl\/sitio\/2018\/02\/15\/catedral-de-los-angeles\/","og_site_name":"Nuestro Bio B\u00edo","article_published_time":"2018-02-15T02:39:00+00:00","article_modified_time":"2021-08-11T01:19:21+00:00","og_image":[{"width":477,"height":365,"url":"https:\/\/www.fraczinet.cl\/sitio\/wp-content\/uploads\/2018\/02\/1-2.jpg","type":"image\/jpeg"}],"author":"admin","twitter_card":"summary_large_image","twitter_creator":"@nuestrobiobio","twitter_site":"@nuestrobiobio","twitter_misc":{"Escrito por":"admin","Tiempo de lectura":"2 minutos"},"schema":{"@context":"https:\/\/schema.org","@graph":[{"@type":"Article","@id":"https:\/\/www.fraczinet.cl\/sitio\/2018\/02\/15\/catedral-de-los-angeles\/#article","isPartOf":{"@id":"https:\/\/www.fraczinet.cl\/sitio\/2018\/02\/15\/catedral-de-los-angeles\/"},"author":{"name":"admin","@id":"https:\/\/www.fraczinet.cl\/sitio\/#\/schema\/person\/bc30f98e9cb10ae7e119dbe14bc93784"},"headline":"Catedral de Los Angeles","datePublished":"2018-02-15T02:39:00+00:00","dateModified":"2021-08-11T01:19:21+00:00","mainEntityOfPage":{"@id":"https:\/\/www.fraczinet.cl\/sitio\/2018\/02\/15\/catedral-de-los-angeles\/"},"wordCount":420,"commentCount":0,"publisher":{"@id":"https:\/\/www.fraczinet.cl\/sitio\/#\/schema\/person\/aec8ee4da68df2b9b0eefdad24a0d582"},"image":{"@id":"https:\/\/www.fraczinet.cl\/sitio\/2018\/02\/15\/catedral-de-los-angeles\/#primaryimage"},"thumbnailUrl":"https:\/\/www.fraczinet.cl\/sitio\/wp-content\/uploads\/2018\/02\/1-2.jpg","articleSection":["Iglesias y Capillas","Los \u00c1ngeles"],"inLanguage":"es","potentialAction":[{"@type":"CommentAction","name":"Comment","target":["https:\/\/www.fraczinet.cl\/sitio\/2018\/02\/15\/catedral-de-los-angeles\/#respond"]}]},{"@type":"WebPage","@id":"https:\/\/www.fraczinet.cl\/sitio\/2018\/02\/15\/catedral-de-los-angeles\/","url":"https:\/\/www.fraczinet.cl\/sitio\/2018\/02\/15\/catedral-de-los-angeles\/","name":"Catedral de Los Angeles - Nuestro Bio B\u00edo","isPartOf":{"@id":"https:\/\/www.fraczinet.cl\/sitio\/#website"},"primaryImageOfPage":{"@id":"https:\/\/www.fraczinet.cl\/sitio\/2018\/02\/15\/catedral-de-los-angeles\/#primaryimage"},"image":{"@id":"https:\/\/www.fraczinet.cl\/sitio\/2018\/02\/15\/catedral-de-los-angeles\/#primaryimage"},"thumbnailUrl":"https:\/\/www.fraczinet.cl\/sitio\/wp-content\/uploads\/2018\/02\/1-2.jpg","datePublished":"2018-02-15T02:39:00+00:00","dateModified":"2021-08-11T01:19:21+00:00","breadcrumb":{"@id":"https:\/\/www.fraczinet.cl\/sitio\/2018\/02\/15\/catedral-de-los-angeles\/#breadcrumb"},"inLanguage":"es","potentialAction":[{"@type":"ReadAction","target":["https:\/\/www.fraczinet.cl\/sitio\/2018\/02\/15\/catedral-de-los-angeles\/"]}]},{"@type":"ImageObject","inLanguage":"es","@id":"https:\/\/www.fraczinet.cl\/sitio\/2018\/02\/15\/catedral-de-los-angeles\/#primaryimage","url":"https:\/\/www.fraczinet.cl\/sitio\/wp-content\/uploads\/2018\/02\/1-2.jpg","contentUrl":"https:\/\/www.fraczinet.cl\/sitio\/wp-content\/uploads\/2018\/02\/1-2.jpg","width":477,"height":365},{"@type":"BreadcrumbList","@id":"https:\/\/www.fraczinet.cl\/sitio\/2018\/02\/15\/catedral-de-los-angeles\/#breadcrumb","itemListElement":[{"@type":"ListItem","position":1,"name":"Portada","item":"https:\/\/www.fraczinet.cl\/sitio\/"},{"@type":"ListItem","position":2,"name":"Catedral de Los Angeles"}]},{"@type":"WebSite","@id":"https:\/\/www.fraczinet.cl\/sitio\/#website","url":"https:\/\/www.fraczinet.cl\/sitio\/","name":"Nuestro Bio B\u00edo","description":"Tierra de Encuentros","publisher":{"@id":"https:\/\/www.fraczinet.cl\/sitio\/#\/schema\/person\/aec8ee4da68df2b9b0eefdad24a0d582"},"potentialAction":[{"@type":"SearchAction","target":{"@type":"EntryPoint","urlTemplate":"https:\/\/www.fraczinet.cl\/sitio\/?s={search_term_string}"},"query-input":{"@type":"PropertyValueSpecification","valueRequired":true,"valueName":"search_term_string"}}],"inLanguage":"es"},{"@type":["Person","Organization"],"@id":"https:\/\/www.fraczinet.cl\/sitio\/#\/schema\/person\/aec8ee4da68df2b9b0eefdad24a0d582","name":"Luis Fernando Fraczinet","image":{"@type":"ImageObject","inLanguage":"es","@id":"https:\/\/www.fraczinet.cl\/sitio\/#\/schema\/person\/image\/","url":"https:\/\/www.fraczinet.cl\/sitio\/wp-content\/uploads\/2021\/07\/bannerlogo-1.gif","contentUrl":"https:\/\/www.fraczinet.cl\/sitio\/wp-content\/uploads\/2021\/07\/bannerlogo-1.gif","width":159,"height":79,"caption":"Luis Fernando Fraczinet"},"logo":{"@id":"https:\/\/www.fraczinet.cl\/sitio\/#\/schema\/person\/image\/"},"sameAs":["https:\/\/www.fraczinet.cl\/sitio\/"]},{"@type":"Person","@id":"https:\/\/www.fraczinet.cl\/sitio\/#\/schema\/person\/bc30f98e9cb10ae7e119dbe14bc93784","name":"admin","image":{"@type":"ImageObject","inLanguage":"es","@id":"https:\/\/www.fraczinet.cl\/sitio\/#\/schema\/person\/image\/","url":"https:\/\/secure.gravatar.com\/avatar\/d5ad3cf7ef3b23a2bb5be73be780c86b2fc8545c3ad6b149f3913ff458c00099?s=96&d=mm&r=g","contentUrl":"https:\/\/secure.gravatar.com\/avatar\/d5ad3cf7ef3b23a2bb5be73be780c86b2fc8545c3ad6b149f3913ff458c00099?s=96&d=mm&r=g","caption":"admin"},"sameAs":["https:\/\/www.fraczinet.cl\/sitio"]}]}},"_links":{"self":[{"href":"https:\/\/www.fraczinet.cl\/sitio\/wp-json\/wp\/v2\/posts\/2937","targetHints":{"allow":["GET"]}}],"collection":[{"href":"https:\/\/www.fraczinet.cl\/sitio\/wp-json\/wp\/v2\/posts"}],"about":[{"href":"https:\/\/www.fraczinet.cl\/sitio\/wp-json\/wp\/v2\/types\/post"}],"author":[{"embeddable":true,"href":"https:\/\/www.fraczinet.cl\/sitio\/wp-json\/wp\/v2\/users\/1"}],"replies":[{"embeddable":true,"href":"https:\/\/www.fraczinet.cl\/sitio\/wp-json\/wp\/v2\/comments?post=2937"}],"version-history":[{"count":2,"href":"https:\/\/www.fraczinet.cl\/sitio\/wp-json\/wp\/v2\/posts\/2937\/revisions"}],"predecessor-version":[{"id":4019,"href":"https:\/\/www.fraczinet.cl\/sitio\/wp-json\/wp\/v2\/posts\/2937\/revisions\/4019"}],"wp:featuredmedia":[{"embeddable":true,"href":"https:\/\/www.fraczinet.cl\/sitio\/wp-json\/wp\/v2\/media\/3003"}],"wp:attachment":[{"href":"https:\/\/www.fraczinet.cl\/sitio\/wp-json\/wp\/v2\/media?parent=2937"}],"wp:term":[{"taxonomy":"category","embeddable":true,"href":"https:\/\/www.fraczinet.cl\/sitio\/wp-json\/wp\/v2\/categories?post=2937"},{"taxonomy":"post_tag","embeddable":true,"href":"https:\/\/www.fraczinet.cl\/sitio\/wp-json\/wp\/v2\/tags?post=2937"}],"curies":[{"name":"wp","href":"https:\/\/api.w.org\/{rel}","templated":true}]}}