{"id":2938,"date":"2018-02-15T02:15:00","date_gmt":"2018-02-15T02:15:00","guid":{"rendered":""},"modified":"2021-08-11T01:19:21","modified_gmt":"2021-08-11T01:19:21","slug":"diocesis-de-santa-maria-de-los-angeles","status":"publish","type":"post","link":"https:\/\/www.fraczinet.cl\/sitio\/diocesis-de-santa-maria-de-los-angeles\/","title":{"rendered":"Di\u00f3cesis de Santa Mar\u00eda de Los Angeles"},"content":{"rendered":"<p><\/p>\n<div style=\"clear: both; text-align: center;\"><a href=\"https:\/\/www.fraczinet.cl\/sitio\/wp-content\/uploads\/2018\/02\/Santa_Maria_de_Los_Angeles1.jpg\" style=\"clear: left; float: left; margin-bottom: 1em; margin-right: 1em;\"><img decoding=\"async\" border=\"0\" data-original-height=\"89\" data-original-width=\"143\" src=\"https:\/\/www.fraczinet.cl\/sitio\/wp-content\/uploads\/2018\/02\/Santa_Maria_de_Los_Angeles1.jpg\" \/><\/a><\/div>\n<div style=\"line-height: 100%; margin-bottom: 0.5cm; text-align: justify;\">A veces hay divergencia de opiniones en cuanto al nombre verdadero de la ciudad de Los \u00c1ngeles.  <\/div>\n<div style=\"text-align: justify;\">Unos dicen que el gobernador de la Capitan\u00eda General de Chile, don Jos\u00e9 Manso de Velasco, mand\u00f3 al sargento mayor, don Pedro de C\u00f3rdoba y Figueroa, que fundara una villa en este lugar con el nombre de \u00abLos \u00c1ngeles\u00bb, a secas. Esto fue el 26 de mayo de 1742. Con el tiempo algunos la han llamado \u00abNuestra Se\u0144ora de Los \u00c1ngeles\u00bb. Otros la han designado \u00abSanta Mar\u00eda de Los \u00c1ngeles\u00bb. Es un hecho que el nombre que m\u00e1s predomin\u00f3 en la pr\u00e1ctica, y a trav\u00e9s del tiempo, ha sido \u00abSanta Mar\u00eda de Los \u00c1ngeles\u00bb.<\/div>\n<div style=\"text-align: justify;\"><\/div>\n<div style=\"text-align: justify;\">El 20 de junio de 1959 el Papa Beato Juan XXIII, con el decreto pontificio \u00abEx Quo\u00bb, cre\u00f3 en esta regi\u00f3n del pa\u00eds una nueva Di\u00f3cesis, desmembr\u00e1ndola, en cuanto a su territorio, en gran parte de la arquidi\u00f3cesis de Concepci\u00f3n. Le puso a esta nueva Di\u00f3cesis por nombre oficial: \u00abDi\u00f3cesis de Santa Mar\u00eda de Los \u00c1ngeles.<\/div>\n<div style=\"text-align: justify;\">La jurisdicci\u00f3n territorial actual de esta Di\u00f3cesis es toda la provincia de Bio B\u00edo, menos las parroquias, &#8211; que tambi\u00e9n son comunas-, de Yumbel y Cabrero. Estas dos comunas pertenecen a esta provincia, pero eclesi\u00e1sticamente, como parroquias, corresponden a la arquidi\u00f3cesis de Concepci\u00f3n. Luego la Di\u00f3cesis de Santa Mar\u00eda de Los \u00c1ngeles comienza en el Salto del Laja.<\/div>\n<div style=\"text-align: justify;\"><\/div>\n<div style=\"text-align: justify;\">La Di\u00f3cesis es una jurisdicci\u00f3n, generalmente territorial, en la Iglesia Cat\u00f3lica, que es presidida por un Obispo, designado por el Papa. Es un honor para esta Di\u00f3cesis de Santa Mar\u00eda de Los \u00c1ngeles el hecho que fuera creada por el Beato Juan XXIII, puesto que fue la \u00fanica Di\u00f3cesis en Chile creada por gran Papa.<\/div>\n<div style=\"text-align: justify;\">En los decretos pontificios de nombramientos de los siete Obispos que ha tenido esta Di\u00f3cesis, desde su creaci\u00f3n en 1959, &#8211; Obispos Manuel S\u00e1nchez, Luis Y\u00e1\u0144ez, Alejandro Dur\u00e1n, Orozimbo Fuenzalida, Adolfo Rodr\u00edguez, Miguel Caviedes y Felipe Bacarreza- aparecen como designados Obispos de la Di\u00f3cesis de Santa Mar\u00eda de Los \u00c1ngeles.<\/div>\n<div style=\"text-align: justify;\"><\/div>\n<div style=\"text-align: justify;\">El Papa, al crear una Di\u00f3cesis, le asigna tambi\u00e9n una sede episcopal, que viene siendo la capital de la Di\u00f3cesis. En esta sede episcopal el Obispo ha de fijar su residencia. El Papa Juan XXIII, al crear la Di\u00f3cesis de Santa Mar\u00eda de Los Angeles, le asign\u00f3 como sede episcopal al Obispo la ciudad de Los \u00c1ngeles.<\/div>\n<div style=\"text-align: justify;\">Pero, en este caso, el Obispo no es s\u00f3lo de la ciudad de Los \u00c1ngeles, sino tambi\u00e9n de toda la jurisdicci\u00f3n territorial que le corresponde, la que ya fue antes indicada.<\/div>\n<div style=\"text-align: justify;\"><\/div>\n<div style=\"text-align: justify;\">Por eso es oficialmente Obispo de la Di\u00f3cesis de Santa Mar\u00eda de Los \u00c1ngeles, nombre que el Papa Juan XXIII le dio. Muchas veces eso s\u00ed, por raz\u00f3n de brevedad y por motivos pr\u00e1cticos, el Obispo se presenta o firma como Obispo de Los \u00c1ngeles.Di\u00f3cesis de Santa Mar\u00eda de Los \u00c1ngeles A veces hay divergencia de opiniones en cuanto al nombre verdadero de la ciudad de Los \u00c1ngeles.<\/div>\n<div style=\"text-align: justify;\"><\/div>\n<div style=\"text-align: justify;\">Unos dicen que el gobernador de la Capitan\u00eda General de Chile, don Jos\u00e9 Manso de Velasco, mand\u00f3 al sargento mayor, don Pedro de C\u00f3rdoba y Figueroa, que fundara una villa en este lugar con el nombre de \u00abLos \u00c1ngeles\u00bb, a secas. Esto fue el 26 de mayo de 1742. Con el tiempo algunos la han llamado \u00abNuestra Se\u0144ora de Los Angeles\u00bb. Otros la han designado \u00abSanta Mar\u00eda de Los \u00c1ngeles\u00bb. Es un hecho que el nombre que m\u00e1s predomin\u00f3 en la pr\u00e1ctica, y a trav\u00e9s del tiempo, ha sido \u00abSanta Mar\u00eda de Los \u00c1ngeles\u00bb.<\/div>\n<div style=\"text-align: justify;\"><\/div>\n<div style=\"text-align: justify;\">El 20 de junio de 1959 el Papa Beato Juan XXIII, con el decreto pontificio \u00abEx Quo\u00bb, cre\u00f3 en esta regi\u00f3n del pa\u00eds una nueva Di\u00f3cesis, desmembr\u00e1ndola, en cuanto a su territorio, en gran parte de la arquidi\u00f3cesis de Concepci\u00f3n. Le puso a esta nueva Di\u00f3cesis por nombre oficial: \u00abDi\u00f3cesis de Santa Mar\u00eda de Los \u00c1ngeles.<\/div>\n<div style=\"text-align: justify;\">La jurisdicci\u00f3n territorial actual de esta Di\u00f3cesis es toda la provincia de B\u00edo B\u00edo, menos las parroquias, &#8211; que tambi\u00e9n son comunas-, de Yumbel y Cabrero. Estas dos comunas pertenecen a esta provincia, pero eclesi\u00e1sticamente, como parroquias, corresponden a la arquidi\u00f3cesis de Concepci\u00f3n. Luego la Di\u00f3cesis de Santa Mar\u00eda de Los \u00c1ngeles comienza en el Salto del Laja.<\/div>\n<div style=\"text-align: justify;\"><\/div>\n<div style=\"text-align: justify;\">La Di\u00f3cesis es una jurisdicci\u00f3n, generalmente territorial, en la Iglesia Cat\u00f3lica, que es presidida por un Obispo, designado por el Papa. Es un honor para esta Di\u00f3cesis de Santa Mar\u00eda de Los \u00c1ngeles el hecho que fuera creada por el Beato Juan XXIII, puesto que fue la \u00fanica Di\u00f3cesis en Chile creada por gran Papa.<\/div>\n<div style=\"text-align: justify;\"><\/div>\n<div style=\"text-align: justify;\">En los decretos pontificios de nombramientos de los siete Obispos que ha tenido esta Di\u00f3cesis, desde su creaci\u00f3n en 1959, &#8211; Obispos Manuel S\u00e1nchez, Luis Y\u00e1\u0144ez, Alejandro Dur\u00e1n, Orozimbo Fuenzalida, Adolfo Rodr\u00edguez, Miguel Caviedes y Felipe Bacarreza- aparecen como designados Obispos de la Di\u00f3cesis de Santa Mar\u00eda de Los \u00c1ngeles.<\/div>\n<div style=\"text-align: justify;\"><\/div>\n<div style=\"text-align: justify;\">El Papa, al crear una Di\u00f3cesis, le asigna tambi\u00e9n una sede episcopal, que viene siendo la capital de la Di\u00f3cesis. En esta sede episcopal el Obispo ha de fijar su residencia. El Papa Juan XXIII, al crear la Di\u00f3cesis de Santa Mar\u00eda de Los \u00c1ngeles, le asign\u00f3 como sede episcopal al Obispo la ciudad de Los \u00c1ngeles.<\/div>\n<div style=\"text-align: justify;\"><\/div>\n<div style=\"text-align: justify;\">Pero, en este caso, el Obispo no es s\u00f3lo de la ciudad de Los \u00c1ngeles, sino tambi\u00e9n de toda la jurisdicci\u00f3n territorial que le corresponde, la que ya fue antes indicada.<\/div>\n<div style=\"text-align: justify;\"><\/div>\n<div style=\"text-align: justify;\">Por eso es oficialmente Obispo de la Di\u00f3cesis de Santa Mar\u00eda de Los \u00c1ngeles, nombre que el Papa Juan XXIII le dio. Muchas veces eso s\u00ed, por raz\u00f3n de brevedad y por motivos pr\u00e1cticos, el Obispo se presenta o firma como Obispo de Los \u00c1ngeles.<\/div>\n","protected":false},"excerpt":{"rendered":"<p>A veces hay divergencia de opiniones en cuanto al nombre verdadero de la ciudad de Los \u00c1ngeles. Unos dicen que el gobernador de la Capitan\u00eda General de Chile, don Jos\u00e9 Manso de Velasco, mand\u00f3 al sargento mayor, don Pedro de C\u00f3rdoba y Figueroa, que fundara una villa en este lugar con el nombre de \u00abLos [&hellip;]<\/p>\n","protected":false},"author":1,"featured_media":3011,"comment_status":"open","ping_status":"closed","sticky":false,"template":"","format":"standard","meta":{"footnotes":""},"categories":[10,3,65],"tags":[],"class_list":["post-2938","post","type-post","status-publish","format-standard","has-post-thumbnail","hentry","category-historia","category-iglesias-y-capillas","category-los-angeles"],"yoast_head":"<!-- This site is optimized with the Yoast SEO plugin v28.2 - https:\/\/yoast.com\/product\/yoast-seo-wordpress\/ -->\n<title>Di\u00f3cesis de Santa Mar\u00eda de Los Angeles - Nuestro Bio B\u00edo<\/title>\n<meta name=\"robots\" content=\"index, follow, max-snippet:-1, max-image-preview:large, max-video-preview:-1\" \/>\n<link rel=\"canonical\" href=\"https:\/\/www.fraczinet.cl\/sitio\/diocesis-de-santa-maria-de-los-angeles\/\" \/>\n<meta property=\"og:locale\" content=\"es_ES\" \/>\n<meta property=\"og:type\" content=\"article\" \/>\n<meta property=\"og:title\" content=\"Di\u00f3cesis de Santa Mar\u00eda de Los Angeles - Nuestro Bio B\u00edo\" \/>\n<meta property=\"og:description\" content=\"A veces hay divergencia de opiniones en cuanto al nombre verdadero de la ciudad de Los \u00c1ngeles. Unos dicen que el gobernador de la Capitan\u00eda General de Chile, don Jos\u00e9 Manso de Velasco, mand\u00f3 al sargento mayor, don Pedro de C\u00f3rdoba y Figueroa, que fundara una villa en este lugar con el nombre de \u00abLos [&hellip;]\" \/>\n<meta property=\"og:url\" content=\"https:\/\/www.fraczinet.cl\/sitio\/diocesis-de-santa-maria-de-los-angeles\/\" \/>\n<meta property=\"og:site_name\" content=\"Nuestro Bio B\u00edo\" \/>\n<meta property=\"article:publisher\" content=\"https:\/\/www.facebook.com\/groups\/15721414452\/\" \/>\n<meta property=\"article:published_time\" content=\"2018-02-15T02:15:00+00:00\" \/>\n<meta property=\"article:modified_time\" content=\"2021-08-11T01:19:21+00:00\" \/>\n<meta property=\"og:image\" content=\"https:\/\/www.fraczinet.cl\/sitio\/wp-content\/uploads\/2018\/02\/Santa_Maria_de_Los_Angeles1.jpg\" \/>\n\t<meta property=\"og:image:width\" content=\"143\" \/>\n\t<meta property=\"og:image:height\" content=\"89\" \/>\n\t<meta property=\"og:image:type\" content=\"image\/jpeg\" \/>\n<meta name=\"twitter:card\" content=\"summary_large_image\" \/>\n<meta name=\"twitter:creator\" content=\"@nuestrobiobio\" \/>\n<meta name=\"twitter:site\" content=\"@nuestrobiobio\" \/>\n<meta name=\"twitter:label1\" content=\"Escrito por\" \/>\n\t<meta name=\"twitter:data1\" content=\"\" \/>\n\t<meta name=\"twitter:label2\" content=\"Tiempo de lectura\" \/>\n\t<meta name=\"twitter:data2\" content=\"5 minutos\" \/>\n<script type=\"application\/ld+json\" class=\"yoast-schema-graph\">{\"@context\":\"https:\\\/\\\/schema.org\",\"@graph\":[{\"@type\":\"Article\",\"@id\":\"https:\\\/\\\/www.fraczinet.cl\\\/sitio\\\/diocesis-de-santa-maria-de-los-angeles\\\/#article\",\"isPartOf\":{\"@id\":\"https:\\\/\\\/www.fraczinet.cl\\\/sitio\\\/diocesis-de-santa-maria-de-los-angeles\\\/\"},\"author\":{\"name\":\"\",\"@id\":\"\"},\"headline\":\"Di\u00f3cesis de Santa Mar\u00eda de Los Angeles\",\"datePublished\":\"2018-02-15T02:15:00+00:00\",\"dateModified\":\"2021-08-11T01:19:21+00:00\",\"mainEntityOfPage\":{\"@id\":\"https:\\\/\\\/www.fraczinet.cl\\\/sitio\\\/diocesis-de-santa-maria-de-los-angeles\\\/\"},\"wordCount\":1039,\"commentCount\":0,\"image\":{\"@id\":\"https:\\\/\\\/www.fraczinet.cl\\\/sitio\\\/diocesis-de-santa-maria-de-los-angeles\\\/#primaryimage\"},\"thumbnailUrl\":\"https:\\\/\\\/www.fraczinet.cl\\\/sitio\\\/wp-content\\\/uploads\\\/2018\\\/02\\\/Santa_Maria_de_Los_Angeles1.jpg\",\"articleSection\":[\"Historia\",\"Iglesias y Capillas\",\"Los \u00c1ngeles\"],\"inLanguage\":\"es\",\"potentialAction\":[{\"@type\":\"CommentAction\",\"name\":\"Comment\",\"target\":[\"https:\\\/\\\/www.fraczinet.cl\\\/sitio\\\/diocesis-de-santa-maria-de-los-angeles\\\/#respond\"]}]},{\"@type\":\"WebPage\",\"@id\":\"https:\\\/\\\/www.fraczinet.cl\\\/sitio\\\/diocesis-de-santa-maria-de-los-angeles\\\/\",\"url\":\"https:\\\/\\\/www.fraczinet.cl\\\/sitio\\\/diocesis-de-santa-maria-de-los-angeles\\\/\",\"name\":\"Di\u00f3cesis de Santa Mar\u00eda de Los Angeles - Nuestro Bio B\u00edo\",\"isPartOf\":{\"@id\":\"https:\\\/\\\/www.fraczinet.cl\\\/sitio\\\/#website\"},\"primaryImageOfPage\":{\"@id\":\"https:\\\/\\\/www.fraczinet.cl\\\/sitio\\\/diocesis-de-santa-maria-de-los-angeles\\\/#primaryimage\"},\"image\":{\"@id\":\"https:\\\/\\\/www.fraczinet.cl\\\/sitio\\\/diocesis-de-santa-maria-de-los-angeles\\\/#primaryimage\"},\"thumbnailUrl\":\"https:\\\/\\\/www.fraczinet.cl\\\/sitio\\\/wp-content\\\/uploads\\\/2018\\\/02\\\/Santa_Maria_de_Los_Angeles1.jpg\",\"datePublished\":\"2018-02-15T02:15:00+00:00\",\"dateModified\":\"2021-08-11T01:19:21+00:00\",\"author\":{\"@id\":\"\"},\"breadcrumb\":{\"@id\":\"https:\\\/\\\/www.fraczinet.cl\\\/sitio\\\/diocesis-de-santa-maria-de-los-angeles\\\/#breadcrumb\"},\"inLanguage\":\"es\",\"potentialAction\":[{\"@type\":\"ReadAction\",\"target\":[\"https:\\\/\\\/www.fraczinet.cl\\\/sitio\\\/diocesis-de-santa-maria-de-los-angeles\\\/\"]}]},{\"@type\":\"ImageObject\",\"inLanguage\":\"es\",\"@id\":\"https:\\\/\\\/www.fraczinet.cl\\\/sitio\\\/diocesis-de-santa-maria-de-los-angeles\\\/#primaryimage\",\"url\":\"https:\\\/\\\/www.fraczinet.cl\\\/sitio\\\/wp-content\\\/uploads\\\/2018\\\/02\\\/Santa_Maria_de_Los_Angeles1.jpg\",\"contentUrl\":\"https:\\\/\\\/www.fraczinet.cl\\\/sitio\\\/wp-content\\\/uploads\\\/2018\\\/02\\\/Santa_Maria_de_Los_Angeles1.jpg\",\"width\":143,\"height\":89},{\"@type\":\"BreadcrumbList\",\"@id\":\"https:\\\/\\\/www.fraczinet.cl\\\/sitio\\\/diocesis-de-santa-maria-de-los-angeles\\\/#breadcrumb\",\"itemListElement\":[{\"@type\":\"ListItem\",\"position\":1,\"name\":\"Portada\",\"item\":\"https:\\\/\\\/www.fraczinet.cl\\\/sitio\\\/\"},{\"@type\":\"ListItem\",\"position\":2,\"name\":\"Di\u00f3cesis de Santa Mar\u00eda de Los Angeles\"}]},{\"@type\":\"WebSite\",\"@id\":\"https:\\\/\\\/www.fraczinet.cl\\\/sitio\\\/#website\",\"url\":\"https:\\\/\\\/www.fraczinet.cl\\\/sitio\\\/\",\"name\":\"Nuestro Bio B\u00edo\",\"description\":\"Tierra de Encuentros\",\"potentialAction\":[{\"@type\":\"SearchAction\",\"target\":{\"@type\":\"EntryPoint\",\"urlTemplate\":\"https:\\\/\\\/www.fraczinet.cl\\\/sitio\\\/?s={search_term_string}\"},\"query-input\":{\"@type\":\"PropertyValueSpecification\",\"valueRequired\":true,\"valueName\":\"search_term_string\"}}],\"inLanguage\":\"es\"},{\"@type\":\"Person\",\"@id\":\"\"}]}<\/script>\n<!-- \/ Yoast SEO plugin. -->","yoast_head_json":{"title":"Di\u00f3cesis de Santa Mar\u00eda de Los Angeles - Nuestro Bio B\u00edo","robots":{"index":"index","follow":"follow","max-snippet":"max-snippet:-1","max-image-preview":"max-image-preview:large","max-video-preview":"max-video-preview:-1"},"canonical":"https:\/\/www.fraczinet.cl\/sitio\/diocesis-de-santa-maria-de-los-angeles\/","og_locale":"es_ES","og_type":"article","og_title":"Di\u00f3cesis de Santa Mar\u00eda de Los Angeles - Nuestro Bio B\u00edo","og_description":"A veces hay divergencia de opiniones en cuanto al nombre verdadero de la ciudad de Los \u00c1ngeles. Unos dicen que el gobernador de la Capitan\u00eda General de Chile, don Jos\u00e9 Manso de Velasco, mand\u00f3 al sargento mayor, don Pedro de C\u00f3rdoba y Figueroa, que fundara una villa en este lugar con el nombre de \u00abLos [&hellip;]","og_url":"https:\/\/www.fraczinet.cl\/sitio\/diocesis-de-santa-maria-de-los-angeles\/","og_site_name":"Nuestro Bio B\u00edo","article_publisher":"https:\/\/www.facebook.com\/groups\/15721414452\/","article_published_time":"2018-02-15T02:15:00+00:00","article_modified_time":"2021-08-11T01:19:21+00:00","og_image":[{"width":143,"height":89,"url":"https:\/\/www.fraczinet.cl\/sitio\/wp-content\/uploads\/2018\/02\/Santa_Maria_de_Los_Angeles1.jpg","type":"image\/jpeg"}],"twitter_card":"summary_large_image","twitter_creator":"@nuestrobiobio","twitter_site":"@nuestrobiobio","twitter_misc":{"Escrito por":"","Tiempo de lectura":"5 minutos"},"schema":{"@context":"https:\/\/schema.org","@graph":[{"@type":"Article","@id":"https:\/\/www.fraczinet.cl\/sitio\/diocesis-de-santa-maria-de-los-angeles\/#article","isPartOf":{"@id":"https:\/\/www.fraczinet.cl\/sitio\/diocesis-de-santa-maria-de-los-angeles\/"},"author":{"name":"","@id":""},"headline":"Di\u00f3cesis de Santa Mar\u00eda de Los Angeles","datePublished":"2018-02-15T02:15:00+00:00","dateModified":"2021-08-11T01:19:21+00:00","mainEntityOfPage":{"@id":"https:\/\/www.fraczinet.cl\/sitio\/diocesis-de-santa-maria-de-los-angeles\/"},"wordCount":1039,"commentCount":0,"image":{"@id":"https:\/\/www.fraczinet.cl\/sitio\/diocesis-de-santa-maria-de-los-angeles\/#primaryimage"},"thumbnailUrl":"https:\/\/www.fraczinet.cl\/sitio\/wp-content\/uploads\/2018\/02\/Santa_Maria_de_Los_Angeles1.jpg","articleSection":["Historia","Iglesias y Capillas","Los \u00c1ngeles"],"inLanguage":"es","potentialAction":[{"@type":"CommentAction","name":"Comment","target":["https:\/\/www.fraczinet.cl\/sitio\/diocesis-de-santa-maria-de-los-angeles\/#respond"]}]},{"@type":"WebPage","@id":"https:\/\/www.fraczinet.cl\/sitio\/diocesis-de-santa-maria-de-los-angeles\/","url":"https:\/\/www.fraczinet.cl\/sitio\/diocesis-de-santa-maria-de-los-angeles\/","name":"Di\u00f3cesis de Santa Mar\u00eda de Los Angeles - Nuestro Bio B\u00edo","isPartOf":{"@id":"https:\/\/www.fraczinet.cl\/sitio\/#website"},"primaryImageOfPage":{"@id":"https:\/\/www.fraczinet.cl\/sitio\/diocesis-de-santa-maria-de-los-angeles\/#primaryimage"},"image":{"@id":"https:\/\/www.fraczinet.cl\/sitio\/diocesis-de-santa-maria-de-los-angeles\/#primaryimage"},"thumbnailUrl":"https:\/\/www.fraczinet.cl\/sitio\/wp-content\/uploads\/2018\/02\/Santa_Maria_de_Los_Angeles1.jpg","datePublished":"2018-02-15T02:15:00+00:00","dateModified":"2021-08-11T01:19:21+00:00","author":{"@id":""},"breadcrumb":{"@id":"https:\/\/www.fraczinet.cl\/sitio\/diocesis-de-santa-maria-de-los-angeles\/#breadcrumb"},"inLanguage":"es","potentialAction":[{"@type":"ReadAction","target":["https:\/\/www.fraczinet.cl\/sitio\/diocesis-de-santa-maria-de-los-angeles\/"]}]},{"@type":"ImageObject","inLanguage":"es","@id":"https:\/\/www.fraczinet.cl\/sitio\/diocesis-de-santa-maria-de-los-angeles\/#primaryimage","url":"https:\/\/www.fraczinet.cl\/sitio\/wp-content\/uploads\/2018\/02\/Santa_Maria_de_Los_Angeles1.jpg","contentUrl":"https:\/\/www.fraczinet.cl\/sitio\/wp-content\/uploads\/2018\/02\/Santa_Maria_de_Los_Angeles1.jpg","width":143,"height":89},{"@type":"BreadcrumbList","@id":"https:\/\/www.fraczinet.cl\/sitio\/diocesis-de-santa-maria-de-los-angeles\/#breadcrumb","itemListElement":[{"@type":"ListItem","position":1,"name":"Portada","item":"https:\/\/www.fraczinet.cl\/sitio\/"},{"@type":"ListItem","position":2,"name":"Di\u00f3cesis de Santa Mar\u00eda de Los Angeles"}]},{"@type":"WebSite","@id":"https:\/\/www.fraczinet.cl\/sitio\/#website","url":"https:\/\/www.fraczinet.cl\/sitio\/","name":"Nuestro Bio B\u00edo","description":"Tierra de Encuentros","potentialAction":[{"@type":"SearchAction","target":{"@type":"EntryPoint","urlTemplate":"https:\/\/www.fraczinet.cl\/sitio\/?s={search_term_string}"},"query-input":{"@type":"PropertyValueSpecification","valueRequired":true,"valueName":"search_term_string"}}],"inLanguage":"es"},{"@type":"Person","@id":""}]}},"_links":{"self":[{"href":"https:\/\/www.fraczinet.cl\/sitio\/wp-json\/wp\/v2\/posts\/2938","targetHints":{"allow":["GET"]}}],"collection":[{"href":"https:\/\/www.fraczinet.cl\/sitio\/wp-json\/wp\/v2\/posts"}],"about":[{"href":"https:\/\/www.fraczinet.cl\/sitio\/wp-json\/wp\/v2\/types\/post"}],"author":[{"embeddable":true,"href":"https:\/\/www.fraczinet.cl\/sitio\/wp-json\/wp\/v2\/users\/1"}],"replies":[{"embeddable":true,"href":"https:\/\/www.fraczinet.cl\/sitio\/wp-json\/wp\/v2\/comments?post=2938"}],"version-history":[{"count":2,"href":"https:\/\/www.fraczinet.cl\/sitio\/wp-json\/wp\/v2\/posts\/2938\/revisions"}],"predecessor-version":[{"id":4020,"href":"https:\/\/www.fraczinet.cl\/sitio\/wp-json\/wp\/v2\/posts\/2938\/revisions\/4020"}],"wp:featuredmedia":[{"embeddable":true,"href":"https:\/\/www.fraczinet.cl\/sitio\/wp-json\/wp\/v2\/media\/3011"}],"wp:attachment":[{"href":"https:\/\/www.fraczinet.cl\/sitio\/wp-json\/wp\/v2\/media?parent=2938"}],"wp:term":[{"taxonomy":"category","embeddable":true,"href":"https:\/\/www.fraczinet.cl\/sitio\/wp-json\/wp\/v2\/categories?post=2938"},{"taxonomy":"post_tag","embeddable":true,"href":"https:\/\/www.fraczinet.cl\/sitio\/wp-json\/wp\/v2\/tags?post=2938"}],"curies":[{"name":"wp","href":"https:\/\/api.w.org\/{rel}","templated":true}]}}