{"id":2954,"date":"2010-01-16T04:14:00","date_gmt":"2010-01-16T04:14:00","guid":{"rendered":""},"modified":"2021-08-01T00:48:53","modified_gmt":"2021-08-01T00:48:53","slug":"capilla-hospital-san-sebastian","status":"publish","type":"post","link":"https:\/\/www.fraczinet.cl\/sitio\/capilla-hospital-san-sebastian\/","title":{"rendered":"Capilla Hospital San Sebastian"},"content":{"rendered":"<div style=\"clear: both; text-align: center;\"><a href=\"https:\/\/www.fraczinet.cl\/sitio\/wp-content\/uploads\/2010\/01\/1-3.jpg\" style=\"clear: left; float: left; margin-bottom: 1em; margin-right: 1em;\"><img fetchpriority=\"high\" decoding=\"async\" border=\"0\" data-original-height=\"365\" data-original-width=\"552\" height=\"211\" src=\"https:\/\/www.fraczinet.cl\/sitio\/wp-content\/uploads\/2010\/01\/1-3-300x198.jpg\" width=\"320\" \/><\/a><\/div>\n<div style=\"text-align: justify;\">Parte de la trama del antiguo Hospital San Sebasti\u00e1n de Los \u00c1ngeles, hoy desaparecido. Fue inaugurada la Capilla en 1877. Afectada por terremotos fue reparada en 1916. <\/div>\n<div style=\"text-align: justify;\"><\/div>\n<div style=\"text-align: justify;\">Declarada Monumento Hist\u00f3rico en 1989 por el Consejo de Monumentos Nacionales, requiere con urgencia una reparaci\u00f3n integral, ya que tiene da\u00f1os estructurales, deterioro de los pilares centrales y mal estado de techumbres y ventanales.<\/div>\n<div style=\"text-align: justify;\"><\/div>\n<div style=\"text-align: justify;\">Se empez\u00f3 a  construir el a\u0144o 1916 y los trabajos finalizaron en 1924. Los  materiales empleados en su construcci\u00f3n fueron adobes, maderas y piedras  en los cimientos.&nbsp;<\/div>\n<div style=\"text-align: justify;\"><\/div>\n<div style=\"text-align: justify;\">La capilla, desde el punto de vista formal, se caracteriza por su gran  volumen, por el equilibrio que se ha logrado al dotarla con un  estilizado campanario y una galer\u00eda cubierta hacia el norte. Las  ventanas que se extienden a todo el largo de las murallas laterales le  dan al interior una inmejorable iluminaci\u00f3n.<\/div>\n<div style=\"text-align: justify;\"><\/div>\n<div style=\"text-align: justify;\">Es interesante el  tratamiento que se ha dado al z\u00f3calo de la galer\u00eda; en la ciudad quedan  casas de principios de siglo (calle Caupolic\u00e1n y Mendoza) que llevan en  el frontis ornamentos semejantes.        La construcci\u00f3n, actualmente, se mantiene en buen estado de  conservaci\u00f3n, no obstante, fue dif\u00edcil evitar. Antes que se cambiara la  techumbre, que las filtraciones de las aguas lluvias no deterioraran el  extenso lienzo, pegado en la b\u00f3veda, pintado con motivos sacros. Es  monumento hist\u00f3rico nacional.     <\/div>\n<div style=\"text-align: justify;\"><\/div>\n<div style=\"text-align: justify;\">Con la construcci\u00f3n del nuevo hospital, el a\u00f1o \u201853, la Capilla perdi\u00f3 presencia hacia la calle Carrera, quedando confinada a un patio interior y perdiendo su relaci\u00f3n con la ciudad, situaci\u00f3n que ha empeorado con la reciente Normalizaci\u00f3n del Hospital.<\/div>\n<div style=\"text-align: justify;\"><\/div>\n<div style=\"text-align: justify;\">Propietario: Servicio Salud Bio B\u00edo<\/div>\n<div style=\"text-align: justify;\">Direcci\u00f3n: Los Carrera interior Hospital Los \u00c1ngeles<\/div>\n<div style=\"text-align: justify;\">A\u00f1o Construcci\u00f3n: 1877<\/div>\n<p><\/p>\n<div style=\"clear: both; text-align: center;\"><a href=\"https:\/\/www.fraczinet.cl\/sitio\/wp-content\/uploads\/2010\/01\/1-4.jpg\" style=\"margin-left: 1em; margin-right: 1em;\"><img decoding=\"async\" border=\"0\" data-original-height=\"365\" data-original-width=\"552\" height=\"211\" src=\"https:\/\/www.fraczinet.cl\/sitio\/wp-content\/uploads\/2010\/01\/1-4-300x198.jpg\" width=\"320\" \/><\/a><\/div>\n<p><\/p>\n<div style=\"clear: both; text-align: center;\"><a href=\"https:\/\/www.fraczinet.cl\/sitio\/wp-content\/uploads\/2010\/01\/2-1.jpg\" style=\"margin-left: 1em; margin-right: 1em;\"><img decoding=\"async\" border=\"0\" data-original-height=\"365\" data-original-width=\"556\" height=\"210\" src=\"https:\/\/www.fraczinet.cl\/sitio\/wp-content\/uploads\/2010\/01\/2-1-300x197.jpg\" width=\"320\" \/><\/a><\/div>\n<p><\/p>\n<div style=\"clear: both; text-align: center;\"><a href=\"https:\/\/www.fraczinet.cl\/sitio\/wp-content\/uploads\/2010\/01\/3-1.jpg\" style=\"margin-left: 1em; margin-right: 1em;\"><img loading=\"lazy\" decoding=\"async\" border=\"0\" data-original-height=\"365\" data-original-width=\"548\" height=\"213\" src=\"https:\/\/www.fraczinet.cl\/sitio\/wp-content\/uploads\/2010\/01\/3-1-300x200.jpg\" width=\"320\" \/><\/a><\/div>\n<p><\/p>\n<div style=\"clear: both; text-align: center;\"><a href=\"https:\/\/www.fraczinet.cl\/sitio\/wp-content\/uploads\/2010\/01\/4-1.jpg\" style=\"margin-left: 1em; margin-right: 1em;\"><img loading=\"lazy\" decoding=\"async\" border=\"0\" data-original-height=\"365\" data-original-width=\"592\" height=\"197\" src=\"https:\/\/www.fraczinet.cl\/sitio\/wp-content\/uploads\/2010\/01\/4-1-300x185.jpg\" width=\"320\" \/><\/a><\/div>\n<p><\/p>\n<div style=\"clear: both; text-align: center;\"><a href=\"https:\/\/www.fraczinet.cl\/sitio\/wp-content\/uploads\/2010\/01\/5-1.jpg\" style=\"margin-left: 1em; margin-right: 1em;\"><img loading=\"lazy\" decoding=\"async\" border=\"0\" data-original-height=\"365\" data-original-width=\"340\" height=\"320\" src=\"https:\/\/www.fraczinet.cl\/sitio\/wp-content\/uploads\/2010\/01\/5-1-279x300.jpg\" width=\"298\" \/><\/a><\/div>\n","protected":false},"excerpt":{"rendered":"<p>Parte de la trama del antiguo Hospital San Sebasti\u00e1n de Los \u00c1ngeles, hoy desaparecido. Fue inaugurada la Capilla en 1877. Afectada por terremotos fue reparada en 1916. Declarada Monumento Hist\u00f3rico en 1989 por el Consejo de Monumentos Nacionales, requiere con urgencia una reparaci\u00f3n integral, ya que tiene da\u00f1os estructurales, deterioro de los pilares centrales y [&hellip;]<\/p>\n","protected":false},"author":1,"featured_media":3051,"comment_status":"open","ping_status":"closed","sticky":false,"template":"","format":"standard","meta":{"footnotes":""},"categories":[10,3,65,26,17],"tags":[],"class_list":["post-2954","post","type-post","status-publish","format-standard","has-post-thumbnail","hentry","category-historia","category-iglesias-y-capillas","category-los-angeles","category-monumentos","category-patrimonio-arquitectonico"],"yoast_head":"<!-- This site is optimized with the Yoast SEO plugin v28.2 - https:\/\/yoast.com\/product\/yoast-seo-wordpress\/ -->\n<title>Capilla Hospital San Sebastian - Nuestro Bio B\u00edo<\/title>\n<meta name=\"robots\" content=\"index, follow, max-snippet:-1, max-image-preview:large, max-video-preview:-1\" \/>\n<link rel=\"canonical\" href=\"https:\/\/www.fraczinet.cl\/sitio\/capilla-hospital-san-sebastian\/\" \/>\n<meta property=\"og:locale\" content=\"es_ES\" \/>\n<meta property=\"og:type\" content=\"article\" \/>\n<meta property=\"og:title\" content=\"Capilla Hospital San Sebastian - Nuestro Bio B\u00edo\" \/>\n<meta property=\"og:description\" content=\"Parte de la trama del antiguo Hospital San Sebasti\u00e1n de Los \u00c1ngeles, hoy desaparecido. Fue inaugurada la Capilla en 1877. Afectada por terremotos fue reparada en 1916. Declarada Monumento Hist\u00f3rico en 1989 por el Consejo de Monumentos Nacionales, requiere con urgencia una reparaci\u00f3n integral, ya que tiene da\u00f1os estructurales, deterioro de los pilares centrales y [&hellip;]\" \/>\n<meta property=\"og:url\" content=\"https:\/\/www.fraczinet.cl\/sitio\/capilla-hospital-san-sebastian\/\" \/>\n<meta property=\"og:site_name\" content=\"Nuestro Bio B\u00edo\" \/>\n<meta property=\"article:publisher\" content=\"https:\/\/www.facebook.com\/groups\/15721414452\/\" \/>\n<meta property=\"article:published_time\" content=\"2010-01-16T04:14:00+00:00\" \/>\n<meta property=\"article:modified_time\" content=\"2021-08-01T00:48:53+00:00\" \/>\n<meta property=\"og:image\" content=\"https:\/\/www.fraczinet.cl\/sitio\/wp-content\/uploads\/2010\/01\/1-3.jpg\" \/>\n\t<meta property=\"og:image:width\" content=\"552\" \/>\n\t<meta property=\"og:image:height\" content=\"365\" \/>\n\t<meta property=\"og:image:type\" content=\"image\/jpeg\" \/>\n<meta name=\"twitter:card\" content=\"summary_large_image\" \/>\n<meta name=\"twitter:creator\" content=\"@nuestrobiobio\" \/>\n<meta name=\"twitter:site\" content=\"@nuestrobiobio\" \/>\n<meta name=\"twitter:label1\" content=\"Escrito por\" \/>\n\t<meta name=\"twitter:data1\" content=\"\" \/>\n\t<meta name=\"twitter:label2\" content=\"Tiempo de lectura\" \/>\n\t<meta name=\"twitter:data2\" content=\"1 minuto\" \/>\n<script type=\"application\/ld+json\" class=\"yoast-schema-graph\">{\"@context\":\"https:\\\/\\\/schema.org\",\"@graph\":[{\"@type\":\"Article\",\"@id\":\"https:\\\/\\\/www.fraczinet.cl\\\/sitio\\\/capilla-hospital-san-sebastian\\\/#article\",\"isPartOf\":{\"@id\":\"https:\\\/\\\/www.fraczinet.cl\\\/sitio\\\/capilla-hospital-san-sebastian\\\/\"},\"author\":{\"name\":\"\",\"@id\":\"\"},\"headline\":\"Capilla Hospital San Sebastian\",\"datePublished\":\"2010-01-16T04:14:00+00:00\",\"dateModified\":\"2021-08-01T00:48:53+00:00\",\"mainEntityOfPage\":{\"@id\":\"https:\\\/\\\/www.fraczinet.cl\\\/sitio\\\/capilla-hospital-san-sebastian\\\/\"},\"wordCount\":298,\"commentCount\":0,\"image\":{\"@id\":\"https:\\\/\\\/www.fraczinet.cl\\\/sitio\\\/capilla-hospital-san-sebastian\\\/#primaryimage\"},\"thumbnailUrl\":\"https:\\\/\\\/www.fraczinet.cl\\\/sitio\\\/wp-content\\\/uploads\\\/2010\\\/01\\\/1-3.jpg\",\"articleSection\":[\"Historia\",\"Iglesias y Capillas\",\"Los \u00c1ngeles\",\"Monumentos\",\"Patrimonio Arquitect\u00f3nico\"],\"inLanguage\":\"es\",\"potentialAction\":[{\"@type\":\"CommentAction\",\"name\":\"Comment\",\"target\":[\"https:\\\/\\\/www.fraczinet.cl\\\/sitio\\\/capilla-hospital-san-sebastian\\\/#respond\"]}]},{\"@type\":\"WebPage\",\"@id\":\"https:\\\/\\\/www.fraczinet.cl\\\/sitio\\\/capilla-hospital-san-sebastian\\\/\",\"url\":\"https:\\\/\\\/www.fraczinet.cl\\\/sitio\\\/capilla-hospital-san-sebastian\\\/\",\"name\":\"Capilla Hospital San Sebastian - Nuestro Bio B\u00edo\",\"isPartOf\":{\"@id\":\"https:\\\/\\\/www.fraczinet.cl\\\/sitio\\\/#website\"},\"primaryImageOfPage\":{\"@id\":\"https:\\\/\\\/www.fraczinet.cl\\\/sitio\\\/capilla-hospital-san-sebastian\\\/#primaryimage\"},\"image\":{\"@id\":\"https:\\\/\\\/www.fraczinet.cl\\\/sitio\\\/capilla-hospital-san-sebastian\\\/#primaryimage\"},\"thumbnailUrl\":\"https:\\\/\\\/www.fraczinet.cl\\\/sitio\\\/wp-content\\\/uploads\\\/2010\\\/01\\\/1-3.jpg\",\"datePublished\":\"2010-01-16T04:14:00+00:00\",\"dateModified\":\"2021-08-01T00:48:53+00:00\",\"author\":{\"@id\":\"\"},\"breadcrumb\":{\"@id\":\"https:\\\/\\\/www.fraczinet.cl\\\/sitio\\\/capilla-hospital-san-sebastian\\\/#breadcrumb\"},\"inLanguage\":\"es\",\"potentialAction\":[{\"@type\":\"ReadAction\",\"target\":[\"https:\\\/\\\/www.fraczinet.cl\\\/sitio\\\/capilla-hospital-san-sebastian\\\/\"]}]},{\"@type\":\"ImageObject\",\"inLanguage\":\"es\",\"@id\":\"https:\\\/\\\/www.fraczinet.cl\\\/sitio\\\/capilla-hospital-san-sebastian\\\/#primaryimage\",\"url\":\"https:\\\/\\\/www.fraczinet.cl\\\/sitio\\\/wp-content\\\/uploads\\\/2010\\\/01\\\/1-3.jpg\",\"contentUrl\":\"https:\\\/\\\/www.fraczinet.cl\\\/sitio\\\/wp-content\\\/uploads\\\/2010\\\/01\\\/1-3.jpg\",\"width\":552,\"height\":365},{\"@type\":\"BreadcrumbList\",\"@id\":\"https:\\\/\\\/www.fraczinet.cl\\\/sitio\\\/capilla-hospital-san-sebastian\\\/#breadcrumb\",\"itemListElement\":[{\"@type\":\"ListItem\",\"position\":1,\"name\":\"Portada\",\"item\":\"https:\\\/\\\/www.fraczinet.cl\\\/sitio\\\/\"},{\"@type\":\"ListItem\",\"position\":2,\"name\":\"Capilla Hospital San Sebastian\"}]},{\"@type\":\"WebSite\",\"@id\":\"https:\\\/\\\/www.fraczinet.cl\\\/sitio\\\/#website\",\"url\":\"https:\\\/\\\/www.fraczinet.cl\\\/sitio\\\/\",\"name\":\"Nuestro Bio B\u00edo\",\"description\":\"Tierra de Encuentros\",\"potentialAction\":[{\"@type\":\"SearchAction\",\"target\":{\"@type\":\"EntryPoint\",\"urlTemplate\":\"https:\\\/\\\/www.fraczinet.cl\\\/sitio\\\/?s={search_term_string}\"},\"query-input\":{\"@type\":\"PropertyValueSpecification\",\"valueRequired\":true,\"valueName\":\"search_term_string\"}}],\"inLanguage\":\"es\"},{\"@type\":\"Person\",\"@id\":\"\"}]}<\/script>\n<!-- \/ Yoast SEO plugin. -->","yoast_head_json":{"title":"Capilla Hospital San Sebastian - Nuestro Bio B\u00edo","robots":{"index":"index","follow":"follow","max-snippet":"max-snippet:-1","max-image-preview":"max-image-preview:large","max-video-preview":"max-video-preview:-1"},"canonical":"https:\/\/www.fraczinet.cl\/sitio\/capilla-hospital-san-sebastian\/","og_locale":"es_ES","og_type":"article","og_title":"Capilla Hospital San Sebastian - Nuestro Bio B\u00edo","og_description":"Parte de la trama del antiguo Hospital San Sebasti\u00e1n de Los \u00c1ngeles, hoy desaparecido. Fue inaugurada la Capilla en 1877. Afectada por terremotos fue reparada en 1916. Declarada Monumento Hist\u00f3rico en 1989 por el Consejo de Monumentos Nacionales, requiere con urgencia una reparaci\u00f3n integral, ya que tiene da\u00f1os estructurales, deterioro de los pilares centrales y [&hellip;]","og_url":"https:\/\/www.fraczinet.cl\/sitio\/capilla-hospital-san-sebastian\/","og_site_name":"Nuestro Bio B\u00edo","article_publisher":"https:\/\/www.facebook.com\/groups\/15721414452\/","article_published_time":"2010-01-16T04:14:00+00:00","article_modified_time":"2021-08-01T00:48:53+00:00","og_image":[{"width":552,"height":365,"url":"https:\/\/www.fraczinet.cl\/sitio\/wp-content\/uploads\/2010\/01\/1-3.jpg","type":"image\/jpeg"}],"twitter_card":"summary_large_image","twitter_creator":"@nuestrobiobio","twitter_site":"@nuestrobiobio","twitter_misc":{"Escrito por":"","Tiempo de lectura":"1 minuto"},"schema":{"@context":"https:\/\/schema.org","@graph":[{"@type":"Article","@id":"https:\/\/www.fraczinet.cl\/sitio\/capilla-hospital-san-sebastian\/#article","isPartOf":{"@id":"https:\/\/www.fraczinet.cl\/sitio\/capilla-hospital-san-sebastian\/"},"author":{"name":"","@id":""},"headline":"Capilla Hospital San Sebastian","datePublished":"2010-01-16T04:14:00+00:00","dateModified":"2021-08-01T00:48:53+00:00","mainEntityOfPage":{"@id":"https:\/\/www.fraczinet.cl\/sitio\/capilla-hospital-san-sebastian\/"},"wordCount":298,"commentCount":0,"image":{"@id":"https:\/\/www.fraczinet.cl\/sitio\/capilla-hospital-san-sebastian\/#primaryimage"},"thumbnailUrl":"https:\/\/www.fraczinet.cl\/sitio\/wp-content\/uploads\/2010\/01\/1-3.jpg","articleSection":["Historia","Iglesias y Capillas","Los \u00c1ngeles","Monumentos","Patrimonio Arquitect\u00f3nico"],"inLanguage":"es","potentialAction":[{"@type":"CommentAction","name":"Comment","target":["https:\/\/www.fraczinet.cl\/sitio\/capilla-hospital-san-sebastian\/#respond"]}]},{"@type":"WebPage","@id":"https:\/\/www.fraczinet.cl\/sitio\/capilla-hospital-san-sebastian\/","url":"https:\/\/www.fraczinet.cl\/sitio\/capilla-hospital-san-sebastian\/","name":"Capilla Hospital San Sebastian - Nuestro Bio B\u00edo","isPartOf":{"@id":"https:\/\/www.fraczinet.cl\/sitio\/#website"},"primaryImageOfPage":{"@id":"https:\/\/www.fraczinet.cl\/sitio\/capilla-hospital-san-sebastian\/#primaryimage"},"image":{"@id":"https:\/\/www.fraczinet.cl\/sitio\/capilla-hospital-san-sebastian\/#primaryimage"},"thumbnailUrl":"https:\/\/www.fraczinet.cl\/sitio\/wp-content\/uploads\/2010\/01\/1-3.jpg","datePublished":"2010-01-16T04:14:00+00:00","dateModified":"2021-08-01T00:48:53+00:00","author":{"@id":""},"breadcrumb":{"@id":"https:\/\/www.fraczinet.cl\/sitio\/capilla-hospital-san-sebastian\/#breadcrumb"},"inLanguage":"es","potentialAction":[{"@type":"ReadAction","target":["https:\/\/www.fraczinet.cl\/sitio\/capilla-hospital-san-sebastian\/"]}]},{"@type":"ImageObject","inLanguage":"es","@id":"https:\/\/www.fraczinet.cl\/sitio\/capilla-hospital-san-sebastian\/#primaryimage","url":"https:\/\/www.fraczinet.cl\/sitio\/wp-content\/uploads\/2010\/01\/1-3.jpg","contentUrl":"https:\/\/www.fraczinet.cl\/sitio\/wp-content\/uploads\/2010\/01\/1-3.jpg","width":552,"height":365},{"@type":"BreadcrumbList","@id":"https:\/\/www.fraczinet.cl\/sitio\/capilla-hospital-san-sebastian\/#breadcrumb","itemListElement":[{"@type":"ListItem","position":1,"name":"Portada","item":"https:\/\/www.fraczinet.cl\/sitio\/"},{"@type":"ListItem","position":2,"name":"Capilla Hospital San Sebastian"}]},{"@type":"WebSite","@id":"https:\/\/www.fraczinet.cl\/sitio\/#website","url":"https:\/\/www.fraczinet.cl\/sitio\/","name":"Nuestro Bio B\u00edo","description":"Tierra de Encuentros","potentialAction":[{"@type":"SearchAction","target":{"@type":"EntryPoint","urlTemplate":"https:\/\/www.fraczinet.cl\/sitio\/?s={search_term_string}"},"query-input":{"@type":"PropertyValueSpecification","valueRequired":true,"valueName":"search_term_string"}}],"inLanguage":"es"},{"@type":"Person","@id":""}]}},"_links":{"self":[{"href":"https:\/\/www.fraczinet.cl\/sitio\/wp-json\/wp\/v2\/posts\/2954","targetHints":{"allow":["GET"]}}],"collection":[{"href":"https:\/\/www.fraczinet.cl\/sitio\/wp-json\/wp\/v2\/posts"}],"about":[{"href":"https:\/\/www.fraczinet.cl\/sitio\/wp-json\/wp\/v2\/types\/post"}],"author":[{"embeddable":true,"href":"https:\/\/www.fraczinet.cl\/sitio\/wp-json\/wp\/v2\/users\/1"}],"replies":[{"embeddable":true,"href":"https:\/\/www.fraczinet.cl\/sitio\/wp-json\/wp\/v2\/comments?post=2954"}],"version-history":[{"count":1,"href":"https:\/\/www.fraczinet.cl\/sitio\/wp-json\/wp\/v2\/posts\/2954\/revisions"}],"predecessor-version":[{"id":3057,"href":"https:\/\/www.fraczinet.cl\/sitio\/wp-json\/wp\/v2\/posts\/2954\/revisions\/3057"}],"wp:featuredmedia":[{"embeddable":true,"href":"https:\/\/www.fraczinet.cl\/sitio\/wp-json\/wp\/v2\/media\/3051"}],"wp:attachment":[{"href":"https:\/\/www.fraczinet.cl\/sitio\/wp-json\/wp\/v2\/media?parent=2954"}],"wp:term":[{"taxonomy":"category","embeddable":true,"href":"https:\/\/www.fraczinet.cl\/sitio\/wp-json\/wp\/v2\/categories?post=2954"},{"taxonomy":"post_tag","embeddable":true,"href":"https:\/\/www.fraczinet.cl\/sitio\/wp-json\/wp\/v2\/tags?post=2954"}],"curies":[{"name":"wp","href":"https:\/\/api.w.org\/{rel}","templated":true}]}}