{"id":3365,"date":"2010-07-03T21:37:00","date_gmt":"2010-07-03T21:37:00","guid":{"rendered":""},"modified":"2021-08-11T01:19:21","modified_gmt":"2021-08-11T01:19:21","slug":"fiestas-y-tradiciones-de-quilaco","status":"publish","type":"post","link":"https:\/\/www.fraczinet.cl\/sitio\/fiestas-y-tradiciones-de-quilaco\/","title":{"rendered":"Fiestas y Tradiciones de Quilaco"},"content":{"rendered":"<p><b>Rodeo Comunal y Feria Artesanal<\/b><br \/>Fiesta que combina lo criollo, popular y la recreaci\u00f3n juvenil<br \/>Fecha: Segunda quincena de enero<br \/>Lugar: Media luna Municipal<\/p>\n<p>En la comuna de Quilaco tambi\u00e9n se desarrollan otras actividades durante el a\u00f1o.<\/p>\n<p>o Festival de la Voz<br \/>o Temporada de Teatro<br \/>o Muestra de Campeones de Cueca<br \/>o D\u00eda de la Danza<br \/>o D\u00eda del Libro<br \/>o D\u00eda del Patrimonio<\/p>\n","protected":false},"excerpt":{"rendered":"<p>Rodeo Comunal y Feria ArtesanalFiesta que combina lo criollo, popular y la recreaci\u00f3n juvenilFecha: Segunda quincena de eneroLugar: Media luna Municipal En la comuna de Quilaco tambi\u00e9n se desarrollan otras actividades durante el a\u00f1o. o Festival de la Vozo Temporada de Teatroo Muestra de Campeones de Cuecao D\u00eda de la Danzao D\u00eda del Libroo D\u00eda [&hellip;]<\/p>\n","protected":false},"author":1,"featured_media":0,"comment_status":"open","ping_status":"closed","sticky":false,"template":"","format":"standard","meta":{"footnotes":""},"categories":[7,85],"tags":[],"class_list":["post-3365","post","type-post","status-publish","format-standard","hentry","category-fiestas-y-tradiciones","category-quilaco"],"yoast_head":"<!-- This site is optimized with the Yoast SEO plugin v28.2 - https:\/\/yoast.com\/product\/yoast-seo-wordpress\/ -->\n<title>Fiestas y Tradiciones de Quilaco - Nuestro Bio B\u00edo<\/title>\n<meta name=\"robots\" content=\"index, follow, max-snippet:-1, max-image-preview:large, max-video-preview:-1\" \/>\n<link rel=\"canonical\" href=\"https:\/\/www.fraczinet.cl\/sitio\/fiestas-y-tradiciones-de-quilaco\/\" \/>\n<meta property=\"og:locale\" content=\"es_ES\" \/>\n<meta property=\"og:type\" content=\"article\" \/>\n<meta property=\"og:title\" content=\"Fiestas y Tradiciones de Quilaco - Nuestro Bio B\u00edo\" \/>\n<meta property=\"og:description\" content=\"Rodeo Comunal y Feria ArtesanalFiesta que combina lo criollo, popular y la recreaci\u00f3n juvenilFecha: Segunda quincena de eneroLugar: Media luna Municipal En la comuna de Quilaco tambi\u00e9n se desarrollan otras actividades durante el a\u00f1o. o Festival de la Vozo Temporada de Teatroo Muestra de Campeones de Cuecao D\u00eda de la Danzao D\u00eda del Libroo D\u00eda [&hellip;]\" \/>\n<meta property=\"og:url\" content=\"https:\/\/www.fraczinet.cl\/sitio\/fiestas-y-tradiciones-de-quilaco\/\" \/>\n<meta property=\"og:site_name\" content=\"Nuestro Bio B\u00edo\" \/>\n<meta property=\"article:publisher\" content=\"https:\/\/www.facebook.com\/groups\/15721414452\/\" \/>\n<meta property=\"article:published_time\" content=\"2010-07-03T21:37:00+00:00\" \/>\n<meta property=\"article:modified_time\" content=\"2021-08-11T01:19:21+00:00\" \/>\n<meta property=\"og:image\" content=\"https:\/\/www.fraczinet.cl\/sitio\/wp-content\/uploads\/2021\/07\/bannerlogo-1.gif\" \/>\n\t<meta property=\"og:image:width\" content=\"159\" \/>\n\t<meta property=\"og:image:height\" content=\"79\" \/>\n\t<meta property=\"og:image:type\" content=\"image\/gif\" \/>\n<meta name=\"twitter:card\" content=\"summary_large_image\" \/>\n<meta name=\"twitter:creator\" content=\"@nuestrobiobio\" \/>\n<meta name=\"twitter:site\" content=\"@nuestrobiobio\" \/>\n<meta name=\"twitter:label1\" content=\"Escrito por\" \/>\n\t<meta name=\"twitter:data1\" content=\"\" \/>\n<script type=\"application\/ld+json\" class=\"yoast-schema-graph\">{\"@context\":\"https:\\\/\\\/schema.org\",\"@graph\":[{\"@type\":\"Article\",\"@id\":\"https:\\\/\\\/www.fraczinet.cl\\\/sitio\\\/fiestas-y-tradiciones-de-quilaco\\\/#article\",\"isPartOf\":{\"@id\":\"https:\\\/\\\/www.fraczinet.cl\\\/sitio\\\/fiestas-y-tradiciones-de-quilaco\\\/\"},\"author\":{\"name\":\"\",\"@id\":\"\"},\"headline\":\"Fiestas y Tradiciones de Quilaco\",\"datePublished\":\"2010-07-03T21:37:00+00:00\",\"dateModified\":\"2021-08-11T01:19:21+00:00\",\"mainEntityOfPage\":{\"@id\":\"https:\\\/\\\/www.fraczinet.cl\\\/sitio\\\/fiestas-y-tradiciones-de-quilaco\\\/\"},\"wordCount\":69,\"commentCount\":0,\"articleSection\":[\"Fiestas y Tradiciones\",\"Quilaco\"],\"inLanguage\":\"es\",\"potentialAction\":[{\"@type\":\"CommentAction\",\"name\":\"Comment\",\"target\":[\"https:\\\/\\\/www.fraczinet.cl\\\/sitio\\\/fiestas-y-tradiciones-de-quilaco\\\/#respond\"]}]},{\"@type\":\"WebPage\",\"@id\":\"https:\\\/\\\/www.fraczinet.cl\\\/sitio\\\/fiestas-y-tradiciones-de-quilaco\\\/\",\"url\":\"https:\\\/\\\/www.fraczinet.cl\\\/sitio\\\/fiestas-y-tradiciones-de-quilaco\\\/\",\"name\":\"Fiestas y Tradiciones de Quilaco - Nuestro Bio B\u00edo\",\"isPartOf\":{\"@id\":\"https:\\\/\\\/www.fraczinet.cl\\\/sitio\\\/#website\"},\"datePublished\":\"2010-07-03T21:37:00+00:00\",\"dateModified\":\"2021-08-11T01:19:21+00:00\",\"author\":{\"@id\":\"\"},\"breadcrumb\":{\"@id\":\"https:\\\/\\\/www.fraczinet.cl\\\/sitio\\\/fiestas-y-tradiciones-de-quilaco\\\/#breadcrumb\"},\"inLanguage\":\"es\",\"potentialAction\":[{\"@type\":\"ReadAction\",\"target\":[\"https:\\\/\\\/www.fraczinet.cl\\\/sitio\\\/fiestas-y-tradiciones-de-quilaco\\\/\"]}]},{\"@type\":\"BreadcrumbList\",\"@id\":\"https:\\\/\\\/www.fraczinet.cl\\\/sitio\\\/fiestas-y-tradiciones-de-quilaco\\\/#breadcrumb\",\"itemListElement\":[{\"@type\":\"ListItem\",\"position\":1,\"name\":\"Portada\",\"item\":\"https:\\\/\\\/www.fraczinet.cl\\\/sitio\\\/\"},{\"@type\":\"ListItem\",\"position\":2,\"name\":\"Fiestas y Tradiciones de Quilaco\"}]},{\"@type\":\"WebSite\",\"@id\":\"https:\\\/\\\/www.fraczinet.cl\\\/sitio\\\/#website\",\"url\":\"https:\\\/\\\/www.fraczinet.cl\\\/sitio\\\/\",\"name\":\"Nuestro Bio B\u00edo\",\"description\":\"Tierra de Encuentros\",\"potentialAction\":[{\"@type\":\"SearchAction\",\"target\":{\"@type\":\"EntryPoint\",\"urlTemplate\":\"https:\\\/\\\/www.fraczinet.cl\\\/sitio\\\/?s={search_term_string}\"},\"query-input\":{\"@type\":\"PropertyValueSpecification\",\"valueRequired\":true,\"valueName\":\"search_term_string\"}}],\"inLanguage\":\"es\"},{\"@type\":\"Person\",\"@id\":\"\"}]}<\/script>\n<!-- \/ Yoast SEO plugin. -->","yoast_head_json":{"title":"Fiestas y Tradiciones de Quilaco - Nuestro Bio B\u00edo","robots":{"index":"index","follow":"follow","max-snippet":"max-snippet:-1","max-image-preview":"max-image-preview:large","max-video-preview":"max-video-preview:-1"},"canonical":"https:\/\/www.fraczinet.cl\/sitio\/fiestas-y-tradiciones-de-quilaco\/","og_locale":"es_ES","og_type":"article","og_title":"Fiestas y Tradiciones de Quilaco - Nuestro Bio B\u00edo","og_description":"Rodeo Comunal y Feria ArtesanalFiesta que combina lo criollo, popular y la recreaci\u00f3n juvenilFecha: Segunda quincena de eneroLugar: Media luna Municipal En la comuna de Quilaco tambi\u00e9n se desarrollan otras actividades durante el a\u00f1o. o Festival de la Vozo Temporada de Teatroo Muestra de Campeones de Cuecao D\u00eda de la Danzao D\u00eda del Libroo D\u00eda [&hellip;]","og_url":"https:\/\/www.fraczinet.cl\/sitio\/fiestas-y-tradiciones-de-quilaco\/","og_site_name":"Nuestro Bio B\u00edo","article_publisher":"https:\/\/www.facebook.com\/groups\/15721414452\/","article_published_time":"2010-07-03T21:37:00+00:00","article_modified_time":"2021-08-11T01:19:21+00:00","og_image":[{"width":159,"height":79,"url":"https:\/\/www.fraczinet.cl\/sitio\/wp-content\/uploads\/2021\/07\/bannerlogo-1.gif","type":"image\/gif"}],"twitter_card":"summary_large_image","twitter_creator":"@nuestrobiobio","twitter_site":"@nuestrobiobio","twitter_misc":{"Escrito por":""},"schema":{"@context":"https:\/\/schema.org","@graph":[{"@type":"Article","@id":"https:\/\/www.fraczinet.cl\/sitio\/fiestas-y-tradiciones-de-quilaco\/#article","isPartOf":{"@id":"https:\/\/www.fraczinet.cl\/sitio\/fiestas-y-tradiciones-de-quilaco\/"},"author":{"name":"","@id":""},"headline":"Fiestas y Tradiciones de Quilaco","datePublished":"2010-07-03T21:37:00+00:00","dateModified":"2021-08-11T01:19:21+00:00","mainEntityOfPage":{"@id":"https:\/\/www.fraczinet.cl\/sitio\/fiestas-y-tradiciones-de-quilaco\/"},"wordCount":69,"commentCount":0,"articleSection":["Fiestas y Tradiciones","Quilaco"],"inLanguage":"es","potentialAction":[{"@type":"CommentAction","name":"Comment","target":["https:\/\/www.fraczinet.cl\/sitio\/fiestas-y-tradiciones-de-quilaco\/#respond"]}]},{"@type":"WebPage","@id":"https:\/\/www.fraczinet.cl\/sitio\/fiestas-y-tradiciones-de-quilaco\/","url":"https:\/\/www.fraczinet.cl\/sitio\/fiestas-y-tradiciones-de-quilaco\/","name":"Fiestas y Tradiciones de Quilaco - Nuestro Bio B\u00edo","isPartOf":{"@id":"https:\/\/www.fraczinet.cl\/sitio\/#website"},"datePublished":"2010-07-03T21:37:00+00:00","dateModified":"2021-08-11T01:19:21+00:00","author":{"@id":""},"breadcrumb":{"@id":"https:\/\/www.fraczinet.cl\/sitio\/fiestas-y-tradiciones-de-quilaco\/#breadcrumb"},"inLanguage":"es","potentialAction":[{"@type":"ReadAction","target":["https:\/\/www.fraczinet.cl\/sitio\/fiestas-y-tradiciones-de-quilaco\/"]}]},{"@type":"BreadcrumbList","@id":"https:\/\/www.fraczinet.cl\/sitio\/fiestas-y-tradiciones-de-quilaco\/#breadcrumb","itemListElement":[{"@type":"ListItem","position":1,"name":"Portada","item":"https:\/\/www.fraczinet.cl\/sitio\/"},{"@type":"ListItem","position":2,"name":"Fiestas y Tradiciones de Quilaco"}]},{"@type":"WebSite","@id":"https:\/\/www.fraczinet.cl\/sitio\/#website","url":"https:\/\/www.fraczinet.cl\/sitio\/","name":"Nuestro Bio B\u00edo","description":"Tierra de Encuentros","potentialAction":[{"@type":"SearchAction","target":{"@type":"EntryPoint","urlTemplate":"https:\/\/www.fraczinet.cl\/sitio\/?s={search_term_string}"},"query-input":{"@type":"PropertyValueSpecification","valueRequired":true,"valueName":"search_term_string"}}],"inLanguage":"es"},{"@type":"Person","@id":""}]}},"_links":{"self":[{"href":"https:\/\/www.fraczinet.cl\/sitio\/wp-json\/wp\/v2\/posts\/3365","targetHints":{"allow":["GET"]}}],"collection":[{"href":"https:\/\/www.fraczinet.cl\/sitio\/wp-json\/wp\/v2\/posts"}],"about":[{"href":"https:\/\/www.fraczinet.cl\/sitio\/wp-json\/wp\/v2\/types\/post"}],"author":[{"embeddable":true,"href":"https:\/\/www.fraczinet.cl\/sitio\/wp-json\/wp\/v2\/users\/1"}],"replies":[{"embeddable":true,"href":"https:\/\/www.fraczinet.cl\/sitio\/wp-json\/wp\/v2\/comments?post=3365"}],"version-history":[{"count":1,"href":"https:\/\/www.fraczinet.cl\/sitio\/wp-json\/wp\/v2\/posts\/3365\/revisions"}],"predecessor-version":[{"id":3372,"href":"https:\/\/www.fraczinet.cl\/sitio\/wp-json\/wp\/v2\/posts\/3365\/revisions\/3372"}],"wp:attachment":[{"href":"https:\/\/www.fraczinet.cl\/sitio\/wp-json\/wp\/v2\/media?parent=3365"}],"wp:term":[{"taxonomy":"category","embeddable":true,"href":"https:\/\/www.fraczinet.cl\/sitio\/wp-json\/wp\/v2\/categories?post=3365"},{"taxonomy":"post_tag","embeddable":true,"href":"https:\/\/www.fraczinet.cl\/sitio\/wp-json\/wp\/v2\/tags?post=3365"}],"curies":[{"name":"wp","href":"https:\/\/api.w.org\/{rel}","templated":true}]}}