{"id":3644,"date":"2009-05-26T02:46:00","date_gmt":"2009-05-26T02:46:00","guid":{"rendered":""},"modified":"2022-10-06T22:57:34","modified_gmt":"2022-10-06T22:57:34","slug":"maria-cristina-ogalde","status":"publish","type":"post","link":"https:\/\/www.fraczinet.cl\/sitio\/2009\/05\/26\/maria-cristina-ogalde\/","title":{"rendered":"Mar\u00eda Cristina Ogalde"},"content":{"rendered":"<p>Escritora, narradora, gestora cultural, Directora de la Revista Digital Periferia, con estudios de Teolog\u00eda y Psicolog\u00eda en la Universidad Cat\u00f3lica de Valpara\u00edso, en la Pontificia Universidad de Roma y en la Universidad de Rio Grande do Sul, Brasil. Por m\u00e1s de veinte a\u00f1os se desempe\u00f1a como misionera en Espa\u00f1a, Italia, Francia, \u00c1frica, Brasil, M\u00e9xico, El Salvador.&nbsp;<\/p>\n<div><\/div>\n<div>Escribi\u00f3 art\u00edculos en la Revista Mensaje y en diversas revistas europeas y latinoamericanas. Ha incursionado en talleres literarios de Brasil y estudiado la cultura escrita del Cord\u00f3n de Favelas en Restinga.  Es fundadora y Presidenta del Centro de Investigaciones Culturales La silla, del Colectivo La silla, directora de ediciones La silla, asesora del CC Amigos por Talcahuano, educadora popular en la Municipalidad de Talcahuano. Colabora con la Revista Catalejo de la ciudad.&nbsp;<\/div>\n<div><\/div>\n<div style=\"clear: both; text-align: center;\"><a href=\"https:\/\/www.fraczinet.cl\/sitio\/wp-content\/uploads\/2009\/05\/Mar-25C3-25ADa-Cristina-Ogalde-600x398-1.jpg\" style=\"margin-left: 1em; margin-right: 1em;\"><img fetchpriority=\"high\" decoding=\"async\" border=\"0\" data-original-height=\"398\" data-original-width=\"600\" height=\"212\" src=\"https:\/\/www.fraczinet.cl\/sitio\/wp-content\/uploads\/2009\/05\/Mar-25C3-25ADa-Cristina-Ogalde-600x398-1-300x199.jpg\" width=\"320\"><\/a><\/div>\n<div><\/div>\n<div><\/div>\n<div>Como gestora cultural obtuvo Premio Consejo Nacional del Libro y la Lectura 2008. Ha publicado en Chile, el libro de cuentos El musgo crece a\u00fan sin agua y Cuadernos de cr\u00f3nicas. Actualmente es directora y coordinadora de talleres literarios. Escribe un ensayo sobre la violencia contra la mujer en Chile y Latinoam\u00e9rica.&nbsp;<\/div>\n<div><\/div>\n<div>&nbsp;P\u00e1ginas de Internet:&nbsp;<\/div>\n<div><a href=\"http:\/\/crisogalde.blogspot.com\/\">http:\/\/crisogalde.blogspot.com<\/a><a href=\"http:\/\/colectivolasilla.blogspot.com\/\">http:\/\/colectivolasilla.blogspot.com<\/a><a href=\"http:\/\/porlasmujeres.blogspot.com\/\">http:\/\/porlasmujeres.blogspot.com<\/a><a href=\"http:\/\/www.periferia.cl\/\">http:\/\/www.periferia.cl\/<\/a> Otros V\u00ednculos Relacionados  <a href=\"http:\/\/escritoraconcepcion.googlepages.com\/\">http:\/\/escritoraconcepcion.googlepages.com<\/a><a href=\"http:\/\/ingridodgerstoloza.blogspot.com\/\">http:\/\/ingridodgerstoloza.blogspot.com<\/a><a href=\"http:\/\/programamundodepoesia.blogspot.com\/\">http:\/\/programamundodepoesia.blogspot.com<\/a><a href=\"http:\/\/revistalasilla.blogspot.com\/\">http:\/\/revistalasilla.blogspot.com<\/a><a href=\"http:\/\/biobiogestioncultural.blogspot.com\/\">http:\/\/biobiogestioncultural.blogspot.com<\/a>&nbsp;<\/div>\n","protected":false},"excerpt":{"rendered":"<p>Escritora, narradora, gestora cultural, Directora de la Revista Digital Periferia, con estudios de Teolog\u00eda y Psicolog\u00eda en la Universidad Cat\u00f3lica de Valpara\u00edso, en la Pontificia Universidad de Roma y en la Universidad de Rio Grande do Sul, Brasil. Por m\u00e1s de veinte a\u00f1os se desempe\u00f1a como misionera en Espa\u00f1a, Italia, Francia, \u00c1frica, Brasil, M\u00e9xico, El [&hellip;]<\/p>\n","protected":false},"author":1,"featured_media":3670,"comment_status":"open","ping_status":"open","sticky":false,"template":"","format":"standard","meta":{"footnotes":""},"categories":[207,102,67],"tags":[],"class_list":["post-3644","post","type-post","status-publish","format-standard","has-post-thumbnail","hentry","category-gestion-cultural","category-literatura","category-poesia"],"yoast_head":"<!-- This site is optimized with the Yoast SEO plugin v25.0 - https:\/\/yoast.com\/wordpress\/plugins\/seo\/ -->\n<title>Mar\u00eda Cristina Ogalde - Nuestro Bio B\u00edo<\/title>\n<meta name=\"robots\" content=\"index, follow, max-snippet:-1, max-image-preview:large, max-video-preview:-1\" \/>\n<link rel=\"canonical\" href=\"https:\/\/www.fraczinet.cl\/sitio\/2009\/05\/26\/maria-cristina-ogalde\/\" \/>\n<meta property=\"og:locale\" content=\"es_ES\" \/>\n<meta property=\"og:type\" content=\"article\" \/>\n<meta property=\"og:title\" content=\"Mar\u00eda Cristina Ogalde - Nuestro Bio B\u00edo\" \/>\n<meta property=\"og:description\" content=\"Escritora, narradora, gestora cultural, Directora de la Revista Digital Periferia, con estudios de Teolog\u00eda y Psicolog\u00eda en la Universidad Cat\u00f3lica de Valpara\u00edso, en la Pontificia Universidad de Roma y en la Universidad de Rio Grande do Sul, Brasil. Por m\u00e1s de veinte a\u00f1os se desempe\u00f1a como misionera en Espa\u00f1a, Italia, Francia, \u00c1frica, Brasil, M\u00e9xico, El [&hellip;]\" \/>\n<meta property=\"og:url\" content=\"https:\/\/www.fraczinet.cl\/sitio\/2009\/05\/26\/maria-cristina-ogalde\/\" \/>\n<meta property=\"og:site_name\" content=\"Nuestro Bio B\u00edo\" \/>\n<meta property=\"article:published_time\" content=\"2009-05-26T02:46:00+00:00\" \/>\n<meta property=\"article:modified_time\" content=\"2022-10-06T22:57:34+00:00\" \/>\n<meta property=\"og:image\" content=\"https:\/\/www.fraczinet.cl\/sitio\/wp-content\/uploads\/2009\/05\/Mar-25C3-25ADa-Cristina-Ogalde-600x398-1.jpg\" \/>\n\t<meta property=\"og:image:width\" content=\"600\" \/>\n\t<meta property=\"og:image:height\" content=\"398\" \/>\n\t<meta property=\"og:image:type\" content=\"image\/jpeg\" \/>\n<meta name=\"author\" content=\"admin\" \/>\n<meta name=\"twitter:card\" content=\"summary_large_image\" \/>\n<meta name=\"twitter:creator\" content=\"@nuestrobiobio\" \/>\n<meta name=\"twitter:site\" content=\"@nuestrobiobio\" \/>\n<meta name=\"twitter:label1\" content=\"Escrito por\" \/>\n\t<meta name=\"twitter:data1\" content=\"admin\" \/>\n\t<meta name=\"twitter:label2\" content=\"Tiempo de lectura\" \/>\n\t<meta name=\"twitter:data2\" content=\"1 minuto\" \/>\n<script type=\"application\/ld+json\" class=\"yoast-schema-graph\">{\"@context\":\"https:\/\/schema.org\",\"@graph\":[{\"@type\":\"Article\",\"@id\":\"https:\/\/www.fraczinet.cl\/sitio\/2009\/05\/26\/maria-cristina-ogalde\/#article\",\"isPartOf\":{\"@id\":\"https:\/\/www.fraczinet.cl\/sitio\/2009\/05\/26\/maria-cristina-ogalde\/\"},\"author\":{\"name\":\"admin\",\"@id\":\"https:\/\/www.fraczinet.cl\/sitio\/#\/schema\/person\/bc30f98e9cb10ae7e119dbe14bc93784\"},\"headline\":\"Mar\u00eda Cristina Ogalde\",\"datePublished\":\"2009-05-26T02:46:00+00:00\",\"dateModified\":\"2022-10-06T22:57:34+00:00\",\"mainEntityOfPage\":{\"@id\":\"https:\/\/www.fraczinet.cl\/sitio\/2009\/05\/26\/maria-cristina-ogalde\/\"},\"wordCount\":247,\"commentCount\":0,\"publisher\":{\"@id\":\"https:\/\/www.fraczinet.cl\/sitio\/#\/schema\/person\/aec8ee4da68df2b9b0eefdad24a0d582\"},\"image\":{\"@id\":\"https:\/\/www.fraczinet.cl\/sitio\/2009\/05\/26\/maria-cristina-ogalde\/#primaryimage\"},\"thumbnailUrl\":\"https:\/\/www.fraczinet.cl\/sitio\/wp-content\/uploads\/2009\/05\/Mar-25C3-25ADa-Cristina-Ogalde-600x398-1.jpg\",\"articleSection\":[\"Gesti\u00f3n Cultural\",\"Literatura\",\"Poes\u00eda\"],\"inLanguage\":\"es\",\"potentialAction\":[{\"@type\":\"CommentAction\",\"name\":\"Comment\",\"target\":[\"https:\/\/www.fraczinet.cl\/sitio\/2009\/05\/26\/maria-cristina-ogalde\/#respond\"]}]},{\"@type\":\"WebPage\",\"@id\":\"https:\/\/www.fraczinet.cl\/sitio\/2009\/05\/26\/maria-cristina-ogalde\/\",\"url\":\"https:\/\/www.fraczinet.cl\/sitio\/2009\/05\/26\/maria-cristina-ogalde\/\",\"name\":\"Mar\u00eda Cristina Ogalde - Nuestro Bio B\u00edo\",\"isPartOf\":{\"@id\":\"https:\/\/www.fraczinet.cl\/sitio\/#website\"},\"primaryImageOfPage\":{\"@id\":\"https:\/\/www.fraczinet.cl\/sitio\/2009\/05\/26\/maria-cristina-ogalde\/#primaryimage\"},\"image\":{\"@id\":\"https:\/\/www.fraczinet.cl\/sitio\/2009\/05\/26\/maria-cristina-ogalde\/#primaryimage\"},\"thumbnailUrl\":\"https:\/\/www.fraczinet.cl\/sitio\/wp-content\/uploads\/2009\/05\/Mar-25C3-25ADa-Cristina-Ogalde-600x398-1.jpg\",\"datePublished\":\"2009-05-26T02:46:00+00:00\",\"dateModified\":\"2022-10-06T22:57:34+00:00\",\"breadcrumb\":{\"@id\":\"https:\/\/www.fraczinet.cl\/sitio\/2009\/05\/26\/maria-cristina-ogalde\/#breadcrumb\"},\"inLanguage\":\"es\",\"potentialAction\":[{\"@type\":\"ReadAction\",\"target\":[\"https:\/\/www.fraczinet.cl\/sitio\/2009\/05\/26\/maria-cristina-ogalde\/\"]}]},{\"@type\":\"ImageObject\",\"inLanguage\":\"es\",\"@id\":\"https:\/\/www.fraczinet.cl\/sitio\/2009\/05\/26\/maria-cristina-ogalde\/#primaryimage\",\"url\":\"https:\/\/www.fraczinet.cl\/sitio\/wp-content\/uploads\/2009\/05\/Mar-25C3-25ADa-Cristina-Ogalde-600x398-1.jpg\",\"contentUrl\":\"https:\/\/www.fraczinet.cl\/sitio\/wp-content\/uploads\/2009\/05\/Mar-25C3-25ADa-Cristina-Ogalde-600x398-1.jpg\",\"width\":600,\"height\":398},{\"@type\":\"BreadcrumbList\",\"@id\":\"https:\/\/www.fraczinet.cl\/sitio\/2009\/05\/26\/maria-cristina-ogalde\/#breadcrumb\",\"itemListElement\":[{\"@type\":\"ListItem\",\"position\":1,\"name\":\"Portada\",\"item\":\"https:\/\/www.fraczinet.cl\/sitio\/\"},{\"@type\":\"ListItem\",\"position\":2,\"name\":\"Mar\u00eda Cristina Ogalde\"}]},{\"@type\":\"WebSite\",\"@id\":\"https:\/\/www.fraczinet.cl\/sitio\/#website\",\"url\":\"https:\/\/www.fraczinet.cl\/sitio\/\",\"name\":\"Nuestro Bio B\u00edo\",\"description\":\"Tierra de Encuentros\",\"publisher\":{\"@id\":\"https:\/\/www.fraczinet.cl\/sitio\/#\/schema\/person\/aec8ee4da68df2b9b0eefdad24a0d582\"},\"potentialAction\":[{\"@type\":\"SearchAction\",\"target\":{\"@type\":\"EntryPoint\",\"urlTemplate\":\"https:\/\/www.fraczinet.cl\/sitio\/?s={search_term_string}\"},\"query-input\":{\"@type\":\"PropertyValueSpecification\",\"valueRequired\":true,\"valueName\":\"search_term_string\"}}],\"inLanguage\":\"es\"},{\"@type\":[\"Person\",\"Organization\"],\"@id\":\"https:\/\/www.fraczinet.cl\/sitio\/#\/schema\/person\/aec8ee4da68df2b9b0eefdad24a0d582\",\"name\":\"Luis Fernando Fraczinet\",\"image\":{\"@type\":\"ImageObject\",\"inLanguage\":\"es\",\"@id\":\"https:\/\/www.fraczinet.cl\/sitio\/#\/schema\/person\/image\/\",\"url\":\"https:\/\/www.fraczinet.cl\/sitio\/wp-content\/uploads\/2021\/07\/bannerlogo-1.gif\",\"contentUrl\":\"https:\/\/www.fraczinet.cl\/sitio\/wp-content\/uploads\/2021\/07\/bannerlogo-1.gif\",\"width\":159,\"height\":79,\"caption\":\"Luis Fernando Fraczinet\"},\"logo\":{\"@id\":\"https:\/\/www.fraczinet.cl\/sitio\/#\/schema\/person\/image\/\"},\"sameAs\":[\"https:\/\/www.fraczinet.cl\/sitio\/\"]},{\"@type\":\"Person\",\"@id\":\"https:\/\/www.fraczinet.cl\/sitio\/#\/schema\/person\/bc30f98e9cb10ae7e119dbe14bc93784\",\"name\":\"admin\",\"image\":{\"@type\":\"ImageObject\",\"inLanguage\":\"es\",\"@id\":\"https:\/\/www.fraczinet.cl\/sitio\/#\/schema\/person\/image\/\",\"url\":\"https:\/\/secure.gravatar.com\/avatar\/d5ad3cf7ef3b23a2bb5be73be780c86b2fc8545c3ad6b149f3913ff458c00099?s=96&d=mm&r=g\",\"contentUrl\":\"https:\/\/secure.gravatar.com\/avatar\/d5ad3cf7ef3b23a2bb5be73be780c86b2fc8545c3ad6b149f3913ff458c00099?s=96&d=mm&r=g\",\"caption\":\"admin\"},\"sameAs\":[\"https:\/\/www.fraczinet.cl\/sitio\"]}]}<\/script>\n<!-- \/ Yoast SEO plugin. -->","yoast_head_json":{"title":"Mar\u00eda Cristina Ogalde - Nuestro Bio B\u00edo","robots":{"index":"index","follow":"follow","max-snippet":"max-snippet:-1","max-image-preview":"max-image-preview:large","max-video-preview":"max-video-preview:-1"},"canonical":"https:\/\/www.fraczinet.cl\/sitio\/2009\/05\/26\/maria-cristina-ogalde\/","og_locale":"es_ES","og_type":"article","og_title":"Mar\u00eda Cristina Ogalde - Nuestro Bio B\u00edo","og_description":"Escritora, narradora, gestora cultural, Directora de la Revista Digital Periferia, con estudios de Teolog\u00eda y Psicolog\u00eda en la Universidad Cat\u00f3lica de Valpara\u00edso, en la Pontificia Universidad de Roma y en la Universidad de Rio Grande do Sul, Brasil. Por m\u00e1s de veinte a\u00f1os se desempe\u00f1a como misionera en Espa\u00f1a, Italia, Francia, \u00c1frica, Brasil, M\u00e9xico, El [&hellip;]","og_url":"https:\/\/www.fraczinet.cl\/sitio\/2009\/05\/26\/maria-cristina-ogalde\/","og_site_name":"Nuestro Bio B\u00edo","article_published_time":"2009-05-26T02:46:00+00:00","article_modified_time":"2022-10-06T22:57:34+00:00","og_image":[{"width":600,"height":398,"url":"https:\/\/www.fraczinet.cl\/sitio\/wp-content\/uploads\/2009\/05\/Mar-25C3-25ADa-Cristina-Ogalde-600x398-1.jpg","type":"image\/jpeg"}],"author":"admin","twitter_card":"summary_large_image","twitter_creator":"@nuestrobiobio","twitter_site":"@nuestrobiobio","twitter_misc":{"Escrito por":"admin","Tiempo de lectura":"1 minuto"},"schema":{"@context":"https:\/\/schema.org","@graph":[{"@type":"Article","@id":"https:\/\/www.fraczinet.cl\/sitio\/2009\/05\/26\/maria-cristina-ogalde\/#article","isPartOf":{"@id":"https:\/\/www.fraczinet.cl\/sitio\/2009\/05\/26\/maria-cristina-ogalde\/"},"author":{"name":"admin","@id":"https:\/\/www.fraczinet.cl\/sitio\/#\/schema\/person\/bc30f98e9cb10ae7e119dbe14bc93784"},"headline":"Mar\u00eda Cristina Ogalde","datePublished":"2009-05-26T02:46:00+00:00","dateModified":"2022-10-06T22:57:34+00:00","mainEntityOfPage":{"@id":"https:\/\/www.fraczinet.cl\/sitio\/2009\/05\/26\/maria-cristina-ogalde\/"},"wordCount":247,"commentCount":0,"publisher":{"@id":"https:\/\/www.fraczinet.cl\/sitio\/#\/schema\/person\/aec8ee4da68df2b9b0eefdad24a0d582"},"image":{"@id":"https:\/\/www.fraczinet.cl\/sitio\/2009\/05\/26\/maria-cristina-ogalde\/#primaryimage"},"thumbnailUrl":"https:\/\/www.fraczinet.cl\/sitio\/wp-content\/uploads\/2009\/05\/Mar-25C3-25ADa-Cristina-Ogalde-600x398-1.jpg","articleSection":["Gesti\u00f3n Cultural","Literatura","Poes\u00eda"],"inLanguage":"es","potentialAction":[{"@type":"CommentAction","name":"Comment","target":["https:\/\/www.fraczinet.cl\/sitio\/2009\/05\/26\/maria-cristina-ogalde\/#respond"]}]},{"@type":"WebPage","@id":"https:\/\/www.fraczinet.cl\/sitio\/2009\/05\/26\/maria-cristina-ogalde\/","url":"https:\/\/www.fraczinet.cl\/sitio\/2009\/05\/26\/maria-cristina-ogalde\/","name":"Mar\u00eda Cristina Ogalde - Nuestro Bio B\u00edo","isPartOf":{"@id":"https:\/\/www.fraczinet.cl\/sitio\/#website"},"primaryImageOfPage":{"@id":"https:\/\/www.fraczinet.cl\/sitio\/2009\/05\/26\/maria-cristina-ogalde\/#primaryimage"},"image":{"@id":"https:\/\/www.fraczinet.cl\/sitio\/2009\/05\/26\/maria-cristina-ogalde\/#primaryimage"},"thumbnailUrl":"https:\/\/www.fraczinet.cl\/sitio\/wp-content\/uploads\/2009\/05\/Mar-25C3-25ADa-Cristina-Ogalde-600x398-1.jpg","datePublished":"2009-05-26T02:46:00+00:00","dateModified":"2022-10-06T22:57:34+00:00","breadcrumb":{"@id":"https:\/\/www.fraczinet.cl\/sitio\/2009\/05\/26\/maria-cristina-ogalde\/#breadcrumb"},"inLanguage":"es","potentialAction":[{"@type":"ReadAction","target":["https:\/\/www.fraczinet.cl\/sitio\/2009\/05\/26\/maria-cristina-ogalde\/"]}]},{"@type":"ImageObject","inLanguage":"es","@id":"https:\/\/www.fraczinet.cl\/sitio\/2009\/05\/26\/maria-cristina-ogalde\/#primaryimage","url":"https:\/\/www.fraczinet.cl\/sitio\/wp-content\/uploads\/2009\/05\/Mar-25C3-25ADa-Cristina-Ogalde-600x398-1.jpg","contentUrl":"https:\/\/www.fraczinet.cl\/sitio\/wp-content\/uploads\/2009\/05\/Mar-25C3-25ADa-Cristina-Ogalde-600x398-1.jpg","width":600,"height":398},{"@type":"BreadcrumbList","@id":"https:\/\/www.fraczinet.cl\/sitio\/2009\/05\/26\/maria-cristina-ogalde\/#breadcrumb","itemListElement":[{"@type":"ListItem","position":1,"name":"Portada","item":"https:\/\/www.fraczinet.cl\/sitio\/"},{"@type":"ListItem","position":2,"name":"Mar\u00eda Cristina Ogalde"}]},{"@type":"WebSite","@id":"https:\/\/www.fraczinet.cl\/sitio\/#website","url":"https:\/\/www.fraczinet.cl\/sitio\/","name":"Nuestro Bio B\u00edo","description":"Tierra de Encuentros","publisher":{"@id":"https:\/\/www.fraczinet.cl\/sitio\/#\/schema\/person\/aec8ee4da68df2b9b0eefdad24a0d582"},"potentialAction":[{"@type":"SearchAction","target":{"@type":"EntryPoint","urlTemplate":"https:\/\/www.fraczinet.cl\/sitio\/?s={search_term_string}"},"query-input":{"@type":"PropertyValueSpecification","valueRequired":true,"valueName":"search_term_string"}}],"inLanguage":"es"},{"@type":["Person","Organization"],"@id":"https:\/\/www.fraczinet.cl\/sitio\/#\/schema\/person\/aec8ee4da68df2b9b0eefdad24a0d582","name":"Luis Fernando Fraczinet","image":{"@type":"ImageObject","inLanguage":"es","@id":"https:\/\/www.fraczinet.cl\/sitio\/#\/schema\/person\/image\/","url":"https:\/\/www.fraczinet.cl\/sitio\/wp-content\/uploads\/2021\/07\/bannerlogo-1.gif","contentUrl":"https:\/\/www.fraczinet.cl\/sitio\/wp-content\/uploads\/2021\/07\/bannerlogo-1.gif","width":159,"height":79,"caption":"Luis Fernando Fraczinet"},"logo":{"@id":"https:\/\/www.fraczinet.cl\/sitio\/#\/schema\/person\/image\/"},"sameAs":["https:\/\/www.fraczinet.cl\/sitio\/"]},{"@type":"Person","@id":"https:\/\/www.fraczinet.cl\/sitio\/#\/schema\/person\/bc30f98e9cb10ae7e119dbe14bc93784","name":"admin","image":{"@type":"ImageObject","inLanguage":"es","@id":"https:\/\/www.fraczinet.cl\/sitio\/#\/schema\/person\/image\/","url":"https:\/\/secure.gravatar.com\/avatar\/d5ad3cf7ef3b23a2bb5be73be780c86b2fc8545c3ad6b149f3913ff458c00099?s=96&d=mm&r=g","contentUrl":"https:\/\/secure.gravatar.com\/avatar\/d5ad3cf7ef3b23a2bb5be73be780c86b2fc8545c3ad6b149f3913ff458c00099?s=96&d=mm&r=g","caption":"admin"},"sameAs":["https:\/\/www.fraczinet.cl\/sitio"]}]}},"_links":{"self":[{"href":"https:\/\/www.fraczinet.cl\/sitio\/wp-json\/wp\/v2\/posts\/3644","targetHints":{"allow":["GET"]}}],"collection":[{"href":"https:\/\/www.fraczinet.cl\/sitio\/wp-json\/wp\/v2\/posts"}],"about":[{"href":"https:\/\/www.fraczinet.cl\/sitio\/wp-json\/wp\/v2\/types\/post"}],"author":[{"embeddable":true,"href":"https:\/\/www.fraczinet.cl\/sitio\/wp-json\/wp\/v2\/users\/1"}],"replies":[{"embeddable":true,"href":"https:\/\/www.fraczinet.cl\/sitio\/wp-json\/wp\/v2\/comments?post=3644"}],"version-history":[{"count":2,"href":"https:\/\/www.fraczinet.cl\/sitio\/wp-json\/wp\/v2\/posts\/3644\/revisions"}],"predecessor-version":[{"id":6282,"href":"https:\/\/www.fraczinet.cl\/sitio\/wp-json\/wp\/v2\/posts\/3644\/revisions\/6282"}],"wp:featuredmedia":[{"embeddable":true,"href":"https:\/\/www.fraczinet.cl\/sitio\/wp-json\/wp\/v2\/media\/3670"}],"wp:attachment":[{"href":"https:\/\/www.fraczinet.cl\/sitio\/wp-json\/wp\/v2\/media?parent=3644"}],"wp:term":[{"taxonomy":"category","embeddable":true,"href":"https:\/\/www.fraczinet.cl\/sitio\/wp-json\/wp\/v2\/categories?post=3644"},{"taxonomy":"post_tag","embeddable":true,"href":"https:\/\/www.fraczinet.cl\/sitio\/wp-json\/wp\/v2\/tags?post=3644"}],"curies":[{"name":"wp","href":"https:\/\/api.w.org\/{rel}","templated":true}]}}