{"id":3711,"date":"2009-02-11T23:17:00","date_gmt":"2009-02-11T23:17:00","guid":{"rendered":""},"modified":"2021-08-05T01:01:01","modified_gmt":"2021-08-05T01:01:01","slug":"isla-mocha","status":"publish","type":"post","link":"https:\/\/www.fraczinet.cl\/sitio\/2009\/02\/11\/isla-mocha\/","title":{"rendered":"Isla Mocha"},"content":{"rendered":"<p><a href=\"https:\/\/www.fraczinet.cl\/sitio\/wp-content\/uploads\/2009\/02\/Isla-Mocha.jpg\"><img decoding=\"async\" alt=\"\" border=\"0\" id=\"BLOGGER_PHOTO_ID_5301683236553054946\" src=\"https:\/\/www.fraczinet.cl\/sitio\/wp-content\/uploads\/2009\/02\/Isla-Mocha.jpg\" style=\"cursor: pointer; float: left; height: 101px; margin: 0px 10px 10px 0px; width: 158px;\" \/><\/a>La Isla Mocha con una superficie aproximada de 52 km2, est\u00e1 situada a 35 km. del continente, frente a la desembocadura del r\u00edo Tir\u00faa. Morfol\u00f3gicamente se caracteriza por tener un sector monta\u00f1oso central caracterizado por un bosque higr\u00f3filo h\u00famedo de gran belleza rodeado de un sector aterrazado perimetral correspondiente a antiguas l\u00ecneas de playa dominado por una paisaje de praderas y vegas.   Juan Bautista Pastene, navegante italiano al servicio de la Corona Espa\u00f1ola, fue el primer europeo que conoci\u00f3 la isla, en 1544.&nbsp;<\/p>\n<div><\/div>\n<div>El cronista Jer\u00f3nimo de Bibar se\u00f1al\u00f3 que por el 1500 viv\u00edan aqu\u00ed m\u00e1s de 800 indios de filiaci\u00f3n mapuche. Investigaciones arqueol\u00f3gicas recientes indican la presencia casi continua de grupos humanos desde el 3500 antes del presente expresada en un franja de sitios habitacionales contiguos al sector de bosques. En uno de \u00e9stos, que ha sido denominado P-31, se concentra una gran cantidad de restos culturales, principalmente instrumentos de piedra y hueso, restos de fauna marina (mam\u00edferos marinos, moluscos, crust\u00e1ceos y abundantes restos de aves y peces) y terrestre (cam\u00e9lidos y roedores) con una extensi\u00f3n aproximada de 100 m2. Una parte importante de los artefactos de piedra se asocian al trabajo con hueso y madera, evidenciando la explotaci\u00f3n del bosque por parte de esta cultura.&nbsp;<\/div>\n<div><\/div>\n<div>Esta cultura contaba con pulidores de cer\u00e1mica para la pr\u00e1ctica de la alfarer\u00eda, con manos de moler para la molienda y con puntas para los instrumentos de caza. Por otra parte, hay evidencias de pr\u00e1cticas de agricultura, principalmente ma\u00ecz y probablemente qu\u00ednoa). Recolecci\u00f3n de vegetales La cer\u00e1mica encontrada ha sido fechada entre el 1000 hasta el momento inmediatamente previo al contacto europeo (1260-1460 d.C.).   Constituye casi en su totalidad material monocromo; hay algunas piezas que incorporan elementos decorativos.&nbsp;<\/div>\n<div><\/div>\n<div>Se ha podido establecer morfol\u00f3gicamente que en general \u00e9stas \u00faltimas corresponder\u00edan a ollas, jarros, escudillas y grandes vasijas tipo urnas.  Por ahora se ha logrado establecer que la isla fue poblada desde el 1500 a.C. por diferentes grupos humanos de filiaci\u00f3n mapuche y pre-mapuche. Esta poblaci\u00f3n permaneci\u00f3 en el lugar hasta alrededor del 1700, conservando elementos de su cultura original y complement\u00e1ndola con elementos ex\u00f3genos obtenidos en virtud del contacto con la poblaci\u00f3n europea.&nbsp;<\/div>\n<div><\/div>\n<div>Posiblemente desde antes de la llegada de los espa\u00f1oles, los mapuche mochanos estaban organizados en dos grupos o secciones, compuesta cada una por una serie de familias extensas semi-aut\u00f3nomas. Sus estrategias de subsistencia estaban centradas en la horticultura, la crianza y caza de animales, la pesca y recolecci\u00f3n de algas y moluscos, actividades complementadas con un frecuente intercambio de bienes con poblaciones continentales.&nbsp;<\/div>\n<div><\/div>\n<div>Durante el siglo XVIII, uno de los gobernadores de Chile proceder\u00e1 a despoblar la isla, por constituir ella un lugar de refugio y aprovisionamiento de piratas y corsarios. Los mochanos fueron trasladados a una misi\u00f3n en la ciudad de Concepci\u00f3n, lo que determin\u00f3 su desaparici\u00f3n. Durante el siglo XX se impulsaron planes de colonizaci\u00f3n de la isla con poblaciones de la zona central del pa\u00eds, sin ninguna ra\u00edz con el pasado de la isla.<\/div>\n","protected":false},"excerpt":{"rendered":"<p>La Isla Mocha con una superficie aproximada de 52 km2, est\u00e1 situada a 35 km. del continente, frente a la desembocadura del r\u00edo Tir\u00faa. Morfol\u00f3gicamente se caracteriza por tener un sector monta\u00f1oso central caracterizado por un bosque higr\u00f3filo h\u00famedo de gran belleza rodeado de un sector aterrazado perimetral correspondiente a antiguas l\u00ecneas de playa dominado [&hellip;]<\/p>\n","protected":false},"author":1,"featured_media":3725,"comment_status":"open","ping_status":"open","sticky":false,"template":"","format":"standard","meta":{"footnotes":""},"categories":[10,47,104],"tags":[],"class_list":["post-3711","post","type-post","status-publish","format-standard","has-post-thumbnail","hentry","category-historia","category-mapuches","category-tirua"],"yoast_head":"<!-- This site is optimized with the Yoast SEO plugin v25.0 - https:\/\/yoast.com\/wordpress\/plugins\/seo\/ -->\n<title>Isla Mocha - Nuestro Bio B\u00edo<\/title>\n<meta name=\"robots\" content=\"index, follow, max-snippet:-1, max-image-preview:large, max-video-preview:-1\" \/>\n<link rel=\"canonical\" href=\"https:\/\/www.fraczinet.cl\/sitio\/2009\/02\/11\/isla-mocha\/\" \/>\n<meta property=\"og:locale\" content=\"es_ES\" \/>\n<meta property=\"og:type\" content=\"article\" \/>\n<meta property=\"og:title\" content=\"Isla Mocha - Nuestro Bio B\u00edo\" \/>\n<meta property=\"og:description\" content=\"La Isla Mocha con una superficie aproximada de 52 km2, est\u00e1 situada a 35 km. del continente, frente a la desembocadura del r\u00edo Tir\u00faa. Morfol\u00f3gicamente se caracteriza por tener un sector monta\u00f1oso central caracterizado por un bosque higr\u00f3filo h\u00famedo de gran belleza rodeado de un sector aterrazado perimetral correspondiente a antiguas l\u00ecneas de playa dominado [&hellip;]\" \/>\n<meta property=\"og:url\" content=\"https:\/\/www.fraczinet.cl\/sitio\/2009\/02\/11\/isla-mocha\/\" \/>\n<meta property=\"og:site_name\" content=\"Nuestro Bio B\u00edo\" \/>\n<meta property=\"article:published_time\" content=\"2009-02-11T23:17:00+00:00\" \/>\n<meta property=\"article:modified_time\" content=\"2021-08-05T01:01:01+00:00\" \/>\n<meta property=\"og:image\" content=\"https:\/\/www.fraczinet.cl\/sitio\/wp-content\/uploads\/2009\/02\/Isla-Mocha.jpg\" \/>\n\t<meta property=\"og:image:width\" content=\"158\" \/>\n\t<meta property=\"og:image:height\" content=\"101\" \/>\n\t<meta property=\"og:image:type\" content=\"image\/jpeg\" \/>\n<meta name=\"author\" content=\"admin\" \/>\n<meta name=\"twitter:card\" content=\"summary_large_image\" \/>\n<meta name=\"twitter:creator\" content=\"@nuestrobiobio\" \/>\n<meta name=\"twitter:site\" content=\"@nuestrobiobio\" \/>\n<meta name=\"twitter:label1\" content=\"Escrito por\" \/>\n\t<meta name=\"twitter:data1\" content=\"admin\" \/>\n\t<meta name=\"twitter:label2\" content=\"Tiempo de lectura\" \/>\n\t<meta name=\"twitter:data2\" content=\"3 minutos\" \/>\n<script type=\"application\/ld+json\" class=\"yoast-schema-graph\">{\"@context\":\"https:\/\/schema.org\",\"@graph\":[{\"@type\":\"Article\",\"@id\":\"https:\/\/www.fraczinet.cl\/sitio\/2009\/02\/11\/isla-mocha\/#article\",\"isPartOf\":{\"@id\":\"https:\/\/www.fraczinet.cl\/sitio\/2009\/02\/11\/isla-mocha\/\"},\"author\":{\"name\":\"admin\",\"@id\":\"https:\/\/www.fraczinet.cl\/sitio\/#\/schema\/person\/bc30f98e9cb10ae7e119dbe14bc93784\"},\"headline\":\"Isla Mocha\",\"datePublished\":\"2009-02-11T23:17:00+00:00\",\"dateModified\":\"2021-08-05T01:01:01+00:00\",\"mainEntityOfPage\":{\"@id\":\"https:\/\/www.fraczinet.cl\/sitio\/2009\/02\/11\/isla-mocha\/\"},\"wordCount\":538,\"commentCount\":0,\"publisher\":{\"@id\":\"https:\/\/www.fraczinet.cl\/sitio\/#\/schema\/person\/aec8ee4da68df2b9b0eefdad24a0d582\"},\"image\":{\"@id\":\"https:\/\/www.fraczinet.cl\/sitio\/2009\/02\/11\/isla-mocha\/#primaryimage\"},\"thumbnailUrl\":\"https:\/\/www.fraczinet.cl\/sitio\/wp-content\/uploads\/2009\/02\/Isla-Mocha.jpg\",\"articleSection\":[\"Historia\",\"Mapuches\",\"Tir\u00faa\"],\"inLanguage\":\"es\",\"potentialAction\":[{\"@type\":\"CommentAction\",\"name\":\"Comment\",\"target\":[\"https:\/\/www.fraczinet.cl\/sitio\/2009\/02\/11\/isla-mocha\/#respond\"]}]},{\"@type\":\"WebPage\",\"@id\":\"https:\/\/www.fraczinet.cl\/sitio\/2009\/02\/11\/isla-mocha\/\",\"url\":\"https:\/\/www.fraczinet.cl\/sitio\/2009\/02\/11\/isla-mocha\/\",\"name\":\"Isla Mocha - Nuestro Bio B\u00edo\",\"isPartOf\":{\"@id\":\"https:\/\/www.fraczinet.cl\/sitio\/#website\"},\"primaryImageOfPage\":{\"@id\":\"https:\/\/www.fraczinet.cl\/sitio\/2009\/02\/11\/isla-mocha\/#primaryimage\"},\"image\":{\"@id\":\"https:\/\/www.fraczinet.cl\/sitio\/2009\/02\/11\/isla-mocha\/#primaryimage\"},\"thumbnailUrl\":\"https:\/\/www.fraczinet.cl\/sitio\/wp-content\/uploads\/2009\/02\/Isla-Mocha.jpg\",\"datePublished\":\"2009-02-11T23:17:00+00:00\",\"dateModified\":\"2021-08-05T01:01:01+00:00\",\"breadcrumb\":{\"@id\":\"https:\/\/www.fraczinet.cl\/sitio\/2009\/02\/11\/isla-mocha\/#breadcrumb\"},\"inLanguage\":\"es\",\"potentialAction\":[{\"@type\":\"ReadAction\",\"target\":[\"https:\/\/www.fraczinet.cl\/sitio\/2009\/02\/11\/isla-mocha\/\"]}]},{\"@type\":\"ImageObject\",\"inLanguage\":\"es\",\"@id\":\"https:\/\/www.fraczinet.cl\/sitio\/2009\/02\/11\/isla-mocha\/#primaryimage\",\"url\":\"https:\/\/www.fraczinet.cl\/sitio\/wp-content\/uploads\/2009\/02\/Isla-Mocha.jpg\",\"contentUrl\":\"https:\/\/www.fraczinet.cl\/sitio\/wp-content\/uploads\/2009\/02\/Isla-Mocha.jpg\",\"width\":158,\"height\":101},{\"@type\":\"BreadcrumbList\",\"@id\":\"https:\/\/www.fraczinet.cl\/sitio\/2009\/02\/11\/isla-mocha\/#breadcrumb\",\"itemListElement\":[{\"@type\":\"ListItem\",\"position\":1,\"name\":\"Portada\",\"item\":\"https:\/\/www.fraczinet.cl\/sitio\/\"},{\"@type\":\"ListItem\",\"position\":2,\"name\":\"Isla Mocha\"}]},{\"@type\":\"WebSite\",\"@id\":\"https:\/\/www.fraczinet.cl\/sitio\/#website\",\"url\":\"https:\/\/www.fraczinet.cl\/sitio\/\",\"name\":\"Nuestro Bio B\u00edo\",\"description\":\"Tierra de Encuentros\",\"publisher\":{\"@id\":\"https:\/\/www.fraczinet.cl\/sitio\/#\/schema\/person\/aec8ee4da68df2b9b0eefdad24a0d582\"},\"potentialAction\":[{\"@type\":\"SearchAction\",\"target\":{\"@type\":\"EntryPoint\",\"urlTemplate\":\"https:\/\/www.fraczinet.cl\/sitio\/?s={search_term_string}\"},\"query-input\":{\"@type\":\"PropertyValueSpecification\",\"valueRequired\":true,\"valueName\":\"search_term_string\"}}],\"inLanguage\":\"es\"},{\"@type\":[\"Person\",\"Organization\"],\"@id\":\"https:\/\/www.fraczinet.cl\/sitio\/#\/schema\/person\/aec8ee4da68df2b9b0eefdad24a0d582\",\"name\":\"Luis Fernando Fraczinet\",\"image\":{\"@type\":\"ImageObject\",\"inLanguage\":\"es\",\"@id\":\"https:\/\/www.fraczinet.cl\/sitio\/#\/schema\/person\/image\/\",\"url\":\"https:\/\/www.fraczinet.cl\/sitio\/wp-content\/uploads\/2021\/07\/bannerlogo-1.gif\",\"contentUrl\":\"https:\/\/www.fraczinet.cl\/sitio\/wp-content\/uploads\/2021\/07\/bannerlogo-1.gif\",\"width\":159,\"height\":79,\"caption\":\"Luis Fernando Fraczinet\"},\"logo\":{\"@id\":\"https:\/\/www.fraczinet.cl\/sitio\/#\/schema\/person\/image\/\"},\"sameAs\":[\"https:\/\/www.fraczinet.cl\/sitio\/\"]},{\"@type\":\"Person\",\"@id\":\"https:\/\/www.fraczinet.cl\/sitio\/#\/schema\/person\/bc30f98e9cb10ae7e119dbe14bc93784\",\"name\":\"admin\",\"image\":{\"@type\":\"ImageObject\",\"inLanguage\":\"es\",\"@id\":\"https:\/\/www.fraczinet.cl\/sitio\/#\/schema\/person\/image\/\",\"url\":\"https:\/\/secure.gravatar.com\/avatar\/d5ad3cf7ef3b23a2bb5be73be780c86b2fc8545c3ad6b149f3913ff458c00099?s=96&d=mm&r=g\",\"contentUrl\":\"https:\/\/secure.gravatar.com\/avatar\/d5ad3cf7ef3b23a2bb5be73be780c86b2fc8545c3ad6b149f3913ff458c00099?s=96&d=mm&r=g\",\"caption\":\"admin\"},\"sameAs\":[\"https:\/\/www.fraczinet.cl\/sitio\"]}]}<\/script>\n<!-- \/ Yoast SEO plugin. -->","yoast_head_json":{"title":"Isla Mocha - Nuestro Bio B\u00edo","robots":{"index":"index","follow":"follow","max-snippet":"max-snippet:-1","max-image-preview":"max-image-preview:large","max-video-preview":"max-video-preview:-1"},"canonical":"https:\/\/www.fraczinet.cl\/sitio\/2009\/02\/11\/isla-mocha\/","og_locale":"es_ES","og_type":"article","og_title":"Isla Mocha - Nuestro Bio B\u00edo","og_description":"La Isla Mocha con una superficie aproximada de 52 km2, est\u00e1 situada a 35 km. del continente, frente a la desembocadura del r\u00edo Tir\u00faa. Morfol\u00f3gicamente se caracteriza por tener un sector monta\u00f1oso central caracterizado por un bosque higr\u00f3filo h\u00famedo de gran belleza rodeado de un sector aterrazado perimetral correspondiente a antiguas l\u00ecneas de playa dominado [&hellip;]","og_url":"https:\/\/www.fraczinet.cl\/sitio\/2009\/02\/11\/isla-mocha\/","og_site_name":"Nuestro Bio B\u00edo","article_published_time":"2009-02-11T23:17:00+00:00","article_modified_time":"2021-08-05T01:01:01+00:00","og_image":[{"width":158,"height":101,"url":"https:\/\/www.fraczinet.cl\/sitio\/wp-content\/uploads\/2009\/02\/Isla-Mocha.jpg","type":"image\/jpeg"}],"author":"admin","twitter_card":"summary_large_image","twitter_creator":"@nuestrobiobio","twitter_site":"@nuestrobiobio","twitter_misc":{"Escrito por":"admin","Tiempo de lectura":"3 minutos"},"schema":{"@context":"https:\/\/schema.org","@graph":[{"@type":"Article","@id":"https:\/\/www.fraczinet.cl\/sitio\/2009\/02\/11\/isla-mocha\/#article","isPartOf":{"@id":"https:\/\/www.fraczinet.cl\/sitio\/2009\/02\/11\/isla-mocha\/"},"author":{"name":"admin","@id":"https:\/\/www.fraczinet.cl\/sitio\/#\/schema\/person\/bc30f98e9cb10ae7e119dbe14bc93784"},"headline":"Isla Mocha","datePublished":"2009-02-11T23:17:00+00:00","dateModified":"2021-08-05T01:01:01+00:00","mainEntityOfPage":{"@id":"https:\/\/www.fraczinet.cl\/sitio\/2009\/02\/11\/isla-mocha\/"},"wordCount":538,"commentCount":0,"publisher":{"@id":"https:\/\/www.fraczinet.cl\/sitio\/#\/schema\/person\/aec8ee4da68df2b9b0eefdad24a0d582"},"image":{"@id":"https:\/\/www.fraczinet.cl\/sitio\/2009\/02\/11\/isla-mocha\/#primaryimage"},"thumbnailUrl":"https:\/\/www.fraczinet.cl\/sitio\/wp-content\/uploads\/2009\/02\/Isla-Mocha.jpg","articleSection":["Historia","Mapuches","Tir\u00faa"],"inLanguage":"es","potentialAction":[{"@type":"CommentAction","name":"Comment","target":["https:\/\/www.fraczinet.cl\/sitio\/2009\/02\/11\/isla-mocha\/#respond"]}]},{"@type":"WebPage","@id":"https:\/\/www.fraczinet.cl\/sitio\/2009\/02\/11\/isla-mocha\/","url":"https:\/\/www.fraczinet.cl\/sitio\/2009\/02\/11\/isla-mocha\/","name":"Isla Mocha - Nuestro Bio B\u00edo","isPartOf":{"@id":"https:\/\/www.fraczinet.cl\/sitio\/#website"},"primaryImageOfPage":{"@id":"https:\/\/www.fraczinet.cl\/sitio\/2009\/02\/11\/isla-mocha\/#primaryimage"},"image":{"@id":"https:\/\/www.fraczinet.cl\/sitio\/2009\/02\/11\/isla-mocha\/#primaryimage"},"thumbnailUrl":"https:\/\/www.fraczinet.cl\/sitio\/wp-content\/uploads\/2009\/02\/Isla-Mocha.jpg","datePublished":"2009-02-11T23:17:00+00:00","dateModified":"2021-08-05T01:01:01+00:00","breadcrumb":{"@id":"https:\/\/www.fraczinet.cl\/sitio\/2009\/02\/11\/isla-mocha\/#breadcrumb"},"inLanguage":"es","potentialAction":[{"@type":"ReadAction","target":["https:\/\/www.fraczinet.cl\/sitio\/2009\/02\/11\/isla-mocha\/"]}]},{"@type":"ImageObject","inLanguage":"es","@id":"https:\/\/www.fraczinet.cl\/sitio\/2009\/02\/11\/isla-mocha\/#primaryimage","url":"https:\/\/www.fraczinet.cl\/sitio\/wp-content\/uploads\/2009\/02\/Isla-Mocha.jpg","contentUrl":"https:\/\/www.fraczinet.cl\/sitio\/wp-content\/uploads\/2009\/02\/Isla-Mocha.jpg","width":158,"height":101},{"@type":"BreadcrumbList","@id":"https:\/\/www.fraczinet.cl\/sitio\/2009\/02\/11\/isla-mocha\/#breadcrumb","itemListElement":[{"@type":"ListItem","position":1,"name":"Portada","item":"https:\/\/www.fraczinet.cl\/sitio\/"},{"@type":"ListItem","position":2,"name":"Isla Mocha"}]},{"@type":"WebSite","@id":"https:\/\/www.fraczinet.cl\/sitio\/#website","url":"https:\/\/www.fraczinet.cl\/sitio\/","name":"Nuestro Bio B\u00edo","description":"Tierra de Encuentros","publisher":{"@id":"https:\/\/www.fraczinet.cl\/sitio\/#\/schema\/person\/aec8ee4da68df2b9b0eefdad24a0d582"},"potentialAction":[{"@type":"SearchAction","target":{"@type":"EntryPoint","urlTemplate":"https:\/\/www.fraczinet.cl\/sitio\/?s={search_term_string}"},"query-input":{"@type":"PropertyValueSpecification","valueRequired":true,"valueName":"search_term_string"}}],"inLanguage":"es"},{"@type":["Person","Organization"],"@id":"https:\/\/www.fraczinet.cl\/sitio\/#\/schema\/person\/aec8ee4da68df2b9b0eefdad24a0d582","name":"Luis Fernando Fraczinet","image":{"@type":"ImageObject","inLanguage":"es","@id":"https:\/\/www.fraczinet.cl\/sitio\/#\/schema\/person\/image\/","url":"https:\/\/www.fraczinet.cl\/sitio\/wp-content\/uploads\/2021\/07\/bannerlogo-1.gif","contentUrl":"https:\/\/www.fraczinet.cl\/sitio\/wp-content\/uploads\/2021\/07\/bannerlogo-1.gif","width":159,"height":79,"caption":"Luis Fernando Fraczinet"},"logo":{"@id":"https:\/\/www.fraczinet.cl\/sitio\/#\/schema\/person\/image\/"},"sameAs":["https:\/\/www.fraczinet.cl\/sitio\/"]},{"@type":"Person","@id":"https:\/\/www.fraczinet.cl\/sitio\/#\/schema\/person\/bc30f98e9cb10ae7e119dbe14bc93784","name":"admin","image":{"@type":"ImageObject","inLanguage":"es","@id":"https:\/\/www.fraczinet.cl\/sitio\/#\/schema\/person\/image\/","url":"https:\/\/secure.gravatar.com\/avatar\/d5ad3cf7ef3b23a2bb5be73be780c86b2fc8545c3ad6b149f3913ff458c00099?s=96&d=mm&r=g","contentUrl":"https:\/\/secure.gravatar.com\/avatar\/d5ad3cf7ef3b23a2bb5be73be780c86b2fc8545c3ad6b149f3913ff458c00099?s=96&d=mm&r=g","caption":"admin"},"sameAs":["https:\/\/www.fraczinet.cl\/sitio"]}]}},"_links":{"self":[{"href":"https:\/\/www.fraczinet.cl\/sitio\/wp-json\/wp\/v2\/posts\/3711","targetHints":{"allow":["GET"]}}],"collection":[{"href":"https:\/\/www.fraczinet.cl\/sitio\/wp-json\/wp\/v2\/posts"}],"about":[{"href":"https:\/\/www.fraczinet.cl\/sitio\/wp-json\/wp\/v2\/types\/post"}],"author":[{"embeddable":true,"href":"https:\/\/www.fraczinet.cl\/sitio\/wp-json\/wp\/v2\/users\/1"}],"replies":[{"embeddable":true,"href":"https:\/\/www.fraczinet.cl\/sitio\/wp-json\/wp\/v2\/comments?post=3711"}],"version-history":[{"count":1,"href":"https:\/\/www.fraczinet.cl\/sitio\/wp-json\/wp\/v2\/posts\/3711\/revisions"}],"predecessor-version":[{"id":3726,"href":"https:\/\/www.fraczinet.cl\/sitio\/wp-json\/wp\/v2\/posts\/3711\/revisions\/3726"}],"wp:featuredmedia":[{"embeddable":true,"href":"https:\/\/www.fraczinet.cl\/sitio\/wp-json\/wp\/v2\/media\/3725"}],"wp:attachment":[{"href":"https:\/\/www.fraczinet.cl\/sitio\/wp-json\/wp\/v2\/media?parent=3711"}],"wp:term":[{"taxonomy":"category","embeddable":true,"href":"https:\/\/www.fraczinet.cl\/sitio\/wp-json\/wp\/v2\/categories?post=3711"},{"taxonomy":"post_tag","embeddable":true,"href":"https:\/\/www.fraczinet.cl\/sitio\/wp-json\/wp\/v2\/tags?post=3711"}],"curies":[{"name":"wp","href":"https:\/\/api.w.org\/{rel}","templated":true}]}}