{"id":3842,"date":"2009-02-06T02:04:00","date_gmt":"2009-02-06T02:04:00","guid":{"rendered":""},"modified":"2021-08-06T01:43:04","modified_gmt":"2021-08-06T01:43:04","slug":"martirio-en-tarpellanca","status":"publish","type":"post","link":"https:\/\/www.fraczinet.cl\/sitio\/martirio-en-tarpellanca\/","title":{"rendered":"Martirio en Tarpellanca"},"content":{"rendered":"<p><a href=\"https:\/\/www.fraczinet.cl\/sitio\/wp-content\/uploads\/2009\/02\/bocatoma_de_Tucapel1.jpg\"><img decoding=\"async\" alt=\"\" border=\"0\" id=\"BLOGGER_PHOTO_ID_5299499767375664594\" src=\"https:\/\/www.fraczinet.cl\/sitio\/wp-content\/uploads\/2009\/02\/bocatoma_de_Tucapel1.jpg\" style=\"cursor: pointer; float: left; height: 89px; margin: 0px 10px 10px 0px; width: 143px;\" \/><\/a><\/p>\n<div style=\"text-align: justify;\">Con el alto grado de Mariscal, Alcazar emprender\u00eda una infortunada operaci\u00f3n para batir al temible Benavides. En ella encontrar\u00eda heroica muerte en el Combate de Tarpellanca (26.IX.1820), en lo que hoy conocemos como Puente Perales, uno de los pasos del r\u00edo Laja, en el camino a Yumbel.<\/div>\n<div style=\"text-align: justify;\"><\/div>\n<div style=\"text-align: justify;\">El plan para capturar a Vicente Benavides, ideado en 1819 por el Intendente de Concepci\u00f3n, General Ram\u00f3n Freire, era sencillo. El atacar\u00eda al montonero por el camino de la costa, mientras que el entonces Coronel Alc\u00e1zar avanzar\u00eda desde Los \u00c1ngeles hacia el sur del Bio B\u00edo, atravesando \u00e9ste frente a Nacimiento.<\/div>\n<div style=\"text-align: justify;\"><\/div>\n<div style=\"text-align: justify;\">Despu\u00e9s del desastre de Pangal, el Mariscal Alc\u00e1zar se encontraba en una situaci\u00f3n bastante cr\u00edtica. La guarnici\u00f3n de Los \u00c1ngeles, con su poblaci\u00f3n civil, estaba aislada y hab\u00eda sufrido ya cuatro asedios de la indiada manejada por Benavides.<\/div>\n<div style=\"text-align: justify;\"><\/div>\n<div style=\"text-align: justify;\">En estas circunstancias recibi\u00f3 Alc\u00e1zar una falsa orden para que abandonara Los \u00c1ngeles y cruzara el Laja por el vado de Tarpellanca, para unirse a las tropas de Concepci\u00f3n en las proximidades de Yumbel. Enga\u00f1ado o no, el Mariscal Del Alc\u00e1zar se impuso la obligaci\u00f3n humanitaria de salvar a la poblaci\u00f3n angelina, particularmente a las mujeres y ni\u00f1os. Si \u00e9stos permanec\u00edan en la villa, sin protecci\u00f3n armada, ser\u00edan horrorosamente sacrificados. En consecuencia, organiz\u00f3 una columna con carretas, animales y el total de los moradores, que march\u00f3 hacia el Laja escoltada por las fuerzas del veterano militar (a la saz\u00f3n ya ten\u00eda 67 a\u00f1os). <\/div>\n<div style=\"text-align: justify;\"><\/div>\n<div style=\"text-align: justify;\">Dej\u00f3 la villa el 25. IX. 1820 al frente del Batall\u00f3n de Cazadores de Coquimbo, 45 artilleros, 100 a 200 ind\u00edgenas amigos y cerca de un millar de paisanos.<\/div>\n<div style=\"text-align: justify;\"><\/div>\n<div style=\"text-align: justify;\">Alc\u00e1zar lleg\u00f3 al vado de Tarpellanca con su columna de fugitivos al amanecer del 26 de septiembre. El r\u00edo Laja formaba en esa \u00e9poca, frente al paso, una isla que lo divid\u00eda en dos brazos. Cuando la poblaci\u00f3n angelina se encontraba en la citada isleta y parte de las tropas en la ribera opuesta, emergieron por todas partes una cantidad impresionante de fuerzas realistas, soldados e ind\u00edgenas, que alzaban sus armas en se\u00f1al anticipada de victoria&#8230;<\/div>\n<div style=\"text-align: justify;\"><\/div>\n<div style=\"text-align: justify;\">De inmediato Del Alc\u00e1zar hizo rodear a la poblaci\u00f3n civil por las pocas carretas y cuanto artefacto se encontr\u00f3 a mano, mientras que las tropas que hab\u00edan cruzado el r\u00edo regresaron a la isla arenosa para reforzar la defensa. El \u00fanico que no se pleg\u00f3 al improvisado baluarte fue el Teniente Coronel Isaac Thompson, Comandante del Coquimbo. Seg\u00fan declarar\u00eda despu\u00e9s, hab\u00eda pretendido ir en busca de ayuda a Concepci\u00f3n.<\/div>\n<div style=\"text-align: justify;\"><\/div>\n<div style=\"text-align: justify;\">Fue en estos aciagos instantes cuando el casi septuagenario Mariscal Del Alc\u00e1zar mostr\u00f3 la fibra de su temple, dando \u00f3rdenes desde la silla de su caballo y recorriendo los lugares donde se refugiaban las mujeres, ni\u00f1os y enfermos, les animaba y les aseguraba que les salvar\u00eda la vida.<\/div>\n<div style=\"text-align: justify;\"><\/div>\n<div style=\"text-align: justify;\">13 horas (32, dice Mariano Torrente) resisti\u00f3 los impetuosos asaltos del enemigo, especialmente de las hordas del cacique Ma\u00f1il, azuzadas por Benavides.<\/div>\n<div style=\"text-align: justify;\"><\/div>\n<div style=\"text-align: justify;\">Tampoco ten\u00edan mejor resultado los ataques de los montoneros del comandante Juan Manuel Pico. Los patriotas, bajo las voces de mando del mariscal Pedro Andr\u00e9s Alc\u00e1zar, disparaban con excelente punter\u00eda y corr\u00edan de un lado a otro para tapar huecos o rechazar a los m\u00e1s audaces que lograban pisar la isla.<\/div>\n<div style=\"text-align: justify;\"><\/div>\n<div style=\"text-align: justify;\">Agotadas las municiones, los defensores de Tarpellanca se mostraron dispuestos a pelear con cuchillos, bayonetas y a culatazos. Fue el momento en que Benavides y Pico enviaron un parlamentario a proponer una capitulaci\u00f3n honrosa, asegurando la vida y libertad de los pobladores. Los oficiales ser\u00edan hechos prisioneros y la tropa seria distribuida en las guerrillas realistas.<\/div>\n<div style=\"text-align: justify;\"><\/div>\n<div style=\"text-align: justify;\">Si Alc\u00e1zar hubiese estado s\u00f3lo al frente de sus soldados, habr\u00eda continuado batallando o se habr\u00eda abierto paso como lo hiciera en Rancagua. Mas las mujeres, ni\u00f1os, ancianos y enfermos deb\u00edan tener una oportunidad de salir con vida, evitando una feroz masacre. Alc\u00e1zar crey\u00f3 en la bandera de paz. Jam\u00e1s se imagin\u00f3 o no quiso creer en un absurdo martirologio.<\/div>\n<div style=\"text-align: justify;\"><\/div>\n<div style=\"text-align: justify;\">La heroica jornada de Tarpellanca (26. IX. 1820) hab\u00eda terminado, luego de la firma de capitulaci\u00f3n, efectuada a las 2 A.M. del d\u00eda 27, pero con los primeros rayos del sol, se desencadenar\u00eda la tragedia.<\/div>\n<div style=\"text-align: justify;\"><\/div>\n<div style=\"text-align: justify;\">Vicente Benavides solt\u00f3 a las fieras de Ma\u00f1il, que se lanzaron sobre los pobladores con crueldad. En tanto, el comandante Gaspar Ruiz, jefe pol\u00edtico del partido de La Laja y los 17 oficiales, hab\u00edan sido separados de la tropa y conducidos en direcci\u00f3n a Yumbel.<\/div>\n<div style=\"text-align: justify;\"><\/div>\n<div style=\"text-align: justify;\">El 28 de septiembre los prisioneros recibieron orden de continuar la marcha, luego de pernoctar en San Crist\u00f3bal. Cerca de Yumbel, los oficiales hab\u00edan sido encerrados en un rancho, donde fueron ultimados a sable, lanza y balazos. Entretanto, Alc\u00e1zar y el comandante Ruiz fueron lanceados y destrozados sus cuerpos. Se cree que el cacique Catrileo fue el que primero lance\u00f3 al veterano soldado tucapelino.<\/div>\n<div style=\"text-align: justify;\"><\/div>\n<div style=\"text-align: justify;\">Esta fue la p\u00e1gina m\u00e1s negra de la llamada Guerra a Muerte, de la cual -al decir de Francisco A. Encina- hasta \u00ablos propios indios tuvieron verg\u00fcenza de cantar victoria\u00bb.<\/div>\n<div style=\"text-align: justify;\"><\/div>\n<div style=\"text-align: justify;\">Con este terrible cap\u00edtulo, culmin\u00f3 la vida de una de los personajes m\u00e1s gloriosos del Ej\u00e9rcito chileno y de la Provincia de Bio B\u00edo.<\/div>\n","protected":false},"excerpt":{"rendered":"<p>Con el alto grado de Mariscal, Alcazar emprender\u00eda una infortunada operaci\u00f3n para batir al temible Benavides. En ella encontrar\u00eda heroica muerte en el Combate de Tarpellanca (26.IX.1820), en lo que hoy conocemos como Puente Perales, uno de los pasos del r\u00edo Laja, en el camino a Yumbel. El plan para capturar a Vicente Benavides, ideado [&hellip;]<\/p>\n","protected":false},"author":1,"featured_media":3864,"comment_status":"open","ping_status":"closed","sticky":false,"template":"","format":"standard","meta":{"footnotes":""},"categories":[10,23,108],"tags":[],"class_list":["post-3842","post","type-post","status-publish","format-standard","has-post-thumbnail","hentry","category-historia","category-personajes","category-tucapel"],"yoast_head":"<!-- This site is optimized with the Yoast SEO plugin v28.2 - https:\/\/yoast.com\/product\/yoast-seo-wordpress\/ -->\n<title>Martirio en Tarpellanca - Nuestro Bio B\u00edo<\/title>\n<meta name=\"robots\" content=\"index, follow, max-snippet:-1, max-image-preview:large, max-video-preview:-1\" \/>\n<link rel=\"canonical\" href=\"https:\/\/www.fraczinet.cl\/sitio\/martirio-en-tarpellanca\/\" \/>\n<meta property=\"og:locale\" content=\"es_ES\" \/>\n<meta property=\"og:type\" content=\"article\" \/>\n<meta property=\"og:title\" content=\"Martirio en Tarpellanca - Nuestro Bio B\u00edo\" \/>\n<meta property=\"og:description\" content=\"Con el alto grado de Mariscal, Alcazar emprender\u00eda una infortunada operaci\u00f3n para batir al temible Benavides. En ella encontrar\u00eda heroica muerte en el Combate de Tarpellanca (26.IX.1820), en lo que hoy conocemos como Puente Perales, uno de los pasos del r\u00edo Laja, en el camino a Yumbel. El plan para capturar a Vicente Benavides, ideado [&hellip;]\" \/>\n<meta property=\"og:url\" content=\"https:\/\/www.fraczinet.cl\/sitio\/martirio-en-tarpellanca\/\" \/>\n<meta property=\"og:site_name\" content=\"Nuestro Bio B\u00edo\" \/>\n<meta property=\"article:publisher\" content=\"https:\/\/www.facebook.com\/groups\/15721414452\/\" \/>\n<meta property=\"article:published_time\" content=\"2009-02-06T02:04:00+00:00\" \/>\n<meta property=\"article:modified_time\" content=\"2021-08-06T01:43:04+00:00\" \/>\n<meta property=\"og:image\" content=\"https:\/\/www.fraczinet.cl\/sitio\/wp-content\/uploads\/2009\/02\/bocatoma_de_Tucapel1.jpg\" \/>\n\t<meta property=\"og:image:width\" content=\"143\" \/>\n\t<meta property=\"og:image:height\" content=\"89\" \/>\n\t<meta property=\"og:image:type\" content=\"image\/jpeg\" \/>\n<meta name=\"twitter:card\" content=\"summary_large_image\" \/>\n<meta name=\"twitter:creator\" content=\"@nuestrobiobio\" \/>\n<meta name=\"twitter:site\" content=\"@nuestrobiobio\" \/>\n<meta name=\"twitter:label1\" content=\"Escrito por\" \/>\n\t<meta name=\"twitter:data1\" content=\"\" \/>\n\t<meta name=\"twitter:label2\" content=\"Tiempo de lectura\" \/>\n\t<meta name=\"twitter:data2\" content=\"5 minutos\" \/>\n<script type=\"application\/ld+json\" class=\"yoast-schema-graph\">{\"@context\":\"https:\\\/\\\/schema.org\",\"@graph\":[{\"@type\":\"Article\",\"@id\":\"https:\\\/\\\/www.fraczinet.cl\\\/sitio\\\/martirio-en-tarpellanca\\\/#article\",\"isPartOf\":{\"@id\":\"https:\\\/\\\/www.fraczinet.cl\\\/sitio\\\/martirio-en-tarpellanca\\\/\"},\"author\":{\"name\":\"\",\"@id\":\"\"},\"headline\":\"Martirio en Tarpellanca\",\"datePublished\":\"2009-02-06T02:04:00+00:00\",\"dateModified\":\"2021-08-06T01:43:04+00:00\",\"mainEntityOfPage\":{\"@id\":\"https:\\\/\\\/www.fraczinet.cl\\\/sitio\\\/martirio-en-tarpellanca\\\/\"},\"wordCount\":921,\"commentCount\":0,\"image\":{\"@id\":\"https:\\\/\\\/www.fraczinet.cl\\\/sitio\\\/martirio-en-tarpellanca\\\/#primaryimage\"},\"thumbnailUrl\":\"https:\\\/\\\/www.fraczinet.cl\\\/sitio\\\/wp-content\\\/uploads\\\/2009\\\/02\\\/bocatoma_de_Tucapel1.jpg\",\"articleSection\":[\"Historia\",\"Personajes\",\"Tucapel\"],\"inLanguage\":\"es\",\"potentialAction\":[{\"@type\":\"CommentAction\",\"name\":\"Comment\",\"target\":[\"https:\\\/\\\/www.fraczinet.cl\\\/sitio\\\/martirio-en-tarpellanca\\\/#respond\"]}]},{\"@type\":\"WebPage\",\"@id\":\"https:\\\/\\\/www.fraczinet.cl\\\/sitio\\\/martirio-en-tarpellanca\\\/\",\"url\":\"https:\\\/\\\/www.fraczinet.cl\\\/sitio\\\/martirio-en-tarpellanca\\\/\",\"name\":\"Martirio en Tarpellanca - Nuestro Bio B\u00edo\",\"isPartOf\":{\"@id\":\"https:\\\/\\\/www.fraczinet.cl\\\/sitio\\\/#website\"},\"primaryImageOfPage\":{\"@id\":\"https:\\\/\\\/www.fraczinet.cl\\\/sitio\\\/martirio-en-tarpellanca\\\/#primaryimage\"},\"image\":{\"@id\":\"https:\\\/\\\/www.fraczinet.cl\\\/sitio\\\/martirio-en-tarpellanca\\\/#primaryimage\"},\"thumbnailUrl\":\"https:\\\/\\\/www.fraczinet.cl\\\/sitio\\\/wp-content\\\/uploads\\\/2009\\\/02\\\/bocatoma_de_Tucapel1.jpg\",\"datePublished\":\"2009-02-06T02:04:00+00:00\",\"dateModified\":\"2021-08-06T01:43:04+00:00\",\"author\":{\"@id\":\"\"},\"breadcrumb\":{\"@id\":\"https:\\\/\\\/www.fraczinet.cl\\\/sitio\\\/martirio-en-tarpellanca\\\/#breadcrumb\"},\"inLanguage\":\"es\",\"potentialAction\":[{\"@type\":\"ReadAction\",\"target\":[\"https:\\\/\\\/www.fraczinet.cl\\\/sitio\\\/martirio-en-tarpellanca\\\/\"]}]},{\"@type\":\"ImageObject\",\"inLanguage\":\"es\",\"@id\":\"https:\\\/\\\/www.fraczinet.cl\\\/sitio\\\/martirio-en-tarpellanca\\\/#primaryimage\",\"url\":\"https:\\\/\\\/www.fraczinet.cl\\\/sitio\\\/wp-content\\\/uploads\\\/2009\\\/02\\\/bocatoma_de_Tucapel1.jpg\",\"contentUrl\":\"https:\\\/\\\/www.fraczinet.cl\\\/sitio\\\/wp-content\\\/uploads\\\/2009\\\/02\\\/bocatoma_de_Tucapel1.jpg\",\"width\":143,\"height\":89},{\"@type\":\"BreadcrumbList\",\"@id\":\"https:\\\/\\\/www.fraczinet.cl\\\/sitio\\\/martirio-en-tarpellanca\\\/#breadcrumb\",\"itemListElement\":[{\"@type\":\"ListItem\",\"position\":1,\"name\":\"Portada\",\"item\":\"https:\\\/\\\/www.fraczinet.cl\\\/sitio\\\/\"},{\"@type\":\"ListItem\",\"position\":2,\"name\":\"Martirio en Tarpellanca\"}]},{\"@type\":\"WebSite\",\"@id\":\"https:\\\/\\\/www.fraczinet.cl\\\/sitio\\\/#website\",\"url\":\"https:\\\/\\\/www.fraczinet.cl\\\/sitio\\\/\",\"name\":\"Nuestro Bio B\u00edo\",\"description\":\"Tierra de Encuentros\",\"potentialAction\":[{\"@type\":\"SearchAction\",\"target\":{\"@type\":\"EntryPoint\",\"urlTemplate\":\"https:\\\/\\\/www.fraczinet.cl\\\/sitio\\\/?s={search_term_string}\"},\"query-input\":{\"@type\":\"PropertyValueSpecification\",\"valueRequired\":true,\"valueName\":\"search_term_string\"}}],\"inLanguage\":\"es\"},{\"@type\":\"Person\",\"@id\":\"\"}]}<\/script>\n<!-- \/ Yoast SEO plugin. -->","yoast_head_json":{"title":"Martirio en Tarpellanca - Nuestro Bio B\u00edo","robots":{"index":"index","follow":"follow","max-snippet":"max-snippet:-1","max-image-preview":"max-image-preview:large","max-video-preview":"max-video-preview:-1"},"canonical":"https:\/\/www.fraczinet.cl\/sitio\/martirio-en-tarpellanca\/","og_locale":"es_ES","og_type":"article","og_title":"Martirio en Tarpellanca - Nuestro Bio B\u00edo","og_description":"Con el alto grado de Mariscal, Alcazar emprender\u00eda una infortunada operaci\u00f3n para batir al temible Benavides. En ella encontrar\u00eda heroica muerte en el Combate de Tarpellanca (26.IX.1820), en lo que hoy conocemos como Puente Perales, uno de los pasos del r\u00edo Laja, en el camino a Yumbel. El plan para capturar a Vicente Benavides, ideado [&hellip;]","og_url":"https:\/\/www.fraczinet.cl\/sitio\/martirio-en-tarpellanca\/","og_site_name":"Nuestro Bio B\u00edo","article_publisher":"https:\/\/www.facebook.com\/groups\/15721414452\/","article_published_time":"2009-02-06T02:04:00+00:00","article_modified_time":"2021-08-06T01:43:04+00:00","og_image":[{"width":143,"height":89,"url":"https:\/\/www.fraczinet.cl\/sitio\/wp-content\/uploads\/2009\/02\/bocatoma_de_Tucapel1.jpg","type":"image\/jpeg"}],"twitter_card":"summary_large_image","twitter_creator":"@nuestrobiobio","twitter_site":"@nuestrobiobio","twitter_misc":{"Escrito por":"","Tiempo de lectura":"5 minutos"},"schema":{"@context":"https:\/\/schema.org","@graph":[{"@type":"Article","@id":"https:\/\/www.fraczinet.cl\/sitio\/martirio-en-tarpellanca\/#article","isPartOf":{"@id":"https:\/\/www.fraczinet.cl\/sitio\/martirio-en-tarpellanca\/"},"author":{"name":"","@id":""},"headline":"Martirio en Tarpellanca","datePublished":"2009-02-06T02:04:00+00:00","dateModified":"2021-08-06T01:43:04+00:00","mainEntityOfPage":{"@id":"https:\/\/www.fraczinet.cl\/sitio\/martirio-en-tarpellanca\/"},"wordCount":921,"commentCount":0,"image":{"@id":"https:\/\/www.fraczinet.cl\/sitio\/martirio-en-tarpellanca\/#primaryimage"},"thumbnailUrl":"https:\/\/www.fraczinet.cl\/sitio\/wp-content\/uploads\/2009\/02\/bocatoma_de_Tucapel1.jpg","articleSection":["Historia","Personajes","Tucapel"],"inLanguage":"es","potentialAction":[{"@type":"CommentAction","name":"Comment","target":["https:\/\/www.fraczinet.cl\/sitio\/martirio-en-tarpellanca\/#respond"]}]},{"@type":"WebPage","@id":"https:\/\/www.fraczinet.cl\/sitio\/martirio-en-tarpellanca\/","url":"https:\/\/www.fraczinet.cl\/sitio\/martirio-en-tarpellanca\/","name":"Martirio en Tarpellanca - Nuestro Bio B\u00edo","isPartOf":{"@id":"https:\/\/www.fraczinet.cl\/sitio\/#website"},"primaryImageOfPage":{"@id":"https:\/\/www.fraczinet.cl\/sitio\/martirio-en-tarpellanca\/#primaryimage"},"image":{"@id":"https:\/\/www.fraczinet.cl\/sitio\/martirio-en-tarpellanca\/#primaryimage"},"thumbnailUrl":"https:\/\/www.fraczinet.cl\/sitio\/wp-content\/uploads\/2009\/02\/bocatoma_de_Tucapel1.jpg","datePublished":"2009-02-06T02:04:00+00:00","dateModified":"2021-08-06T01:43:04+00:00","author":{"@id":""},"breadcrumb":{"@id":"https:\/\/www.fraczinet.cl\/sitio\/martirio-en-tarpellanca\/#breadcrumb"},"inLanguage":"es","potentialAction":[{"@type":"ReadAction","target":["https:\/\/www.fraczinet.cl\/sitio\/martirio-en-tarpellanca\/"]}]},{"@type":"ImageObject","inLanguage":"es","@id":"https:\/\/www.fraczinet.cl\/sitio\/martirio-en-tarpellanca\/#primaryimage","url":"https:\/\/www.fraczinet.cl\/sitio\/wp-content\/uploads\/2009\/02\/bocatoma_de_Tucapel1.jpg","contentUrl":"https:\/\/www.fraczinet.cl\/sitio\/wp-content\/uploads\/2009\/02\/bocatoma_de_Tucapel1.jpg","width":143,"height":89},{"@type":"BreadcrumbList","@id":"https:\/\/www.fraczinet.cl\/sitio\/martirio-en-tarpellanca\/#breadcrumb","itemListElement":[{"@type":"ListItem","position":1,"name":"Portada","item":"https:\/\/www.fraczinet.cl\/sitio\/"},{"@type":"ListItem","position":2,"name":"Martirio en Tarpellanca"}]},{"@type":"WebSite","@id":"https:\/\/www.fraczinet.cl\/sitio\/#website","url":"https:\/\/www.fraczinet.cl\/sitio\/","name":"Nuestro Bio B\u00edo","description":"Tierra de Encuentros","potentialAction":[{"@type":"SearchAction","target":{"@type":"EntryPoint","urlTemplate":"https:\/\/www.fraczinet.cl\/sitio\/?s={search_term_string}"},"query-input":{"@type":"PropertyValueSpecification","valueRequired":true,"valueName":"search_term_string"}}],"inLanguage":"es"},{"@type":"Person","@id":""}]}},"_links":{"self":[{"href":"https:\/\/www.fraczinet.cl\/sitio\/wp-json\/wp\/v2\/posts\/3842","targetHints":{"allow":["GET"]}}],"collection":[{"href":"https:\/\/www.fraczinet.cl\/sitio\/wp-json\/wp\/v2\/posts"}],"about":[{"href":"https:\/\/www.fraczinet.cl\/sitio\/wp-json\/wp\/v2\/types\/post"}],"author":[{"embeddable":true,"href":"https:\/\/www.fraczinet.cl\/sitio\/wp-json\/wp\/v2\/users\/1"}],"replies":[{"embeddable":true,"href":"https:\/\/www.fraczinet.cl\/sitio\/wp-json\/wp\/v2\/comments?post=3842"}],"version-history":[{"count":1,"href":"https:\/\/www.fraczinet.cl\/sitio\/wp-json\/wp\/v2\/posts\/3842\/revisions"}],"predecessor-version":[{"id":3865,"href":"https:\/\/www.fraczinet.cl\/sitio\/wp-json\/wp\/v2\/posts\/3842\/revisions\/3865"}],"wp:featuredmedia":[{"embeddable":true,"href":"https:\/\/www.fraczinet.cl\/sitio\/wp-json\/wp\/v2\/media\/3864"}],"wp:attachment":[{"href":"https:\/\/www.fraczinet.cl\/sitio\/wp-json\/wp\/v2\/media?parent=3842"}],"wp:term":[{"taxonomy":"category","embeddable":true,"href":"https:\/\/www.fraczinet.cl\/sitio\/wp-json\/wp\/v2\/categories?post=3842"},{"taxonomy":"post_tag","embeddable":true,"href":"https:\/\/www.fraczinet.cl\/sitio\/wp-json\/wp\/v2\/tags?post=3842"}],"curies":[{"name":"wp","href":"https:\/\/api.w.org\/{rel}","templated":true}]}}