{"id":3875,"date":"2009-02-06T03:32:00","date_gmt":"2009-02-06T03:32:00","guid":{"rendered":""},"modified":"2021-08-07T16:21:43","modified_gmt":"2021-08-07T16:21:43","slug":"yumbel-terrenal-y-espiritual","status":"publish","type":"post","link":"https:\/\/www.fraczinet.cl\/sitio\/yumbel-terrenal-y-espiritual\/","title":{"rendered":"Yumbel, terrenal y espiritual"},"content":{"rendered":"<p><a href=\"https:\/\/www.fraczinet.cl\/sitio\/wp-content\/uploads\/2009\/02\/misa_en_campo_de_oracion1.jpg\"><img decoding=\"async\" alt=\"\" border=\"0\" id=\"BLOGGER_PHOTO_ID_5299522165671099362\" src=\"https:\/\/www.fraczinet.cl\/sitio\/wp-content\/uploads\/2009\/02\/misa_en_campo_de_oracion1.jpg\" style=\"cursor: pointer; float: left; height: 89px; margin: 0px 10px 10px 0px; width: 143px;\" \/><\/a>De origen militar, Yumbel destaca hoy por su alta ruralidad y su aspecto religioso. Es considerada desde siglos, una ciudad santuario, por venerarse a San Sebasti\u00e1n, patrono de la ciudad, los 20 de enero y marzo de cada a\u00f1o, lo cual constituye la principal fiesta religiosa popular de la regi\u00f3n y una de las m\u00e1s importantes del pa\u00eds.  Trillas a caballo, aire puro, vi\u00f1edos, trigales y casas de adobe son parte preponderante del paisaje urbano y rural de los diferentes pueblos que encierra la comuna.&nbsp;<\/p>\n<div><\/div>\n<div>Distante a 57 kms al noroeste de Los Angeles, la comuna de Yumbel, ubicada en la depresi\u00f3n central, tiene una superficie aproximada de 767, 25 kms2. Sus principales localidades urbanas son Estaci\u00f3n Yumbel, R\u00edo Claro, Rere y Tomeco.  La actividad econ\u00f3mica m\u00e1s importante es la agricultura, que emplea el 52% de los ocupados, en segundo lugar se encuentra el sector servicios, seguido del sector forestal.&nbsp;<\/div>\n<div><\/div>\n<div>Otro de los factores que afectan la producci\u00f3n agr\u00edcola es que gran parte de los suelos de tierra colorada han sido fuertemente explotados, ocasionando su r\u00e1pida destrucci\u00f3n siendo hoy suelos empobrecidos, \u00e1cidos y erosionados.   En los \u00faltimos a\u00f1os, la actividad forestal ha crecido enormemente, pudiendo aumentar ostensiblemente la superficie plantada de pinos y eucaliptus. Adem\u00e1s, en la comuna existen algunas peque\u00f1as y medianas empresas madereras.  Hay gran producci\u00f3n hortofrut\u00edcula, y en los a\u00f1os recientes se han desarrollado peque\u00f1as agroindustrias y huertos frutales.<\/div>\n","protected":false},"excerpt":{"rendered":"<p>De origen militar, Yumbel destaca hoy por su alta ruralidad y su aspecto religioso. Es considerada desde siglos, una ciudad santuario, por venerarse a San Sebasti\u00e1n, patrono de la ciudad, los 20 de enero y marzo de cada a\u00f1o, lo cual constituye la principal fiesta religiosa popular de la regi\u00f3n y una de las m\u00e1s [&hellip;]<\/p>\n","protected":false},"author":1,"featured_media":3921,"comment_status":"open","ping_status":"closed","sticky":false,"template":"","format":"standard","meta":{"footnotes":""},"categories":[109],"tags":[],"class_list":["post-3875","post","type-post","status-publish","format-standard","has-post-thumbnail","hentry","category-yumbel"],"yoast_head":"<!-- This site is optimized with the Yoast SEO plugin v28.2 - https:\/\/yoast.com\/product\/yoast-seo-wordpress\/ -->\n<title>Yumbel, terrenal y espiritual - Nuestro Bio B\u00edo<\/title>\n<meta name=\"robots\" content=\"index, follow, max-snippet:-1, max-image-preview:large, max-video-preview:-1\" \/>\n<link rel=\"canonical\" href=\"https:\/\/www.fraczinet.cl\/sitio\/yumbel-terrenal-y-espiritual\/\" \/>\n<meta property=\"og:locale\" content=\"es_ES\" \/>\n<meta property=\"og:type\" content=\"article\" \/>\n<meta property=\"og:title\" content=\"Yumbel, terrenal y espiritual - Nuestro Bio B\u00edo\" \/>\n<meta property=\"og:description\" content=\"De origen militar, Yumbel destaca hoy por su alta ruralidad y su aspecto religioso. Es considerada desde siglos, una ciudad santuario, por venerarse a San Sebasti\u00e1n, patrono de la ciudad, los 20 de enero y marzo de cada a\u00f1o, lo cual constituye la principal fiesta religiosa popular de la regi\u00f3n y una de las m\u00e1s [&hellip;]\" \/>\n<meta property=\"og:url\" content=\"https:\/\/www.fraczinet.cl\/sitio\/yumbel-terrenal-y-espiritual\/\" \/>\n<meta property=\"og:site_name\" content=\"Nuestro Bio B\u00edo\" \/>\n<meta property=\"article:publisher\" content=\"https:\/\/www.facebook.com\/groups\/15721414452\/\" \/>\n<meta property=\"article:published_time\" content=\"2009-02-06T03:32:00+00:00\" \/>\n<meta property=\"article:modified_time\" content=\"2021-08-07T16:21:43+00:00\" \/>\n<meta property=\"og:image\" content=\"https:\/\/www.fraczinet.cl\/sitio\/wp-content\/uploads\/2009\/02\/misa_en_campo_de_oracion1.jpg\" \/>\n\t<meta property=\"og:image:width\" content=\"143\" \/>\n\t<meta property=\"og:image:height\" content=\"89\" \/>\n\t<meta property=\"og:image:type\" content=\"image\/jpeg\" \/>\n<meta name=\"twitter:card\" content=\"summary_large_image\" \/>\n<meta name=\"twitter:creator\" content=\"@nuestrobiobio\" \/>\n<meta name=\"twitter:site\" content=\"@nuestrobiobio\" \/>\n<meta name=\"twitter:label1\" content=\"Escrito por\" \/>\n\t<meta name=\"twitter:data1\" content=\"\" \/>\n\t<meta name=\"twitter:label2\" content=\"Tiempo de lectura\" \/>\n\t<meta name=\"twitter:data2\" content=\"1 minuto\" \/>\n<script type=\"application\/ld+json\" class=\"yoast-schema-graph\">{\"@context\":\"https:\\\/\\\/schema.org\",\"@graph\":[{\"@type\":\"Article\",\"@id\":\"https:\\\/\\\/www.fraczinet.cl\\\/sitio\\\/yumbel-terrenal-y-espiritual\\\/#article\",\"isPartOf\":{\"@id\":\"https:\\\/\\\/www.fraczinet.cl\\\/sitio\\\/yumbel-terrenal-y-espiritual\\\/\"},\"author\":{\"name\":\"\",\"@id\":\"\"},\"headline\":\"Yumbel, terrenal y espiritual\",\"datePublished\":\"2009-02-06T03:32:00+00:00\",\"dateModified\":\"2021-08-07T16:21:43+00:00\",\"mainEntityOfPage\":{\"@id\":\"https:\\\/\\\/www.fraczinet.cl\\\/sitio\\\/yumbel-terrenal-y-espiritual\\\/\"},\"wordCount\":255,\"commentCount\":0,\"image\":{\"@id\":\"https:\\\/\\\/www.fraczinet.cl\\\/sitio\\\/yumbel-terrenal-y-espiritual\\\/#primaryimage\"},\"thumbnailUrl\":\"https:\\\/\\\/www.fraczinet.cl\\\/sitio\\\/wp-content\\\/uploads\\\/2009\\\/02\\\/misa_en_campo_de_oracion1.jpg\",\"articleSection\":[\"Yumbel\"],\"inLanguage\":\"es\",\"potentialAction\":[{\"@type\":\"CommentAction\",\"name\":\"Comment\",\"target\":[\"https:\\\/\\\/www.fraczinet.cl\\\/sitio\\\/yumbel-terrenal-y-espiritual\\\/#respond\"]}]},{\"@type\":\"WebPage\",\"@id\":\"https:\\\/\\\/www.fraczinet.cl\\\/sitio\\\/yumbel-terrenal-y-espiritual\\\/\",\"url\":\"https:\\\/\\\/www.fraczinet.cl\\\/sitio\\\/yumbel-terrenal-y-espiritual\\\/\",\"name\":\"Yumbel, terrenal y espiritual - Nuestro Bio B\u00edo\",\"isPartOf\":{\"@id\":\"https:\\\/\\\/www.fraczinet.cl\\\/sitio\\\/#website\"},\"primaryImageOfPage\":{\"@id\":\"https:\\\/\\\/www.fraczinet.cl\\\/sitio\\\/yumbel-terrenal-y-espiritual\\\/#primaryimage\"},\"image\":{\"@id\":\"https:\\\/\\\/www.fraczinet.cl\\\/sitio\\\/yumbel-terrenal-y-espiritual\\\/#primaryimage\"},\"thumbnailUrl\":\"https:\\\/\\\/www.fraczinet.cl\\\/sitio\\\/wp-content\\\/uploads\\\/2009\\\/02\\\/misa_en_campo_de_oracion1.jpg\",\"datePublished\":\"2009-02-06T03:32:00+00:00\",\"dateModified\":\"2021-08-07T16:21:43+00:00\",\"author\":{\"@id\":\"\"},\"breadcrumb\":{\"@id\":\"https:\\\/\\\/www.fraczinet.cl\\\/sitio\\\/yumbel-terrenal-y-espiritual\\\/#breadcrumb\"},\"inLanguage\":\"es\",\"potentialAction\":[{\"@type\":\"ReadAction\",\"target\":[\"https:\\\/\\\/www.fraczinet.cl\\\/sitio\\\/yumbel-terrenal-y-espiritual\\\/\"]}]},{\"@type\":\"ImageObject\",\"inLanguage\":\"es\",\"@id\":\"https:\\\/\\\/www.fraczinet.cl\\\/sitio\\\/yumbel-terrenal-y-espiritual\\\/#primaryimage\",\"url\":\"https:\\\/\\\/www.fraczinet.cl\\\/sitio\\\/wp-content\\\/uploads\\\/2009\\\/02\\\/misa_en_campo_de_oracion1.jpg\",\"contentUrl\":\"https:\\\/\\\/www.fraczinet.cl\\\/sitio\\\/wp-content\\\/uploads\\\/2009\\\/02\\\/misa_en_campo_de_oracion1.jpg\",\"width\":143,\"height\":89},{\"@type\":\"BreadcrumbList\",\"@id\":\"https:\\\/\\\/www.fraczinet.cl\\\/sitio\\\/yumbel-terrenal-y-espiritual\\\/#breadcrumb\",\"itemListElement\":[{\"@type\":\"ListItem\",\"position\":1,\"name\":\"Portada\",\"item\":\"https:\\\/\\\/www.fraczinet.cl\\\/sitio\\\/\"},{\"@type\":\"ListItem\",\"position\":2,\"name\":\"Yumbel, terrenal y espiritual\"}]},{\"@type\":\"WebSite\",\"@id\":\"https:\\\/\\\/www.fraczinet.cl\\\/sitio\\\/#website\",\"url\":\"https:\\\/\\\/www.fraczinet.cl\\\/sitio\\\/\",\"name\":\"Nuestro Bio B\u00edo\",\"description\":\"Tierra de Encuentros\",\"potentialAction\":[{\"@type\":\"SearchAction\",\"target\":{\"@type\":\"EntryPoint\",\"urlTemplate\":\"https:\\\/\\\/www.fraczinet.cl\\\/sitio\\\/?s={search_term_string}\"},\"query-input\":{\"@type\":\"PropertyValueSpecification\",\"valueRequired\":true,\"valueName\":\"search_term_string\"}}],\"inLanguage\":\"es\"},{\"@type\":\"Person\",\"@id\":\"\"}]}<\/script>\n<!-- \/ Yoast SEO plugin. -->","yoast_head_json":{"title":"Yumbel, terrenal y espiritual - Nuestro Bio B\u00edo","robots":{"index":"index","follow":"follow","max-snippet":"max-snippet:-1","max-image-preview":"max-image-preview:large","max-video-preview":"max-video-preview:-1"},"canonical":"https:\/\/www.fraczinet.cl\/sitio\/yumbel-terrenal-y-espiritual\/","og_locale":"es_ES","og_type":"article","og_title":"Yumbel, terrenal y espiritual - Nuestro Bio B\u00edo","og_description":"De origen militar, Yumbel destaca hoy por su alta ruralidad y su aspecto religioso. Es considerada desde siglos, una ciudad santuario, por venerarse a San Sebasti\u00e1n, patrono de la ciudad, los 20 de enero y marzo de cada a\u00f1o, lo cual constituye la principal fiesta religiosa popular de la regi\u00f3n y una de las m\u00e1s [&hellip;]","og_url":"https:\/\/www.fraczinet.cl\/sitio\/yumbel-terrenal-y-espiritual\/","og_site_name":"Nuestro Bio B\u00edo","article_publisher":"https:\/\/www.facebook.com\/groups\/15721414452\/","article_published_time":"2009-02-06T03:32:00+00:00","article_modified_time":"2021-08-07T16:21:43+00:00","og_image":[{"width":143,"height":89,"url":"https:\/\/www.fraczinet.cl\/sitio\/wp-content\/uploads\/2009\/02\/misa_en_campo_de_oracion1.jpg","type":"image\/jpeg"}],"twitter_card":"summary_large_image","twitter_creator":"@nuestrobiobio","twitter_site":"@nuestrobiobio","twitter_misc":{"Escrito por":"","Tiempo de lectura":"1 minuto"},"schema":{"@context":"https:\/\/schema.org","@graph":[{"@type":"Article","@id":"https:\/\/www.fraczinet.cl\/sitio\/yumbel-terrenal-y-espiritual\/#article","isPartOf":{"@id":"https:\/\/www.fraczinet.cl\/sitio\/yumbel-terrenal-y-espiritual\/"},"author":{"name":"","@id":""},"headline":"Yumbel, terrenal y espiritual","datePublished":"2009-02-06T03:32:00+00:00","dateModified":"2021-08-07T16:21:43+00:00","mainEntityOfPage":{"@id":"https:\/\/www.fraczinet.cl\/sitio\/yumbel-terrenal-y-espiritual\/"},"wordCount":255,"commentCount":0,"image":{"@id":"https:\/\/www.fraczinet.cl\/sitio\/yumbel-terrenal-y-espiritual\/#primaryimage"},"thumbnailUrl":"https:\/\/www.fraczinet.cl\/sitio\/wp-content\/uploads\/2009\/02\/misa_en_campo_de_oracion1.jpg","articleSection":["Yumbel"],"inLanguage":"es","potentialAction":[{"@type":"CommentAction","name":"Comment","target":["https:\/\/www.fraczinet.cl\/sitio\/yumbel-terrenal-y-espiritual\/#respond"]}]},{"@type":"WebPage","@id":"https:\/\/www.fraczinet.cl\/sitio\/yumbel-terrenal-y-espiritual\/","url":"https:\/\/www.fraczinet.cl\/sitio\/yumbel-terrenal-y-espiritual\/","name":"Yumbel, terrenal y espiritual - Nuestro Bio B\u00edo","isPartOf":{"@id":"https:\/\/www.fraczinet.cl\/sitio\/#website"},"primaryImageOfPage":{"@id":"https:\/\/www.fraczinet.cl\/sitio\/yumbel-terrenal-y-espiritual\/#primaryimage"},"image":{"@id":"https:\/\/www.fraczinet.cl\/sitio\/yumbel-terrenal-y-espiritual\/#primaryimage"},"thumbnailUrl":"https:\/\/www.fraczinet.cl\/sitio\/wp-content\/uploads\/2009\/02\/misa_en_campo_de_oracion1.jpg","datePublished":"2009-02-06T03:32:00+00:00","dateModified":"2021-08-07T16:21:43+00:00","author":{"@id":""},"breadcrumb":{"@id":"https:\/\/www.fraczinet.cl\/sitio\/yumbel-terrenal-y-espiritual\/#breadcrumb"},"inLanguage":"es","potentialAction":[{"@type":"ReadAction","target":["https:\/\/www.fraczinet.cl\/sitio\/yumbel-terrenal-y-espiritual\/"]}]},{"@type":"ImageObject","inLanguage":"es","@id":"https:\/\/www.fraczinet.cl\/sitio\/yumbel-terrenal-y-espiritual\/#primaryimage","url":"https:\/\/www.fraczinet.cl\/sitio\/wp-content\/uploads\/2009\/02\/misa_en_campo_de_oracion1.jpg","contentUrl":"https:\/\/www.fraczinet.cl\/sitio\/wp-content\/uploads\/2009\/02\/misa_en_campo_de_oracion1.jpg","width":143,"height":89},{"@type":"BreadcrumbList","@id":"https:\/\/www.fraczinet.cl\/sitio\/yumbel-terrenal-y-espiritual\/#breadcrumb","itemListElement":[{"@type":"ListItem","position":1,"name":"Portada","item":"https:\/\/www.fraczinet.cl\/sitio\/"},{"@type":"ListItem","position":2,"name":"Yumbel, terrenal y espiritual"}]},{"@type":"WebSite","@id":"https:\/\/www.fraczinet.cl\/sitio\/#website","url":"https:\/\/www.fraczinet.cl\/sitio\/","name":"Nuestro Bio B\u00edo","description":"Tierra de Encuentros","potentialAction":[{"@type":"SearchAction","target":{"@type":"EntryPoint","urlTemplate":"https:\/\/www.fraczinet.cl\/sitio\/?s={search_term_string}"},"query-input":{"@type":"PropertyValueSpecification","valueRequired":true,"valueName":"search_term_string"}}],"inLanguage":"es"},{"@type":"Person","@id":""}]}},"_links":{"self":[{"href":"https:\/\/www.fraczinet.cl\/sitio\/wp-json\/wp\/v2\/posts\/3875","targetHints":{"allow":["GET"]}}],"collection":[{"href":"https:\/\/www.fraczinet.cl\/sitio\/wp-json\/wp\/v2\/posts"}],"about":[{"href":"https:\/\/www.fraczinet.cl\/sitio\/wp-json\/wp\/v2\/types\/post"}],"author":[{"embeddable":true,"href":"https:\/\/www.fraczinet.cl\/sitio\/wp-json\/wp\/v2\/users\/1"}],"replies":[{"embeddable":true,"href":"https:\/\/www.fraczinet.cl\/sitio\/wp-json\/wp\/v2\/comments?post=3875"}],"version-history":[{"count":1,"href":"https:\/\/www.fraczinet.cl\/sitio\/wp-json\/wp\/v2\/posts\/3875\/revisions"}],"predecessor-version":[{"id":3922,"href":"https:\/\/www.fraczinet.cl\/sitio\/wp-json\/wp\/v2\/posts\/3875\/revisions\/3922"}],"wp:featuredmedia":[{"embeddable":true,"href":"https:\/\/www.fraczinet.cl\/sitio\/wp-json\/wp\/v2\/media\/3921"}],"wp:attachment":[{"href":"https:\/\/www.fraczinet.cl\/sitio\/wp-json\/wp\/v2\/media?parent=3875"}],"wp:term":[{"taxonomy":"category","embeddable":true,"href":"https:\/\/www.fraczinet.cl\/sitio\/wp-json\/wp\/v2\/categories?post=3875"},{"taxonomy":"post_tag","embeddable":true,"href":"https:\/\/www.fraczinet.cl\/sitio\/wp-json\/wp\/v2\/tags?post=3875"}],"curies":[{"name":"wp","href":"https:\/\/api.w.org\/{rel}","templated":true}]}}