{"id":3980,"date":"2009-02-18T01:42:00","date_gmt":"2009-02-18T01:42:00","guid":{"rendered":""},"modified":"2021-08-08T00:34:14","modified_gmt":"2021-08-08T00:34:14","slug":"fiestas-y-tradiciones-de-yungay","status":"publish","type":"post","link":"https:\/\/www.fraczinet.cl\/sitio\/2009\/02\/18\/fiestas-y-tradiciones-de-yungay\/","title":{"rendered":"Fiestas y Tradiciones de Yungay"},"content":{"rendered":"<div style=\"clear: both; text-align: center;\"><a href=\"https:\/\/www.fraczinet.cl\/sitio\/wp-content\/uploads\/2009\/02\/baile-20.jpg\" style=\"clear: left; float: left; margin-bottom: 1em; margin-right: 1em;\"><img fetchpriority=\"high\" decoding=\"async\" border=\"0\" data-original-height=\"480\" data-original-width=\"640\" height=\"240\" src=\"https:\/\/www.fraczinet.cl\/sitio\/wp-content\/uploads\/2009\/02\/baile-20-300x225.jpg\" width=\"320\" \/><\/a><\/div>\n<p>Semana Yungavina Fecha: del 20 al 25 de enero Lugar: Estadio Municipal de Yungay  Fiesta de San Francisco Fecha: 04 de octubre Lugar: comuna de Yugay  Fiesta de la Candelaria de Yungay  A 69 kil\u00f3metros de Chill\u00e1n, se celebra una misa en honor la Virgen de la Candelaria, en la que se bendice la imagen de la Virgen. La Santa Misa se celebra el d\u00eda dos de Febrero por la noche con la vendici\u00f3n de las velas y despu\u00e9s contin\u00faa con la procesi\u00f3n hacia la gruta ubicada en la subida de Pangal de Laja.&nbsp;<\/p>\n<div><\/div>\n<div>En la cercana localidad de Pangal del Bajo se realiza una fiesta criolla con ramadas, vinos y comidas t\u00edpicas. Fecha: 02 de febrero Lugar: Capilla Pangal de Laja perteneciente a la Parroquia de Yungay  Fiesta de la Esquila Fecha: primera quincena de noviembre Lugar: Sector el Cardal  Bendici\u00f3n de Espigas Fecha: Segunda semana de diciembre Lugar: Sector los Mayos  Rodeo Intercomunal Fecha: \u00daltima semana de febrero Lugar: Yungay<\/div>\n","protected":false},"excerpt":{"rendered":"<p>Semana Yungavina Fecha: del 20 al 25 de enero Lugar: Estadio Municipal de Yungay Fiesta de San Francisco Fecha: 04 de octubre Lugar: comuna de Yugay Fiesta de la Candelaria de Yungay A 69 kil\u00f3metros de Chill\u00e1n, se celebra una misa en honor la Virgen de la Candelaria, en la que se bendice la imagen [&hellip;]<\/p>\n","protected":false},"author":1,"featured_media":3992,"comment_status":"open","ping_status":"open","sticky":false,"template":"","format":"standard","meta":{"footnotes":""},"categories":[7,110],"tags":[],"class_list":["post-3980","post","type-post","status-publish","format-standard","has-post-thumbnail","hentry","category-fiestas-y-tradiciones","category-yungay"],"yoast_head":"<!-- This site is optimized with the Yoast SEO plugin v25.0 - https:\/\/yoast.com\/wordpress\/plugins\/seo\/ -->\n<title>Fiestas y Tradiciones de Yungay - Nuestro Bio B\u00edo<\/title>\n<meta name=\"robots\" content=\"index, follow, max-snippet:-1, max-image-preview:large, max-video-preview:-1\" \/>\n<link rel=\"canonical\" href=\"https:\/\/www.fraczinet.cl\/sitio\/2009\/02\/18\/fiestas-y-tradiciones-de-yungay\/\" \/>\n<meta property=\"og:locale\" content=\"es_ES\" \/>\n<meta property=\"og:type\" content=\"article\" \/>\n<meta property=\"og:title\" content=\"Fiestas y Tradiciones de Yungay - Nuestro Bio B\u00edo\" \/>\n<meta property=\"og:description\" content=\"Semana Yungavina Fecha: del 20 al 25 de enero Lugar: Estadio Municipal de Yungay Fiesta de San Francisco Fecha: 04 de octubre Lugar: comuna de Yugay Fiesta de la Candelaria de Yungay A 69 kil\u00f3metros de Chill\u00e1n, se celebra una misa en honor la Virgen de la Candelaria, en la que se bendice la imagen [&hellip;]\" \/>\n<meta property=\"og:url\" content=\"https:\/\/www.fraczinet.cl\/sitio\/2009\/02\/18\/fiestas-y-tradiciones-de-yungay\/\" \/>\n<meta property=\"og:site_name\" content=\"Nuestro Bio B\u00edo\" \/>\n<meta property=\"article:published_time\" content=\"2009-02-18T01:42:00+00:00\" \/>\n<meta property=\"article:modified_time\" content=\"2021-08-08T00:34:14+00:00\" \/>\n<meta property=\"og:image\" content=\"https:\/\/www.fraczinet.cl\/sitio\/wp-content\/uploads\/2009\/02\/baile-20.jpg\" \/>\n\t<meta property=\"og:image:width\" content=\"640\" \/>\n\t<meta property=\"og:image:height\" content=\"480\" \/>\n\t<meta property=\"og:image:type\" content=\"image\/jpeg\" \/>\n<meta name=\"author\" content=\"admin\" \/>\n<meta name=\"twitter:card\" content=\"summary_large_image\" \/>\n<meta name=\"twitter:creator\" content=\"@nuestrobiobio\" \/>\n<meta name=\"twitter:site\" content=\"@nuestrobiobio\" \/>\n<meta name=\"twitter:label1\" content=\"Escrito por\" \/>\n\t<meta name=\"twitter:data1\" content=\"admin\" \/>\n\t<meta name=\"twitter:label2\" content=\"Tiempo de lectura\" \/>\n\t<meta name=\"twitter:data2\" content=\"1 minuto\" \/>\n<script type=\"application\/ld+json\" class=\"yoast-schema-graph\">{\"@context\":\"https:\/\/schema.org\",\"@graph\":[{\"@type\":\"Article\",\"@id\":\"https:\/\/www.fraczinet.cl\/sitio\/2009\/02\/18\/fiestas-y-tradiciones-de-yungay\/#article\",\"isPartOf\":{\"@id\":\"https:\/\/www.fraczinet.cl\/sitio\/2009\/02\/18\/fiestas-y-tradiciones-de-yungay\/\"},\"author\":{\"name\":\"admin\",\"@id\":\"https:\/\/www.fraczinet.cl\/sitio\/#\/schema\/person\/bc30f98e9cb10ae7e119dbe14bc93784\"},\"headline\":\"Fiestas y Tradiciones de Yungay\",\"datePublished\":\"2009-02-18T01:42:00+00:00\",\"dateModified\":\"2021-08-08T00:34:14+00:00\",\"mainEntityOfPage\":{\"@id\":\"https:\/\/www.fraczinet.cl\/sitio\/2009\/02\/18\/fiestas-y-tradiciones-de-yungay\/\"},\"wordCount\":172,\"commentCount\":2,\"publisher\":{\"@id\":\"https:\/\/www.fraczinet.cl\/sitio\/#\/schema\/person\/aec8ee4da68df2b9b0eefdad24a0d582\"},\"image\":{\"@id\":\"https:\/\/www.fraczinet.cl\/sitio\/2009\/02\/18\/fiestas-y-tradiciones-de-yungay\/#primaryimage\"},\"thumbnailUrl\":\"https:\/\/www.fraczinet.cl\/sitio\/wp-content\/uploads\/2009\/02\/baile-20.jpg\",\"articleSection\":[\"Fiestas y Tradiciones\",\"Yungay\"],\"inLanguage\":\"es\",\"potentialAction\":[{\"@type\":\"CommentAction\",\"name\":\"Comment\",\"target\":[\"https:\/\/www.fraczinet.cl\/sitio\/2009\/02\/18\/fiestas-y-tradiciones-de-yungay\/#respond\"]}]},{\"@type\":\"WebPage\",\"@id\":\"https:\/\/www.fraczinet.cl\/sitio\/2009\/02\/18\/fiestas-y-tradiciones-de-yungay\/\",\"url\":\"https:\/\/www.fraczinet.cl\/sitio\/2009\/02\/18\/fiestas-y-tradiciones-de-yungay\/\",\"name\":\"Fiestas y Tradiciones de Yungay - Nuestro Bio B\u00edo\",\"isPartOf\":{\"@id\":\"https:\/\/www.fraczinet.cl\/sitio\/#website\"},\"primaryImageOfPage\":{\"@id\":\"https:\/\/www.fraczinet.cl\/sitio\/2009\/02\/18\/fiestas-y-tradiciones-de-yungay\/#primaryimage\"},\"image\":{\"@id\":\"https:\/\/www.fraczinet.cl\/sitio\/2009\/02\/18\/fiestas-y-tradiciones-de-yungay\/#primaryimage\"},\"thumbnailUrl\":\"https:\/\/www.fraczinet.cl\/sitio\/wp-content\/uploads\/2009\/02\/baile-20.jpg\",\"datePublished\":\"2009-02-18T01:42:00+00:00\",\"dateModified\":\"2021-08-08T00:34:14+00:00\",\"breadcrumb\":{\"@id\":\"https:\/\/www.fraczinet.cl\/sitio\/2009\/02\/18\/fiestas-y-tradiciones-de-yungay\/#breadcrumb\"},\"inLanguage\":\"es\",\"potentialAction\":[{\"@type\":\"ReadAction\",\"target\":[\"https:\/\/www.fraczinet.cl\/sitio\/2009\/02\/18\/fiestas-y-tradiciones-de-yungay\/\"]}]},{\"@type\":\"ImageObject\",\"inLanguage\":\"es\",\"@id\":\"https:\/\/www.fraczinet.cl\/sitio\/2009\/02\/18\/fiestas-y-tradiciones-de-yungay\/#primaryimage\",\"url\":\"https:\/\/www.fraczinet.cl\/sitio\/wp-content\/uploads\/2009\/02\/baile-20.jpg\",\"contentUrl\":\"https:\/\/www.fraczinet.cl\/sitio\/wp-content\/uploads\/2009\/02\/baile-20.jpg\",\"width\":640,\"height\":480},{\"@type\":\"BreadcrumbList\",\"@id\":\"https:\/\/www.fraczinet.cl\/sitio\/2009\/02\/18\/fiestas-y-tradiciones-de-yungay\/#breadcrumb\",\"itemListElement\":[{\"@type\":\"ListItem\",\"position\":1,\"name\":\"Portada\",\"item\":\"https:\/\/www.fraczinet.cl\/sitio\/\"},{\"@type\":\"ListItem\",\"position\":2,\"name\":\"Fiestas y Tradiciones de Yungay\"}]},{\"@type\":\"WebSite\",\"@id\":\"https:\/\/www.fraczinet.cl\/sitio\/#website\",\"url\":\"https:\/\/www.fraczinet.cl\/sitio\/\",\"name\":\"Nuestro Bio B\u00edo\",\"description\":\"Tierra de Encuentros\",\"publisher\":{\"@id\":\"https:\/\/www.fraczinet.cl\/sitio\/#\/schema\/person\/aec8ee4da68df2b9b0eefdad24a0d582\"},\"potentialAction\":[{\"@type\":\"SearchAction\",\"target\":{\"@type\":\"EntryPoint\",\"urlTemplate\":\"https:\/\/www.fraczinet.cl\/sitio\/?s={search_term_string}\"},\"query-input\":{\"@type\":\"PropertyValueSpecification\",\"valueRequired\":true,\"valueName\":\"search_term_string\"}}],\"inLanguage\":\"es\"},{\"@type\":[\"Person\",\"Organization\"],\"@id\":\"https:\/\/www.fraczinet.cl\/sitio\/#\/schema\/person\/aec8ee4da68df2b9b0eefdad24a0d582\",\"name\":\"Luis Fernando Fraczinet\",\"image\":{\"@type\":\"ImageObject\",\"inLanguage\":\"es\",\"@id\":\"https:\/\/www.fraczinet.cl\/sitio\/#\/schema\/person\/image\/\",\"url\":\"https:\/\/www.fraczinet.cl\/sitio\/wp-content\/uploads\/2021\/07\/bannerlogo-1.gif\",\"contentUrl\":\"https:\/\/www.fraczinet.cl\/sitio\/wp-content\/uploads\/2021\/07\/bannerlogo-1.gif\",\"width\":159,\"height\":79,\"caption\":\"Luis Fernando Fraczinet\"},\"logo\":{\"@id\":\"https:\/\/www.fraczinet.cl\/sitio\/#\/schema\/person\/image\/\"},\"sameAs\":[\"https:\/\/www.fraczinet.cl\/sitio\/\"]},{\"@type\":\"Person\",\"@id\":\"https:\/\/www.fraczinet.cl\/sitio\/#\/schema\/person\/bc30f98e9cb10ae7e119dbe14bc93784\",\"name\":\"admin\",\"image\":{\"@type\":\"ImageObject\",\"inLanguage\":\"es\",\"@id\":\"https:\/\/www.fraczinet.cl\/sitio\/#\/schema\/person\/image\/\",\"url\":\"https:\/\/secure.gravatar.com\/avatar\/d5ad3cf7ef3b23a2bb5be73be780c86b2fc8545c3ad6b149f3913ff458c00099?s=96&d=mm&r=g\",\"contentUrl\":\"https:\/\/secure.gravatar.com\/avatar\/d5ad3cf7ef3b23a2bb5be73be780c86b2fc8545c3ad6b149f3913ff458c00099?s=96&d=mm&r=g\",\"caption\":\"admin\"},\"sameAs\":[\"https:\/\/www.fraczinet.cl\/sitio\"]}]}<\/script>\n<!-- \/ Yoast SEO plugin. -->","yoast_head_json":{"title":"Fiestas y Tradiciones de Yungay - Nuestro Bio B\u00edo","robots":{"index":"index","follow":"follow","max-snippet":"max-snippet:-1","max-image-preview":"max-image-preview:large","max-video-preview":"max-video-preview:-1"},"canonical":"https:\/\/www.fraczinet.cl\/sitio\/2009\/02\/18\/fiestas-y-tradiciones-de-yungay\/","og_locale":"es_ES","og_type":"article","og_title":"Fiestas y Tradiciones de Yungay - Nuestro Bio B\u00edo","og_description":"Semana Yungavina Fecha: del 20 al 25 de enero Lugar: Estadio Municipal de Yungay Fiesta de San Francisco Fecha: 04 de octubre Lugar: comuna de Yugay Fiesta de la Candelaria de Yungay A 69 kil\u00f3metros de Chill\u00e1n, se celebra una misa en honor la Virgen de la Candelaria, en la que se bendice la imagen [&hellip;]","og_url":"https:\/\/www.fraczinet.cl\/sitio\/2009\/02\/18\/fiestas-y-tradiciones-de-yungay\/","og_site_name":"Nuestro Bio B\u00edo","article_published_time":"2009-02-18T01:42:00+00:00","article_modified_time":"2021-08-08T00:34:14+00:00","og_image":[{"width":640,"height":480,"url":"https:\/\/www.fraczinet.cl\/sitio\/wp-content\/uploads\/2009\/02\/baile-20.jpg","type":"image\/jpeg"}],"author":"admin","twitter_card":"summary_large_image","twitter_creator":"@nuestrobiobio","twitter_site":"@nuestrobiobio","twitter_misc":{"Escrito por":"admin","Tiempo de lectura":"1 minuto"},"schema":{"@context":"https:\/\/schema.org","@graph":[{"@type":"Article","@id":"https:\/\/www.fraczinet.cl\/sitio\/2009\/02\/18\/fiestas-y-tradiciones-de-yungay\/#article","isPartOf":{"@id":"https:\/\/www.fraczinet.cl\/sitio\/2009\/02\/18\/fiestas-y-tradiciones-de-yungay\/"},"author":{"name":"admin","@id":"https:\/\/www.fraczinet.cl\/sitio\/#\/schema\/person\/bc30f98e9cb10ae7e119dbe14bc93784"},"headline":"Fiestas y Tradiciones de Yungay","datePublished":"2009-02-18T01:42:00+00:00","dateModified":"2021-08-08T00:34:14+00:00","mainEntityOfPage":{"@id":"https:\/\/www.fraczinet.cl\/sitio\/2009\/02\/18\/fiestas-y-tradiciones-de-yungay\/"},"wordCount":172,"commentCount":2,"publisher":{"@id":"https:\/\/www.fraczinet.cl\/sitio\/#\/schema\/person\/aec8ee4da68df2b9b0eefdad24a0d582"},"image":{"@id":"https:\/\/www.fraczinet.cl\/sitio\/2009\/02\/18\/fiestas-y-tradiciones-de-yungay\/#primaryimage"},"thumbnailUrl":"https:\/\/www.fraczinet.cl\/sitio\/wp-content\/uploads\/2009\/02\/baile-20.jpg","articleSection":["Fiestas y Tradiciones","Yungay"],"inLanguage":"es","potentialAction":[{"@type":"CommentAction","name":"Comment","target":["https:\/\/www.fraczinet.cl\/sitio\/2009\/02\/18\/fiestas-y-tradiciones-de-yungay\/#respond"]}]},{"@type":"WebPage","@id":"https:\/\/www.fraczinet.cl\/sitio\/2009\/02\/18\/fiestas-y-tradiciones-de-yungay\/","url":"https:\/\/www.fraczinet.cl\/sitio\/2009\/02\/18\/fiestas-y-tradiciones-de-yungay\/","name":"Fiestas y Tradiciones de Yungay - Nuestro Bio B\u00edo","isPartOf":{"@id":"https:\/\/www.fraczinet.cl\/sitio\/#website"},"primaryImageOfPage":{"@id":"https:\/\/www.fraczinet.cl\/sitio\/2009\/02\/18\/fiestas-y-tradiciones-de-yungay\/#primaryimage"},"image":{"@id":"https:\/\/www.fraczinet.cl\/sitio\/2009\/02\/18\/fiestas-y-tradiciones-de-yungay\/#primaryimage"},"thumbnailUrl":"https:\/\/www.fraczinet.cl\/sitio\/wp-content\/uploads\/2009\/02\/baile-20.jpg","datePublished":"2009-02-18T01:42:00+00:00","dateModified":"2021-08-08T00:34:14+00:00","breadcrumb":{"@id":"https:\/\/www.fraczinet.cl\/sitio\/2009\/02\/18\/fiestas-y-tradiciones-de-yungay\/#breadcrumb"},"inLanguage":"es","potentialAction":[{"@type":"ReadAction","target":["https:\/\/www.fraczinet.cl\/sitio\/2009\/02\/18\/fiestas-y-tradiciones-de-yungay\/"]}]},{"@type":"ImageObject","inLanguage":"es","@id":"https:\/\/www.fraczinet.cl\/sitio\/2009\/02\/18\/fiestas-y-tradiciones-de-yungay\/#primaryimage","url":"https:\/\/www.fraczinet.cl\/sitio\/wp-content\/uploads\/2009\/02\/baile-20.jpg","contentUrl":"https:\/\/www.fraczinet.cl\/sitio\/wp-content\/uploads\/2009\/02\/baile-20.jpg","width":640,"height":480},{"@type":"BreadcrumbList","@id":"https:\/\/www.fraczinet.cl\/sitio\/2009\/02\/18\/fiestas-y-tradiciones-de-yungay\/#breadcrumb","itemListElement":[{"@type":"ListItem","position":1,"name":"Portada","item":"https:\/\/www.fraczinet.cl\/sitio\/"},{"@type":"ListItem","position":2,"name":"Fiestas y Tradiciones de Yungay"}]},{"@type":"WebSite","@id":"https:\/\/www.fraczinet.cl\/sitio\/#website","url":"https:\/\/www.fraczinet.cl\/sitio\/","name":"Nuestro Bio B\u00edo","description":"Tierra de Encuentros","publisher":{"@id":"https:\/\/www.fraczinet.cl\/sitio\/#\/schema\/person\/aec8ee4da68df2b9b0eefdad24a0d582"},"potentialAction":[{"@type":"SearchAction","target":{"@type":"EntryPoint","urlTemplate":"https:\/\/www.fraczinet.cl\/sitio\/?s={search_term_string}"},"query-input":{"@type":"PropertyValueSpecification","valueRequired":true,"valueName":"search_term_string"}}],"inLanguage":"es"},{"@type":["Person","Organization"],"@id":"https:\/\/www.fraczinet.cl\/sitio\/#\/schema\/person\/aec8ee4da68df2b9b0eefdad24a0d582","name":"Luis Fernando Fraczinet","image":{"@type":"ImageObject","inLanguage":"es","@id":"https:\/\/www.fraczinet.cl\/sitio\/#\/schema\/person\/image\/","url":"https:\/\/www.fraczinet.cl\/sitio\/wp-content\/uploads\/2021\/07\/bannerlogo-1.gif","contentUrl":"https:\/\/www.fraczinet.cl\/sitio\/wp-content\/uploads\/2021\/07\/bannerlogo-1.gif","width":159,"height":79,"caption":"Luis Fernando Fraczinet"},"logo":{"@id":"https:\/\/www.fraczinet.cl\/sitio\/#\/schema\/person\/image\/"},"sameAs":["https:\/\/www.fraczinet.cl\/sitio\/"]},{"@type":"Person","@id":"https:\/\/www.fraczinet.cl\/sitio\/#\/schema\/person\/bc30f98e9cb10ae7e119dbe14bc93784","name":"admin","image":{"@type":"ImageObject","inLanguage":"es","@id":"https:\/\/www.fraczinet.cl\/sitio\/#\/schema\/person\/image\/","url":"https:\/\/secure.gravatar.com\/avatar\/d5ad3cf7ef3b23a2bb5be73be780c86b2fc8545c3ad6b149f3913ff458c00099?s=96&d=mm&r=g","contentUrl":"https:\/\/secure.gravatar.com\/avatar\/d5ad3cf7ef3b23a2bb5be73be780c86b2fc8545c3ad6b149f3913ff458c00099?s=96&d=mm&r=g","caption":"admin"},"sameAs":["https:\/\/www.fraczinet.cl\/sitio"]}]}},"_links":{"self":[{"href":"https:\/\/www.fraczinet.cl\/sitio\/wp-json\/wp\/v2\/posts\/3980","targetHints":{"allow":["GET"]}}],"collection":[{"href":"https:\/\/www.fraczinet.cl\/sitio\/wp-json\/wp\/v2\/posts"}],"about":[{"href":"https:\/\/www.fraczinet.cl\/sitio\/wp-json\/wp\/v2\/types\/post"}],"author":[{"embeddable":true,"href":"https:\/\/www.fraczinet.cl\/sitio\/wp-json\/wp\/v2\/users\/1"}],"replies":[{"embeddable":true,"href":"https:\/\/www.fraczinet.cl\/sitio\/wp-json\/wp\/v2\/comments?post=3980"}],"version-history":[{"count":1,"href":"https:\/\/www.fraczinet.cl\/sitio\/wp-json\/wp\/v2\/posts\/3980\/revisions"}],"predecessor-version":[{"id":3993,"href":"https:\/\/www.fraczinet.cl\/sitio\/wp-json\/wp\/v2\/posts\/3980\/revisions\/3993"}],"wp:featuredmedia":[{"embeddable":true,"href":"https:\/\/www.fraczinet.cl\/sitio\/wp-json\/wp\/v2\/media\/3992"}],"wp:attachment":[{"href":"https:\/\/www.fraczinet.cl\/sitio\/wp-json\/wp\/v2\/media?parent=3980"}],"wp:term":[{"taxonomy":"category","embeddable":true,"href":"https:\/\/www.fraczinet.cl\/sitio\/wp-json\/wp\/v2\/categories?post=3980"},{"taxonomy":"post_tag","embeddable":true,"href":"https:\/\/www.fraczinet.cl\/sitio\/wp-json\/wp\/v2\/tags?post=3980"}],"curies":[{"name":"wp","href":"https:\/\/api.w.org\/{rel}","templated":true}]}}