{"id":4040,"date":"2020-06-01T01:19:00","date_gmt":"2020-06-01T01:19:00","guid":{"rendered":""},"modified":"2021-09-02T13:37:49","modified_gmt":"2021-09-02T13:37:49","slug":"enrique-de-penco-los-chacareros-marinos-cueca","status":"publish","type":"post","link":"https:\/\/www.fraczinet.cl\/sitio\/2020\/06\/01\/enrique-de-penco-los-chacareros-marinos-cueca\/","title":{"rendered":"Enrique de Penco &#8211; Los Chacareros Marinos (Cueca)"},"content":{"rendered":"<p><iframe allow=\"accelerometer; autoplay; encrypted-media; gyroscope; picture-in-picture\" allowfullscreen=\"\" frameborder=\"0\" height=\"315\" src=\"https:\/\/www.youtube.com\/embed\/dgfBacrv1G4\" width=\"460\"><\/iframe><\/p>\n<div style=\"text-align: justify;\"><\/div>\n<div style=\"text-align: justify;\"><span style=\"background-color: #f9f9f9; color: #030303; font-family: &quot;roboto&quot; , &quot;arial&quot; , sans-serif; font-size: 14px; white-space: pre-wrap;\">\u00abUn homenaje a Don Ra\u00fal Oliveros D\u00edaz (El T\u00edo Rico), quien sol\u00eda preparar este manjar de manjares.<\/span><\/div>\n<p><span style=\"background-color: #f9f9f9; color: #030303; font-family: &quot;roboto&quot; , &quot;arial&quot; , sans-serif;\"><\/span><\/p>\n<div style=\"font-size: 14px; text-align: justify; white-space: pre-wrap;\"><span style=\"background-color: #f9f9f9; color: #030303; font-family: &quot;roboto&quot; , &quot;arial&quot; , sans-serif;\">Debo decir algo,( <a href=\"https:\/\/www.youtube.com\/watch?v=dgfBacrv1G4\">menciona Enrique de Penco en su canal de Youtube<\/a>)&#8230; yo no como pescado, peeeeero la mano de don Ra\u00fal y su se\u00f1ora Nidia me hicieron cambiar de parecer. Recuerdo que dec\u00eda que la colita del pejerrey deb\u00eda quedar como \u00abpapita frita\u00bb.<\/span><\/div>\n<p><span style=\"background-color: #f9f9f9; color: #030303; font-family: &quot;roboto&quot; , &quot;arial&quot; , sans-serif;\"><span style=\"font-size: 14px; white-space: pre-wrap;\">Un abrazo y agradecimientos a grandes amigos de la cueca&#8230; los integrantes de aquel m\u00edtico Lote Cuequero de Conce:  Boris \u00abPandero\u00bb Araneda, Francisco \u00abPanchote\u00bb Bascur y Gabriel \u00abGabo\u00bb Oliveros. <\/span><\/span><\/p>\n<div style=\"font-size: 14px; text-align: justify; white-space: pre-wrap;\"><span style=\"background-color: #f9f9f9; color: #030303; font-family: &quot;roboto&quot; , &quot;arial&quot; , sans-serif;\">NO OLVIDES SUSCRIBIRTE \ud83d\ude09<\/span><\/div>\n<p><span style=\"background-color: #f9f9f9; color: #030303; font-family: &quot;roboto&quot; , &quot;arial&quot; , sans-serif;\"><\/span><\/p>\n<div style=\"text-align: justify;\"><span style=\"font-size: 14px; white-space: pre-wrap;\"><br \/>\n<\/span><\/div>\n<p><span style=\"background-color: #f9f9f9; color: #030303; font-family: &quot;roboto&quot; , &quot;arial&quot; , sans-serif; font-size: 14px; white-space: pre-wrap;\"><a href=\"http:\/\/www.enriquedepenco.cl\/\">www.enriquedepenco.cl<\/a><\/span><\/p>\n","protected":false},"excerpt":{"rendered":"<p>\u00abUn homenaje a Don Ra\u00fal Oliveros D\u00edaz (El T\u00edo Rico), quien sol\u00eda preparar este manjar de manjares. Debo decir algo,( menciona Enrique de Penco en su canal de Youtube)&#8230; yo no como pescado, peeeeero la mano de don Ra\u00fal y su se\u00f1ora Nidia me hicieron cambiar de parecer. Recuerdo que dec\u00eda que la colita del [&hellip;]<\/p>\n","protected":false},"author":1,"featured_media":6337,"comment_status":"open","ping_status":"open","sticky":false,"template":"","format":"standard","meta":{"footnotes":""},"categories":[30,114,80,41],"tags":[],"class_list":["post-4040","post","type-post","status-publish","format-standard","has-post-thumbnail","hentry","category-creadores","category-enrique-de-penco","category-musica","category-videos"],"yoast_head":"<!-- This site is optimized with the Yoast SEO plugin v25.0 - https:\/\/yoast.com\/wordpress\/plugins\/seo\/ -->\n<title>Enrique de Penco - Los Chacareros Marinos (Cueca) - Nuestro Bio B\u00edo<\/title>\n<meta name=\"robots\" content=\"index, follow, max-snippet:-1, max-image-preview:large, max-video-preview:-1\" \/>\n<link rel=\"canonical\" href=\"https:\/\/www.fraczinet.cl\/sitio\/2020\/06\/01\/enrique-de-penco-los-chacareros-marinos-cueca\/\" \/>\n<meta property=\"og:locale\" content=\"es_ES\" \/>\n<meta property=\"og:type\" content=\"article\" \/>\n<meta property=\"og:title\" content=\"Enrique de Penco - Los Chacareros Marinos (Cueca) - Nuestro Bio B\u00edo\" \/>\n<meta property=\"og:description\" content=\"\u00abUn homenaje a Don Ra\u00fal Oliveros D\u00edaz (El T\u00edo Rico), quien sol\u00eda preparar este manjar de manjares. Debo decir algo,( menciona Enrique de Penco en su canal de Youtube)&#8230; yo no como pescado, peeeeero la mano de don Ra\u00fal y su se\u00f1ora Nidia me hicieron cambiar de parecer. Recuerdo que dec\u00eda que la colita del [&hellip;]\" \/>\n<meta property=\"og:url\" content=\"https:\/\/www.fraczinet.cl\/sitio\/2020\/06\/01\/enrique-de-penco-los-chacareros-marinos-cueca\/\" \/>\n<meta property=\"og:site_name\" content=\"Nuestro Bio B\u00edo\" \/>\n<meta property=\"article:published_time\" content=\"2020-06-01T01:19:00+00:00\" \/>\n<meta property=\"article:modified_time\" content=\"2021-09-02T13:37:49+00:00\" \/>\n<meta property=\"og:image\" content=\"https:\/\/www.fraczinet.cl\/sitio\/wp-content\/uploads\/2020\/06\/Enrique-de-Penco-Los-Chacareros.jpg\" \/>\n\t<meta property=\"og:image:width\" content=\"1024\" \/>\n\t<meta property=\"og:image:height\" content=\"683\" \/>\n\t<meta property=\"og:image:type\" content=\"image\/jpeg\" \/>\n<meta name=\"author\" content=\"admin\" \/>\n<meta name=\"twitter:card\" content=\"summary_large_image\" \/>\n<meta name=\"twitter:creator\" content=\"@nuestrobiobio\" \/>\n<meta name=\"twitter:site\" content=\"@nuestrobiobio\" \/>\n<meta name=\"twitter:label1\" content=\"Escrito por\" \/>\n\t<meta name=\"twitter:data1\" content=\"admin\" \/>\n\t<meta name=\"twitter:label2\" content=\"Tiempo de lectura\" \/>\n\t<meta name=\"twitter:data2\" content=\"1 minuto\" \/>\n<script type=\"application\/ld+json\" class=\"yoast-schema-graph\">{\"@context\":\"https:\/\/schema.org\",\"@graph\":[{\"@type\":\"Article\",\"@id\":\"https:\/\/www.fraczinet.cl\/sitio\/2020\/06\/01\/enrique-de-penco-los-chacareros-marinos-cueca\/#article\",\"isPartOf\":{\"@id\":\"https:\/\/www.fraczinet.cl\/sitio\/2020\/06\/01\/enrique-de-penco-los-chacareros-marinos-cueca\/\"},\"author\":{\"name\":\"admin\",\"@id\":\"https:\/\/www.fraczinet.cl\/sitio\/#\/schema\/person\/bc30f98e9cb10ae7e119dbe14bc93784\"},\"headline\":\"Enrique de Penco &#8211; Los Chacareros Marinos (Cueca)\",\"datePublished\":\"2020-06-01T01:19:00+00:00\",\"dateModified\":\"2021-09-02T13:37:49+00:00\",\"mainEntityOfPage\":{\"@id\":\"https:\/\/www.fraczinet.cl\/sitio\/2020\/06\/01\/enrique-de-penco-los-chacareros-marinos-cueca\/\"},\"wordCount\":113,\"commentCount\":0,\"publisher\":{\"@id\":\"https:\/\/www.fraczinet.cl\/sitio\/#\/schema\/person\/aec8ee4da68df2b9b0eefdad24a0d582\"},\"image\":{\"@id\":\"https:\/\/www.fraczinet.cl\/sitio\/2020\/06\/01\/enrique-de-penco-los-chacareros-marinos-cueca\/#primaryimage\"},\"thumbnailUrl\":\"https:\/\/www.fraczinet.cl\/sitio\/wp-content\/uploads\/2020\/06\/Enrique-de-Penco-Los-Chacareros.jpg\",\"articleSection\":[\"Creadores\",\"Enrique de Penco\",\"M\u00fasica\",\"Videos\"],\"inLanguage\":\"es\",\"potentialAction\":[{\"@type\":\"CommentAction\",\"name\":\"Comment\",\"target\":[\"https:\/\/www.fraczinet.cl\/sitio\/2020\/06\/01\/enrique-de-penco-los-chacareros-marinos-cueca\/#respond\"]}]},{\"@type\":\"WebPage\",\"@id\":\"https:\/\/www.fraczinet.cl\/sitio\/2020\/06\/01\/enrique-de-penco-los-chacareros-marinos-cueca\/\",\"url\":\"https:\/\/www.fraczinet.cl\/sitio\/2020\/06\/01\/enrique-de-penco-los-chacareros-marinos-cueca\/\",\"name\":\"Enrique de Penco - Los Chacareros Marinos (Cueca) - Nuestro Bio B\u00edo\",\"isPartOf\":{\"@id\":\"https:\/\/www.fraczinet.cl\/sitio\/#website\"},\"primaryImageOfPage\":{\"@id\":\"https:\/\/www.fraczinet.cl\/sitio\/2020\/06\/01\/enrique-de-penco-los-chacareros-marinos-cueca\/#primaryimage\"},\"image\":{\"@id\":\"https:\/\/www.fraczinet.cl\/sitio\/2020\/06\/01\/enrique-de-penco-los-chacareros-marinos-cueca\/#primaryimage\"},\"thumbnailUrl\":\"https:\/\/www.fraczinet.cl\/sitio\/wp-content\/uploads\/2020\/06\/Enrique-de-Penco-Los-Chacareros.jpg\",\"datePublished\":\"2020-06-01T01:19:00+00:00\",\"dateModified\":\"2021-09-02T13:37:49+00:00\",\"breadcrumb\":{\"@id\":\"https:\/\/www.fraczinet.cl\/sitio\/2020\/06\/01\/enrique-de-penco-los-chacareros-marinos-cueca\/#breadcrumb\"},\"inLanguage\":\"es\",\"potentialAction\":[{\"@type\":\"ReadAction\",\"target\":[\"https:\/\/www.fraczinet.cl\/sitio\/2020\/06\/01\/enrique-de-penco-los-chacareros-marinos-cueca\/\"]}]},{\"@type\":\"ImageObject\",\"inLanguage\":\"es\",\"@id\":\"https:\/\/www.fraczinet.cl\/sitio\/2020\/06\/01\/enrique-de-penco-los-chacareros-marinos-cueca\/#primaryimage\",\"url\":\"https:\/\/www.fraczinet.cl\/sitio\/wp-content\/uploads\/2020\/06\/Enrique-de-Penco-Los-Chacareros.jpg\",\"contentUrl\":\"https:\/\/www.fraczinet.cl\/sitio\/wp-content\/uploads\/2020\/06\/Enrique-de-Penco-Los-Chacareros.jpg\",\"width\":1024,\"height\":683},{\"@type\":\"BreadcrumbList\",\"@id\":\"https:\/\/www.fraczinet.cl\/sitio\/2020\/06\/01\/enrique-de-penco-los-chacareros-marinos-cueca\/#breadcrumb\",\"itemListElement\":[{\"@type\":\"ListItem\",\"position\":1,\"name\":\"Portada\",\"item\":\"https:\/\/www.fraczinet.cl\/sitio\/\"},{\"@type\":\"ListItem\",\"position\":2,\"name\":\"Enrique de Penco &#8211; Los Chacareros Marinos (Cueca)\"}]},{\"@type\":\"WebSite\",\"@id\":\"https:\/\/www.fraczinet.cl\/sitio\/#website\",\"url\":\"https:\/\/www.fraczinet.cl\/sitio\/\",\"name\":\"Nuestro Bio B\u00edo\",\"description\":\"Tierra de Encuentros\",\"publisher\":{\"@id\":\"https:\/\/www.fraczinet.cl\/sitio\/#\/schema\/person\/aec8ee4da68df2b9b0eefdad24a0d582\"},\"potentialAction\":[{\"@type\":\"SearchAction\",\"target\":{\"@type\":\"EntryPoint\",\"urlTemplate\":\"https:\/\/www.fraczinet.cl\/sitio\/?s={search_term_string}\"},\"query-input\":{\"@type\":\"PropertyValueSpecification\",\"valueRequired\":true,\"valueName\":\"search_term_string\"}}],\"inLanguage\":\"es\"},{\"@type\":[\"Person\",\"Organization\"],\"@id\":\"https:\/\/www.fraczinet.cl\/sitio\/#\/schema\/person\/aec8ee4da68df2b9b0eefdad24a0d582\",\"name\":\"Luis Fernando Fraczinet\",\"image\":{\"@type\":\"ImageObject\",\"inLanguage\":\"es\",\"@id\":\"https:\/\/www.fraczinet.cl\/sitio\/#\/schema\/person\/image\/\",\"url\":\"https:\/\/www.fraczinet.cl\/sitio\/wp-content\/uploads\/2021\/07\/bannerlogo-1.gif\",\"contentUrl\":\"https:\/\/www.fraczinet.cl\/sitio\/wp-content\/uploads\/2021\/07\/bannerlogo-1.gif\",\"width\":159,\"height\":79,\"caption\":\"Luis Fernando Fraczinet\"},\"logo\":{\"@id\":\"https:\/\/www.fraczinet.cl\/sitio\/#\/schema\/person\/image\/\"},\"sameAs\":[\"https:\/\/www.fraczinet.cl\/sitio\/\"]},{\"@type\":\"Person\",\"@id\":\"https:\/\/www.fraczinet.cl\/sitio\/#\/schema\/person\/bc30f98e9cb10ae7e119dbe14bc93784\",\"name\":\"admin\",\"image\":{\"@type\":\"ImageObject\",\"inLanguage\":\"es\",\"@id\":\"https:\/\/www.fraczinet.cl\/sitio\/#\/schema\/person\/image\/\",\"url\":\"https:\/\/secure.gravatar.com\/avatar\/d5ad3cf7ef3b23a2bb5be73be780c86b2fc8545c3ad6b149f3913ff458c00099?s=96&d=mm&r=g\",\"contentUrl\":\"https:\/\/secure.gravatar.com\/avatar\/d5ad3cf7ef3b23a2bb5be73be780c86b2fc8545c3ad6b149f3913ff458c00099?s=96&d=mm&r=g\",\"caption\":\"admin\"},\"sameAs\":[\"https:\/\/www.fraczinet.cl\/sitio\"]}]}<\/script>\n<!-- \/ Yoast SEO plugin. -->","yoast_head_json":{"title":"Enrique de Penco - Los Chacareros Marinos (Cueca) - Nuestro Bio B\u00edo","robots":{"index":"index","follow":"follow","max-snippet":"max-snippet:-1","max-image-preview":"max-image-preview:large","max-video-preview":"max-video-preview:-1"},"canonical":"https:\/\/www.fraczinet.cl\/sitio\/2020\/06\/01\/enrique-de-penco-los-chacareros-marinos-cueca\/","og_locale":"es_ES","og_type":"article","og_title":"Enrique de Penco - Los Chacareros Marinos (Cueca) - Nuestro Bio B\u00edo","og_description":"\u00abUn homenaje a Don Ra\u00fal Oliveros D\u00edaz (El T\u00edo Rico), quien sol\u00eda preparar este manjar de manjares. Debo decir algo,( menciona Enrique de Penco en su canal de Youtube)&#8230; yo no como pescado, peeeeero la mano de don Ra\u00fal y su se\u00f1ora Nidia me hicieron cambiar de parecer. Recuerdo que dec\u00eda que la colita del [&hellip;]","og_url":"https:\/\/www.fraczinet.cl\/sitio\/2020\/06\/01\/enrique-de-penco-los-chacareros-marinos-cueca\/","og_site_name":"Nuestro Bio B\u00edo","article_published_time":"2020-06-01T01:19:00+00:00","article_modified_time":"2021-09-02T13:37:49+00:00","og_image":[{"width":1024,"height":683,"url":"https:\/\/www.fraczinet.cl\/sitio\/wp-content\/uploads\/2020\/06\/Enrique-de-Penco-Los-Chacareros.jpg","type":"image\/jpeg"}],"author":"admin","twitter_card":"summary_large_image","twitter_creator":"@nuestrobiobio","twitter_site":"@nuestrobiobio","twitter_misc":{"Escrito por":"admin","Tiempo de lectura":"1 minuto"},"schema":{"@context":"https:\/\/schema.org","@graph":[{"@type":"Article","@id":"https:\/\/www.fraczinet.cl\/sitio\/2020\/06\/01\/enrique-de-penco-los-chacareros-marinos-cueca\/#article","isPartOf":{"@id":"https:\/\/www.fraczinet.cl\/sitio\/2020\/06\/01\/enrique-de-penco-los-chacareros-marinos-cueca\/"},"author":{"name":"admin","@id":"https:\/\/www.fraczinet.cl\/sitio\/#\/schema\/person\/bc30f98e9cb10ae7e119dbe14bc93784"},"headline":"Enrique de Penco &#8211; Los Chacareros Marinos (Cueca)","datePublished":"2020-06-01T01:19:00+00:00","dateModified":"2021-09-02T13:37:49+00:00","mainEntityOfPage":{"@id":"https:\/\/www.fraczinet.cl\/sitio\/2020\/06\/01\/enrique-de-penco-los-chacareros-marinos-cueca\/"},"wordCount":113,"commentCount":0,"publisher":{"@id":"https:\/\/www.fraczinet.cl\/sitio\/#\/schema\/person\/aec8ee4da68df2b9b0eefdad24a0d582"},"image":{"@id":"https:\/\/www.fraczinet.cl\/sitio\/2020\/06\/01\/enrique-de-penco-los-chacareros-marinos-cueca\/#primaryimage"},"thumbnailUrl":"https:\/\/www.fraczinet.cl\/sitio\/wp-content\/uploads\/2020\/06\/Enrique-de-Penco-Los-Chacareros.jpg","articleSection":["Creadores","Enrique de Penco","M\u00fasica","Videos"],"inLanguage":"es","potentialAction":[{"@type":"CommentAction","name":"Comment","target":["https:\/\/www.fraczinet.cl\/sitio\/2020\/06\/01\/enrique-de-penco-los-chacareros-marinos-cueca\/#respond"]}]},{"@type":"WebPage","@id":"https:\/\/www.fraczinet.cl\/sitio\/2020\/06\/01\/enrique-de-penco-los-chacareros-marinos-cueca\/","url":"https:\/\/www.fraczinet.cl\/sitio\/2020\/06\/01\/enrique-de-penco-los-chacareros-marinos-cueca\/","name":"Enrique de Penco - Los Chacareros Marinos (Cueca) - Nuestro Bio B\u00edo","isPartOf":{"@id":"https:\/\/www.fraczinet.cl\/sitio\/#website"},"primaryImageOfPage":{"@id":"https:\/\/www.fraczinet.cl\/sitio\/2020\/06\/01\/enrique-de-penco-los-chacareros-marinos-cueca\/#primaryimage"},"image":{"@id":"https:\/\/www.fraczinet.cl\/sitio\/2020\/06\/01\/enrique-de-penco-los-chacareros-marinos-cueca\/#primaryimage"},"thumbnailUrl":"https:\/\/www.fraczinet.cl\/sitio\/wp-content\/uploads\/2020\/06\/Enrique-de-Penco-Los-Chacareros.jpg","datePublished":"2020-06-01T01:19:00+00:00","dateModified":"2021-09-02T13:37:49+00:00","breadcrumb":{"@id":"https:\/\/www.fraczinet.cl\/sitio\/2020\/06\/01\/enrique-de-penco-los-chacareros-marinos-cueca\/#breadcrumb"},"inLanguage":"es","potentialAction":[{"@type":"ReadAction","target":["https:\/\/www.fraczinet.cl\/sitio\/2020\/06\/01\/enrique-de-penco-los-chacareros-marinos-cueca\/"]}]},{"@type":"ImageObject","inLanguage":"es","@id":"https:\/\/www.fraczinet.cl\/sitio\/2020\/06\/01\/enrique-de-penco-los-chacareros-marinos-cueca\/#primaryimage","url":"https:\/\/www.fraczinet.cl\/sitio\/wp-content\/uploads\/2020\/06\/Enrique-de-Penco-Los-Chacareros.jpg","contentUrl":"https:\/\/www.fraczinet.cl\/sitio\/wp-content\/uploads\/2020\/06\/Enrique-de-Penco-Los-Chacareros.jpg","width":1024,"height":683},{"@type":"BreadcrumbList","@id":"https:\/\/www.fraczinet.cl\/sitio\/2020\/06\/01\/enrique-de-penco-los-chacareros-marinos-cueca\/#breadcrumb","itemListElement":[{"@type":"ListItem","position":1,"name":"Portada","item":"https:\/\/www.fraczinet.cl\/sitio\/"},{"@type":"ListItem","position":2,"name":"Enrique de Penco &#8211; Los Chacareros Marinos (Cueca)"}]},{"@type":"WebSite","@id":"https:\/\/www.fraczinet.cl\/sitio\/#website","url":"https:\/\/www.fraczinet.cl\/sitio\/","name":"Nuestro Bio B\u00edo","description":"Tierra de Encuentros","publisher":{"@id":"https:\/\/www.fraczinet.cl\/sitio\/#\/schema\/person\/aec8ee4da68df2b9b0eefdad24a0d582"},"potentialAction":[{"@type":"SearchAction","target":{"@type":"EntryPoint","urlTemplate":"https:\/\/www.fraczinet.cl\/sitio\/?s={search_term_string}"},"query-input":{"@type":"PropertyValueSpecification","valueRequired":true,"valueName":"search_term_string"}}],"inLanguage":"es"},{"@type":["Person","Organization"],"@id":"https:\/\/www.fraczinet.cl\/sitio\/#\/schema\/person\/aec8ee4da68df2b9b0eefdad24a0d582","name":"Luis Fernando Fraczinet","image":{"@type":"ImageObject","inLanguage":"es","@id":"https:\/\/www.fraczinet.cl\/sitio\/#\/schema\/person\/image\/","url":"https:\/\/www.fraczinet.cl\/sitio\/wp-content\/uploads\/2021\/07\/bannerlogo-1.gif","contentUrl":"https:\/\/www.fraczinet.cl\/sitio\/wp-content\/uploads\/2021\/07\/bannerlogo-1.gif","width":159,"height":79,"caption":"Luis Fernando Fraczinet"},"logo":{"@id":"https:\/\/www.fraczinet.cl\/sitio\/#\/schema\/person\/image\/"},"sameAs":["https:\/\/www.fraczinet.cl\/sitio\/"]},{"@type":"Person","@id":"https:\/\/www.fraczinet.cl\/sitio\/#\/schema\/person\/bc30f98e9cb10ae7e119dbe14bc93784","name":"admin","image":{"@type":"ImageObject","inLanguage":"es","@id":"https:\/\/www.fraczinet.cl\/sitio\/#\/schema\/person\/image\/","url":"https:\/\/secure.gravatar.com\/avatar\/d5ad3cf7ef3b23a2bb5be73be780c86b2fc8545c3ad6b149f3913ff458c00099?s=96&d=mm&r=g","contentUrl":"https:\/\/secure.gravatar.com\/avatar\/d5ad3cf7ef3b23a2bb5be73be780c86b2fc8545c3ad6b149f3913ff458c00099?s=96&d=mm&r=g","caption":"admin"},"sameAs":["https:\/\/www.fraczinet.cl\/sitio"]}]}},"_links":{"self":[{"href":"https:\/\/www.fraczinet.cl\/sitio\/wp-json\/wp\/v2\/posts\/4040","targetHints":{"allow":["GET"]}}],"collection":[{"href":"https:\/\/www.fraczinet.cl\/sitio\/wp-json\/wp\/v2\/posts"}],"about":[{"href":"https:\/\/www.fraczinet.cl\/sitio\/wp-json\/wp\/v2\/types\/post"}],"author":[{"embeddable":true,"href":"https:\/\/www.fraczinet.cl\/sitio\/wp-json\/wp\/v2\/users\/1"}],"replies":[{"embeddable":true,"href":"https:\/\/www.fraczinet.cl\/sitio\/wp-json\/wp\/v2\/comments?post=4040"}],"version-history":[{"count":2,"href":"https:\/\/www.fraczinet.cl\/sitio\/wp-json\/wp\/v2\/posts\/4040\/revisions"}],"predecessor-version":[{"id":6338,"href":"https:\/\/www.fraczinet.cl\/sitio\/wp-json\/wp\/v2\/posts\/4040\/revisions\/6338"}],"wp:featuredmedia":[{"embeddable":true,"href":"https:\/\/www.fraczinet.cl\/sitio\/wp-json\/wp\/v2\/media\/6337"}],"wp:attachment":[{"href":"https:\/\/www.fraczinet.cl\/sitio\/wp-json\/wp\/v2\/media?parent=4040"}],"wp:term":[{"taxonomy":"category","embeddable":true,"href":"https:\/\/www.fraczinet.cl\/sitio\/wp-json\/wp\/v2\/categories?post=4040"},{"taxonomy":"post_tag","embeddable":true,"href":"https:\/\/www.fraczinet.cl\/sitio\/wp-json\/wp\/v2\/tags?post=4040"}],"curies":[{"name":"wp","href":"https:\/\/api.w.org\/{rel}","templated":true}]}}