{"id":4041,"date":"2020-05-13T00:54:00","date_gmt":"2020-05-13T00:54:00","guid":{"rendered":""},"modified":"2021-08-25T02:28:56","modified_gmt":"2021-08-25T02:28:56","slug":"no-importan-las-lagrimas-por-alicia-pereda","status":"publish","type":"post","link":"https:\/\/www.fraczinet.cl\/sitio\/no-importan-las-lagrimas-por-alicia-pereda\/","title":{"rendered":"No Importan Las L\u00e1grimas&#8230; Por Alicia Pereda"},"content":{"rendered":"<div style=\"clear: both; text-align: center;\"><a href=\"https:\/\/www.fraczinet.cl\/sitio\/wp-content\/uploads\/2020\/05\/FB_IMG_1589331029456.jpg\" style=\"margin-left: 1em; margin-right: 1em;\"><img fetchpriority=\"high\" decoding=\"async\" border=\"0\" data-original-height=\"768\" data-original-width=\"1024\" height=\"300\" src=\"https:\/\/www.fraczinet.cl\/sitio\/wp-content\/uploads\/2020\/05\/FB_IMG_1589331029456-300x225.jpg\" width=\"400\" \/><\/a><\/div>\n<p>No importan las l\u00e1grimas<br \/>que se hayan derramado<br \/>Ni cu\u00e1ntos granos de arena<br \/>se hayan escapado entre los dedos<\/p>\n<p>No importa cu\u00e1ntos inviernos<br \/>te quiebren el alma y los huesos<br \/>No importa la furia con que azota<br \/>el viento todas las puertas y ventanas<\/p>\n<p>Mira, aqu\u00ed est\u00e1 mi mano<br \/>para secar el llanto de tus ojos<br \/>para recoger las hebras plateadas<br \/>que el tiempo dej\u00f3 en tus sienes<\/p>\n<p>Ella barre el polvo de todos<br \/>nuestros errores<br \/>compone la m\u00fasica que aliviar\u00e1<br \/>&nbsp;el fin de cada jornada<br \/>Resta\u00f1a las heridas dejadas<br \/>por nuestros desencuentros<br \/>Ser\u00e1 brasa cuando la nieve<br \/>repose en tu cama<\/p>\n<p>Paloma, cuando se cierren tus ventanas<br \/>Agua refrescando tus noches delirantes<br \/>Tu cayado , tu aliento y tu gu\u00eda<br \/>Ser\u00e1 mi mano y no otra<br \/>la que sientas sobre tu frente<br \/>cuando llegue el momento de la despedida.<\/p>\n<p>Alicia Pereda Saavedra<br \/>Poetisa de Nuestra Tierra<\/p>\n","protected":false},"excerpt":{"rendered":"<p>No importan las l\u00e1grimasque se hayan derramadoNi cu\u00e1ntos granos de arenase hayan escapado entre los dedos No importa cu\u00e1ntos inviernoste quiebren el alma y los huesosNo importa la furia con que azotael viento todas las puertas y ventanas Mira, aqu\u00ed est\u00e1 mi manopara secar el llanto de tus ojospara recoger las hebras plateadasque el tiempo [&hellip;]<\/p>\n","protected":false},"author":1,"featured_media":4372,"comment_status":"open","ping_status":"closed","sticky":false,"template":"","format":"standard","meta":{"footnotes":""},"categories":[115,67],"tags":[],"class_list":["post-4041","post","type-post","status-publish","format-standard","has-post-thumbnail","hentry","category-alicia-pereda","category-poesia"],"yoast_head":"<!-- This site is optimized with the Yoast SEO plugin v28.2 - https:\/\/yoast.com\/product\/yoast-seo-wordpress\/ -->\n<title>No Importan Las L\u00e1grimas... Por Alicia Pereda - Nuestro Bio B\u00edo<\/title>\n<meta name=\"robots\" content=\"index, follow, max-snippet:-1, max-image-preview:large, max-video-preview:-1\" \/>\n<link rel=\"canonical\" href=\"https:\/\/www.fraczinet.cl\/sitio\/no-importan-las-lagrimas-por-alicia-pereda\/\" \/>\n<meta property=\"og:locale\" content=\"es_ES\" \/>\n<meta property=\"og:type\" content=\"article\" \/>\n<meta property=\"og:title\" content=\"No Importan Las L\u00e1grimas... Por Alicia Pereda - Nuestro Bio B\u00edo\" \/>\n<meta property=\"og:description\" content=\"No importan las l\u00e1grimasque se hayan derramadoNi cu\u00e1ntos granos de arenase hayan escapado entre los dedos No importa cu\u00e1ntos inviernoste quiebren el alma y los huesosNo importa la furia con que azotael viento todas las puertas y ventanas Mira, aqu\u00ed est\u00e1 mi manopara secar el llanto de tus ojospara recoger las hebras plateadasque el tiempo [&hellip;]\" \/>\n<meta property=\"og:url\" content=\"https:\/\/www.fraczinet.cl\/sitio\/no-importan-las-lagrimas-por-alicia-pereda\/\" \/>\n<meta property=\"og:site_name\" content=\"Nuestro Bio B\u00edo\" \/>\n<meta property=\"article:publisher\" content=\"https:\/\/www.facebook.com\/groups\/15721414452\/\" \/>\n<meta property=\"article:published_time\" content=\"2020-05-13T00:54:00+00:00\" \/>\n<meta property=\"article:modified_time\" content=\"2021-08-25T02:28:56+00:00\" \/>\n<meta property=\"og:image\" content=\"https:\/\/www.fraczinet.cl\/sitio\/wp-content\/uploads\/2020\/05\/FB_IMG_1589331029456.jpg\" \/>\n\t<meta property=\"og:image:width\" content=\"1024\" \/>\n\t<meta property=\"og:image:height\" content=\"768\" \/>\n\t<meta property=\"og:image:type\" content=\"image\/jpeg\" \/>\n<meta name=\"twitter:card\" content=\"summary_large_image\" \/>\n<meta name=\"twitter:creator\" content=\"@nuestrobiobio\" \/>\n<meta name=\"twitter:site\" content=\"@nuestrobiobio\" \/>\n<meta name=\"twitter:label1\" content=\"Escrito por\" \/>\n\t<meta name=\"twitter:data1\" content=\"\" \/>\n\t<meta name=\"twitter:label2\" content=\"Tiempo de lectura\" \/>\n\t<meta name=\"twitter:data2\" content=\"1 minuto\" \/>\n<script type=\"application\/ld+json\" class=\"yoast-schema-graph\">{\"@context\":\"https:\\\/\\\/schema.org\",\"@graph\":[{\"@type\":\"Article\",\"@id\":\"https:\\\/\\\/www.fraczinet.cl\\\/sitio\\\/no-importan-las-lagrimas-por-alicia-pereda\\\/#article\",\"isPartOf\":{\"@id\":\"https:\\\/\\\/www.fraczinet.cl\\\/sitio\\\/no-importan-las-lagrimas-por-alicia-pereda\\\/\"},\"author\":{\"name\":\"\",\"@id\":\"\"},\"headline\":\"No Importan Las L\u00e1grimas&#8230; Por Alicia Pereda\",\"datePublished\":\"2020-05-13T00:54:00+00:00\",\"dateModified\":\"2021-08-25T02:28:56+00:00\",\"mainEntityOfPage\":{\"@id\":\"https:\\\/\\\/www.fraczinet.cl\\\/sitio\\\/no-importan-las-lagrimas-por-alicia-pereda\\\/\"},\"wordCount\":140,\"commentCount\":0,\"image\":{\"@id\":\"https:\\\/\\\/www.fraczinet.cl\\\/sitio\\\/no-importan-las-lagrimas-por-alicia-pereda\\\/#primaryimage\"},\"thumbnailUrl\":\"https:\\\/\\\/www.fraczinet.cl\\\/sitio\\\/wp-content\\\/uploads\\\/2020\\\/05\\\/FB_IMG_1589331029456.jpg\",\"articleSection\":[\"Alicia Pereda\",\"Poes\u00eda\"],\"inLanguage\":\"es\",\"potentialAction\":[{\"@type\":\"CommentAction\",\"name\":\"Comment\",\"target\":[\"https:\\\/\\\/www.fraczinet.cl\\\/sitio\\\/no-importan-las-lagrimas-por-alicia-pereda\\\/#respond\"]}]},{\"@type\":\"WebPage\",\"@id\":\"https:\\\/\\\/www.fraczinet.cl\\\/sitio\\\/no-importan-las-lagrimas-por-alicia-pereda\\\/\",\"url\":\"https:\\\/\\\/www.fraczinet.cl\\\/sitio\\\/no-importan-las-lagrimas-por-alicia-pereda\\\/\",\"name\":\"No Importan Las L\u00e1grimas... Por Alicia Pereda - Nuestro Bio B\u00edo\",\"isPartOf\":{\"@id\":\"https:\\\/\\\/www.fraczinet.cl\\\/sitio\\\/#website\"},\"primaryImageOfPage\":{\"@id\":\"https:\\\/\\\/www.fraczinet.cl\\\/sitio\\\/no-importan-las-lagrimas-por-alicia-pereda\\\/#primaryimage\"},\"image\":{\"@id\":\"https:\\\/\\\/www.fraczinet.cl\\\/sitio\\\/no-importan-las-lagrimas-por-alicia-pereda\\\/#primaryimage\"},\"thumbnailUrl\":\"https:\\\/\\\/www.fraczinet.cl\\\/sitio\\\/wp-content\\\/uploads\\\/2020\\\/05\\\/FB_IMG_1589331029456.jpg\",\"datePublished\":\"2020-05-13T00:54:00+00:00\",\"dateModified\":\"2021-08-25T02:28:56+00:00\",\"author\":{\"@id\":\"\"},\"breadcrumb\":{\"@id\":\"https:\\\/\\\/www.fraczinet.cl\\\/sitio\\\/no-importan-las-lagrimas-por-alicia-pereda\\\/#breadcrumb\"},\"inLanguage\":\"es\",\"potentialAction\":[{\"@type\":\"ReadAction\",\"target\":[\"https:\\\/\\\/www.fraczinet.cl\\\/sitio\\\/no-importan-las-lagrimas-por-alicia-pereda\\\/\"]}]},{\"@type\":\"ImageObject\",\"inLanguage\":\"es\",\"@id\":\"https:\\\/\\\/www.fraczinet.cl\\\/sitio\\\/no-importan-las-lagrimas-por-alicia-pereda\\\/#primaryimage\",\"url\":\"https:\\\/\\\/www.fraczinet.cl\\\/sitio\\\/wp-content\\\/uploads\\\/2020\\\/05\\\/FB_IMG_1589331029456.jpg\",\"contentUrl\":\"https:\\\/\\\/www.fraczinet.cl\\\/sitio\\\/wp-content\\\/uploads\\\/2020\\\/05\\\/FB_IMG_1589331029456.jpg\",\"width\":1024,\"height\":768},{\"@type\":\"BreadcrumbList\",\"@id\":\"https:\\\/\\\/www.fraczinet.cl\\\/sitio\\\/no-importan-las-lagrimas-por-alicia-pereda\\\/#breadcrumb\",\"itemListElement\":[{\"@type\":\"ListItem\",\"position\":1,\"name\":\"Portada\",\"item\":\"https:\\\/\\\/www.fraczinet.cl\\\/sitio\\\/\"},{\"@type\":\"ListItem\",\"position\":2,\"name\":\"No Importan Las L\u00e1grimas&#8230; Por Alicia Pereda\"}]},{\"@type\":\"WebSite\",\"@id\":\"https:\\\/\\\/www.fraczinet.cl\\\/sitio\\\/#website\",\"url\":\"https:\\\/\\\/www.fraczinet.cl\\\/sitio\\\/\",\"name\":\"Nuestro Bio B\u00edo\",\"description\":\"Tierra de Encuentros\",\"potentialAction\":[{\"@type\":\"SearchAction\",\"target\":{\"@type\":\"EntryPoint\",\"urlTemplate\":\"https:\\\/\\\/www.fraczinet.cl\\\/sitio\\\/?s={search_term_string}\"},\"query-input\":{\"@type\":\"PropertyValueSpecification\",\"valueRequired\":true,\"valueName\":\"search_term_string\"}}],\"inLanguage\":\"es\"},{\"@type\":\"Person\",\"@id\":\"\"}]}<\/script>\n<!-- \/ Yoast SEO plugin. -->","yoast_head_json":{"title":"No Importan Las L\u00e1grimas... Por Alicia Pereda - Nuestro Bio B\u00edo","robots":{"index":"index","follow":"follow","max-snippet":"max-snippet:-1","max-image-preview":"max-image-preview:large","max-video-preview":"max-video-preview:-1"},"canonical":"https:\/\/www.fraczinet.cl\/sitio\/no-importan-las-lagrimas-por-alicia-pereda\/","og_locale":"es_ES","og_type":"article","og_title":"No Importan Las L\u00e1grimas... Por Alicia Pereda - Nuestro Bio B\u00edo","og_description":"No importan las l\u00e1grimasque se hayan derramadoNi cu\u00e1ntos granos de arenase hayan escapado entre los dedos No importa cu\u00e1ntos inviernoste quiebren el alma y los huesosNo importa la furia con que azotael viento todas las puertas y ventanas Mira, aqu\u00ed est\u00e1 mi manopara secar el llanto de tus ojospara recoger las hebras plateadasque el tiempo [&hellip;]","og_url":"https:\/\/www.fraczinet.cl\/sitio\/no-importan-las-lagrimas-por-alicia-pereda\/","og_site_name":"Nuestro Bio B\u00edo","article_publisher":"https:\/\/www.facebook.com\/groups\/15721414452\/","article_published_time":"2020-05-13T00:54:00+00:00","article_modified_time":"2021-08-25T02:28:56+00:00","og_image":[{"width":1024,"height":768,"url":"https:\/\/www.fraczinet.cl\/sitio\/wp-content\/uploads\/2020\/05\/FB_IMG_1589331029456.jpg","type":"image\/jpeg"}],"twitter_card":"summary_large_image","twitter_creator":"@nuestrobiobio","twitter_site":"@nuestrobiobio","twitter_misc":{"Escrito por":"","Tiempo de lectura":"1 minuto"},"schema":{"@context":"https:\/\/schema.org","@graph":[{"@type":"Article","@id":"https:\/\/www.fraczinet.cl\/sitio\/no-importan-las-lagrimas-por-alicia-pereda\/#article","isPartOf":{"@id":"https:\/\/www.fraczinet.cl\/sitio\/no-importan-las-lagrimas-por-alicia-pereda\/"},"author":{"name":"","@id":""},"headline":"No Importan Las L\u00e1grimas&#8230; Por Alicia Pereda","datePublished":"2020-05-13T00:54:00+00:00","dateModified":"2021-08-25T02:28:56+00:00","mainEntityOfPage":{"@id":"https:\/\/www.fraczinet.cl\/sitio\/no-importan-las-lagrimas-por-alicia-pereda\/"},"wordCount":140,"commentCount":0,"image":{"@id":"https:\/\/www.fraczinet.cl\/sitio\/no-importan-las-lagrimas-por-alicia-pereda\/#primaryimage"},"thumbnailUrl":"https:\/\/www.fraczinet.cl\/sitio\/wp-content\/uploads\/2020\/05\/FB_IMG_1589331029456.jpg","articleSection":["Alicia Pereda","Poes\u00eda"],"inLanguage":"es","potentialAction":[{"@type":"CommentAction","name":"Comment","target":["https:\/\/www.fraczinet.cl\/sitio\/no-importan-las-lagrimas-por-alicia-pereda\/#respond"]}]},{"@type":"WebPage","@id":"https:\/\/www.fraczinet.cl\/sitio\/no-importan-las-lagrimas-por-alicia-pereda\/","url":"https:\/\/www.fraczinet.cl\/sitio\/no-importan-las-lagrimas-por-alicia-pereda\/","name":"No Importan Las L\u00e1grimas... Por Alicia Pereda - Nuestro Bio B\u00edo","isPartOf":{"@id":"https:\/\/www.fraczinet.cl\/sitio\/#website"},"primaryImageOfPage":{"@id":"https:\/\/www.fraczinet.cl\/sitio\/no-importan-las-lagrimas-por-alicia-pereda\/#primaryimage"},"image":{"@id":"https:\/\/www.fraczinet.cl\/sitio\/no-importan-las-lagrimas-por-alicia-pereda\/#primaryimage"},"thumbnailUrl":"https:\/\/www.fraczinet.cl\/sitio\/wp-content\/uploads\/2020\/05\/FB_IMG_1589331029456.jpg","datePublished":"2020-05-13T00:54:00+00:00","dateModified":"2021-08-25T02:28:56+00:00","author":{"@id":""},"breadcrumb":{"@id":"https:\/\/www.fraczinet.cl\/sitio\/no-importan-las-lagrimas-por-alicia-pereda\/#breadcrumb"},"inLanguage":"es","potentialAction":[{"@type":"ReadAction","target":["https:\/\/www.fraczinet.cl\/sitio\/no-importan-las-lagrimas-por-alicia-pereda\/"]}]},{"@type":"ImageObject","inLanguage":"es","@id":"https:\/\/www.fraczinet.cl\/sitio\/no-importan-las-lagrimas-por-alicia-pereda\/#primaryimage","url":"https:\/\/www.fraczinet.cl\/sitio\/wp-content\/uploads\/2020\/05\/FB_IMG_1589331029456.jpg","contentUrl":"https:\/\/www.fraczinet.cl\/sitio\/wp-content\/uploads\/2020\/05\/FB_IMG_1589331029456.jpg","width":1024,"height":768},{"@type":"BreadcrumbList","@id":"https:\/\/www.fraczinet.cl\/sitio\/no-importan-las-lagrimas-por-alicia-pereda\/#breadcrumb","itemListElement":[{"@type":"ListItem","position":1,"name":"Portada","item":"https:\/\/www.fraczinet.cl\/sitio\/"},{"@type":"ListItem","position":2,"name":"No Importan Las L\u00e1grimas&#8230; Por Alicia Pereda"}]},{"@type":"WebSite","@id":"https:\/\/www.fraczinet.cl\/sitio\/#website","url":"https:\/\/www.fraczinet.cl\/sitio\/","name":"Nuestro Bio B\u00edo","description":"Tierra de Encuentros","potentialAction":[{"@type":"SearchAction","target":{"@type":"EntryPoint","urlTemplate":"https:\/\/www.fraczinet.cl\/sitio\/?s={search_term_string}"},"query-input":{"@type":"PropertyValueSpecification","valueRequired":true,"valueName":"search_term_string"}}],"inLanguage":"es"},{"@type":"Person","@id":""}]}},"_links":{"self":[{"href":"https:\/\/www.fraczinet.cl\/sitio\/wp-json\/wp\/v2\/posts\/4041","targetHints":{"allow":["GET"]}}],"collection":[{"href":"https:\/\/www.fraczinet.cl\/sitio\/wp-json\/wp\/v2\/posts"}],"about":[{"href":"https:\/\/www.fraczinet.cl\/sitio\/wp-json\/wp\/v2\/types\/post"}],"author":[{"embeddable":true,"href":"https:\/\/www.fraczinet.cl\/sitio\/wp-json\/wp\/v2\/users\/1"}],"replies":[{"embeddable":true,"href":"https:\/\/www.fraczinet.cl\/sitio\/wp-json\/wp\/v2\/comments?post=4041"}],"version-history":[{"count":2,"href":"https:\/\/www.fraczinet.cl\/sitio\/wp-json\/wp\/v2\/posts\/4041\/revisions"}],"predecessor-version":[{"id":4409,"href":"https:\/\/www.fraczinet.cl\/sitio\/wp-json\/wp\/v2\/posts\/4041\/revisions\/4409"}],"wp:featuredmedia":[{"embeddable":true,"href":"https:\/\/www.fraczinet.cl\/sitio\/wp-json\/wp\/v2\/media\/4372"}],"wp:attachment":[{"href":"https:\/\/www.fraczinet.cl\/sitio\/wp-json\/wp\/v2\/media?parent=4041"}],"wp:term":[{"taxonomy":"category","embeddable":true,"href":"https:\/\/www.fraczinet.cl\/sitio\/wp-json\/wp\/v2\/categories?post=4041"},{"taxonomy":"post_tag","embeddable":true,"href":"https:\/\/www.fraczinet.cl\/sitio\/wp-json\/wp\/v2\/tags?post=4041"}],"curies":[{"name":"wp","href":"https:\/\/api.w.org\/{rel}","templated":true}]}}