{"id":4055,"date":"2019-07-10T13:39:00","date_gmt":"2019-07-10T13:39:00","guid":{"rendered":""},"modified":"2021-08-25T02:28:56","modified_gmt":"2021-08-25T02:28:56","slug":"adios-al-cine-mueran-la-memoria-la-identidad-y-a-historia","status":"publish","type":"post","link":"https:\/\/www.fraczinet.cl\/sitio\/2019\/07\/10\/adios-al-cine-mueran-la-memoria-la-identidad-y-a-historia\/","title":{"rendered":"Adi\u00f3s al Cine: \u00a1Mueran la Memoria, la Identidad y a Historia!"},"content":{"rendered":"<div style=\"text-align: justify;\"><span style=\"text-align: left;\"><\/span><\/div>\n<h1 align=\"left\" style=\"color: #0d0d0d; direction: ltr; display: block; font-family: 'Trebuchet MS','Lucida Grande','Lucida Sans Unicode','Lucida Sans',Tahoma,sans-serif; font-size: 18px; line-height: 1.5em; margin-bottom: 0.5em; margin-left: 0; margin-right: 0; margin-top: 0; padding-bottom: 0; padding-left: 0; padding-right: 0; padding-top: 0; text-align: left; vertical-align: baseline; width: 100%;\">El per\u00edodo m\u00e1s cr\u00edtico del apag\u00f3n cultural viene ahora, cuando se nos est\u00e1n acabando las velas&#8230; (POLITIKA)<\/h1>\n<h1 align=\"left\" style=\"color: #0d0d0d; direction: ltr; display: block; font-family: 'Trebuchet MS','Lucida Grande','Lucida Sans Unicode','Lucida Sans',Tahoma,sans-serif; font-size: 18px; line-height: 1.5em; margin-bottom: 0.5em; margin-left: 0; margin-right: 0; margin-top: 0; padding-bottom: 0; padding-left: 0; padding-right: 0; padding-top: 0; text-align: left; vertical-align: baseline; width: 100%;\">&nbsp;<\/p>\n<div style=\"clear: both; text-align: center;\"><a href=\"https:\/\/www.fraczinet.cl\/sitio\/wp-content\/uploads\/2019\/07\/ElchacaldeNahueltoro.jpg\" style=\"clear: left; float: left; margin-bottom: 1em; margin-right: 1em;\"><img fetchpriority=\"high\" decoding=\"async\" border=\"0\" data-original-height=\"1600\" data-original-width=\"1136\" height=\"400\" src=\"https:\/\/www.fraczinet.cl\/sitio\/wp-content\/uploads\/2019\/07\/ElchacaldeNahueltoro-213x300.jpg\" width=\"283\" \/><\/a><\/div>\n<p><span style=\"text-align: left;\"><\/p>\n<div align=\"left\" style=\"color: #0a0a0a; direction: ltr; font-family: 'Trebuchet MS','Lucida Grande','Lucida Sans Unicode','Lucida Sans',Tahoma,sans-serif; font-size: 14px; line-height: 1.5em; margin-bottom: 1.3em; margin-left: 0; margin-right: 0; margin-top: 0; padding-bottom: 0; padding-left: 0; padding-right: 0; padding-top: 0; text-align: left; unicode-bidi: embed; vertical-align: baseline;\"><em style=\"font-style: italic;\">El  gobierno que dirige Sebasti\u00e1n Pi\u00f1era apuesta a un nuevo apag\u00f3n cultural  como forma v\u00e1lida para evitar que la gente piense, aprenda y  reflexione.<\/em><\/div>\n<hr \/>\n<h2 align=\"left\" style=\"color: #0260b7; direction: ltr; display: block; font-family: 'Trebuchet MS','Lucida Grande','Lucida Sans Unicode','Lucida Sans',Tahoma,sans-serif; font-size: 16px; line-height: 1.5em; margin-bottom: 0.5em; margin-left: 0; margin-right: 0; margin-top: 0; padding-bottom: 0; padding-left: 0; padding-right: 0; padding-top: 0; text-align: left; vertical-align: baseline; width: 100%;\">Escribe Arturo Alejandro Mu\u00f1oz<\/h2>\n<hr \/>\n<div align=\"left\" style=\"color: #0a0a0a; direction: ltr; font-family: 'Trebuchet MS','Lucida Grande','Lucida Sans Unicode','Lucida Sans',Tahoma,sans-serif; font-size: 14px; line-height: 1.5em; margin-bottom: 1.3em; margin-left: 0; margin-right: 0; margin-top: 0; padding-bottom: 0; padding-left: 0; padding-right: 0; padding-top: 0; text-align: left; unicode-bidi: embed; vertical-align: baseline;\">Es  un hecho imposible de desmentir. La Historia lo demuestra y los eventos  concretos lo avalan. A las dictaduras y a los gobiernos conservadores  el arte y la cultura les significan estorbos severos. Les consideran un  tent\u00e1culo intelectual del marxismo-leninismo, una trinchera plagada de  terroristas resentidos y mesi\u00e1nicos.<\/div>\n<div align=\"left\" style=\"color: #0a0a0a; direction: ltr; font-family: 'Trebuchet MS','Lucida Grande','Lucida Sans Unicode','Lucida Sans',Tahoma,sans-serif; font-size: 14px; line-height: 1.5em; margin-bottom: 1.3em; margin-left: 0; margin-right: 0; margin-top: 0; padding-bottom: 0; padding-left: 0; padding-right: 0; padding-top: 0; text-align: left; unicode-bidi: embed; vertical-align: baseline;\">Desde  el ministerio de Hacienda lleg\u00f3 la instrucci\u00f3n. \u201cEl Banco Estado no  deber\u00e1 financiar al cine nacional\u201d. Ello podr\u00eda leerse tambi\u00e9n como \u201cel  Estado no financiar\u00e1 al cine chileno\u201d. Queda la fuerte sensaci\u00f3n que el  gobierno de don Sebasti\u00e1n, tal vez empapado en las ideas que sobre  \u2018cultura\u2019 tienen su amigo Jos\u00e9 Antonio Kast y su ministra de Educaci\u00f3n,  pretende iniciar en nuestro pa\u00eds un s\u00edmil del \u201cmacartismo\u201d vivido en  Estados Unidos en la d\u00e9cada de 1950, cuando el fan\u00e1tico senador  republicano Joseph McCarthy desat\u00f3 una \u201ccaza de brujas\u201d contra  escritores, artistas y directores de cine y teatro, en busca de  \u201ccomunistas infiltrados en el gobierno y en el pa\u00eds\u201d.<\/div>\n<div align=\"left\" style=\"color: #0a0a0a; direction: ltr; font-family: 'Trebuchet MS','Lucida Grande','Lucida Sans Unicode','Lucida Sans',Tahoma,sans-serif; font-size: 14px; line-height: 1.5em; margin-bottom: 1.3em; margin-left: 0; margin-right: 0; margin-top: 0; padding-bottom: 0; padding-left: 0; padding-right: 0; padding-top: 0; text-align: left; unicode-bidi: embed; vertical-align: baseline;\">Lo  de Pi\u00f1era pareciera no ir por ese lado (\u00bfo s\u00ed?), pues el objetivo es  minimizar los \u00faltimos triunfos internacionales del cine chileno, mismos  que en alguna importante medida desnudan una realidad en la que sectores  ultra derechistas y militaristas salen muy mal parados. A la derecha,  la conjunci\u00f3n Cine e Historia le pasan la cuenta, y en ello la \u2018prensa  canalla\u2019 (la oficial, la de los consorcios Emol y Copesa junto con la  televisi\u00f3n abierta) llevan velas en el entierro, cuesti\u00f3n que como bien  se sabe no ocurre solamente hoy, sino que ha sido as\u00ed desde los a\u00f1os de  dictadura.<\/div>\n<div align=\"left\" style=\"color: #0a0a0a; direction: ltr; font-family: 'Trebuchet MS','Lucida Grande','Lucida Sans Unicode','Lucida Sans',Tahoma,sans-serif; font-size: 14px; line-height: 1.5em; margin-bottom: 1.3em; margin-left: 0; margin-right: 0; margin-top: 0; padding-bottom: 0; padding-left: 0; padding-right: 0; padding-top: 0; text-align: left; unicode-bidi: embed; vertical-align: baseline;\">Recu\u00e9rdese,  al respecto, las m\u00faltiples opiniones vertidas en El Mercurio, La  Tercera, La Segunda y canales de televisi\u00f3n por \u2018distinguidos\u2019  comentaristas que calificaron a la obra teatral \u201cLo crudo, lo cocido y  lo podrido\u201d, de Marco Antonio de la Parra, como vulgar, violenta,  grosera, pornogr\u00e1fica\u2026 cuid\u00e1ndose de ocultar la decadencia de las clases  pol\u00edticas y las alusiones a la tortura que en ella subyac\u00edan a trav\u00e9s  un lenguaje nuevo e inteligente, espec\u00edficamente creado para disfrazar  lo que la dictadura prohib\u00eda dar a conocer.<\/div>\n<div align=\"left\" style=\"color: #0a0a0a; direction: ltr; font-family: 'Trebuchet MS','Lucida Grande','Lucida Sans Unicode','Lucida Sans',Tahoma,sans-serif; font-size: 14px; line-height: 1.5em; margin-bottom: 1.3em; margin-left: 0; margin-right: 0; margin-top: 0; padding-bottom: 0; padding-left: 0; padding-right: 0; padding-top: 0; text-align: left; unicode-bidi: embed; vertical-align: baseline;\">La  obra teatral comentada, estaba inserta en el marco de inflexibilidad  pol\u00edtica emanado del anuncio que Pinochet hiciera del Plan Chacarillas  (1977), bajo el cual la dictadura hab\u00eda endurecido su posici\u00f3n al fijar  los marcos de una nueva institucionalidad que le permitir\u00eda su  continuidad en el tiempo. Es en ese momento que el autoritarismo ampl\u00eda  los mecanismos de censura y promueve un teatro de perspectiva  \u2018anti-pueblo\u2019 y acr\u00edtico, que se refleja en la comedia fr\u00edvola, en el  musical y en el montaje de textos cl\u00e1sicos considerados \u2018inocentes\u2019 por  los servicios de inteligencia militar.<\/div>\n<div align=\"left\" style=\"color: #0a0a0a; direction: ltr; font-family: 'Trebuchet MS','Lucida Grande','Lucida Sans Unicode','Lucida Sans',Tahoma,sans-serif; font-size: 14px; line-height: 1.5em; margin-bottom: 1.3em; margin-left: 0; margin-right: 0; margin-top: 0; padding-bottom: 0; padding-left: 0; padding-right: 0; padding-top: 0; text-align: left; unicode-bidi: embed; vertical-align: baseline;\">El  obvio objetivo de estas representaciones impl\u00edcitamente oficialistas  era anestesiar a la audiencia con una visi\u00f3n que le asignaba al teatro  la mera funci\u00f3n de espect\u00e1culo, o que mostraba la conflictividad como un  hecho personal exclusivamente situacional, evitando de tal laya  cualquier proyecci\u00f3n problem\u00e1tica hacia lo social.<\/div>\n<div align=\"left\" style=\"color: #0a0a0a; direction: ltr; font-family: 'Trebuchet MS','Lucida Grande','Lucida Sans Unicode','Lucida Sans',Tahoma,sans-serif; font-size: 14px; line-height: 1.5em; margin-bottom: 1.3em; margin-left: 0; margin-right: 0; margin-top: 0; padding-bottom: 0; padding-left: 0; padding-right: 0; padding-top: 0; text-align: left; unicode-bidi: embed; vertical-align: baseline;\">La  dictadura no lo logr\u00f3. Tuvo algunos exiguos momentos de \u00e9xito al  promover esas obras en la televisi\u00f3n, pero, por el contrario, fue el  teatro profesional y aficionado quien mont\u00f3 \u2013a pesar de los pesares\u2013  obras que develaban una visi\u00f3n cr\u00edtica y, en ciertas instancias,  transgresora del orden autoritario.<\/div>\n<div align=\"left\" style=\"color: #0a0a0a; direction: ltr; font-family: 'Trebuchet MS','Lucida Grande','Lucida Sans Unicode','Lucida Sans',Tahoma,sans-serif; font-size: 14px; line-height: 1.5em; margin-bottom: 1.3em; margin-left: 0; margin-right: 0; margin-top: 0; padding-bottom: 0; padding-left: 0; padding-right: 0; padding-top: 0; text-align: left; unicode-bidi: embed; vertical-align: baseline;\">Ahora,  en plena democracia, el turno es el del cine. No cabe duda que el film  \u201cUna mujer fant\u00e1stica\u201d, de Sebasti\u00e1n Lelio, por el que la academia de  Hollywood le otorg\u00f3 el Oscar a la mejor pel\u00edcula extranjera, en la cual  actu\u00f3 de manera brillante Daniela Vega, despertando las iras y  homofobias de gran parte de los sectores conservadores y de muchos  fan\u00e1ticos religiosos adscritos al Opus Dei y a los Legionarios de  Cristo.<\/div>\n<div align=\"left\" style=\"color: #0a0a0a; direction: ltr; font-family: 'Trebuchet MS','Lucida Grande','Lucida Sans Unicode','Lucida Sans',Tahoma,sans-serif; font-size: 14px; line-height: 1.5em; margin-bottom: 1.3em; margin-left: 0; margin-right: 0; margin-top: 0; padding-bottom: 0; padding-left: 0; padding-right: 0; padding-top: 0; text-align: left; unicode-bidi: embed; vertical-align: baseline;\">A  esa pel\u00edcula se agregan otras, igualmente exitosas a nivel  internacional (ganadoras de premios en Europa y Am\u00e9rica).\u201dLa buena  vida\u201d, de Andr\u00e9s Wood, \u201c La vida de los peces\u201d, de Mat\u00edas Bize, \u201cLa  nana\u201d, de Sebasti\u00e1n Silva; \u201cTony Manero\u201d, de Pablo Larra\u00edn; \u201cTaxi para  tres\u201d, de Orlando Bubbert; \u201cY de pronto el amanecer\u201d, de Silvio Caiozzi;  \u201cLos perros\u201d, de Marcela Saaid\u2026son algunos de los filmes que en una u  otra forma molestan a los due\u00f1os de la f\u00e9rula poniendo en  cuestionamiento las \u201cbondades\u201d del sistema econ\u00f3mico vigente.<\/div>\n<div align=\"left\" style=\"color: #0a0a0a; direction: ltr; font-family: 'Trebuchet MS','Lucida Grande','Lucida Sans Unicode','Lucida Sans',Tahoma,sans-serif; font-size: 14px; line-height: 1.5em; margin-bottom: 1.3em; margin-left: 0; margin-right: 0; margin-top: 0; padding-bottom: 0; padding-left: 0; padding-right: 0; padding-top: 0; text-align: left; unicode-bidi: embed; vertical-align: baseline;\">\u00bfPor  qu\u00e9 ahora, por qu\u00e9 es en este momento que la derecha \u2013a trav\u00e9s de sus  representantes en el gobierno\u2013 decide darle mandobles y sablazos al cine  chileno? Ella no hab\u00eda mostrado mayor preocupaci\u00f3n con pel\u00edculas como  \u201cJulio comienza en julio\u201d, \u201cMachuca\u201d, \u2018Volante o maleta\u201d y otras, pero  ahora s\u00ed lo hace. \u00bfCu\u00e1l es la raz\u00f3n? Tal vez la respuesta a esa  interrogante sea que ahora al p\u00fablico chileno le gusta el cine nacional y  acude en gran n\u00famero a presenciar pel\u00edculas hechas en casa, lo que  pol\u00edticamente puede traducirse como \u201cpropaganda masiva efectiva\u201d,  cuesti\u00f3n que al gobierno pi\u00f1erista y a la derecha en general molesta y  preocupa.<\/div>\n<div align=\"left\" style=\"color: #0a0a0a; direction: ltr; font-family: 'Trebuchet MS','Lucida Grande','Lucida Sans Unicode','Lucida Sans',Tahoma,sans-serif; font-size: 14px; line-height: 1.5em; margin-bottom: 1.3em; margin-left: 0; margin-right: 0; margin-top: 0; padding-bottom: 0; padding-left: 0; padding-right: 0; padding-top: 0; text-align: left; unicode-bidi: embed; vertical-align: baseline;\">Convengamos  en un hecho de la causa: la cultura le queda grande a esta derecha  criolla que no sabe c\u00f3mo administrarla en buena forma y menos a\u00fan logra  crear espacios y escenarios culturales que obtengan la adhesi\u00f3n  mayoritaria de la gente. Por ello opta por combatirla.<\/div>\n<div align=\"left\" style=\"color: #0a0a0a; direction: ltr; font-family: 'Trebuchet MS','Lucida Grande','Lucida Sans Unicode','Lucida Sans',Tahoma,sans-serif; font-size: 14px; line-height: 1.5em; margin-bottom: 1.3em; margin-left: 0; margin-right: 0; margin-top: 0; padding-bottom: 0; padding-left: 0; padding-right: 0; padding-top: 0; text-align: left; unicode-bidi: embed; vertical-align: baseline;\">La  quema de libros en las calles santiaguinas a manos de soldados durante  los primeros meses de la dictadura c\u00edvico-militar, con la anuencia y  aplauso de los sectores conservadores, es una buena prueba de ello. El  cierre de la editorial Quimant\u00fa que prove\u00eda a los chilenos de magn\u00edficas  obras literarias nacionales y extranjeras \u2013a muy bajo precio\u2013 es otra  muestra de lo dicho.<\/div>\n<div align=\"left\" style=\"color: #0a0a0a; direction: ltr; font-family: 'Trebuchet MS','Lucida Grande','Lucida Sans Unicode','Lucida Sans',Tahoma,sans-serif; font-size: 14px; line-height: 1.5em; margin-bottom: 1.3em; margin-left: 0; margin-right: 0; margin-top: 0; padding-bottom: 0; padding-left: 0; padding-right: 0; padding-top: 0; text-align: left; unicode-bidi: embed; vertical-align: baseline;\">Lo  acaecido con \u201cChile Films\u201d muestra fr\u00edamente el desd\u00e9n de la derecha  por el arte, la cultura y el cine. En la p\u00e1gina web de CineChile (<a data-saferedirecturl=\"https:\/\/www.google.com\/url?q=http:\/\/www.cinechile.cl&amp;source=gmail&amp;ust=1562852061407000&amp;usg=AFQjCNEWxvs23LUa788G49K-piGNEgJvyw\" href=\"http:\/\/www.cinechile.cl\/\" target=\"_blank\" rel=\"noopener\">www.cinechile.cl<\/a>) puede leerse lo siguiente: <em style=\"font-style: italic;\">\u201cEl  mismo d\u00eda del golpe militar (11 de septiembre de 1973), un pelot\u00f3n de  soldados toma los estudios por asalto e inicia una minuciosa destrucci\u00f3n  de archivos y quema de material f\u00edlmico. \u201cSe hizo una pira en el  patio\u201d, cuenta un testigo de la acci\u00f3n, y \u201cpor espacio de tres d\u00edas  estuvieron quemando todos los noticiarios desde el a\u00f1o 45 adelante\u201d.  Tambi\u00e9n documentales y los negativos de una buena parte del cine chileno  de ficci\u00f3n. Conforme a la pol\u00edtica del gobierno de Pinochet, la empresa  se privatiza y deja de ser definitivamente lo que fue. Cesa su  producci\u00f3n propia y se especializa en los servicios a terceros, en  particular a la televisi\u00f3n y a la floreciente industria del cine  publicitario\u201d.<\/em><\/div>\n<div align=\"left\" style=\"color: #0a0a0a; direction: ltr; font-family: 'Trebuchet MS','Lucida Grande','Lucida Sans Unicode','Lucida Sans',Tahoma,sans-serif; font-size: 14px; line-height: 1.5em; margin-bottom: 1.3em; margin-left: 0; margin-right: 0; margin-top: 0; padding-bottom: 0; padding-left: 0; padding-right: 0; padding-top: 0; text-align: left; unicode-bidi: embed; vertical-align: baseline;\">Los  m\u00e1s fan\u00e1ticos adherentes a la religi\u00f3n neoliberal no gustan de la  posibilidad que en nuestro pa\u00eds se alce un complejo cinematogr\u00e1fico al  estilo de la antigua Televisa mexicana, pues prefieren abrir los  paisajes de nuestro pa\u00eds a las producciones extranjeras que buscan  escenarios naturales de belleza indomable, y evitar darle alas a un cine  nacional que ellos saben ser\u00e1 cr\u00edtico y recurrir\u00e1 muchas veces a la  Historia como principal fuente de creaci\u00f3n. Saben tambi\u00e9n, sin temor a  equivocarse, que Cine e Historia les seguir\u00edan cobrando factura, porque  el cine es el s\u00e9ptimo arte, y como tal es cultura, identidad y memoria.<\/div>\n<div align=\"left\" style=\"color: #0a0a0a; direction: ltr; font-family: 'Trebuchet MS','Lucida Grande','Lucida Sans Unicode','Lucida Sans',Tahoma,sans-serif; font-size: 14px; line-height: 1.5em; margin-bottom: 1.3em; margin-left: 0; margin-right: 0; margin-top: 0; padding-bottom: 0; padding-left: 0; padding-right: 0; padding-top: 0; text-align: left; unicode-bidi: embed; vertical-align: baseline;\">Un  pa\u00eds sin memoria no tiene Historia; un pa\u00eds sin Historia carece de  identidad\u2026 y un pa\u00eds sin identidad es simplemente una colonia. A ello  apunta y apuesta este gobierno.<\/div>\n<p><\/span><\/h1>\n","protected":false},"excerpt":{"rendered":"<p>El per\u00edodo m\u00e1s cr\u00edtico del apag\u00f3n cultural viene ahora, cuando se nos est\u00e1n acabando las velas&#8230; (POLITIKA) &nbsp; El gobierno que dirige Sebasti\u00e1n Pi\u00f1era apuesta a un nuevo apag\u00f3n cultural como forma v\u00e1lida para evitar que la gente piense, aprenda y reflexione. Escribe Arturo Alejandro Mu\u00f1oz Es un hecho imposible de desmentir. La Historia lo [&hellip;]<\/p>\n","protected":false},"author":1,"featured_media":4400,"comment_status":"open","ping_status":"open","sticky":false,"template":"","format":"standard","meta":{"footnotes":""},"categories":[32,112],"tags":[],"class_list":["post-4055","post","type-post","status-publish","format-standard","has-post-thumbnail","hentry","category-cine","category-opinion"],"yoast_head":"<!-- This site is optimized with the Yoast SEO plugin v25.0 - https:\/\/yoast.com\/wordpress\/plugins\/seo\/ -->\n<title>Adi\u00f3s al Cine: \u00a1Mueran la Memoria, la Identidad y a Historia! - Nuestro Bio B\u00edo<\/title>\n<meta name=\"robots\" content=\"index, follow, max-snippet:-1, max-image-preview:large, max-video-preview:-1\" \/>\n<link rel=\"canonical\" href=\"https:\/\/www.fraczinet.cl\/sitio\/2019\/07\/10\/adios-al-cine-mueran-la-memoria-la-identidad-y-a-historia\/\" \/>\n<meta property=\"og:locale\" content=\"es_ES\" \/>\n<meta property=\"og:type\" content=\"article\" \/>\n<meta property=\"og:title\" content=\"Adi\u00f3s al Cine: \u00a1Mueran la Memoria, la Identidad y a Historia! - Nuestro Bio B\u00edo\" \/>\n<meta property=\"og:description\" content=\"El per\u00edodo m\u00e1s cr\u00edtico del apag\u00f3n cultural viene ahora, cuando se nos est\u00e1n acabando las velas&#8230; (POLITIKA) &nbsp; El gobierno que dirige Sebasti\u00e1n Pi\u00f1era apuesta a un nuevo apag\u00f3n cultural como forma v\u00e1lida para evitar que la gente piense, aprenda y reflexione. Escribe Arturo Alejandro Mu\u00f1oz Es un hecho imposible de desmentir. La Historia lo [&hellip;]\" \/>\n<meta property=\"og:url\" content=\"https:\/\/www.fraczinet.cl\/sitio\/2019\/07\/10\/adios-al-cine-mueran-la-memoria-la-identidad-y-a-historia\/\" \/>\n<meta property=\"og:site_name\" content=\"Nuestro Bio B\u00edo\" \/>\n<meta property=\"article:published_time\" content=\"2019-07-10T13:39:00+00:00\" \/>\n<meta property=\"article:modified_time\" content=\"2021-08-25T02:28:56+00:00\" \/>\n<meta property=\"og:image\" content=\"https:\/\/www.fraczinet.cl\/sitio\/wp-content\/uploads\/2019\/07\/ElchacaldeNahueltoro.jpg\" \/>\n\t<meta property=\"og:image:width\" content=\"727\" \/>\n\t<meta property=\"og:image:height\" content=\"1024\" \/>\n\t<meta property=\"og:image:type\" content=\"image\/jpeg\" \/>\n<meta name=\"author\" content=\"admin\" \/>\n<meta name=\"twitter:card\" content=\"summary_large_image\" \/>\n<meta name=\"twitter:creator\" content=\"@nuestrobiobio\" \/>\n<meta name=\"twitter:site\" content=\"@nuestrobiobio\" \/>\n<meta name=\"twitter:label1\" content=\"Escrito por\" \/>\n\t<meta name=\"twitter:data1\" content=\"admin\" \/>\n\t<meta name=\"twitter:label2\" content=\"Tiempo de lectura\" \/>\n\t<meta name=\"twitter:data2\" content=\"7 minutos\" \/>\n<script type=\"application\/ld+json\" class=\"yoast-schema-graph\">{\"@context\":\"https:\/\/schema.org\",\"@graph\":[{\"@type\":\"Article\",\"@id\":\"https:\/\/www.fraczinet.cl\/sitio\/2019\/07\/10\/adios-al-cine-mueran-la-memoria-la-identidad-y-a-historia\/#article\",\"isPartOf\":{\"@id\":\"https:\/\/www.fraczinet.cl\/sitio\/2019\/07\/10\/adios-al-cine-mueran-la-memoria-la-identidad-y-a-historia\/\"},\"author\":{\"name\":\"admin\",\"@id\":\"https:\/\/www.fraczinet.cl\/sitio\/#\/schema\/person\/bc30f98e9cb10ae7e119dbe14bc93784\"},\"headline\":\"Adi\u00f3s al Cine: \u00a1Mueran la Memoria, la Identidad y a Historia!\",\"datePublished\":\"2019-07-10T13:39:00+00:00\",\"dateModified\":\"2021-08-25T02:28:56+00:00\",\"mainEntityOfPage\":{\"@id\":\"https:\/\/www.fraczinet.cl\/sitio\/2019\/07\/10\/adios-al-cine-mueran-la-memoria-la-identidad-y-a-historia\/\"},\"wordCount\":1363,\"commentCount\":0,\"publisher\":{\"@id\":\"https:\/\/www.fraczinet.cl\/sitio\/#\/schema\/person\/aec8ee4da68df2b9b0eefdad24a0d582\"},\"image\":{\"@id\":\"https:\/\/www.fraczinet.cl\/sitio\/2019\/07\/10\/adios-al-cine-mueran-la-memoria-la-identidad-y-a-historia\/#primaryimage\"},\"thumbnailUrl\":\"https:\/\/www.fraczinet.cl\/sitio\/wp-content\/uploads\/2019\/07\/ElchacaldeNahueltoro.jpg\",\"articleSection\":[\"Cine\",\"Opini\u00f3n\"],\"inLanguage\":\"es\",\"potentialAction\":[{\"@type\":\"CommentAction\",\"name\":\"Comment\",\"target\":[\"https:\/\/www.fraczinet.cl\/sitio\/2019\/07\/10\/adios-al-cine-mueran-la-memoria-la-identidad-y-a-historia\/#respond\"]}]},{\"@type\":\"WebPage\",\"@id\":\"https:\/\/www.fraczinet.cl\/sitio\/2019\/07\/10\/adios-al-cine-mueran-la-memoria-la-identidad-y-a-historia\/\",\"url\":\"https:\/\/www.fraczinet.cl\/sitio\/2019\/07\/10\/adios-al-cine-mueran-la-memoria-la-identidad-y-a-historia\/\",\"name\":\"Adi\u00f3s al Cine: \u00a1Mueran la Memoria, la Identidad y a Historia! - Nuestro Bio B\u00edo\",\"isPartOf\":{\"@id\":\"https:\/\/www.fraczinet.cl\/sitio\/#website\"},\"primaryImageOfPage\":{\"@id\":\"https:\/\/www.fraczinet.cl\/sitio\/2019\/07\/10\/adios-al-cine-mueran-la-memoria-la-identidad-y-a-historia\/#primaryimage\"},\"image\":{\"@id\":\"https:\/\/www.fraczinet.cl\/sitio\/2019\/07\/10\/adios-al-cine-mueran-la-memoria-la-identidad-y-a-historia\/#primaryimage\"},\"thumbnailUrl\":\"https:\/\/www.fraczinet.cl\/sitio\/wp-content\/uploads\/2019\/07\/ElchacaldeNahueltoro.jpg\",\"datePublished\":\"2019-07-10T13:39:00+00:00\",\"dateModified\":\"2021-08-25T02:28:56+00:00\",\"breadcrumb\":{\"@id\":\"https:\/\/www.fraczinet.cl\/sitio\/2019\/07\/10\/adios-al-cine-mueran-la-memoria-la-identidad-y-a-historia\/#breadcrumb\"},\"inLanguage\":\"es\",\"potentialAction\":[{\"@type\":\"ReadAction\",\"target\":[\"https:\/\/www.fraczinet.cl\/sitio\/2019\/07\/10\/adios-al-cine-mueran-la-memoria-la-identidad-y-a-historia\/\"]}]},{\"@type\":\"ImageObject\",\"inLanguage\":\"es\",\"@id\":\"https:\/\/www.fraczinet.cl\/sitio\/2019\/07\/10\/adios-al-cine-mueran-la-memoria-la-identidad-y-a-historia\/#primaryimage\",\"url\":\"https:\/\/www.fraczinet.cl\/sitio\/wp-content\/uploads\/2019\/07\/ElchacaldeNahueltoro.jpg\",\"contentUrl\":\"https:\/\/www.fraczinet.cl\/sitio\/wp-content\/uploads\/2019\/07\/ElchacaldeNahueltoro.jpg\",\"width\":727,\"height\":1024},{\"@type\":\"BreadcrumbList\",\"@id\":\"https:\/\/www.fraczinet.cl\/sitio\/2019\/07\/10\/adios-al-cine-mueran-la-memoria-la-identidad-y-a-historia\/#breadcrumb\",\"itemListElement\":[{\"@type\":\"ListItem\",\"position\":1,\"name\":\"Portada\",\"item\":\"https:\/\/www.fraczinet.cl\/sitio\/\"},{\"@type\":\"ListItem\",\"position\":2,\"name\":\"Adi\u00f3s al Cine: \u00a1Mueran la Memoria, la Identidad y a Historia!\"}]},{\"@type\":\"WebSite\",\"@id\":\"https:\/\/www.fraczinet.cl\/sitio\/#website\",\"url\":\"https:\/\/www.fraczinet.cl\/sitio\/\",\"name\":\"Nuestro Bio B\u00edo\",\"description\":\"Tierra de Encuentros\",\"publisher\":{\"@id\":\"https:\/\/www.fraczinet.cl\/sitio\/#\/schema\/person\/aec8ee4da68df2b9b0eefdad24a0d582\"},\"potentialAction\":[{\"@type\":\"SearchAction\",\"target\":{\"@type\":\"EntryPoint\",\"urlTemplate\":\"https:\/\/www.fraczinet.cl\/sitio\/?s={search_term_string}\"},\"query-input\":{\"@type\":\"PropertyValueSpecification\",\"valueRequired\":true,\"valueName\":\"search_term_string\"}}],\"inLanguage\":\"es\"},{\"@type\":[\"Person\",\"Organization\"],\"@id\":\"https:\/\/www.fraczinet.cl\/sitio\/#\/schema\/person\/aec8ee4da68df2b9b0eefdad24a0d582\",\"name\":\"Luis Fernando Fraczinet\",\"image\":{\"@type\":\"ImageObject\",\"inLanguage\":\"es\",\"@id\":\"https:\/\/www.fraczinet.cl\/sitio\/#\/schema\/person\/image\/\",\"url\":\"https:\/\/www.fraczinet.cl\/sitio\/wp-content\/uploads\/2021\/07\/bannerlogo-1.gif\",\"contentUrl\":\"https:\/\/www.fraczinet.cl\/sitio\/wp-content\/uploads\/2021\/07\/bannerlogo-1.gif\",\"width\":159,\"height\":79,\"caption\":\"Luis Fernando Fraczinet\"},\"logo\":{\"@id\":\"https:\/\/www.fraczinet.cl\/sitio\/#\/schema\/person\/image\/\"},\"sameAs\":[\"https:\/\/www.fraczinet.cl\/sitio\/\"]},{\"@type\":\"Person\",\"@id\":\"https:\/\/www.fraczinet.cl\/sitio\/#\/schema\/person\/bc30f98e9cb10ae7e119dbe14bc93784\",\"name\":\"admin\",\"image\":{\"@type\":\"ImageObject\",\"inLanguage\":\"es\",\"@id\":\"https:\/\/www.fraczinet.cl\/sitio\/#\/schema\/person\/image\/\",\"url\":\"https:\/\/secure.gravatar.com\/avatar\/d5ad3cf7ef3b23a2bb5be73be780c86b2fc8545c3ad6b149f3913ff458c00099?s=96&d=mm&r=g\",\"contentUrl\":\"https:\/\/secure.gravatar.com\/avatar\/d5ad3cf7ef3b23a2bb5be73be780c86b2fc8545c3ad6b149f3913ff458c00099?s=96&d=mm&r=g\",\"caption\":\"admin\"},\"sameAs\":[\"https:\/\/www.fraczinet.cl\/sitio\"]}]}<\/script>\n<!-- \/ Yoast SEO plugin. -->","yoast_head_json":{"title":"Adi\u00f3s al Cine: \u00a1Mueran la Memoria, la Identidad y a Historia! - Nuestro Bio B\u00edo","robots":{"index":"index","follow":"follow","max-snippet":"max-snippet:-1","max-image-preview":"max-image-preview:large","max-video-preview":"max-video-preview:-1"},"canonical":"https:\/\/www.fraczinet.cl\/sitio\/2019\/07\/10\/adios-al-cine-mueran-la-memoria-la-identidad-y-a-historia\/","og_locale":"es_ES","og_type":"article","og_title":"Adi\u00f3s al Cine: \u00a1Mueran la Memoria, la Identidad y a Historia! - Nuestro Bio B\u00edo","og_description":"El per\u00edodo m\u00e1s cr\u00edtico del apag\u00f3n cultural viene ahora, cuando se nos est\u00e1n acabando las velas&#8230; (POLITIKA) &nbsp; El gobierno que dirige Sebasti\u00e1n Pi\u00f1era apuesta a un nuevo apag\u00f3n cultural como forma v\u00e1lida para evitar que la gente piense, aprenda y reflexione. Escribe Arturo Alejandro Mu\u00f1oz Es un hecho imposible de desmentir. La Historia lo [&hellip;]","og_url":"https:\/\/www.fraczinet.cl\/sitio\/2019\/07\/10\/adios-al-cine-mueran-la-memoria-la-identidad-y-a-historia\/","og_site_name":"Nuestro Bio B\u00edo","article_published_time":"2019-07-10T13:39:00+00:00","article_modified_time":"2021-08-25T02:28:56+00:00","og_image":[{"width":727,"height":1024,"url":"https:\/\/www.fraczinet.cl\/sitio\/wp-content\/uploads\/2019\/07\/ElchacaldeNahueltoro.jpg","type":"image\/jpeg"}],"author":"admin","twitter_card":"summary_large_image","twitter_creator":"@nuestrobiobio","twitter_site":"@nuestrobiobio","twitter_misc":{"Escrito por":"admin","Tiempo de lectura":"7 minutos"},"schema":{"@context":"https:\/\/schema.org","@graph":[{"@type":"Article","@id":"https:\/\/www.fraczinet.cl\/sitio\/2019\/07\/10\/adios-al-cine-mueran-la-memoria-la-identidad-y-a-historia\/#article","isPartOf":{"@id":"https:\/\/www.fraczinet.cl\/sitio\/2019\/07\/10\/adios-al-cine-mueran-la-memoria-la-identidad-y-a-historia\/"},"author":{"name":"admin","@id":"https:\/\/www.fraczinet.cl\/sitio\/#\/schema\/person\/bc30f98e9cb10ae7e119dbe14bc93784"},"headline":"Adi\u00f3s al Cine: \u00a1Mueran la Memoria, la Identidad y a Historia!","datePublished":"2019-07-10T13:39:00+00:00","dateModified":"2021-08-25T02:28:56+00:00","mainEntityOfPage":{"@id":"https:\/\/www.fraczinet.cl\/sitio\/2019\/07\/10\/adios-al-cine-mueran-la-memoria-la-identidad-y-a-historia\/"},"wordCount":1363,"commentCount":0,"publisher":{"@id":"https:\/\/www.fraczinet.cl\/sitio\/#\/schema\/person\/aec8ee4da68df2b9b0eefdad24a0d582"},"image":{"@id":"https:\/\/www.fraczinet.cl\/sitio\/2019\/07\/10\/adios-al-cine-mueran-la-memoria-la-identidad-y-a-historia\/#primaryimage"},"thumbnailUrl":"https:\/\/www.fraczinet.cl\/sitio\/wp-content\/uploads\/2019\/07\/ElchacaldeNahueltoro.jpg","articleSection":["Cine","Opini\u00f3n"],"inLanguage":"es","potentialAction":[{"@type":"CommentAction","name":"Comment","target":["https:\/\/www.fraczinet.cl\/sitio\/2019\/07\/10\/adios-al-cine-mueran-la-memoria-la-identidad-y-a-historia\/#respond"]}]},{"@type":"WebPage","@id":"https:\/\/www.fraczinet.cl\/sitio\/2019\/07\/10\/adios-al-cine-mueran-la-memoria-la-identidad-y-a-historia\/","url":"https:\/\/www.fraczinet.cl\/sitio\/2019\/07\/10\/adios-al-cine-mueran-la-memoria-la-identidad-y-a-historia\/","name":"Adi\u00f3s al Cine: \u00a1Mueran la Memoria, la Identidad y a Historia! - Nuestro Bio B\u00edo","isPartOf":{"@id":"https:\/\/www.fraczinet.cl\/sitio\/#website"},"primaryImageOfPage":{"@id":"https:\/\/www.fraczinet.cl\/sitio\/2019\/07\/10\/adios-al-cine-mueran-la-memoria-la-identidad-y-a-historia\/#primaryimage"},"image":{"@id":"https:\/\/www.fraczinet.cl\/sitio\/2019\/07\/10\/adios-al-cine-mueran-la-memoria-la-identidad-y-a-historia\/#primaryimage"},"thumbnailUrl":"https:\/\/www.fraczinet.cl\/sitio\/wp-content\/uploads\/2019\/07\/ElchacaldeNahueltoro.jpg","datePublished":"2019-07-10T13:39:00+00:00","dateModified":"2021-08-25T02:28:56+00:00","breadcrumb":{"@id":"https:\/\/www.fraczinet.cl\/sitio\/2019\/07\/10\/adios-al-cine-mueran-la-memoria-la-identidad-y-a-historia\/#breadcrumb"},"inLanguage":"es","potentialAction":[{"@type":"ReadAction","target":["https:\/\/www.fraczinet.cl\/sitio\/2019\/07\/10\/adios-al-cine-mueran-la-memoria-la-identidad-y-a-historia\/"]}]},{"@type":"ImageObject","inLanguage":"es","@id":"https:\/\/www.fraczinet.cl\/sitio\/2019\/07\/10\/adios-al-cine-mueran-la-memoria-la-identidad-y-a-historia\/#primaryimage","url":"https:\/\/www.fraczinet.cl\/sitio\/wp-content\/uploads\/2019\/07\/ElchacaldeNahueltoro.jpg","contentUrl":"https:\/\/www.fraczinet.cl\/sitio\/wp-content\/uploads\/2019\/07\/ElchacaldeNahueltoro.jpg","width":727,"height":1024},{"@type":"BreadcrumbList","@id":"https:\/\/www.fraczinet.cl\/sitio\/2019\/07\/10\/adios-al-cine-mueran-la-memoria-la-identidad-y-a-historia\/#breadcrumb","itemListElement":[{"@type":"ListItem","position":1,"name":"Portada","item":"https:\/\/www.fraczinet.cl\/sitio\/"},{"@type":"ListItem","position":2,"name":"Adi\u00f3s al Cine: \u00a1Mueran la Memoria, la Identidad y a Historia!"}]},{"@type":"WebSite","@id":"https:\/\/www.fraczinet.cl\/sitio\/#website","url":"https:\/\/www.fraczinet.cl\/sitio\/","name":"Nuestro Bio B\u00edo","description":"Tierra de Encuentros","publisher":{"@id":"https:\/\/www.fraczinet.cl\/sitio\/#\/schema\/person\/aec8ee4da68df2b9b0eefdad24a0d582"},"potentialAction":[{"@type":"SearchAction","target":{"@type":"EntryPoint","urlTemplate":"https:\/\/www.fraczinet.cl\/sitio\/?s={search_term_string}"},"query-input":{"@type":"PropertyValueSpecification","valueRequired":true,"valueName":"search_term_string"}}],"inLanguage":"es"},{"@type":["Person","Organization"],"@id":"https:\/\/www.fraczinet.cl\/sitio\/#\/schema\/person\/aec8ee4da68df2b9b0eefdad24a0d582","name":"Luis Fernando Fraczinet","image":{"@type":"ImageObject","inLanguage":"es","@id":"https:\/\/www.fraczinet.cl\/sitio\/#\/schema\/person\/image\/","url":"https:\/\/www.fraczinet.cl\/sitio\/wp-content\/uploads\/2021\/07\/bannerlogo-1.gif","contentUrl":"https:\/\/www.fraczinet.cl\/sitio\/wp-content\/uploads\/2021\/07\/bannerlogo-1.gif","width":159,"height":79,"caption":"Luis Fernando Fraczinet"},"logo":{"@id":"https:\/\/www.fraczinet.cl\/sitio\/#\/schema\/person\/image\/"},"sameAs":["https:\/\/www.fraczinet.cl\/sitio\/"]},{"@type":"Person","@id":"https:\/\/www.fraczinet.cl\/sitio\/#\/schema\/person\/bc30f98e9cb10ae7e119dbe14bc93784","name":"admin","image":{"@type":"ImageObject","inLanguage":"es","@id":"https:\/\/www.fraczinet.cl\/sitio\/#\/schema\/person\/image\/","url":"https:\/\/secure.gravatar.com\/avatar\/d5ad3cf7ef3b23a2bb5be73be780c86b2fc8545c3ad6b149f3913ff458c00099?s=96&d=mm&r=g","contentUrl":"https:\/\/secure.gravatar.com\/avatar\/d5ad3cf7ef3b23a2bb5be73be780c86b2fc8545c3ad6b149f3913ff458c00099?s=96&d=mm&r=g","caption":"admin"},"sameAs":["https:\/\/www.fraczinet.cl\/sitio"]}]}},"_links":{"self":[{"href":"https:\/\/www.fraczinet.cl\/sitio\/wp-json\/wp\/v2\/posts\/4055","targetHints":{"allow":["GET"]}}],"collection":[{"href":"https:\/\/www.fraczinet.cl\/sitio\/wp-json\/wp\/v2\/posts"}],"about":[{"href":"https:\/\/www.fraczinet.cl\/sitio\/wp-json\/wp\/v2\/types\/post"}],"author":[{"embeddable":true,"href":"https:\/\/www.fraczinet.cl\/sitio\/wp-json\/wp\/v2\/users\/1"}],"replies":[{"embeddable":true,"href":"https:\/\/www.fraczinet.cl\/sitio\/wp-json\/wp\/v2\/comments?post=4055"}],"version-history":[{"count":2,"href":"https:\/\/www.fraczinet.cl\/sitio\/wp-json\/wp\/v2\/posts\/4055\/revisions"}],"predecessor-version":[{"id":4420,"href":"https:\/\/www.fraczinet.cl\/sitio\/wp-json\/wp\/v2\/posts\/4055\/revisions\/4420"}],"wp:featuredmedia":[{"embeddable":true,"href":"https:\/\/www.fraczinet.cl\/sitio\/wp-json\/wp\/v2\/media\/4400"}],"wp:attachment":[{"href":"https:\/\/www.fraczinet.cl\/sitio\/wp-json\/wp\/v2\/media?parent=4055"}],"wp:term":[{"taxonomy":"category","embeddable":true,"href":"https:\/\/www.fraczinet.cl\/sitio\/wp-json\/wp\/v2\/categories?post=4055"},{"taxonomy":"post_tag","embeddable":true,"href":"https:\/\/www.fraczinet.cl\/sitio\/wp-json\/wp\/v2\/tags?post=4055"}],"curies":[{"name":"wp","href":"https:\/\/api.w.org\/{rel}","templated":true}]}}