{"id":4063,"date":"2018-10-25T15:59:00","date_gmt":"2018-10-25T15:59:00","guid":{"rendered":"https:\/\/www.fraczinet.cl\/sitio\/2018\/10\/25\/victor-le-canta-a-las-estrellas\/"},"modified":"2021-09-02T12:53:28","modified_gmt":"2021-09-02T12:53:28","slug":"victor-le-canta-a-las-estrellas","status":"publish","type":"post","link":"https:\/\/www.fraczinet.cl\/sitio\/victor-le-canta-a-las-estrellas\/","title":{"rendered":"V\u00edctor Le Canta A Las Estrellas&#8230;"},"content":{"rendered":"<div style=\"text-align: justify;\"><a style=\"clear: left; float: left; margin-bottom: 1em; margin-right: 1em;\" href=\"https:\/\/4.bp.blogspot.com\/-IH8-GuU0CVo\/W9Hnp-Im9vI\/AAAAAAAAN6M\/jUCXTThfdp8WOjZ4fY8eMgMVxag0SxOwwCLcBGAs\/s1600\/V%25C3%25ADctor%2BJara.jpg\"><img decoding=\"async\" src=\"https:\/\/4.bp.blogspot.com\/-IH8-GuU0CVo\/W9Hnp-Im9vI\/AAAAAAAAN6M\/jUCXTThfdp8WOjZ4fY8eMgMVxag0SxOwwCLcBGAs\/s200\/V%25C3%25ADctor%2BJara.jpg\" width=\"148\" height=\"200\" border=\"0\" data-original-height=\"500\" data-original-width=\"372\" \/><\/a>La m\u00e1s bella trascendencia de lo obrado por el ser humano se encuentra en el alma que brilla al recordarlo.<\/div>\n<div style=\"text-align: justify;\"><\/div>\n<div style=\"text-align: justify;\">El recuerdo es nuestra herramienta para sentirnos parte de una historia, continuando el camino que se sirve de los corazones que avanzan hacia lo imposible&#8230; la transcendencia de nuestras manos, nuestra voz y nuestro cari\u00f1o. Uno recuerda porque necesita volver a pasar por el coraz\u00f3n lo que nos impulsa en la vida.<\/div>\n<div style=\"text-align: justify;\"><\/div>\n<div style=\"text-align: justify;\">V\u00edctor le canta a las estrellas&#8230; Porque hay muchas y alcanza para todos.<\/div>\n<p><iframe src=\"https:\/\/www.youtube.com\/embed\/5C_DrAWv7uc\" width=\"560\" height=\"315\" frameborder=\"0\" allowfullscreen=\"allowfullscreen\"><\/iframe><\/p>\n","protected":false},"excerpt":{"rendered":"<p>La m\u00e1s bella trascendencia de lo obrado por el ser humano se encuentra en el alma que brilla al recordarlo. El recuerdo es nuestra herramienta para sentirnos parte de una historia, continuando el camino que se sirve de los corazones que avanzan hacia lo imposible&#8230; la transcendencia de nuestras manos, nuestra voz y nuestro cari\u00f1o. [&hellip;]<\/p>\n","protected":false},"author":1,"featured_media":6335,"comment_status":"open","ping_status":"closed","sticky":false,"template":"","format":"standard","meta":{"footnotes":""},"categories":[80,128,41],"tags":[],"class_list":["post-4063","post","type-post","status-publish","format-standard","has-post-thumbnail","hentry","category-musica","category-victor-jara","category-videos"],"yoast_head":"<!-- This site is optimized with the Yoast SEO plugin v28.2 - https:\/\/yoast.com\/product\/yoast-seo-wordpress\/ -->\n<title>V\u00edctor Le Canta A Las Estrellas... - Nuestro Bio B\u00edo<\/title>\n<meta name=\"robots\" content=\"index, follow, max-snippet:-1, max-image-preview:large, max-video-preview:-1\" \/>\n<link rel=\"canonical\" href=\"https:\/\/www.fraczinet.cl\/sitio\/victor-le-canta-a-las-estrellas\/\" \/>\n<meta property=\"og:locale\" content=\"es_ES\" \/>\n<meta property=\"og:type\" content=\"article\" \/>\n<meta property=\"og:title\" content=\"V\u00edctor Le Canta A Las Estrellas... - Nuestro Bio B\u00edo\" \/>\n<meta property=\"og:description\" content=\"La m\u00e1s bella trascendencia de lo obrado por el ser humano se encuentra en el alma que brilla al recordarlo. El recuerdo es nuestra herramienta para sentirnos parte de una historia, continuando el camino que se sirve de los corazones que avanzan hacia lo imposible&#8230; la transcendencia de nuestras manos, nuestra voz y nuestro cari\u00f1o. [&hellip;]\" \/>\n<meta property=\"og:url\" content=\"https:\/\/www.fraczinet.cl\/sitio\/victor-le-canta-a-las-estrellas\/\" \/>\n<meta property=\"og:site_name\" content=\"Nuestro Bio B\u00edo\" \/>\n<meta property=\"article:publisher\" content=\"https:\/\/www.facebook.com\/groups\/15721414452\/\" \/>\n<meta property=\"article:published_time\" content=\"2018-10-25T15:59:00+00:00\" \/>\n<meta property=\"article:modified_time\" content=\"2021-09-02T12:53:28+00:00\" \/>\n<meta property=\"og:image\" content=\"https:\/\/www.fraczinet.cl\/sitio\/wp-content\/uploads\/2018\/10\/Victor-le-Canta-a-las-Estrellas.jpg\" \/>\n\t<meta property=\"og:image:width\" content=\"640\" \/>\n\t<meta property=\"og:image:height\" content=\"383\" \/>\n\t<meta property=\"og:image:type\" content=\"image\/jpeg\" \/>\n<meta name=\"twitter:card\" content=\"summary_large_image\" \/>\n<meta name=\"twitter:creator\" content=\"@nuestrobiobio\" \/>\n<meta name=\"twitter:site\" content=\"@nuestrobiobio\" \/>\n<meta name=\"twitter:label1\" content=\"Escrito por\" \/>\n\t<meta name=\"twitter:data1\" content=\"\" \/>\n<script type=\"application\/ld+json\" class=\"yoast-schema-graph\">{\"@context\":\"https:\\\/\\\/schema.org\",\"@graph\":[{\"@type\":\"Article\",\"@id\":\"https:\\\/\\\/www.fraczinet.cl\\\/sitio\\\/victor-le-canta-a-las-estrellas\\\/#article\",\"isPartOf\":{\"@id\":\"https:\\\/\\\/www.fraczinet.cl\\\/sitio\\\/victor-le-canta-a-las-estrellas\\\/\"},\"author\":{\"name\":\"\",\"@id\":\"\"},\"headline\":\"V\u00edctor Le Canta A Las Estrellas&#8230;\",\"datePublished\":\"2018-10-25T15:59:00+00:00\",\"dateModified\":\"2021-09-02T12:53:28+00:00\",\"mainEntityOfPage\":{\"@id\":\"https:\\\/\\\/www.fraczinet.cl\\\/sitio\\\/victor-le-canta-a-las-estrellas\\\/\"},\"wordCount\":96,\"commentCount\":0,\"image\":{\"@id\":\"https:\\\/\\\/www.fraczinet.cl\\\/sitio\\\/victor-le-canta-a-las-estrellas\\\/#primaryimage\"},\"thumbnailUrl\":\"https:\\\/\\\/www.fraczinet.cl\\\/sitio\\\/wp-content\\\/uploads\\\/2018\\\/10\\\/Victor-le-Canta-a-las-Estrellas.jpg\",\"articleSection\":[\"M\u00fasica\",\"V\u00edctor Jara\",\"Videos\"],\"inLanguage\":\"es\",\"potentialAction\":[{\"@type\":\"CommentAction\",\"name\":\"Comment\",\"target\":[\"https:\\\/\\\/www.fraczinet.cl\\\/sitio\\\/victor-le-canta-a-las-estrellas\\\/#respond\"]}]},{\"@type\":\"WebPage\",\"@id\":\"https:\\\/\\\/www.fraczinet.cl\\\/sitio\\\/victor-le-canta-a-las-estrellas\\\/\",\"url\":\"https:\\\/\\\/www.fraczinet.cl\\\/sitio\\\/victor-le-canta-a-las-estrellas\\\/\",\"name\":\"V\u00edctor Le Canta A Las Estrellas... - Nuestro Bio B\u00edo\",\"isPartOf\":{\"@id\":\"https:\\\/\\\/www.fraczinet.cl\\\/sitio\\\/#website\"},\"primaryImageOfPage\":{\"@id\":\"https:\\\/\\\/www.fraczinet.cl\\\/sitio\\\/victor-le-canta-a-las-estrellas\\\/#primaryimage\"},\"image\":{\"@id\":\"https:\\\/\\\/www.fraczinet.cl\\\/sitio\\\/victor-le-canta-a-las-estrellas\\\/#primaryimage\"},\"thumbnailUrl\":\"https:\\\/\\\/www.fraczinet.cl\\\/sitio\\\/wp-content\\\/uploads\\\/2018\\\/10\\\/Victor-le-Canta-a-las-Estrellas.jpg\",\"datePublished\":\"2018-10-25T15:59:00+00:00\",\"dateModified\":\"2021-09-02T12:53:28+00:00\",\"author\":{\"@id\":\"\"},\"breadcrumb\":{\"@id\":\"https:\\\/\\\/www.fraczinet.cl\\\/sitio\\\/victor-le-canta-a-las-estrellas\\\/#breadcrumb\"},\"inLanguage\":\"es\",\"potentialAction\":[{\"@type\":\"ReadAction\",\"target\":[\"https:\\\/\\\/www.fraczinet.cl\\\/sitio\\\/victor-le-canta-a-las-estrellas\\\/\"]}]},{\"@type\":\"ImageObject\",\"inLanguage\":\"es\",\"@id\":\"https:\\\/\\\/www.fraczinet.cl\\\/sitio\\\/victor-le-canta-a-las-estrellas\\\/#primaryimage\",\"url\":\"https:\\\/\\\/www.fraczinet.cl\\\/sitio\\\/wp-content\\\/uploads\\\/2018\\\/10\\\/Victor-le-Canta-a-las-Estrellas.jpg\",\"contentUrl\":\"https:\\\/\\\/www.fraczinet.cl\\\/sitio\\\/wp-content\\\/uploads\\\/2018\\\/10\\\/Victor-le-Canta-a-las-Estrellas.jpg\",\"width\":640,\"height\":383},{\"@type\":\"BreadcrumbList\",\"@id\":\"https:\\\/\\\/www.fraczinet.cl\\\/sitio\\\/victor-le-canta-a-las-estrellas\\\/#breadcrumb\",\"itemListElement\":[{\"@type\":\"ListItem\",\"position\":1,\"name\":\"Portada\",\"item\":\"https:\\\/\\\/www.fraczinet.cl\\\/sitio\\\/\"},{\"@type\":\"ListItem\",\"position\":2,\"name\":\"V\u00edctor Le Canta A Las Estrellas&#8230;\"}]},{\"@type\":\"WebSite\",\"@id\":\"https:\\\/\\\/www.fraczinet.cl\\\/sitio\\\/#website\",\"url\":\"https:\\\/\\\/www.fraczinet.cl\\\/sitio\\\/\",\"name\":\"Nuestro Bio B\u00edo\",\"description\":\"Tierra de Encuentros\",\"potentialAction\":[{\"@type\":\"SearchAction\",\"target\":{\"@type\":\"EntryPoint\",\"urlTemplate\":\"https:\\\/\\\/www.fraczinet.cl\\\/sitio\\\/?s={search_term_string}\"},\"query-input\":{\"@type\":\"PropertyValueSpecification\",\"valueRequired\":true,\"valueName\":\"search_term_string\"}}],\"inLanguage\":\"es\"},{\"@type\":\"Person\",\"@id\":\"\"}]}<\/script>\n<!-- \/ Yoast SEO plugin. -->","yoast_head_json":{"title":"V\u00edctor Le Canta A Las Estrellas... - Nuestro Bio B\u00edo","robots":{"index":"index","follow":"follow","max-snippet":"max-snippet:-1","max-image-preview":"max-image-preview:large","max-video-preview":"max-video-preview:-1"},"canonical":"https:\/\/www.fraczinet.cl\/sitio\/victor-le-canta-a-las-estrellas\/","og_locale":"es_ES","og_type":"article","og_title":"V\u00edctor Le Canta A Las Estrellas... - Nuestro Bio B\u00edo","og_description":"La m\u00e1s bella trascendencia de lo obrado por el ser humano se encuentra en el alma que brilla al recordarlo. El recuerdo es nuestra herramienta para sentirnos parte de una historia, continuando el camino que se sirve de los corazones que avanzan hacia lo imposible&#8230; la transcendencia de nuestras manos, nuestra voz y nuestro cari\u00f1o. [&hellip;]","og_url":"https:\/\/www.fraczinet.cl\/sitio\/victor-le-canta-a-las-estrellas\/","og_site_name":"Nuestro Bio B\u00edo","article_publisher":"https:\/\/www.facebook.com\/groups\/15721414452\/","article_published_time":"2018-10-25T15:59:00+00:00","article_modified_time":"2021-09-02T12:53:28+00:00","og_image":[{"width":640,"height":383,"url":"https:\/\/www.fraczinet.cl\/sitio\/wp-content\/uploads\/2018\/10\/Victor-le-Canta-a-las-Estrellas.jpg","type":"image\/jpeg"}],"twitter_card":"summary_large_image","twitter_creator":"@nuestrobiobio","twitter_site":"@nuestrobiobio","twitter_misc":{"Escrito por":""},"schema":{"@context":"https:\/\/schema.org","@graph":[{"@type":"Article","@id":"https:\/\/www.fraczinet.cl\/sitio\/victor-le-canta-a-las-estrellas\/#article","isPartOf":{"@id":"https:\/\/www.fraczinet.cl\/sitio\/victor-le-canta-a-las-estrellas\/"},"author":{"name":"","@id":""},"headline":"V\u00edctor Le Canta A Las Estrellas&#8230;","datePublished":"2018-10-25T15:59:00+00:00","dateModified":"2021-09-02T12:53:28+00:00","mainEntityOfPage":{"@id":"https:\/\/www.fraczinet.cl\/sitio\/victor-le-canta-a-las-estrellas\/"},"wordCount":96,"commentCount":0,"image":{"@id":"https:\/\/www.fraczinet.cl\/sitio\/victor-le-canta-a-las-estrellas\/#primaryimage"},"thumbnailUrl":"https:\/\/www.fraczinet.cl\/sitio\/wp-content\/uploads\/2018\/10\/Victor-le-Canta-a-las-Estrellas.jpg","articleSection":["M\u00fasica","V\u00edctor Jara","Videos"],"inLanguage":"es","potentialAction":[{"@type":"CommentAction","name":"Comment","target":["https:\/\/www.fraczinet.cl\/sitio\/victor-le-canta-a-las-estrellas\/#respond"]}]},{"@type":"WebPage","@id":"https:\/\/www.fraczinet.cl\/sitio\/victor-le-canta-a-las-estrellas\/","url":"https:\/\/www.fraczinet.cl\/sitio\/victor-le-canta-a-las-estrellas\/","name":"V\u00edctor Le Canta A Las Estrellas... - Nuestro Bio B\u00edo","isPartOf":{"@id":"https:\/\/www.fraczinet.cl\/sitio\/#website"},"primaryImageOfPage":{"@id":"https:\/\/www.fraczinet.cl\/sitio\/victor-le-canta-a-las-estrellas\/#primaryimage"},"image":{"@id":"https:\/\/www.fraczinet.cl\/sitio\/victor-le-canta-a-las-estrellas\/#primaryimage"},"thumbnailUrl":"https:\/\/www.fraczinet.cl\/sitio\/wp-content\/uploads\/2018\/10\/Victor-le-Canta-a-las-Estrellas.jpg","datePublished":"2018-10-25T15:59:00+00:00","dateModified":"2021-09-02T12:53:28+00:00","author":{"@id":""},"breadcrumb":{"@id":"https:\/\/www.fraczinet.cl\/sitio\/victor-le-canta-a-las-estrellas\/#breadcrumb"},"inLanguage":"es","potentialAction":[{"@type":"ReadAction","target":["https:\/\/www.fraczinet.cl\/sitio\/victor-le-canta-a-las-estrellas\/"]}]},{"@type":"ImageObject","inLanguage":"es","@id":"https:\/\/www.fraczinet.cl\/sitio\/victor-le-canta-a-las-estrellas\/#primaryimage","url":"https:\/\/www.fraczinet.cl\/sitio\/wp-content\/uploads\/2018\/10\/Victor-le-Canta-a-las-Estrellas.jpg","contentUrl":"https:\/\/www.fraczinet.cl\/sitio\/wp-content\/uploads\/2018\/10\/Victor-le-Canta-a-las-Estrellas.jpg","width":640,"height":383},{"@type":"BreadcrumbList","@id":"https:\/\/www.fraczinet.cl\/sitio\/victor-le-canta-a-las-estrellas\/#breadcrumb","itemListElement":[{"@type":"ListItem","position":1,"name":"Portada","item":"https:\/\/www.fraczinet.cl\/sitio\/"},{"@type":"ListItem","position":2,"name":"V\u00edctor Le Canta A Las Estrellas&#8230;"}]},{"@type":"WebSite","@id":"https:\/\/www.fraczinet.cl\/sitio\/#website","url":"https:\/\/www.fraczinet.cl\/sitio\/","name":"Nuestro Bio B\u00edo","description":"Tierra de Encuentros","potentialAction":[{"@type":"SearchAction","target":{"@type":"EntryPoint","urlTemplate":"https:\/\/www.fraczinet.cl\/sitio\/?s={search_term_string}"},"query-input":{"@type":"PropertyValueSpecification","valueRequired":true,"valueName":"search_term_string"}}],"inLanguage":"es"},{"@type":"Person","@id":""}]}},"_links":{"self":[{"href":"https:\/\/www.fraczinet.cl\/sitio\/wp-json\/wp\/v2\/posts\/4063","targetHints":{"allow":["GET"]}}],"collection":[{"href":"https:\/\/www.fraczinet.cl\/sitio\/wp-json\/wp\/v2\/posts"}],"about":[{"href":"https:\/\/www.fraczinet.cl\/sitio\/wp-json\/wp\/v2\/types\/post"}],"author":[{"embeddable":true,"href":"https:\/\/www.fraczinet.cl\/sitio\/wp-json\/wp\/v2\/users\/1"}],"replies":[{"embeddable":true,"href":"https:\/\/www.fraczinet.cl\/sitio\/wp-json\/wp\/v2\/comments?post=4063"}],"version-history":[{"count":1,"href":"https:\/\/www.fraczinet.cl\/sitio\/wp-json\/wp\/v2\/posts\/4063\/revisions"}],"predecessor-version":[{"id":6336,"href":"https:\/\/www.fraczinet.cl\/sitio\/wp-json\/wp\/v2\/posts\/4063\/revisions\/6336"}],"wp:featuredmedia":[{"embeddable":true,"href":"https:\/\/www.fraczinet.cl\/sitio\/wp-json\/wp\/v2\/media\/6335"}],"wp:attachment":[{"href":"https:\/\/www.fraczinet.cl\/sitio\/wp-json\/wp\/v2\/media?parent=4063"}],"wp:term":[{"taxonomy":"category","embeddable":true,"href":"https:\/\/www.fraczinet.cl\/sitio\/wp-json\/wp\/v2\/categories?post=4063"},{"taxonomy":"post_tag","embeddable":true,"href":"https:\/\/www.fraczinet.cl\/sitio\/wp-json\/wp\/v2\/tags?post=4063"}],"curies":[{"name":"wp","href":"https:\/\/api.w.org\/{rel}","templated":true}]}}