{"id":4094,"date":"2016-11-04T02:36:00","date_gmt":"2016-11-04T02:36:00","guid":{"rendered":"https:\/\/www.fraczinet.cl\/sitio\/2016\/11\/04\/la-leyenda-de-las-tres-pascualas-2\/"},"modified":"2024-08-13T00:57:19","modified_gmt":"2024-08-13T00:57:19","slug":"la-leyenda-de-las-tres-pascualas-2","status":"publish","type":"post","link":"https:\/\/www.fraczinet.cl\/sitio\/la-leyenda-de-las-tres-pascualas-2\/","title":{"rendered":"La Leyenda de Las Tres Pascualas"},"content":{"rendered":"\t\t<div data-elementor-type=\"wp-post\" data-elementor-id=\"4094\" class=\"elementor elementor-4094\">\n\t\t\t\t\t\t<section class=\"elementor-section elementor-top-section elementor-element elementor-element-251c51c2 elementor-section-boxed elementor-section-height-default elementor-section-height-default\" data-id=\"251c51c2\" data-element_type=\"section\" data-e-type=\"section\">\n\t\t\t\t\t\t<div class=\"elementor-container elementor-column-gap-default\">\n\t\t\t\t\t<div class=\"elementor-column elementor-col-100 elementor-top-column elementor-element elementor-element-1845ec85\" data-id=\"1845ec85\" data-element_type=\"column\" data-e-type=\"column\">\n\t\t\t<div class=\"elementor-widget-wrap elementor-element-populated\">\n\t\t\t\t\t\t<div class=\"elementor-element elementor-element-9689233 elementor-widget elementor-widget-text-editor\" data-id=\"9689233\" data-element_type=\"widget\" data-e-type=\"widget\" data-widget_type=\"text-editor.default\">\n\t\t\t\t<div class=\"elementor-widget-container\">\n\t\t\t\t\t\t\t\t\t<div style=\"text-align: justify;\"><div style=\"clear: both; text-align: center;\"><a style=\"margin-left: 1em; margin-right: 1em;\" href=\"https:\/\/1.bp.blogspot.com\/-RQBzg6MbMuI\/XcoZGWrzAoI\/AAAAAAAAQX4\/Yip8sJt_EX8FJTdO6vm7MHGBC5IA3gQqACLcBGAsYHQ\/s1600\/La%2BLeyenda%2BLas%2BTres%2BPascualas600.jpg\"><img fetchpriority=\"high\" decoding=\"async\" src=\"https:\/\/1.bp.blogspot.com\/-RQBzg6MbMuI\/XcoZGWrzAoI\/AAAAAAAAQX4\/Yip8sJt_EX8FJTdO6vm7MHGBC5IA3gQqACLcBGAsYHQ\/s640\/La%2BLeyenda%2BLas%2BTres%2BPascualas600.jpg\" width=\"640\" height=\"232\" border=\"0\" data-original-height=\"593\" data-original-width=\"1600\" \/><\/a><\/div><div style=\"clear: both; text-align: center;\">\u00a0<\/div><p>Cuenta la leyenda que las tres Pascualas viv\u00edan junto a una laguna, so\u00f1ando con el amor eterno, puro y fiel; en una ocasi\u00f3n pas\u00f3 por all\u00ed un forastero, y las tres, apasionadamente, se enamoraron.<\/p><p>\u00a0<\/p><\/div><div style=\"text-align: justify;\">\u00a0<\/div><div style=\"text-align: justify;\">En sus mentes el enorme deseo guardado por a\u00f1os bajos sus ojos descubri\u00f3 en aquel forastero la imagen de sus sue\u00f1os, la necesidad de sus cuerpos y el destino de sus fantas\u00edas juveniles.<\/div><div style=\"text-align: justify;\">\u00a0<\/div><div style=\"text-align: justify;\">En las palabras de aquel forastero cada una de las Pascualas encontr\u00f3 el cobijo de una vida dibujada cual susurro en la tormenta.<br \/><br \/><\/div><div style=\"text-align: justify;\">\u00a0<\/div><div style=\"text-align: justify;\">Las tres mujeres, llevadas por la fuerza de la pasi\u00f3n, se encadenaron mutuamente a un destino donde las aguas de la laguna cobijaron su amor.<br \/><br \/><\/div><div style=\"text-align: justify;\">\u00a0<\/div><div style=\"text-align: justify;\">Su soledad&#8230; la de cada una de ellas, se ve\u00eda por fin acabada tras ese sensual coqueteo con el Forastero. Sonrientes brillaban por si solas y a coro eran un destello en la laguna.<br \/><br \/><\/div><div style=\"text-align: justify;\">\u00a0<\/div><div style=\"text-align: justify;\">Pero un d\u00eda el forastero se fue y las Pascualas, que antes se quer\u00edan como hermanas, se miraron con odio y con recelo. Hasta que se dijeron: \u00ab\u00bfA qu\u00e9 pelearnos? \u00bfNo estamos las tres sufriendo del mismo mal? Vamos a la laguna, y la que alcance primero la otra orilla, es la que m\u00e1s lo quiere\u00bb.<br \/><br \/><\/div><div style=\"text-align: justify;\">\u00a0<\/div><div style=\"text-align: justify;\">Y nadaron, nadaron hasta el cansancio, llegando una y otra vez juntas a la otra orilla; hasta que la Pascuala primera desapareci\u00f3 bajo el agua. La Segunda se sumergi\u00f3 en su b\u00fasqueda, y como ninguna de ellas volvi\u00f3 a aparecer, la Pascuala tercera se dej\u00f3 morir en su ausencia.<br \/><br \/><\/div><div style=\"text-align: justify;\">\u00a0<\/div><div style=\"text-align: justify;\">Las tres pascualas se ahogaron por amor en la laguna, y ah\u00ed est\u00e1n a\u00fan, llorando su desgracia.<\/div><div style=\"text-align: justify;\">\u00a0<\/div><div style=\"text-align: justify;\">Si quieres visitarlas y escuchar su canto, ver\u00e1s que bajo estas aguas ya no est\u00e1n las pascualas&#8230; Aquellas se fundieron en las pasiones de un amor no correspondido que sujetar\u00e1 tu alma por un instante&#8230; aquel donde tus ojos se cerrar\u00e1n con la brisa bajo la luna.<br \/><br \/><\/div><div style=\"text-align: justify;\">\u00a0<\/div><div style=\"text-align: justify;\">Adaptaci\u00f3n de la obra de Isidora Aguirre<\/div><p><span style=\"text-align: justify;\">Del Poeta Luis Fraczinet<\/span><\/p><div style=\"text-align: justify;\">\u00a0<\/div><p><iframe src=\"https:\/\/www.youtube.com\/embed\/zASnq7io7Os\" width=\"560\" height=\"315\" frameborder=\"0\" allowfullscreen=\"allowfullscreen\"><\/iframe><\/p><div style=\"text-align: justify;\">\u00a0<\/div><div style=\"text-align: justify;\">\u00a0<\/div><div style=\"text-align: justify;\">\u00a0<\/div>\t\t\t\t\t\t\t\t<\/div>\n\t\t\t\t<\/div>\n\t\t\t\t\t<\/div>\n\t\t<\/div>\n\t\t\t\t\t<\/div>\n\t\t<\/section>\n\t\t\t\t<\/div>\n\t\t","protected":false},"excerpt":{"rendered":"<p>\u00a0 Cuenta la leyenda que las tres Pascualas viv\u00edan junto a una laguna, so\u00f1ando con el amor eterno, puro y fiel; en una ocasi\u00f3n pas\u00f3 por all\u00ed un forastero, y las tres, apasionadamente, se enamoraron. \u00a0 \u00a0En sus mentes el enorme deseo guardado por a\u00f1os bajos sus ojos descubri\u00f3 en aquel forastero la imagen de [&hellip;]<\/p>\n","protected":false},"author":1,"featured_media":9524,"comment_status":"open","ping_status":"closed","sticky":false,"template":"","format":"standard","meta":{"footnotes":""},"categories":[42,382,48,116,40,41],"tags":[],"class_list":["post-4094","post","type-post","status-publish","format-standard","has-post-thumbnail","hentry","category-concepcion","category-destacado","category-eva-producciones","category-luis-fraczinet","category-mitos-y-leyendas","category-videos"],"yoast_head":"<!-- This site is optimized with the Yoast SEO plugin v28.2 - https:\/\/yoast.com\/product\/yoast-seo-wordpress\/ -->\n<title>La Leyenda de Las Tres Pascualas - Nuestro Bio B\u00edo<\/title>\n<meta name=\"robots\" content=\"index, follow, max-snippet:-1, max-image-preview:large, max-video-preview:-1\" \/>\n<link rel=\"canonical\" href=\"https:\/\/www.fraczinet.cl\/sitio\/la-leyenda-de-las-tres-pascualas-2\/\" \/>\n<meta property=\"og:locale\" content=\"es_ES\" \/>\n<meta property=\"og:type\" content=\"article\" \/>\n<meta property=\"og:title\" content=\"La Leyenda de Las Tres Pascualas - Nuestro Bio B\u00edo\" \/>\n<meta property=\"og:description\" content=\"\u00a0 Cuenta la leyenda que las tres Pascualas viv\u00edan junto a una laguna, so\u00f1ando con el amor eterno, puro y fiel; en una ocasi\u00f3n pas\u00f3 por all\u00ed un forastero, y las tres, apasionadamente, se enamoraron. \u00a0 \u00a0En sus mentes el enorme deseo guardado por a\u00f1os bajos sus ojos descubri\u00f3 en aquel forastero la imagen de [&hellip;]\" \/>\n<meta property=\"og:url\" content=\"https:\/\/www.fraczinet.cl\/sitio\/la-leyenda-de-las-tres-pascualas-2\/\" \/>\n<meta property=\"og:site_name\" content=\"Nuestro Bio B\u00edo\" \/>\n<meta property=\"article:publisher\" content=\"https:\/\/www.facebook.com\/groups\/15721414452\/\" \/>\n<meta property=\"article:published_time\" content=\"2016-11-04T02:36:00+00:00\" \/>\n<meta property=\"article:modified_time\" content=\"2024-08-13T00:57:19+00:00\" \/>\n<meta property=\"og:image\" content=\"https:\/\/www.fraczinet.cl\/sitio\/wp-content\/uploads\/2016\/11\/Las-Tres-Pascualas.jpg\" \/>\n\t<meta property=\"og:image:width\" content=\"1078\" \/>\n\t<meta property=\"og:image:height\" content=\"516\" \/>\n\t<meta property=\"og:image:type\" content=\"image\/jpeg\" \/>\n<meta name=\"twitter:card\" content=\"summary_large_image\" \/>\n<meta name=\"twitter:creator\" content=\"@nuestrobiobio\" \/>\n<meta name=\"twitter:site\" content=\"@nuestrobiobio\" \/>\n<meta name=\"twitter:label1\" content=\"Escrito por\" \/>\n\t<meta name=\"twitter:data1\" content=\"\" \/>\n\t<meta name=\"twitter:label2\" content=\"Tiempo de lectura\" \/>\n\t<meta name=\"twitter:data2\" content=\"2 minutos\" \/>\n<script type=\"application\/ld+json\" class=\"yoast-schema-graph\">{\"@context\":\"https:\\\/\\\/schema.org\",\"@graph\":[{\"@type\":\"Article\",\"@id\":\"https:\\\/\\\/www.fraczinet.cl\\\/sitio\\\/la-leyenda-de-las-tres-pascualas-2\\\/#article\",\"isPartOf\":{\"@id\":\"https:\\\/\\\/www.fraczinet.cl\\\/sitio\\\/la-leyenda-de-las-tres-pascualas-2\\\/\"},\"author\":{\"name\":\"\",\"@id\":\"\"},\"headline\":\"La Leyenda de Las Tres Pascualas\",\"datePublished\":\"2016-11-04T02:36:00+00:00\",\"dateModified\":\"2024-08-13T00:57:19+00:00\",\"mainEntityOfPage\":{\"@id\":\"https:\\\/\\\/www.fraczinet.cl\\\/sitio\\\/la-leyenda-de-las-tres-pascualas-2\\\/\"},\"wordCount\":352,\"commentCount\":0,\"image\":{\"@id\":\"https:\\\/\\\/www.fraczinet.cl\\\/sitio\\\/la-leyenda-de-las-tres-pascualas-2\\\/#primaryimage\"},\"thumbnailUrl\":\"https:\\\/\\\/www.fraczinet.cl\\\/sitio\\\/wp-content\\\/uploads\\\/2016\\\/11\\\/Las-Tres-Pascualas.jpg\",\"articleSection\":[\"Concepci\u00f3n\",\"Destacado\",\"Eva Producciones\",\"Luis Fraczinet\",\"Mitos y Leyendas\",\"Videos\"],\"inLanguage\":\"es\",\"potentialAction\":[{\"@type\":\"CommentAction\",\"name\":\"Comment\",\"target\":[\"https:\\\/\\\/www.fraczinet.cl\\\/sitio\\\/la-leyenda-de-las-tres-pascualas-2\\\/#respond\"]}]},{\"@type\":\"WebPage\",\"@id\":\"https:\\\/\\\/www.fraczinet.cl\\\/sitio\\\/la-leyenda-de-las-tres-pascualas-2\\\/\",\"url\":\"https:\\\/\\\/www.fraczinet.cl\\\/sitio\\\/la-leyenda-de-las-tres-pascualas-2\\\/\",\"name\":\"La Leyenda de Las Tres Pascualas - Nuestro Bio B\u00edo\",\"isPartOf\":{\"@id\":\"https:\\\/\\\/www.fraczinet.cl\\\/sitio\\\/#website\"},\"primaryImageOfPage\":{\"@id\":\"https:\\\/\\\/www.fraczinet.cl\\\/sitio\\\/la-leyenda-de-las-tres-pascualas-2\\\/#primaryimage\"},\"image\":{\"@id\":\"https:\\\/\\\/www.fraczinet.cl\\\/sitio\\\/la-leyenda-de-las-tres-pascualas-2\\\/#primaryimage\"},\"thumbnailUrl\":\"https:\\\/\\\/www.fraczinet.cl\\\/sitio\\\/wp-content\\\/uploads\\\/2016\\\/11\\\/Las-Tres-Pascualas.jpg\",\"datePublished\":\"2016-11-04T02:36:00+00:00\",\"dateModified\":\"2024-08-13T00:57:19+00:00\",\"author\":{\"@id\":\"\"},\"breadcrumb\":{\"@id\":\"https:\\\/\\\/www.fraczinet.cl\\\/sitio\\\/la-leyenda-de-las-tres-pascualas-2\\\/#breadcrumb\"},\"inLanguage\":\"es\",\"potentialAction\":[{\"@type\":\"ReadAction\",\"target\":[\"https:\\\/\\\/www.fraczinet.cl\\\/sitio\\\/la-leyenda-de-las-tres-pascualas-2\\\/\"]}]},{\"@type\":\"ImageObject\",\"inLanguage\":\"es\",\"@id\":\"https:\\\/\\\/www.fraczinet.cl\\\/sitio\\\/la-leyenda-de-las-tres-pascualas-2\\\/#primaryimage\",\"url\":\"https:\\\/\\\/www.fraczinet.cl\\\/sitio\\\/wp-content\\\/uploads\\\/2016\\\/11\\\/Las-Tres-Pascualas.jpg\",\"contentUrl\":\"https:\\\/\\\/www.fraczinet.cl\\\/sitio\\\/wp-content\\\/uploads\\\/2016\\\/11\\\/Las-Tres-Pascualas.jpg\",\"width\":1078,\"height\":516},{\"@type\":\"BreadcrumbList\",\"@id\":\"https:\\\/\\\/www.fraczinet.cl\\\/sitio\\\/la-leyenda-de-las-tres-pascualas-2\\\/#breadcrumb\",\"itemListElement\":[{\"@type\":\"ListItem\",\"position\":1,\"name\":\"Portada\",\"item\":\"https:\\\/\\\/www.fraczinet.cl\\\/sitio\\\/\"},{\"@type\":\"ListItem\",\"position\":2,\"name\":\"La Leyenda de Las Tres Pascualas\"}]},{\"@type\":\"WebSite\",\"@id\":\"https:\\\/\\\/www.fraczinet.cl\\\/sitio\\\/#website\",\"url\":\"https:\\\/\\\/www.fraczinet.cl\\\/sitio\\\/\",\"name\":\"Nuestro Bio B\u00edo\",\"description\":\"Tierra de Encuentros\",\"potentialAction\":[{\"@type\":\"SearchAction\",\"target\":{\"@type\":\"EntryPoint\",\"urlTemplate\":\"https:\\\/\\\/www.fraczinet.cl\\\/sitio\\\/?s={search_term_string}\"},\"query-input\":{\"@type\":\"PropertyValueSpecification\",\"valueRequired\":true,\"valueName\":\"search_term_string\"}}],\"inLanguage\":\"es\"},{\"@type\":\"Person\",\"@id\":\"\"}]}<\/script>\n<!-- \/ Yoast SEO plugin. -->","yoast_head_json":{"title":"La Leyenda de Las Tres Pascualas - Nuestro Bio B\u00edo","robots":{"index":"index","follow":"follow","max-snippet":"max-snippet:-1","max-image-preview":"max-image-preview:large","max-video-preview":"max-video-preview:-1"},"canonical":"https:\/\/www.fraczinet.cl\/sitio\/la-leyenda-de-las-tres-pascualas-2\/","og_locale":"es_ES","og_type":"article","og_title":"La Leyenda de Las Tres Pascualas - Nuestro Bio B\u00edo","og_description":"\u00a0 Cuenta la leyenda que las tres Pascualas viv\u00edan junto a una laguna, so\u00f1ando con el amor eterno, puro y fiel; en una ocasi\u00f3n pas\u00f3 por all\u00ed un forastero, y las tres, apasionadamente, se enamoraron. \u00a0 \u00a0En sus mentes el enorme deseo guardado por a\u00f1os bajos sus ojos descubri\u00f3 en aquel forastero la imagen de [&hellip;]","og_url":"https:\/\/www.fraczinet.cl\/sitio\/la-leyenda-de-las-tres-pascualas-2\/","og_site_name":"Nuestro Bio B\u00edo","article_publisher":"https:\/\/www.facebook.com\/groups\/15721414452\/","article_published_time":"2016-11-04T02:36:00+00:00","article_modified_time":"2024-08-13T00:57:19+00:00","og_image":[{"width":1078,"height":516,"url":"https:\/\/www.fraczinet.cl\/sitio\/wp-content\/uploads\/2016\/11\/Las-Tres-Pascualas.jpg","type":"image\/jpeg"}],"twitter_card":"summary_large_image","twitter_creator":"@nuestrobiobio","twitter_site":"@nuestrobiobio","twitter_misc":{"Escrito por":"","Tiempo de lectura":"2 minutos"},"schema":{"@context":"https:\/\/schema.org","@graph":[{"@type":"Article","@id":"https:\/\/www.fraczinet.cl\/sitio\/la-leyenda-de-las-tres-pascualas-2\/#article","isPartOf":{"@id":"https:\/\/www.fraczinet.cl\/sitio\/la-leyenda-de-las-tres-pascualas-2\/"},"author":{"name":"","@id":""},"headline":"La Leyenda de Las Tres Pascualas","datePublished":"2016-11-04T02:36:00+00:00","dateModified":"2024-08-13T00:57:19+00:00","mainEntityOfPage":{"@id":"https:\/\/www.fraczinet.cl\/sitio\/la-leyenda-de-las-tres-pascualas-2\/"},"wordCount":352,"commentCount":0,"image":{"@id":"https:\/\/www.fraczinet.cl\/sitio\/la-leyenda-de-las-tres-pascualas-2\/#primaryimage"},"thumbnailUrl":"https:\/\/www.fraczinet.cl\/sitio\/wp-content\/uploads\/2016\/11\/Las-Tres-Pascualas.jpg","articleSection":["Concepci\u00f3n","Destacado","Eva Producciones","Luis Fraczinet","Mitos y Leyendas","Videos"],"inLanguage":"es","potentialAction":[{"@type":"CommentAction","name":"Comment","target":["https:\/\/www.fraczinet.cl\/sitio\/la-leyenda-de-las-tres-pascualas-2\/#respond"]}]},{"@type":"WebPage","@id":"https:\/\/www.fraczinet.cl\/sitio\/la-leyenda-de-las-tres-pascualas-2\/","url":"https:\/\/www.fraczinet.cl\/sitio\/la-leyenda-de-las-tres-pascualas-2\/","name":"La Leyenda de Las Tres Pascualas - Nuestro Bio B\u00edo","isPartOf":{"@id":"https:\/\/www.fraczinet.cl\/sitio\/#website"},"primaryImageOfPage":{"@id":"https:\/\/www.fraczinet.cl\/sitio\/la-leyenda-de-las-tres-pascualas-2\/#primaryimage"},"image":{"@id":"https:\/\/www.fraczinet.cl\/sitio\/la-leyenda-de-las-tres-pascualas-2\/#primaryimage"},"thumbnailUrl":"https:\/\/www.fraczinet.cl\/sitio\/wp-content\/uploads\/2016\/11\/Las-Tres-Pascualas.jpg","datePublished":"2016-11-04T02:36:00+00:00","dateModified":"2024-08-13T00:57:19+00:00","author":{"@id":""},"breadcrumb":{"@id":"https:\/\/www.fraczinet.cl\/sitio\/la-leyenda-de-las-tres-pascualas-2\/#breadcrumb"},"inLanguage":"es","potentialAction":[{"@type":"ReadAction","target":["https:\/\/www.fraczinet.cl\/sitio\/la-leyenda-de-las-tres-pascualas-2\/"]}]},{"@type":"ImageObject","inLanguage":"es","@id":"https:\/\/www.fraczinet.cl\/sitio\/la-leyenda-de-las-tres-pascualas-2\/#primaryimage","url":"https:\/\/www.fraczinet.cl\/sitio\/wp-content\/uploads\/2016\/11\/Las-Tres-Pascualas.jpg","contentUrl":"https:\/\/www.fraczinet.cl\/sitio\/wp-content\/uploads\/2016\/11\/Las-Tres-Pascualas.jpg","width":1078,"height":516},{"@type":"BreadcrumbList","@id":"https:\/\/www.fraczinet.cl\/sitio\/la-leyenda-de-las-tres-pascualas-2\/#breadcrumb","itemListElement":[{"@type":"ListItem","position":1,"name":"Portada","item":"https:\/\/www.fraczinet.cl\/sitio\/"},{"@type":"ListItem","position":2,"name":"La Leyenda de Las Tres Pascualas"}]},{"@type":"WebSite","@id":"https:\/\/www.fraczinet.cl\/sitio\/#website","url":"https:\/\/www.fraczinet.cl\/sitio\/","name":"Nuestro Bio B\u00edo","description":"Tierra de Encuentros","potentialAction":[{"@type":"SearchAction","target":{"@type":"EntryPoint","urlTemplate":"https:\/\/www.fraczinet.cl\/sitio\/?s={search_term_string}"},"query-input":{"@type":"PropertyValueSpecification","valueRequired":true,"valueName":"search_term_string"}}],"inLanguage":"es"},{"@type":"Person","@id":""}]}},"_links":{"self":[{"href":"https:\/\/www.fraczinet.cl\/sitio\/wp-json\/wp\/v2\/posts\/4094","targetHints":{"allow":["GET"]}}],"collection":[{"href":"https:\/\/www.fraczinet.cl\/sitio\/wp-json\/wp\/v2\/posts"}],"about":[{"href":"https:\/\/www.fraczinet.cl\/sitio\/wp-json\/wp\/v2\/types\/post"}],"author":[{"embeddable":true,"href":"https:\/\/www.fraczinet.cl\/sitio\/wp-json\/wp\/v2\/users\/1"}],"replies":[{"embeddable":true,"href":"https:\/\/www.fraczinet.cl\/sitio\/wp-json\/wp\/v2\/comments?post=4094"}],"version-history":[{"count":10,"href":"https:\/\/www.fraczinet.cl\/sitio\/wp-json\/wp\/v2\/posts\/4094\/revisions"}],"predecessor-version":[{"id":16034,"href":"https:\/\/www.fraczinet.cl\/sitio\/wp-json\/wp\/v2\/posts\/4094\/revisions\/16034"}],"wp:featuredmedia":[{"embeddable":true,"href":"https:\/\/www.fraczinet.cl\/sitio\/wp-json\/wp\/v2\/media\/9524"}],"wp:attachment":[{"href":"https:\/\/www.fraczinet.cl\/sitio\/wp-json\/wp\/v2\/media?parent=4094"}],"wp:term":[{"taxonomy":"category","embeddable":true,"href":"https:\/\/www.fraczinet.cl\/sitio\/wp-json\/wp\/v2\/categories?post=4094"},{"taxonomy":"post_tag","embeddable":true,"href":"https:\/\/www.fraczinet.cl\/sitio\/wp-json\/wp\/v2\/tags?post=4094"}],"curies":[{"name":"wp","href":"https:\/\/api.w.org\/{rel}","templated":true}]}}