{"id":4106,"date":"2016-02-19T13:31:00","date_gmt":"2016-02-19T13:31:00","guid":{"rendered":"https:\/\/www.fraczinet.cl\/sitio\/2016\/02\/19\/el-dia-en-que-coronel-dijo-basta-no-mas-termoelectricas\/"},"modified":"2022-03-06T00:58:01","modified_gmt":"2022-03-06T00:58:01","slug":"el-dia-en-que-coronel-dijo-basta-no-mas-termoelectricas","status":"publish","type":"post","link":"https:\/\/www.fraczinet.cl\/sitio\/2016\/02\/19\/el-dia-en-que-coronel-dijo-basta-no-mas-termoelectricas\/","title":{"rendered":"El D\u00eda En Que Coronel Dijo Basta: No M\u00e1s Termoel\u00e9ctricas"},"content":{"rendered":"\t\t<div data-elementor-type=\"wp-post\" data-elementor-id=\"4106\" class=\"elementor elementor-4106\">\n\t\t\t\t\t\t<section class=\"elementor-section elementor-top-section elementor-element elementor-element-10a6acc5 elementor-section-boxed elementor-section-height-default elementor-section-height-default\" data-id=\"10a6acc5\" data-element_type=\"section\">\n\t\t\t\t\t\t<div class=\"elementor-container elementor-column-gap-default\">\n\t\t\t\t\t<div class=\"elementor-column elementor-col-100 elementor-top-column elementor-element elementor-element-2349b5cf\" data-id=\"2349b5cf\" data-element_type=\"column\">\n\t\t\t<div class=\"elementor-widget-wrap elementor-element-populated\">\n\t\t\t\t\t\t<div class=\"elementor-element elementor-element-4f2ca8ef elementor-widget elementor-widget-text-editor\" data-id=\"4f2ca8ef\" data-element_type=\"widget\" data-widget_type=\"text-editor.default\">\n\t\t\t\t<div class=\"elementor-widget-container\">\n\t\t\t\t\t\t\t\t\t<div style=\"background-color: white; border: 0px; box-sizing: border-box; font-family: 'Open Sans'; font-size: 18px; font-stretch: inherit; line-height: 26px; margin-bottom: 20px; outline: none; padding: 0px; text-align: justify; vertical-align: baseline;\">\n<div style=\"border: 0px; box-sizing: border-box; font-stretch: inherit; line-height: 26px; margin-bottom: 20px; outline: none; padding: 0px; vertical-align: baseline;\">\n<div style=\"clear: both; text-align: center;\"><\/div>\n<div style=\"clear: both; text-align: center;\"><a style=\"margin-left: 1em; margin-right: 1em;\" href=\"https:\/\/1.bp.blogspot.com\/-1VuxSaloG5Y\/Xcrj4e99dbI\/AAAAAAAAQaA\/OfUSRsTvOYMLfTHvpoS-W01_8_Y7OO7SACLcBGAsYHQ\/s1600\/El%2Bdia%2Ben%2Bque%2BCoronel%2Bdijo%2Bbasta851_315.jpg\"><img fetchpriority=\"high\" decoding=\"async\" src=\"https:\/\/1.bp.blogspot.com\/-1VuxSaloG5Y\/Xcrj4e99dbI\/AAAAAAAAQaA\/OfUSRsTvOYMLfTHvpoS-W01_8_Y7OO7SACLcBGAsYHQ\/s640\/El%2Bdia%2Ben%2Bque%2BCoronel%2Bdijo%2Bbasta851_315.jpg\" width=\"640\" height=\"232\" border=\"0\" data-original-height=\"315\" data-original-width=\"851\" \/><\/a><\/div>\nCerca de 2 mil personas se reunieron en la plaza comunal de Coronel, para manifestar la preocupaci\u00f3n que existe por la contaminaci\u00f3n en ese lugar, atribuida por la poblaci\u00f3n a la quema del carb\u00f3n de las tres termoel\u00e9ctricas que irrumpen en\u00a0esa ciudad.\n\n<\/div>\n<div style=\"border: 0px; box-sizing: border-box; font-stretch: inherit; line-height: 26px; margin-bottom: 20px; outline: none; padding: 0px; vertical-align: baseline;\">Existen hasta el momento 18 ni\u00f1os declarados contaminados con metales pesados y varios otros que tienen varias dificultades.<\/div>\n<div style=\"border: 0px; box-sizing: border-box; font-stretch: inherit; line-height: 26px; margin-bottom: 20px; outline: none; padding: 0px; vertical-align: baseline;\">El humanista\u00a0<span style=\"border: 0px; box-sizing: border-box; font-family: inherit; font-size: inherit; font-stretch: inherit; font-style: inherit; font-variant: inherit; font-weight: bold; line-height: inherit; margin: 0px; outline: none; padding: 0px; vertical-align: baseline;\"><a style=\"border: 0px; box-sizing: border-box; color: #ff5800; font: inherit; margin: 0px; outline: none; padding: 0px; vertical-align: baseline;\" href=\"https:\/\/www.facebook.com\/neira.milchio\/?fref=ts\">Pedro Neira<\/a><\/span>,candidato a Alcalde por Coronel declara para\u00a0<span style=\"border: 0px; box-sizing: border-box; font-family: inherit; font-size: inherit; font-stretch: inherit; font-style: inherit; font-variant: inherit; font-weight: bold; line-height: inherit; margin: 0px; outline: none; padding: 0px; vertical-align: baseline;\"><a style=\"border: 0px; box-sizing: border-box; color: #ff5800; font: inherit; margin: 0px; outline: none; padding: 0px; vertical-align: baseline;\" href=\"https:\/\/www.youtube.com\/channel\/UCaPrA09BrT5m_ggp-qXc4nA\">TVU Noticias<\/a><\/span>: \u201cNo es posible que a 600 metros de un hospital est\u00e9 una termoel\u00e9ctrica, no es posible que a 200 metros de un monumento hist\u00f3rico Puchoco-Schwager donde vive gente, hayan 2 termoel\u00e9ctricas y tenga que la gente que ha vivido m\u00e1s de 100 a\u00f1os, arrancar o ser erradicada por la contaminaci\u00f3n.\u201d<\/div>\n<div style=\"border: 0px; box-sizing: border-box; font-stretch: inherit; line-height: 26px; margin-bottom: 20px; outline: none; padding: 0px; vertical-align: baseline;\">\u201cTodos sabemos que la quema del carb\u00f3n a tonelada por las termoel\u00e9ctricas en la ciudad es la fuente mayoritaria de estos elementos t\u00f3xicos como los metales pesados\u201d, declara\u00a0<span style=\"border: 0px; box-sizing: border-box; font-family: inherit; font-size: inherit; font-stretch: inherit; font-style: inherit; font-variant: inherit; font-weight: bold; line-height: inherit; margin: 0px; outline: none; padding: 0px; vertical-align: baseline;\">Miriam Espinoza<\/span>, candidata al concejo por el<span style=\"border: 0px; box-sizing: border-box; font-family: inherit; font-size: inherit; font-stretch: inherit; font-style: inherit; font-variant: inherit; font-weight: bold; line-height: inherit; margin: 0px; outline: none; padding: 0px; vertical-align: baseline;\">\u00a0<a style=\"border: 0px; box-sizing: border-box; color: #ff5800; font: inherit; margin: 0px; outline: none; padding: 0px; vertical-align: baseline;\" href=\"https:\/\/www.facebook.com\/PartidoHumanistaChile\/?fref=ts\">PH<\/a><\/span>\u00a0en esa localidad.<\/div>\n<div style=\"font-family: 'Times New Roman'; font-size: medium; text-align: start;\"><span style=\"font-family: 'open sans'; font-size: 18px; text-align: justify;\">Inf\u00f3rmese, opine y comparta:<\/span><\/div>\n<\/div>\n<div style=\"background-color: white; border: 0px; box-sizing: border-box; font-family: 'Open Sans'; font-size: 18px; font-stretch: inherit; line-height: 26px; margin-bottom: 20px; outline: none; padding: 0px; text-align: justify; vertical-align: baseline;\"><\/div>\n<div><\/div>\n<div data-allowfullscreen=\"1\" data-href=\"\/familia.fraczinetsaez\/videos\/vb.661287087\/10153839557607088\/?type=3\">\n<div>\n<blockquote cite=\"https:\/\/www.facebook.com\/familia.fraczinetsaez\/videos\/10153839557607088\/\"><a href=\"https:\/\/www.facebook.com\/familia.fraczinetsaez\/videos\/10153839557607088\/\">El d\u00eda en que Coronel dijo: BASTA!<\/a>\nPosted by <a href=\"https:\/\/www.facebook.com\/familia.fraczinetsaez\">Luis Fernando Fraczinet Ch\u00e1vez<\/a> on jueves, 18 de febrero de 2016<\/blockquote>\n<div style=\"background-color: white; border: 0px; box-sizing: border-box; font-family: 'Open Sans'; font-size: 18px; font-stretch: inherit; line-height: 26px; margin-bottom: 20px; outline: none; padding: 0px; text-align: justify; vertical-align: baseline;\">Cerca de 2 mil personas se reunieron en la plaza comunal de Coronel, para manifestar la preocupaci\u00f3n que existe por la contaminaci\u00f3n en ese lugar, atribuida por la poblaci\u00f3n a la quema del carb\u00f3n de las tres termoel\u00e9ctricas que irrumpen en\u00a0esa ciudad.<\/div>\n<div style=\"background-color: white; border: 0px; box-sizing: border-box; font-family: 'Open Sans'; font-size: 18px; font-stretch: inherit; line-height: 26px; margin-bottom: 20px; outline: none; padding: 0px; text-align: justify; vertical-align: baseline;\">Existen hasta el momento 18 ni\u00f1os declarados contaminados con metales pesados y varios otros que tienen varias dificultades.<\/div>\n<div style=\"background-color: white; border: 0px; box-sizing: border-box; font-family: 'Open Sans'; font-size: 18px; font-stretch: inherit; line-height: 26px; margin-bottom: 20px; outline: none; padding: 0px; text-align: justify; vertical-align: baseline;\">El humanista\u00a0<span style=\"border: 0px; box-sizing: border-box; font-family: inherit; font-size: inherit; font-stretch: inherit; font-style: inherit; font-variant: inherit; font-weight: bold; line-height: inherit; margin: 0px; outline: none; padding: 0px; vertical-align: baseline;\"><a style=\"border: 0px; box-sizing: border-box; color: #ff5800; font: inherit; margin: 0px; outline: none; padding: 0px; text-decoration-line: none; vertical-align: baseline;\" href=\"https:\/\/www.facebook.com\/neira.milchio\/?fref=ts\">Pedro Neira<\/a><\/span>,candidato a Alcalde por Coronel declara para\u00a0<span style=\"border: 0px; box-sizing: border-box; font-family: inherit; font-size: inherit; font-stretch: inherit; font-style: inherit; font-variant: inherit; font-weight: bold; line-height: inherit; margin: 0px; outline: none; padding: 0px; vertical-align: baseline;\"><a style=\"border: 0px; box-sizing: border-box; color: #ff5800; font: inherit; margin: 0px; outline: none; padding: 0px; text-decoration-line: none; vertical-align: baseline;\" href=\"https:\/\/www.youtube.com\/channel\/UCaPrA09BrT5m_ggp-qXc4nA\">TVU Noticias<\/a><\/span>: \u201cNo es posible que a 600 metros de un hospital est\u00e9 una termoel\u00e9ctrica, no es posible que a 200 metros de un monumento hist\u00f3rico Puchoco-Schwager donde vive gente, hayan 2 termoel\u00e9ctricas y tenga que la gente que ha vivido m\u00e1s de 100 a\u00f1os, arrancar o ser erradicada por la contaminaci\u00f3n.\u201d<\/div>\n<div style=\"background-color: white; border: 0px; box-sizing: border-box; font-family: 'Open Sans'; font-size: 18px; font-stretch: inherit; line-height: 26px; margin-bottom: 20px; outline: none; padding: 0px; text-align: justify; vertical-align: baseline;\">\u201cTodos sabemos que la quema del carb\u00f3n a tonelada por las termoel\u00e9ctricas en la ciudad es la fuente mayoritaria de estos elementos t\u00f3xicos como los metales pesados\u201d, declara\u00a0<span style=\"border: 0px; box-sizing: border-box; font-family: inherit; font-size: inherit; font-stretch: inherit; font-style: inherit; font-variant: inherit; font-weight: bold; line-height: inherit; margin: 0px; outline: none; padding: 0px; vertical-align: baseline;\">Miriam Espinoza<\/span>, candidata al concejo por el<span style=\"border: 0px; box-sizing: border-box; font-family: inherit; font-size: inherit; font-stretch: inherit; font-style: inherit; font-variant: inherit; font-weight: bold; line-height: inherit; margin: 0px; outline: none; padding: 0px; vertical-align: baseline;\">\u00a0<a style=\"border: 0px; box-sizing: border-box; color: #ff5800; font: inherit; margin: 0px; outline: none; padding: 0px; text-decoration-line: none; vertical-align: baseline;\" href=\"https:\/\/www.facebook.com\/PartidoHumanistaChile\/?fref=ts\">PH<\/a><\/span>\u00a0en esa localidad.<\/div>\n<span style=\"background-color: white; font-family: 'open sans'; font-size: 18px; text-align: justify;\">Inf\u00f3rmese, opine y comparta:<\/span>\n\n<\/div>\n<\/div>\t\t\t\t\t\t\t\t<\/div>\n\t\t\t\t<\/div>\n\t\t\t\t\t<\/div>\n\t\t<\/div>\n\t\t\t\t\t<\/div>\n\t\t<\/section>\n\t\t\t\t<section class=\"elementor-section elementor-top-section elementor-element elementor-element-d6e426c elementor-section-boxed elementor-section-height-default elementor-section-height-default\" data-id=\"d6e426c\" data-element_type=\"section\">\n\t\t\t\t\t\t<div class=\"elementor-container elementor-column-gap-default\">\n\t\t\t\t\t<div class=\"elementor-column elementor-col-100 elementor-top-column elementor-element elementor-element-84f30cc\" data-id=\"84f30cc\" data-element_type=\"column\">\n\t\t\t<div class=\"elementor-widget-wrap elementor-element-populated\">\n\t\t\t\t\t\t<div class=\"elementor-element elementor-element-6584d70 elementor-widget elementor-widget-html\" data-id=\"6584d70\" data-element_type=\"widget\" data-widget_type=\"html.default\">\n\t\t\t\t<div class=\"elementor-widget-container\">\n\t\t\t\t\t<iframe src=\"https:\/\/www.facebook.com\/plugins\/video.php?height=314&href=https%3A%2F%2Fwww.facebook.com%2Ffraczinet%2Fvideos%2F10153839557607088%2F&show_text=true&width=560&t=0\" width=\"560\" height=\"429\" style=\"border:none;overflow:hidden\" scrolling=\"no\" frameborder=\"0\" allowfullscreen=\"true\" allow=\"autoplay; clipboard-write; encrypted-media; picture-in-picture; web-share\" allowFullScreen=\"true\"><\/iframe>\t\t\t\t<\/div>\n\t\t\t\t<\/div>\n\t\t\t\t\t<\/div>\n\t\t<\/div>\n\t\t\t\t\t<\/div>\n\t\t<\/section>\n\t\t\t\t<\/div>\n\t\t","protected":false},"excerpt":{"rendered":"<p>Cerca de 2 mil personas se reunieron en la plaza comunal de Coronel, para manifestar la preocupaci\u00f3n que existe por la contaminaci\u00f3n en ese lugar, atribuida por la poblaci\u00f3n a la quema del carb\u00f3n de las tres termoel\u00e9ctricas que irrumpen en\u00a0esa ciudad. Existen hasta el momento 18 ni\u00f1os declarados contaminados con metales pesados y varios [&hellip;]<\/p>\n","protected":false},"author":1,"featured_media":6622,"comment_status":"open","ping_status":"open","sticky":false,"template":"","format":"standard","meta":{"footnotes":""},"categories":[49,48,138,142,141,41],"tags":[],"class_list":["post-4106","post","type-post","status-publish","format-standard","has-post-thumbnail","hentry","category-coronel","category-eva-producciones","category-partido-humanista","category-pedro-neira","category-termoelectricas","category-videos"],"yoast_head":"<!-- This site is optimized with the Yoast SEO plugin v25.0 - https:\/\/yoast.com\/wordpress\/plugins\/seo\/ -->\n<title>El D\u00eda En Que Coronel Dijo Basta: No M\u00e1s Termoel\u00e9ctricas - Nuestro Bio B\u00edo<\/title>\n<meta name=\"robots\" content=\"index, follow, max-snippet:-1, max-image-preview:large, max-video-preview:-1\" \/>\n<link rel=\"canonical\" href=\"https:\/\/www.fraczinet.cl\/sitio\/2016\/02\/19\/el-dia-en-que-coronel-dijo-basta-no-mas-termoelectricas\/\" \/>\n<meta property=\"og:locale\" content=\"es_ES\" \/>\n<meta property=\"og:type\" content=\"article\" \/>\n<meta property=\"og:title\" content=\"El D\u00eda En Que Coronel Dijo Basta: No M\u00e1s Termoel\u00e9ctricas - Nuestro Bio B\u00edo\" \/>\n<meta property=\"og:description\" content=\"Cerca de 2 mil personas se reunieron en la plaza comunal de Coronel, para manifestar la preocupaci\u00f3n que existe por la contaminaci\u00f3n en ese lugar, atribuida por la poblaci\u00f3n a la quema del carb\u00f3n de las tres termoel\u00e9ctricas que irrumpen en\u00a0esa ciudad. Existen hasta el momento 18 ni\u00f1os declarados contaminados con metales pesados y varios [&hellip;]\" \/>\n<meta property=\"og:url\" content=\"https:\/\/www.fraczinet.cl\/sitio\/2016\/02\/19\/el-dia-en-que-coronel-dijo-basta-no-mas-termoelectricas\/\" \/>\n<meta property=\"og:site_name\" content=\"Nuestro Bio B\u00edo\" \/>\n<meta property=\"article:published_time\" content=\"2016-02-19T13:31:00+00:00\" \/>\n<meta property=\"article:modified_time\" content=\"2022-03-06T00:58:01+00:00\" \/>\n<meta property=\"og:image\" content=\"https:\/\/www.fraczinet.cl\/sitio\/wp-content\/uploads\/2021\/09\/El-dia-en-que-Coronel-dijo-basta851_315.jpg\" \/>\n\t<meta property=\"og:image:width\" content=\"640\" \/>\n\t<meta property=\"og:image:height\" content=\"237\" \/>\n\t<meta property=\"og:image:type\" content=\"image\/jpeg\" \/>\n<meta name=\"author\" content=\"admin\" \/>\n<meta name=\"twitter:card\" content=\"summary_large_image\" \/>\n<meta name=\"twitter:creator\" content=\"@nuestrobiobio\" \/>\n<meta name=\"twitter:site\" content=\"@nuestrobiobio\" \/>\n<meta name=\"twitter:label1\" content=\"Escrito por\" \/>\n\t<meta name=\"twitter:data1\" content=\"admin\" \/>\n\t<meta name=\"twitter:label2\" content=\"Tiempo de lectura\" \/>\n\t<meta name=\"twitter:data2\" content=\"2 minutos\" \/>\n<script type=\"application\/ld+json\" class=\"yoast-schema-graph\">{\"@context\":\"https:\/\/schema.org\",\"@graph\":[{\"@type\":\"Article\",\"@id\":\"https:\/\/www.fraczinet.cl\/sitio\/2016\/02\/19\/el-dia-en-que-coronel-dijo-basta-no-mas-termoelectricas\/#article\",\"isPartOf\":{\"@id\":\"https:\/\/www.fraczinet.cl\/sitio\/2016\/02\/19\/el-dia-en-que-coronel-dijo-basta-no-mas-termoelectricas\/\"},\"author\":{\"name\":\"admin\",\"@id\":\"https:\/\/www.fraczinet.cl\/sitio\/#\/schema\/person\/bc30f98e9cb10ae7e119dbe14bc93784\"},\"headline\":\"El D\u00eda En Que Coronel Dijo Basta: No M\u00e1s Termoel\u00e9ctricas\",\"datePublished\":\"2016-02-19T13:31:00+00:00\",\"dateModified\":\"2022-03-06T00:58:01+00:00\",\"mainEntityOfPage\":{\"@id\":\"https:\/\/www.fraczinet.cl\/sitio\/2016\/02\/19\/el-dia-en-que-coronel-dijo-basta-no-mas-termoelectricas\/\"},\"wordCount\":387,\"commentCount\":0,\"publisher\":{\"@id\":\"https:\/\/www.fraczinet.cl\/sitio\/#\/schema\/person\/aec8ee4da68df2b9b0eefdad24a0d582\"},\"image\":{\"@id\":\"https:\/\/www.fraczinet.cl\/sitio\/2016\/02\/19\/el-dia-en-que-coronel-dijo-basta-no-mas-termoelectricas\/#primaryimage\"},\"thumbnailUrl\":\"https:\/\/www.fraczinet.cl\/sitio\/wp-content\/uploads\/2021\/09\/El-dia-en-que-Coronel-dijo-basta851_315.jpg\",\"articleSection\":[\"Coronel\",\"Eva Producciones\",\"Partido Humanista\",\"Pedro Neira\",\"Termoel\u00e9ctricas\",\"Videos\"],\"inLanguage\":\"es\",\"potentialAction\":[{\"@type\":\"CommentAction\",\"name\":\"Comment\",\"target\":[\"https:\/\/www.fraczinet.cl\/sitio\/2016\/02\/19\/el-dia-en-que-coronel-dijo-basta-no-mas-termoelectricas\/#respond\"]}]},{\"@type\":\"WebPage\",\"@id\":\"https:\/\/www.fraczinet.cl\/sitio\/2016\/02\/19\/el-dia-en-que-coronel-dijo-basta-no-mas-termoelectricas\/\",\"url\":\"https:\/\/www.fraczinet.cl\/sitio\/2016\/02\/19\/el-dia-en-que-coronel-dijo-basta-no-mas-termoelectricas\/\",\"name\":\"El D\u00eda En Que Coronel Dijo Basta: No M\u00e1s Termoel\u00e9ctricas - Nuestro Bio B\u00edo\",\"isPartOf\":{\"@id\":\"https:\/\/www.fraczinet.cl\/sitio\/#website\"},\"primaryImageOfPage\":{\"@id\":\"https:\/\/www.fraczinet.cl\/sitio\/2016\/02\/19\/el-dia-en-que-coronel-dijo-basta-no-mas-termoelectricas\/#primaryimage\"},\"image\":{\"@id\":\"https:\/\/www.fraczinet.cl\/sitio\/2016\/02\/19\/el-dia-en-que-coronel-dijo-basta-no-mas-termoelectricas\/#primaryimage\"},\"thumbnailUrl\":\"https:\/\/www.fraczinet.cl\/sitio\/wp-content\/uploads\/2021\/09\/El-dia-en-que-Coronel-dijo-basta851_315.jpg\",\"datePublished\":\"2016-02-19T13:31:00+00:00\",\"dateModified\":\"2022-03-06T00:58:01+00:00\",\"breadcrumb\":{\"@id\":\"https:\/\/www.fraczinet.cl\/sitio\/2016\/02\/19\/el-dia-en-que-coronel-dijo-basta-no-mas-termoelectricas\/#breadcrumb\"},\"inLanguage\":\"es\",\"potentialAction\":[{\"@type\":\"ReadAction\",\"target\":[\"https:\/\/www.fraczinet.cl\/sitio\/2016\/02\/19\/el-dia-en-que-coronel-dijo-basta-no-mas-termoelectricas\/\"]}]},{\"@type\":\"ImageObject\",\"inLanguage\":\"es\",\"@id\":\"https:\/\/www.fraczinet.cl\/sitio\/2016\/02\/19\/el-dia-en-que-coronel-dijo-basta-no-mas-termoelectricas\/#primaryimage\",\"url\":\"https:\/\/www.fraczinet.cl\/sitio\/wp-content\/uploads\/2021\/09\/El-dia-en-que-Coronel-dijo-basta851_315.jpg\",\"contentUrl\":\"https:\/\/www.fraczinet.cl\/sitio\/wp-content\/uploads\/2021\/09\/El-dia-en-que-Coronel-dijo-basta851_315.jpg\",\"width\":640,\"height\":237},{\"@type\":\"BreadcrumbList\",\"@id\":\"https:\/\/www.fraczinet.cl\/sitio\/2016\/02\/19\/el-dia-en-que-coronel-dijo-basta-no-mas-termoelectricas\/#breadcrumb\",\"itemListElement\":[{\"@type\":\"ListItem\",\"position\":1,\"name\":\"Portada\",\"item\":\"https:\/\/www.fraczinet.cl\/sitio\/\"},{\"@type\":\"ListItem\",\"position\":2,\"name\":\"El D\u00eda En Que Coronel Dijo Basta: No M\u00e1s Termoel\u00e9ctricas\"}]},{\"@type\":\"WebSite\",\"@id\":\"https:\/\/www.fraczinet.cl\/sitio\/#website\",\"url\":\"https:\/\/www.fraczinet.cl\/sitio\/\",\"name\":\"Nuestro Bio B\u00edo\",\"description\":\"Tierra de Encuentros\",\"publisher\":{\"@id\":\"https:\/\/www.fraczinet.cl\/sitio\/#\/schema\/person\/aec8ee4da68df2b9b0eefdad24a0d582\"},\"potentialAction\":[{\"@type\":\"SearchAction\",\"target\":{\"@type\":\"EntryPoint\",\"urlTemplate\":\"https:\/\/www.fraczinet.cl\/sitio\/?s={search_term_string}\"},\"query-input\":{\"@type\":\"PropertyValueSpecification\",\"valueRequired\":true,\"valueName\":\"search_term_string\"}}],\"inLanguage\":\"es\"},{\"@type\":[\"Person\",\"Organization\"],\"@id\":\"https:\/\/www.fraczinet.cl\/sitio\/#\/schema\/person\/aec8ee4da68df2b9b0eefdad24a0d582\",\"name\":\"Luis Fernando Fraczinet\",\"image\":{\"@type\":\"ImageObject\",\"inLanguage\":\"es\",\"@id\":\"https:\/\/www.fraczinet.cl\/sitio\/#\/schema\/person\/image\/\",\"url\":\"https:\/\/www.fraczinet.cl\/sitio\/wp-content\/uploads\/2021\/07\/bannerlogo-1.gif\",\"contentUrl\":\"https:\/\/www.fraczinet.cl\/sitio\/wp-content\/uploads\/2021\/07\/bannerlogo-1.gif\",\"width\":159,\"height\":79,\"caption\":\"Luis Fernando Fraczinet\"},\"logo\":{\"@id\":\"https:\/\/www.fraczinet.cl\/sitio\/#\/schema\/person\/image\/\"},\"sameAs\":[\"https:\/\/www.fraczinet.cl\/sitio\/\"]},{\"@type\":\"Person\",\"@id\":\"https:\/\/www.fraczinet.cl\/sitio\/#\/schema\/person\/bc30f98e9cb10ae7e119dbe14bc93784\",\"name\":\"admin\",\"image\":{\"@type\":\"ImageObject\",\"inLanguage\":\"es\",\"@id\":\"https:\/\/www.fraczinet.cl\/sitio\/#\/schema\/person\/image\/\",\"url\":\"https:\/\/secure.gravatar.com\/avatar\/d5ad3cf7ef3b23a2bb5be73be780c86b2fc8545c3ad6b149f3913ff458c00099?s=96&d=mm&r=g\",\"contentUrl\":\"https:\/\/secure.gravatar.com\/avatar\/d5ad3cf7ef3b23a2bb5be73be780c86b2fc8545c3ad6b149f3913ff458c00099?s=96&d=mm&r=g\",\"caption\":\"admin\"},\"sameAs\":[\"https:\/\/www.fraczinet.cl\/sitio\"]}]}<\/script>\n<!-- \/ Yoast SEO plugin. -->","yoast_head_json":{"title":"El D\u00eda En Que Coronel Dijo Basta: No M\u00e1s Termoel\u00e9ctricas - Nuestro Bio B\u00edo","robots":{"index":"index","follow":"follow","max-snippet":"max-snippet:-1","max-image-preview":"max-image-preview:large","max-video-preview":"max-video-preview:-1"},"canonical":"https:\/\/www.fraczinet.cl\/sitio\/2016\/02\/19\/el-dia-en-que-coronel-dijo-basta-no-mas-termoelectricas\/","og_locale":"es_ES","og_type":"article","og_title":"El D\u00eda En Que Coronel Dijo Basta: No M\u00e1s Termoel\u00e9ctricas - Nuestro Bio B\u00edo","og_description":"Cerca de 2 mil personas se reunieron en la plaza comunal de Coronel, para manifestar la preocupaci\u00f3n que existe por la contaminaci\u00f3n en ese lugar, atribuida por la poblaci\u00f3n a la quema del carb\u00f3n de las tres termoel\u00e9ctricas que irrumpen en\u00a0esa ciudad. Existen hasta el momento 18 ni\u00f1os declarados contaminados con metales pesados y varios [&hellip;]","og_url":"https:\/\/www.fraczinet.cl\/sitio\/2016\/02\/19\/el-dia-en-que-coronel-dijo-basta-no-mas-termoelectricas\/","og_site_name":"Nuestro Bio B\u00edo","article_published_time":"2016-02-19T13:31:00+00:00","article_modified_time":"2022-03-06T00:58:01+00:00","og_image":[{"width":640,"height":237,"url":"https:\/\/www.fraczinet.cl\/sitio\/wp-content\/uploads\/2021\/09\/El-dia-en-que-Coronel-dijo-basta851_315.jpg","type":"image\/jpeg"}],"author":"admin","twitter_card":"summary_large_image","twitter_creator":"@nuestrobiobio","twitter_site":"@nuestrobiobio","twitter_misc":{"Escrito por":"admin","Tiempo de lectura":"2 minutos"},"schema":{"@context":"https:\/\/schema.org","@graph":[{"@type":"Article","@id":"https:\/\/www.fraczinet.cl\/sitio\/2016\/02\/19\/el-dia-en-que-coronel-dijo-basta-no-mas-termoelectricas\/#article","isPartOf":{"@id":"https:\/\/www.fraczinet.cl\/sitio\/2016\/02\/19\/el-dia-en-que-coronel-dijo-basta-no-mas-termoelectricas\/"},"author":{"name":"admin","@id":"https:\/\/www.fraczinet.cl\/sitio\/#\/schema\/person\/bc30f98e9cb10ae7e119dbe14bc93784"},"headline":"El D\u00eda En Que Coronel Dijo Basta: No M\u00e1s Termoel\u00e9ctricas","datePublished":"2016-02-19T13:31:00+00:00","dateModified":"2022-03-06T00:58:01+00:00","mainEntityOfPage":{"@id":"https:\/\/www.fraczinet.cl\/sitio\/2016\/02\/19\/el-dia-en-que-coronel-dijo-basta-no-mas-termoelectricas\/"},"wordCount":387,"commentCount":0,"publisher":{"@id":"https:\/\/www.fraczinet.cl\/sitio\/#\/schema\/person\/aec8ee4da68df2b9b0eefdad24a0d582"},"image":{"@id":"https:\/\/www.fraczinet.cl\/sitio\/2016\/02\/19\/el-dia-en-que-coronel-dijo-basta-no-mas-termoelectricas\/#primaryimage"},"thumbnailUrl":"https:\/\/www.fraczinet.cl\/sitio\/wp-content\/uploads\/2021\/09\/El-dia-en-que-Coronel-dijo-basta851_315.jpg","articleSection":["Coronel","Eva Producciones","Partido Humanista","Pedro Neira","Termoel\u00e9ctricas","Videos"],"inLanguage":"es","potentialAction":[{"@type":"CommentAction","name":"Comment","target":["https:\/\/www.fraczinet.cl\/sitio\/2016\/02\/19\/el-dia-en-que-coronel-dijo-basta-no-mas-termoelectricas\/#respond"]}]},{"@type":"WebPage","@id":"https:\/\/www.fraczinet.cl\/sitio\/2016\/02\/19\/el-dia-en-que-coronel-dijo-basta-no-mas-termoelectricas\/","url":"https:\/\/www.fraczinet.cl\/sitio\/2016\/02\/19\/el-dia-en-que-coronel-dijo-basta-no-mas-termoelectricas\/","name":"El D\u00eda En Que Coronel Dijo Basta: No M\u00e1s Termoel\u00e9ctricas - Nuestro Bio B\u00edo","isPartOf":{"@id":"https:\/\/www.fraczinet.cl\/sitio\/#website"},"primaryImageOfPage":{"@id":"https:\/\/www.fraczinet.cl\/sitio\/2016\/02\/19\/el-dia-en-que-coronel-dijo-basta-no-mas-termoelectricas\/#primaryimage"},"image":{"@id":"https:\/\/www.fraczinet.cl\/sitio\/2016\/02\/19\/el-dia-en-que-coronel-dijo-basta-no-mas-termoelectricas\/#primaryimage"},"thumbnailUrl":"https:\/\/www.fraczinet.cl\/sitio\/wp-content\/uploads\/2021\/09\/El-dia-en-que-Coronel-dijo-basta851_315.jpg","datePublished":"2016-02-19T13:31:00+00:00","dateModified":"2022-03-06T00:58:01+00:00","breadcrumb":{"@id":"https:\/\/www.fraczinet.cl\/sitio\/2016\/02\/19\/el-dia-en-que-coronel-dijo-basta-no-mas-termoelectricas\/#breadcrumb"},"inLanguage":"es","potentialAction":[{"@type":"ReadAction","target":["https:\/\/www.fraczinet.cl\/sitio\/2016\/02\/19\/el-dia-en-que-coronel-dijo-basta-no-mas-termoelectricas\/"]}]},{"@type":"ImageObject","inLanguage":"es","@id":"https:\/\/www.fraczinet.cl\/sitio\/2016\/02\/19\/el-dia-en-que-coronel-dijo-basta-no-mas-termoelectricas\/#primaryimage","url":"https:\/\/www.fraczinet.cl\/sitio\/wp-content\/uploads\/2021\/09\/El-dia-en-que-Coronel-dijo-basta851_315.jpg","contentUrl":"https:\/\/www.fraczinet.cl\/sitio\/wp-content\/uploads\/2021\/09\/El-dia-en-que-Coronel-dijo-basta851_315.jpg","width":640,"height":237},{"@type":"BreadcrumbList","@id":"https:\/\/www.fraczinet.cl\/sitio\/2016\/02\/19\/el-dia-en-que-coronel-dijo-basta-no-mas-termoelectricas\/#breadcrumb","itemListElement":[{"@type":"ListItem","position":1,"name":"Portada","item":"https:\/\/www.fraczinet.cl\/sitio\/"},{"@type":"ListItem","position":2,"name":"El D\u00eda En Que Coronel Dijo Basta: No M\u00e1s Termoel\u00e9ctricas"}]},{"@type":"WebSite","@id":"https:\/\/www.fraczinet.cl\/sitio\/#website","url":"https:\/\/www.fraczinet.cl\/sitio\/","name":"Nuestro Bio B\u00edo","description":"Tierra de Encuentros","publisher":{"@id":"https:\/\/www.fraczinet.cl\/sitio\/#\/schema\/person\/aec8ee4da68df2b9b0eefdad24a0d582"},"potentialAction":[{"@type":"SearchAction","target":{"@type":"EntryPoint","urlTemplate":"https:\/\/www.fraczinet.cl\/sitio\/?s={search_term_string}"},"query-input":{"@type":"PropertyValueSpecification","valueRequired":true,"valueName":"search_term_string"}}],"inLanguage":"es"},{"@type":["Person","Organization"],"@id":"https:\/\/www.fraczinet.cl\/sitio\/#\/schema\/person\/aec8ee4da68df2b9b0eefdad24a0d582","name":"Luis Fernando Fraczinet","image":{"@type":"ImageObject","inLanguage":"es","@id":"https:\/\/www.fraczinet.cl\/sitio\/#\/schema\/person\/image\/","url":"https:\/\/www.fraczinet.cl\/sitio\/wp-content\/uploads\/2021\/07\/bannerlogo-1.gif","contentUrl":"https:\/\/www.fraczinet.cl\/sitio\/wp-content\/uploads\/2021\/07\/bannerlogo-1.gif","width":159,"height":79,"caption":"Luis Fernando Fraczinet"},"logo":{"@id":"https:\/\/www.fraczinet.cl\/sitio\/#\/schema\/person\/image\/"},"sameAs":["https:\/\/www.fraczinet.cl\/sitio\/"]},{"@type":"Person","@id":"https:\/\/www.fraczinet.cl\/sitio\/#\/schema\/person\/bc30f98e9cb10ae7e119dbe14bc93784","name":"admin","image":{"@type":"ImageObject","inLanguage":"es","@id":"https:\/\/www.fraczinet.cl\/sitio\/#\/schema\/person\/image\/","url":"https:\/\/secure.gravatar.com\/avatar\/d5ad3cf7ef3b23a2bb5be73be780c86b2fc8545c3ad6b149f3913ff458c00099?s=96&d=mm&r=g","contentUrl":"https:\/\/secure.gravatar.com\/avatar\/d5ad3cf7ef3b23a2bb5be73be780c86b2fc8545c3ad6b149f3913ff458c00099?s=96&d=mm&r=g","caption":"admin"},"sameAs":["https:\/\/www.fraczinet.cl\/sitio"]}]}},"_links":{"self":[{"href":"https:\/\/www.fraczinet.cl\/sitio\/wp-json\/wp\/v2\/posts\/4106","targetHints":{"allow":["GET"]}}],"collection":[{"href":"https:\/\/www.fraczinet.cl\/sitio\/wp-json\/wp\/v2\/posts"}],"about":[{"href":"https:\/\/www.fraczinet.cl\/sitio\/wp-json\/wp\/v2\/types\/post"}],"author":[{"embeddable":true,"href":"https:\/\/www.fraczinet.cl\/sitio\/wp-json\/wp\/v2\/users\/1"}],"replies":[{"embeddable":true,"href":"https:\/\/www.fraczinet.cl\/sitio\/wp-json\/wp\/v2\/comments?post=4106"}],"version-history":[{"count":11,"href":"https:\/\/www.fraczinet.cl\/sitio\/wp-json\/wp\/v2\/posts\/4106\/revisions"}],"predecessor-version":[{"id":10505,"href":"https:\/\/www.fraczinet.cl\/sitio\/wp-json\/wp\/v2\/posts\/4106\/revisions\/10505"}],"wp:featuredmedia":[{"embeddable":true,"href":"https:\/\/www.fraczinet.cl\/sitio\/wp-json\/wp\/v2\/media\/6622"}],"wp:attachment":[{"href":"https:\/\/www.fraczinet.cl\/sitio\/wp-json\/wp\/v2\/media?parent=4106"}],"wp:term":[{"taxonomy":"category","embeddable":true,"href":"https:\/\/www.fraczinet.cl\/sitio\/wp-json\/wp\/v2\/categories?post=4106"},{"taxonomy":"post_tag","embeddable":true,"href":"https:\/\/www.fraczinet.cl\/sitio\/wp-json\/wp\/v2\/tags?post=4106"}],"curies":[{"name":"wp","href":"https:\/\/api.w.org\/{rel}","templated":true}]}}