{"id":4121,"date":"2015-05-13T14:45:00","date_gmt":"2015-05-13T14:45:00","guid":{"rendered":"https:\/\/www.fraczinet.cl\/sitio\/2015\/05\/13\/madre-ausente-por-ingrid-odgers\/"},"modified":"2015-05-13T14:45:00","modified_gmt":"2015-05-13T14:45:00","slug":"madre-ausente-por-ingrid-odgers","status":"publish","type":"post","link":"https:\/\/www.fraczinet.cl\/sitio\/2015\/05\/13\/madre-ausente-por-ingrid-odgers\/","title":{"rendered":"Madre Ausente&#8230; Por Ingrid Odgers"},"content":{"rendered":"<div style=\"background-color: white; color: #666666; font-family: helvetica, arial, 'lucida grande', sans-serif; font-size: 12px; line-height: 16.0799999237061px; margin-bottom: 1em; margin-top: 1em;\">Madre ausente<\/div>\n<div style=\"background-color: white; color: #666666; font-family: helvetica, arial, 'lucida grande', sans-serif; font-size: 12px; line-height: 16.0799999237061px; margin-bottom: 1em; margin-top: 1em;\">Celebramos la<br \/>Joya del oc\u00e9ano<br \/>La fuente de vida y alegr\u00eda<span style=\"display: inline;\"><br \/>El diamante de la ternura<br \/>\u00c1rbol y roca de valor y lucha<br \/>Manantial<br \/>Oro fuego y sangre\/ sangre fuego oro<\/span><\/div>\n<div style=\"background-color: white; color: #666666; display: inline; font-family: helvetica, arial, 'lucida grande', sans-serif; font-size: 12px; line-height: 16.0799999237061px;\">\n<div style=\"margin-bottom: 1em; margin-top: 1em;\">Dorada de luna y sol<br \/>Cabalga los cielos<br \/>En alados \u00e1ngeles<br \/>Y corceles multicolores<\/div>\n<div style=\"margin-bottom: 1em; margin-top: 1em;\">Celebramos<br \/>A la hija de la tierra<br \/>Guerrera de la luz<br \/>Llama perenne<br \/>Cazadora de la paz<br \/>Piel y vientre del amor<br \/>Brazo del consuelo<\/div>\n<div style=\"margin-bottom: 1em; margin-top: 1em;\">Haced silencio en el recuerdo<br \/>Y celebrad<br \/>Sin lamento ni nostalgia<br \/>Que el manto que os cubre<br \/>Divino es<br \/>No por la muerte es vencido<br \/>Sino sempiterno refugio en la nostalgia<br \/>Y su llama calienta el invierno<br \/>Y su flama sosiega el \u00e1rido camino<br \/>\u00a1Haced silencio os digo!<br \/>Y escuchad, escuchad<br \/>Que sus pies caminan y danzan y celebran<br \/>Celebran con gozo a la vida y la vida de sus vidas.<\/p>\n<p>Ingrid Odgers<br \/>Poetisa de la Regi\u00f3n del Bio B\u00edo<\/div>\n<\/div>\n","protected":false},"excerpt":{"rendered":"<p>Madre ausente Celebramos laJoya del oc\u00e9anoLa fuente de vida y alegr\u00edaEl diamante de la ternura\u00c1rbol y roca de valor y luchaManantialOro fuego y sangre\/ sangre fuego oro Dorada de luna y solCabalga los cielosEn alados \u00e1ngelesY corceles multicolores CelebramosA la hija de la tierraGuerrera de la luzLlama perenneCazadora de la pazPiel y vientre del amorBrazo [&hellip;]<\/p>\n","protected":false},"author":1,"featured_media":0,"comment_status":"open","ping_status":"open","sticky":false,"template":"","format":"standard","meta":{"footnotes":""},"categories":[149,67],"tags":[],"class_list":["post-4121","post","type-post","status-publish","format-standard","hentry","category-ingrid-odgers","category-poesia"],"yoast_head":"<!-- This site is optimized with the Yoast SEO plugin v25.0 - https:\/\/yoast.com\/wordpress\/plugins\/seo\/ -->\n<title>Madre Ausente... Por Ingrid Odgers - Nuestro Bio B\u00edo<\/title>\n<meta name=\"robots\" content=\"index, follow, max-snippet:-1, max-image-preview:large, max-video-preview:-1\" \/>\n<link rel=\"canonical\" href=\"https:\/\/www.fraczinet.cl\/sitio\/2015\/05\/13\/madre-ausente-por-ingrid-odgers\/\" \/>\n<meta property=\"og:locale\" content=\"es_ES\" \/>\n<meta property=\"og:type\" content=\"article\" \/>\n<meta property=\"og:title\" content=\"Madre Ausente... Por Ingrid Odgers - Nuestro Bio B\u00edo\" \/>\n<meta property=\"og:description\" content=\"Madre ausente Celebramos laJoya del oc\u00e9anoLa fuente de vida y alegr\u00edaEl diamante de la ternura\u00c1rbol y roca de valor y luchaManantialOro fuego y sangre\/ sangre fuego oro Dorada de luna y solCabalga los cielosEn alados \u00e1ngelesY corceles multicolores CelebramosA la hija de la tierraGuerrera de la luzLlama perenneCazadora de la pazPiel y vientre del amorBrazo [&hellip;]\" \/>\n<meta property=\"og:url\" content=\"https:\/\/www.fraczinet.cl\/sitio\/2015\/05\/13\/madre-ausente-por-ingrid-odgers\/\" \/>\n<meta property=\"og:site_name\" content=\"Nuestro Bio B\u00edo\" \/>\n<meta property=\"article:published_time\" content=\"2015-05-13T14:45:00+00:00\" \/>\n<meta property=\"og:image\" content=\"https:\/\/www.fraczinet.cl\/sitio\/wp-content\/uploads\/2021\/07\/bannerlogo-1.gif\" \/>\n\t<meta property=\"og:image:width\" content=\"159\" \/>\n\t<meta property=\"og:image:height\" content=\"79\" \/>\n\t<meta property=\"og:image:type\" content=\"image\/gif\" \/>\n<meta name=\"author\" content=\"admin\" \/>\n<meta name=\"twitter:card\" content=\"summary_large_image\" \/>\n<meta name=\"twitter:creator\" content=\"@nuestrobiobio\" \/>\n<meta name=\"twitter:site\" content=\"@nuestrobiobio\" \/>\n<meta name=\"twitter:label1\" content=\"Escrito por\" \/>\n\t<meta name=\"twitter:data1\" content=\"admin\" \/>\n\t<meta name=\"twitter:label2\" content=\"Tiempo de lectura\" \/>\n\t<meta name=\"twitter:data2\" content=\"1 minuto\" \/>\n<script type=\"application\/ld+json\" class=\"yoast-schema-graph\">{\"@context\":\"https:\/\/schema.org\",\"@graph\":[{\"@type\":\"Article\",\"@id\":\"https:\/\/www.fraczinet.cl\/sitio\/2015\/05\/13\/madre-ausente-por-ingrid-odgers\/#article\",\"isPartOf\":{\"@id\":\"https:\/\/www.fraczinet.cl\/sitio\/2015\/05\/13\/madre-ausente-por-ingrid-odgers\/\"},\"author\":{\"name\":\"admin\",\"@id\":\"https:\/\/www.fraczinet.cl\/sitio\/#\/schema\/person\/bc30f98e9cb10ae7e119dbe14bc93784\"},\"headline\":\"Madre Ausente&#8230; Por Ingrid Odgers\",\"datePublished\":\"2015-05-13T14:45:00+00:00\",\"mainEntityOfPage\":{\"@id\":\"https:\/\/www.fraczinet.cl\/sitio\/2015\/05\/13\/madre-ausente-por-ingrid-odgers\/\"},\"wordCount\":137,\"commentCount\":0,\"publisher\":{\"@id\":\"https:\/\/www.fraczinet.cl\/sitio\/#\/schema\/person\/aec8ee4da68df2b9b0eefdad24a0d582\"},\"articleSection\":[\"Ingrid Odgers\",\"Poes\u00eda\"],\"inLanguage\":\"es\",\"potentialAction\":[{\"@type\":\"CommentAction\",\"name\":\"Comment\",\"target\":[\"https:\/\/www.fraczinet.cl\/sitio\/2015\/05\/13\/madre-ausente-por-ingrid-odgers\/#respond\"]}]},{\"@type\":\"WebPage\",\"@id\":\"https:\/\/www.fraczinet.cl\/sitio\/2015\/05\/13\/madre-ausente-por-ingrid-odgers\/\",\"url\":\"https:\/\/www.fraczinet.cl\/sitio\/2015\/05\/13\/madre-ausente-por-ingrid-odgers\/\",\"name\":\"Madre Ausente... Por Ingrid Odgers - Nuestro Bio B\u00edo\",\"isPartOf\":{\"@id\":\"https:\/\/www.fraczinet.cl\/sitio\/#website\"},\"datePublished\":\"2015-05-13T14:45:00+00:00\",\"breadcrumb\":{\"@id\":\"https:\/\/www.fraczinet.cl\/sitio\/2015\/05\/13\/madre-ausente-por-ingrid-odgers\/#breadcrumb\"},\"inLanguage\":\"es\",\"potentialAction\":[{\"@type\":\"ReadAction\",\"target\":[\"https:\/\/www.fraczinet.cl\/sitio\/2015\/05\/13\/madre-ausente-por-ingrid-odgers\/\"]}]},{\"@type\":\"BreadcrumbList\",\"@id\":\"https:\/\/www.fraczinet.cl\/sitio\/2015\/05\/13\/madre-ausente-por-ingrid-odgers\/#breadcrumb\",\"itemListElement\":[{\"@type\":\"ListItem\",\"position\":1,\"name\":\"Portada\",\"item\":\"https:\/\/www.fraczinet.cl\/sitio\/\"},{\"@type\":\"ListItem\",\"position\":2,\"name\":\"Madre Ausente&#8230; Por Ingrid Odgers\"}]},{\"@type\":\"WebSite\",\"@id\":\"https:\/\/www.fraczinet.cl\/sitio\/#website\",\"url\":\"https:\/\/www.fraczinet.cl\/sitio\/\",\"name\":\"Nuestro Bio B\u00edo\",\"description\":\"Tierra de Encuentros\",\"publisher\":{\"@id\":\"https:\/\/www.fraczinet.cl\/sitio\/#\/schema\/person\/aec8ee4da68df2b9b0eefdad24a0d582\"},\"potentialAction\":[{\"@type\":\"SearchAction\",\"target\":{\"@type\":\"EntryPoint\",\"urlTemplate\":\"https:\/\/www.fraczinet.cl\/sitio\/?s={search_term_string}\"},\"query-input\":{\"@type\":\"PropertyValueSpecification\",\"valueRequired\":true,\"valueName\":\"search_term_string\"}}],\"inLanguage\":\"es\"},{\"@type\":[\"Person\",\"Organization\"],\"@id\":\"https:\/\/www.fraczinet.cl\/sitio\/#\/schema\/person\/aec8ee4da68df2b9b0eefdad24a0d582\",\"name\":\"Luis Fernando Fraczinet\",\"image\":{\"@type\":\"ImageObject\",\"inLanguage\":\"es\",\"@id\":\"https:\/\/www.fraczinet.cl\/sitio\/#\/schema\/person\/image\/\",\"url\":\"https:\/\/www.fraczinet.cl\/sitio\/wp-content\/uploads\/2021\/07\/bannerlogo-1.gif\",\"contentUrl\":\"https:\/\/www.fraczinet.cl\/sitio\/wp-content\/uploads\/2021\/07\/bannerlogo-1.gif\",\"width\":159,\"height\":79,\"caption\":\"Luis Fernando Fraczinet\"},\"logo\":{\"@id\":\"https:\/\/www.fraczinet.cl\/sitio\/#\/schema\/person\/image\/\"},\"sameAs\":[\"https:\/\/www.fraczinet.cl\/sitio\/\"]},{\"@type\":\"Person\",\"@id\":\"https:\/\/www.fraczinet.cl\/sitio\/#\/schema\/person\/bc30f98e9cb10ae7e119dbe14bc93784\",\"name\":\"admin\",\"image\":{\"@type\":\"ImageObject\",\"inLanguage\":\"es\",\"@id\":\"https:\/\/www.fraczinet.cl\/sitio\/#\/schema\/person\/image\/\",\"url\":\"https:\/\/secure.gravatar.com\/avatar\/d5ad3cf7ef3b23a2bb5be73be780c86b2fc8545c3ad6b149f3913ff458c00099?s=96&d=mm&r=g\",\"contentUrl\":\"https:\/\/secure.gravatar.com\/avatar\/d5ad3cf7ef3b23a2bb5be73be780c86b2fc8545c3ad6b149f3913ff458c00099?s=96&d=mm&r=g\",\"caption\":\"admin\"},\"sameAs\":[\"https:\/\/www.fraczinet.cl\/sitio\"]}]}<\/script>\n<!-- \/ Yoast SEO plugin. -->","yoast_head_json":{"title":"Madre Ausente... Por Ingrid Odgers - Nuestro Bio B\u00edo","robots":{"index":"index","follow":"follow","max-snippet":"max-snippet:-1","max-image-preview":"max-image-preview:large","max-video-preview":"max-video-preview:-1"},"canonical":"https:\/\/www.fraczinet.cl\/sitio\/2015\/05\/13\/madre-ausente-por-ingrid-odgers\/","og_locale":"es_ES","og_type":"article","og_title":"Madre Ausente... Por Ingrid Odgers - Nuestro Bio B\u00edo","og_description":"Madre ausente Celebramos laJoya del oc\u00e9anoLa fuente de vida y alegr\u00edaEl diamante de la ternura\u00c1rbol y roca de valor y luchaManantialOro fuego y sangre\/ sangre fuego oro Dorada de luna y solCabalga los cielosEn alados \u00e1ngelesY corceles multicolores CelebramosA la hija de la tierraGuerrera de la luzLlama perenneCazadora de la pazPiel y vientre del amorBrazo [&hellip;]","og_url":"https:\/\/www.fraczinet.cl\/sitio\/2015\/05\/13\/madre-ausente-por-ingrid-odgers\/","og_site_name":"Nuestro Bio B\u00edo","article_published_time":"2015-05-13T14:45:00+00:00","og_image":[{"width":159,"height":79,"url":"https:\/\/www.fraczinet.cl\/sitio\/wp-content\/uploads\/2021\/07\/bannerlogo-1.gif","type":"image\/gif"}],"author":"admin","twitter_card":"summary_large_image","twitter_creator":"@nuestrobiobio","twitter_site":"@nuestrobiobio","twitter_misc":{"Escrito por":"admin","Tiempo de lectura":"1 minuto"},"schema":{"@context":"https:\/\/schema.org","@graph":[{"@type":"Article","@id":"https:\/\/www.fraczinet.cl\/sitio\/2015\/05\/13\/madre-ausente-por-ingrid-odgers\/#article","isPartOf":{"@id":"https:\/\/www.fraczinet.cl\/sitio\/2015\/05\/13\/madre-ausente-por-ingrid-odgers\/"},"author":{"name":"admin","@id":"https:\/\/www.fraczinet.cl\/sitio\/#\/schema\/person\/bc30f98e9cb10ae7e119dbe14bc93784"},"headline":"Madre Ausente&#8230; Por Ingrid Odgers","datePublished":"2015-05-13T14:45:00+00:00","mainEntityOfPage":{"@id":"https:\/\/www.fraczinet.cl\/sitio\/2015\/05\/13\/madre-ausente-por-ingrid-odgers\/"},"wordCount":137,"commentCount":0,"publisher":{"@id":"https:\/\/www.fraczinet.cl\/sitio\/#\/schema\/person\/aec8ee4da68df2b9b0eefdad24a0d582"},"articleSection":["Ingrid Odgers","Poes\u00eda"],"inLanguage":"es","potentialAction":[{"@type":"CommentAction","name":"Comment","target":["https:\/\/www.fraczinet.cl\/sitio\/2015\/05\/13\/madre-ausente-por-ingrid-odgers\/#respond"]}]},{"@type":"WebPage","@id":"https:\/\/www.fraczinet.cl\/sitio\/2015\/05\/13\/madre-ausente-por-ingrid-odgers\/","url":"https:\/\/www.fraczinet.cl\/sitio\/2015\/05\/13\/madre-ausente-por-ingrid-odgers\/","name":"Madre Ausente... Por Ingrid Odgers - Nuestro Bio B\u00edo","isPartOf":{"@id":"https:\/\/www.fraczinet.cl\/sitio\/#website"},"datePublished":"2015-05-13T14:45:00+00:00","breadcrumb":{"@id":"https:\/\/www.fraczinet.cl\/sitio\/2015\/05\/13\/madre-ausente-por-ingrid-odgers\/#breadcrumb"},"inLanguage":"es","potentialAction":[{"@type":"ReadAction","target":["https:\/\/www.fraczinet.cl\/sitio\/2015\/05\/13\/madre-ausente-por-ingrid-odgers\/"]}]},{"@type":"BreadcrumbList","@id":"https:\/\/www.fraczinet.cl\/sitio\/2015\/05\/13\/madre-ausente-por-ingrid-odgers\/#breadcrumb","itemListElement":[{"@type":"ListItem","position":1,"name":"Portada","item":"https:\/\/www.fraczinet.cl\/sitio\/"},{"@type":"ListItem","position":2,"name":"Madre Ausente&#8230; Por Ingrid Odgers"}]},{"@type":"WebSite","@id":"https:\/\/www.fraczinet.cl\/sitio\/#website","url":"https:\/\/www.fraczinet.cl\/sitio\/","name":"Nuestro Bio B\u00edo","description":"Tierra de Encuentros","publisher":{"@id":"https:\/\/www.fraczinet.cl\/sitio\/#\/schema\/person\/aec8ee4da68df2b9b0eefdad24a0d582"},"potentialAction":[{"@type":"SearchAction","target":{"@type":"EntryPoint","urlTemplate":"https:\/\/www.fraczinet.cl\/sitio\/?s={search_term_string}"},"query-input":{"@type":"PropertyValueSpecification","valueRequired":true,"valueName":"search_term_string"}}],"inLanguage":"es"},{"@type":["Person","Organization"],"@id":"https:\/\/www.fraczinet.cl\/sitio\/#\/schema\/person\/aec8ee4da68df2b9b0eefdad24a0d582","name":"Luis Fernando Fraczinet","image":{"@type":"ImageObject","inLanguage":"es","@id":"https:\/\/www.fraczinet.cl\/sitio\/#\/schema\/person\/image\/","url":"https:\/\/www.fraczinet.cl\/sitio\/wp-content\/uploads\/2021\/07\/bannerlogo-1.gif","contentUrl":"https:\/\/www.fraczinet.cl\/sitio\/wp-content\/uploads\/2021\/07\/bannerlogo-1.gif","width":159,"height":79,"caption":"Luis Fernando Fraczinet"},"logo":{"@id":"https:\/\/www.fraczinet.cl\/sitio\/#\/schema\/person\/image\/"},"sameAs":["https:\/\/www.fraczinet.cl\/sitio\/"]},{"@type":"Person","@id":"https:\/\/www.fraczinet.cl\/sitio\/#\/schema\/person\/bc30f98e9cb10ae7e119dbe14bc93784","name":"admin","image":{"@type":"ImageObject","inLanguage":"es","@id":"https:\/\/www.fraczinet.cl\/sitio\/#\/schema\/person\/image\/","url":"https:\/\/secure.gravatar.com\/avatar\/d5ad3cf7ef3b23a2bb5be73be780c86b2fc8545c3ad6b149f3913ff458c00099?s=96&d=mm&r=g","contentUrl":"https:\/\/secure.gravatar.com\/avatar\/d5ad3cf7ef3b23a2bb5be73be780c86b2fc8545c3ad6b149f3913ff458c00099?s=96&d=mm&r=g","caption":"admin"},"sameAs":["https:\/\/www.fraczinet.cl\/sitio"]}]}},"_links":{"self":[{"href":"https:\/\/www.fraczinet.cl\/sitio\/wp-json\/wp\/v2\/posts\/4121","targetHints":{"allow":["GET"]}}],"collection":[{"href":"https:\/\/www.fraczinet.cl\/sitio\/wp-json\/wp\/v2\/posts"}],"about":[{"href":"https:\/\/www.fraczinet.cl\/sitio\/wp-json\/wp\/v2\/types\/post"}],"author":[{"embeddable":true,"href":"https:\/\/www.fraczinet.cl\/sitio\/wp-json\/wp\/v2\/users\/1"}],"replies":[{"embeddable":true,"href":"https:\/\/www.fraczinet.cl\/sitio\/wp-json\/wp\/v2\/comments?post=4121"}],"version-history":[{"count":0,"href":"https:\/\/www.fraczinet.cl\/sitio\/wp-json\/wp\/v2\/posts\/4121\/revisions"}],"wp:attachment":[{"href":"https:\/\/www.fraczinet.cl\/sitio\/wp-json\/wp\/v2\/media?parent=4121"}],"wp:term":[{"taxonomy":"category","embeddable":true,"href":"https:\/\/www.fraczinet.cl\/sitio\/wp-json\/wp\/v2\/categories?post=4121"},{"taxonomy":"post_tag","embeddable":true,"href":"https:\/\/www.fraczinet.cl\/sitio\/wp-json\/wp\/v2\/tags?post=4121"}],"curies":[{"name":"wp","href":"https:\/\/api.w.org\/{rel}","templated":true}]}}