{"id":4156,"date":"2014-08-11T22:21:00","date_gmt":"2014-08-11T22:21:00","guid":{"rendered":"https:\/\/www.fraczinet.cl\/sitio\/2014\/08\/11\/cuales-son-los-volcanes-de-la-region-del-bio-bio\/"},"modified":"2021-11-07T21:45:52","modified_gmt":"2021-11-07T21:45:52","slug":"cuales-son-los-volcanes-de-la-region-del-bio-bio","status":"publish","type":"post","link":"https:\/\/www.fraczinet.cl\/sitio\/2014\/08\/11\/cuales-son-los-volcanes-de-la-region-del-bio-bio\/","title":{"rendered":"\u00bfCu\u00e1les Son Los Volcanes De La Regi\u00f3n Del Bio B\u00edo?"},"content":{"rendered":"<div>\n<div style=\"clear: both; text-align: center;\"><a href=\"http:\/\/1.bp.blogspot.com\/-0zms7bIrjQY\/U-lBvwKy7uI\/AAAAAAAAGpo\/2ZONBuTWIr0\/s1600\/fotopreciosa-del-volc%C3%A1n-antuco.jpg\" style=\"clear: left; float: left; margin-bottom: 1em; margin-right: 1em;\"><img fetchpriority=\"high\" decoding=\"async\" border=\"0\" height=\"198\" src=\"https:\/\/1.bp.blogspot.com\/-0zms7bIrjQY\/U-lBvwKy7uI\/AAAAAAAAGpo\/2ZONBuTWIr0\/s1600\/fotopreciosa-del-volc%C3%A1n-antuco.jpg\" width=\"320\"><\/a><\/div>\n<div style=\"text-align: justify;\">La Regi\u00f3n del Bio B\u00edo presenta en la Cordillera de Los Andes <b><span style=\"font-family: &quot;liberation serif&quot; , &quot;serif&quot;; mso-bidi-font-family: &quot;Lohit Hindi&quot;; mso-fareast-font-family: &quot;DejaVu Sans&quot;; mso-hansi-font-family: &quot;Liberation Serif&quot;;\">Cinco Volcanes<\/span><\/b>: <b><span style=\"font-family: &quot;liberation serif&quot; , &quot;serif&quot;; mso-bidi-font-family: &quot;Lohit Hindi&quot;; mso-fareast-font-family: &quot;DejaVu Sans&quot;; mso-hansi-font-family: &quot;Liberation Serif&quot;;\">&nbsp;<\/span><\/b><\/div>\n<div style=\"text-align: justify;\"><b><span style=\"font-family: &quot;liberation serif&quot; , &quot;serif&quot;; mso-bidi-font-family: &quot;Lohit Hindi&quot;; mso-fareast-font-family: &quot;DejaVu Sans&quot;; mso-hansi-font-family: &quot;Liberation Serif&quot;;\">1.- Volc\u00e1n Chill\u00e1n<\/span><\/b> (Comuna de Pintocon una altura de 3.212 msnm) en la Provincia de \u00d1uble;<\/p>\n<p>2.- El <b><span style=\"font-family: &quot;liberation serif&quot; , &quot;serif&quot;; mso-bidi-font-family: &quot;Lohit Hindi&quot;; mso-fareast-font-family: &quot;DejaVu Sans&quot;; mso-hansi-font-family: &quot;Liberation Serif&quot;;\">Volc\u00e1n Callaqui<\/span><\/b> (Comuna de Alto Bio B\u00edo con una altura de 3.164 msnm);&nbsp;<\/p>\n<p>En el Parque Nacional Laguna del Laja que se encuentra dominado totalmente por el<b><span style=\"font-family: &quot;liberation serif&quot; , &quot;serif&quot;; mso-bidi-font-family: &quot;Lohit Hindi&quot;; mso-fareast-font-family: &quot;DejaVu Sans&quot;; mso-hansi-font-family: &quot;Liberation Serif&quot;;\"> grupo volc\u00e1nico Antuco<\/span><\/b>, el cual est\u00e1 constituido por tres unidades, en orden de edad decreciente son: 3.- el <b><span style=\"font-family: &quot;liberation serif&quot; , &quot;serif&quot;; mso-bidi-font-family: &quot;Lohit Hindi&quot;; mso-fareast-font-family: &quot;DejaVu Sans&quot;; mso-hansi-font-family: &quot;Liberation Serif&quot;;\">Volc\u00e1n Sierra Velluda<\/span><\/b>, de 3.585 msnm; 4.- el <b><span style=\"font-family: &quot;liberation serif&quot; , &quot;serif&quot;; mso-bidi-font-family: &quot;Lohit Hindi&quot;; mso-fareast-font-family: &quot;DejaVu Sans&quot;; mso-hansi-font-family: &quot;Liberation Serif&quot;;\">volc\u00e1n Cerro C\u00f3ndor<\/span><\/b>, que se origin\u00f3 posteriormente a la erosi\u00f3n glacial del antiguo valle Laja, a unos 4 kil\u00f3metros al noreste del Sierra con 1.668 msnm; 5.- y el <b><span style=\"font-family: &quot;liberation serif&quot; , &quot;serif&quot;; mso-bidi-font-family: &quot;Lohit Hindi&quot;; mso-fareast-font-family: &quot;DejaVu Sans&quot;; mso-hansi-font-family: &quot;Liberation Serif&quot;;\">volc\u00e1n Antuco<\/span><\/b> de una altura de&nbsp; 2.985 msnm (Comuna de Antuco en la Provincia de Bio B\u00edo).<\/p>\n<\/div>\n<div style=\"text-align: justify;\"><\/div>\n<div style=\"text-align: justify;\">6.- Un sexto volc\u00e1n, el <b><span style=\"font-family: &quot;liberation serif&quot; , &quot;serif&quot;; mso-bidi-font-family: &quot;Lohit Hindi&quot;; mso-fareast-font-family: &quot;DejaVu Sans&quot;; mso-hansi-font-family: &quot;Liberation Serif&quot;;\">Volc\u00e1n Copahue<\/span><\/b>, se encuentra en el l\u00edmite fronterizo de Chile con Argentina en la comuna de Alto Bio B\u00edo. El Copahue (\u201cagua de azufre\u201d, en mapudung\u00fan), tiene una altura de 2.965 metros sobre el nivel del mar y las tres cuartas partes de su estructura est\u00e1n en territorio chileno. De sus ocho cr\u00e1teres, siete est\u00e1n en el lado chileno y uno en la zona argentina.<\/div>\n<div style=\"text-align: justify;\"><\/div>\n<div style=\"text-align: justify;\">Luis Fraczinet<\/div>\n<div style=\"text-align: justify;\">Escriviviente&#8230; de pura mala onda que soy num\u00e1<\/p>\n<\/div>\n<div style=\"text-align: justify;\"><\/div>\n<\/div>\n<p><span style=\"font-family: &quot;liberation serif&quot; , &quot;serif&quot;; font-size: 12pt;\"><br clear=\"all\" style=\"break-before: page; mso-break-type: section-break; page-break-before: always;\"><\/span><iframe allow=\"accelerometer; autoplay; encrypted-media; gyroscope; picture-in-picture\" allowfullscreen=\"\" frameborder=\"0\" height=\"315\" src=\"https:\/\/www.youtube.com\/embed\/Aj6AZtBgr94\" width=\"560\"><\/iframe><\/p>\n","protected":false},"excerpt":{"rendered":"<p>La Regi\u00f3n del Bio B\u00edo presenta en la Cordillera de Los Andes Cinco Volcanes: &nbsp; 1.- Volc\u00e1n Chill\u00e1n (Comuna de Pintocon una altura de 3.212 msnm) en la Provincia de \u00d1uble; 2.- El Volc\u00e1n Callaqui (Comuna de Alto Bio B\u00edo con una altura de 3.164 msnm);&nbsp; En el Parque Nacional Laguna del Laja que se [&hellip;]<\/p>\n","protected":false},"author":1,"featured_media":1582,"comment_status":"open","ping_status":"open","sticky":false,"template":"","format":"standard","meta":{"footnotes":""},"categories":[11,48,152,116,155,41],"tags":[],"class_list":["post-4156","post","type-post","status-publish","format-standard","has-post-thumbnail","hentry","category-atractivos","category-eva-producciones","category-el-libro-de-las-preguntas-de-sofia","category-luis-fraczinet","category-turismo","category-videos"],"yoast_head":"<!-- This site is optimized with the Yoast SEO plugin v25.0 - https:\/\/yoast.com\/wordpress\/plugins\/seo\/ -->\n<title>\u00bfCu\u00e1les Son Los Volcanes De La Regi\u00f3n Del Bio B\u00edo? - Nuestro Bio B\u00edo<\/title>\n<meta name=\"robots\" content=\"index, follow, max-snippet:-1, max-image-preview:large, max-video-preview:-1\" \/>\n<link rel=\"canonical\" href=\"https:\/\/www.fraczinet.cl\/sitio\/2014\/08\/11\/cuales-son-los-volcanes-de-la-region-del-bio-bio\/\" \/>\n<meta property=\"og:locale\" content=\"es_ES\" \/>\n<meta property=\"og:type\" content=\"article\" \/>\n<meta property=\"og:title\" content=\"\u00bfCu\u00e1les Son Los Volcanes De La Regi\u00f3n Del Bio B\u00edo? - Nuestro Bio B\u00edo\" \/>\n<meta property=\"og:description\" content=\"La Regi\u00f3n del Bio B\u00edo presenta en la Cordillera de Los Andes Cinco Volcanes: &nbsp; 1.- Volc\u00e1n Chill\u00e1n (Comuna de Pintocon una altura de 3.212 msnm) en la Provincia de \u00d1uble; 2.- El Volc\u00e1n Callaqui (Comuna de Alto Bio B\u00edo con una altura de 3.164 msnm);&nbsp; En el Parque Nacional Laguna del Laja que se [&hellip;]\" \/>\n<meta property=\"og:url\" content=\"https:\/\/www.fraczinet.cl\/sitio\/2014\/08\/11\/cuales-son-los-volcanes-de-la-region-del-bio-bio\/\" \/>\n<meta property=\"og:site_name\" content=\"Nuestro Bio B\u00edo\" \/>\n<meta property=\"article:published_time\" content=\"2014-08-11T22:21:00+00:00\" \/>\n<meta property=\"article:modified_time\" content=\"2021-11-07T21:45:52+00:00\" \/>\n<meta property=\"og:image\" content=\"https:\/\/www.fraczinet.cl\/sitio\/wp-content\/uploads\/2009\/02\/volcan1.jpg\" \/>\n\t<meta property=\"og:image:width\" content=\"143\" \/>\n\t<meta property=\"og:image:height\" content=\"89\" \/>\n\t<meta property=\"og:image:type\" content=\"image\/jpeg\" \/>\n<meta name=\"author\" content=\"admin\" \/>\n<meta name=\"twitter:card\" content=\"summary_large_image\" \/>\n<meta name=\"twitter:creator\" content=\"@nuestrobiobio\" \/>\n<meta name=\"twitter:site\" content=\"@nuestrobiobio\" \/>\n<meta name=\"twitter:label1\" content=\"Escrito por\" \/>\n\t<meta name=\"twitter:data1\" content=\"admin\" \/>\n\t<meta name=\"twitter:label2\" content=\"Tiempo de lectura\" \/>\n\t<meta name=\"twitter:data2\" content=\"1 minuto\" \/>\n<script type=\"application\/ld+json\" class=\"yoast-schema-graph\">{\"@context\":\"https:\/\/schema.org\",\"@graph\":[{\"@type\":\"Article\",\"@id\":\"https:\/\/www.fraczinet.cl\/sitio\/2014\/08\/11\/cuales-son-los-volcanes-de-la-region-del-bio-bio\/#article\",\"isPartOf\":{\"@id\":\"https:\/\/www.fraczinet.cl\/sitio\/2014\/08\/11\/cuales-son-los-volcanes-de-la-region-del-bio-bio\/\"},\"author\":{\"name\":\"admin\",\"@id\":\"https:\/\/www.fraczinet.cl\/sitio\/#\/schema\/person\/bc30f98e9cb10ae7e119dbe14bc93784\"},\"headline\":\"\u00bfCu\u00e1les Son Los Volcanes De La Regi\u00f3n Del Bio B\u00edo?\",\"datePublished\":\"2014-08-11T22:21:00+00:00\",\"dateModified\":\"2021-11-07T21:45:52+00:00\",\"mainEntityOfPage\":{\"@id\":\"https:\/\/www.fraczinet.cl\/sitio\/2014\/08\/11\/cuales-son-los-volcanes-de-la-region-del-bio-bio\/\"},\"wordCount\":242,\"commentCount\":0,\"publisher\":{\"@id\":\"https:\/\/www.fraczinet.cl\/sitio\/#\/schema\/person\/aec8ee4da68df2b9b0eefdad24a0d582\"},\"image\":{\"@id\":\"https:\/\/www.fraczinet.cl\/sitio\/2014\/08\/11\/cuales-son-los-volcanes-de-la-region-del-bio-bio\/#primaryimage\"},\"thumbnailUrl\":\"https:\/\/www.fraczinet.cl\/sitio\/wp-content\/uploads\/2009\/02\/volcan1.jpg\",\"articleSection\":[\"Atractivos\",\"Eva Producciones\",\"Libro de Las Preguntas de Sof\u00eda\",\"Luis Fraczinet\",\"Turismo\",\"Videos\"],\"inLanguage\":\"es\",\"potentialAction\":[{\"@type\":\"CommentAction\",\"name\":\"Comment\",\"target\":[\"https:\/\/www.fraczinet.cl\/sitio\/2014\/08\/11\/cuales-son-los-volcanes-de-la-region-del-bio-bio\/#respond\"]}]},{\"@type\":\"WebPage\",\"@id\":\"https:\/\/www.fraczinet.cl\/sitio\/2014\/08\/11\/cuales-son-los-volcanes-de-la-region-del-bio-bio\/\",\"url\":\"https:\/\/www.fraczinet.cl\/sitio\/2014\/08\/11\/cuales-son-los-volcanes-de-la-region-del-bio-bio\/\",\"name\":\"\u00bfCu\u00e1les Son Los Volcanes De La Regi\u00f3n Del Bio B\u00edo? - Nuestro Bio B\u00edo\",\"isPartOf\":{\"@id\":\"https:\/\/www.fraczinet.cl\/sitio\/#website\"},\"primaryImageOfPage\":{\"@id\":\"https:\/\/www.fraczinet.cl\/sitio\/2014\/08\/11\/cuales-son-los-volcanes-de-la-region-del-bio-bio\/#primaryimage\"},\"image\":{\"@id\":\"https:\/\/www.fraczinet.cl\/sitio\/2014\/08\/11\/cuales-son-los-volcanes-de-la-region-del-bio-bio\/#primaryimage\"},\"thumbnailUrl\":\"https:\/\/www.fraczinet.cl\/sitio\/wp-content\/uploads\/2009\/02\/volcan1.jpg\",\"datePublished\":\"2014-08-11T22:21:00+00:00\",\"dateModified\":\"2021-11-07T21:45:52+00:00\",\"breadcrumb\":{\"@id\":\"https:\/\/www.fraczinet.cl\/sitio\/2014\/08\/11\/cuales-son-los-volcanes-de-la-region-del-bio-bio\/#breadcrumb\"},\"inLanguage\":\"es\",\"potentialAction\":[{\"@type\":\"ReadAction\",\"target\":[\"https:\/\/www.fraczinet.cl\/sitio\/2014\/08\/11\/cuales-son-los-volcanes-de-la-region-del-bio-bio\/\"]}]},{\"@type\":\"ImageObject\",\"inLanguage\":\"es\",\"@id\":\"https:\/\/www.fraczinet.cl\/sitio\/2014\/08\/11\/cuales-son-los-volcanes-de-la-region-del-bio-bio\/#primaryimage\",\"url\":\"https:\/\/www.fraczinet.cl\/sitio\/wp-content\/uploads\/2009\/02\/volcan1.jpg\",\"contentUrl\":\"https:\/\/www.fraczinet.cl\/sitio\/wp-content\/uploads\/2009\/02\/volcan1.jpg\",\"width\":143,\"height\":89},{\"@type\":\"BreadcrumbList\",\"@id\":\"https:\/\/www.fraczinet.cl\/sitio\/2014\/08\/11\/cuales-son-los-volcanes-de-la-region-del-bio-bio\/#breadcrumb\",\"itemListElement\":[{\"@type\":\"ListItem\",\"position\":1,\"name\":\"Portada\",\"item\":\"https:\/\/www.fraczinet.cl\/sitio\/\"},{\"@type\":\"ListItem\",\"position\":2,\"name\":\"\u00bfCu\u00e1les Son Los Volcanes De La Regi\u00f3n Del Bio B\u00edo?\"}]},{\"@type\":\"WebSite\",\"@id\":\"https:\/\/www.fraczinet.cl\/sitio\/#website\",\"url\":\"https:\/\/www.fraczinet.cl\/sitio\/\",\"name\":\"Nuestro Bio B\u00edo\",\"description\":\"Tierra de Encuentros\",\"publisher\":{\"@id\":\"https:\/\/www.fraczinet.cl\/sitio\/#\/schema\/person\/aec8ee4da68df2b9b0eefdad24a0d582\"},\"potentialAction\":[{\"@type\":\"SearchAction\",\"target\":{\"@type\":\"EntryPoint\",\"urlTemplate\":\"https:\/\/www.fraczinet.cl\/sitio\/?s={search_term_string}\"},\"query-input\":{\"@type\":\"PropertyValueSpecification\",\"valueRequired\":true,\"valueName\":\"search_term_string\"}}],\"inLanguage\":\"es\"},{\"@type\":[\"Person\",\"Organization\"],\"@id\":\"https:\/\/www.fraczinet.cl\/sitio\/#\/schema\/person\/aec8ee4da68df2b9b0eefdad24a0d582\",\"name\":\"Luis Fernando Fraczinet\",\"image\":{\"@type\":\"ImageObject\",\"inLanguage\":\"es\",\"@id\":\"https:\/\/www.fraczinet.cl\/sitio\/#\/schema\/person\/image\/\",\"url\":\"https:\/\/www.fraczinet.cl\/sitio\/wp-content\/uploads\/2021\/07\/bannerlogo-1.gif\",\"contentUrl\":\"https:\/\/www.fraczinet.cl\/sitio\/wp-content\/uploads\/2021\/07\/bannerlogo-1.gif\",\"width\":159,\"height\":79,\"caption\":\"Luis Fernando Fraczinet\"},\"logo\":{\"@id\":\"https:\/\/www.fraczinet.cl\/sitio\/#\/schema\/person\/image\/\"},\"sameAs\":[\"https:\/\/www.fraczinet.cl\/sitio\/\"]},{\"@type\":\"Person\",\"@id\":\"https:\/\/www.fraczinet.cl\/sitio\/#\/schema\/person\/bc30f98e9cb10ae7e119dbe14bc93784\",\"name\":\"admin\",\"image\":{\"@type\":\"ImageObject\",\"inLanguage\":\"es\",\"@id\":\"https:\/\/www.fraczinet.cl\/sitio\/#\/schema\/person\/image\/\",\"url\":\"https:\/\/secure.gravatar.com\/avatar\/d5ad3cf7ef3b23a2bb5be73be780c86b2fc8545c3ad6b149f3913ff458c00099?s=96&d=mm&r=g\",\"contentUrl\":\"https:\/\/secure.gravatar.com\/avatar\/d5ad3cf7ef3b23a2bb5be73be780c86b2fc8545c3ad6b149f3913ff458c00099?s=96&d=mm&r=g\",\"caption\":\"admin\"},\"sameAs\":[\"https:\/\/www.fraczinet.cl\/sitio\"]}]}<\/script>\n<!-- \/ Yoast SEO plugin. -->","yoast_head_json":{"title":"\u00bfCu\u00e1les Son Los Volcanes De La Regi\u00f3n Del Bio B\u00edo? - Nuestro Bio B\u00edo","robots":{"index":"index","follow":"follow","max-snippet":"max-snippet:-1","max-image-preview":"max-image-preview:large","max-video-preview":"max-video-preview:-1"},"canonical":"https:\/\/www.fraczinet.cl\/sitio\/2014\/08\/11\/cuales-son-los-volcanes-de-la-region-del-bio-bio\/","og_locale":"es_ES","og_type":"article","og_title":"\u00bfCu\u00e1les Son Los Volcanes De La Regi\u00f3n Del Bio B\u00edo? - Nuestro Bio B\u00edo","og_description":"La Regi\u00f3n del Bio B\u00edo presenta en la Cordillera de Los Andes Cinco Volcanes: &nbsp; 1.- Volc\u00e1n Chill\u00e1n (Comuna de Pintocon una altura de 3.212 msnm) en la Provincia de \u00d1uble; 2.- El Volc\u00e1n Callaqui (Comuna de Alto Bio B\u00edo con una altura de 3.164 msnm);&nbsp; En el Parque Nacional Laguna del Laja que se [&hellip;]","og_url":"https:\/\/www.fraczinet.cl\/sitio\/2014\/08\/11\/cuales-son-los-volcanes-de-la-region-del-bio-bio\/","og_site_name":"Nuestro Bio B\u00edo","article_published_time":"2014-08-11T22:21:00+00:00","article_modified_time":"2021-11-07T21:45:52+00:00","og_image":[{"width":143,"height":89,"url":"https:\/\/www.fraczinet.cl\/sitio\/wp-content\/uploads\/2009\/02\/volcan1.jpg","type":"image\/jpeg"}],"author":"admin","twitter_card":"summary_large_image","twitter_creator":"@nuestrobiobio","twitter_site":"@nuestrobiobio","twitter_misc":{"Escrito por":"admin","Tiempo de lectura":"1 minuto"},"schema":{"@context":"https:\/\/schema.org","@graph":[{"@type":"Article","@id":"https:\/\/www.fraczinet.cl\/sitio\/2014\/08\/11\/cuales-son-los-volcanes-de-la-region-del-bio-bio\/#article","isPartOf":{"@id":"https:\/\/www.fraczinet.cl\/sitio\/2014\/08\/11\/cuales-son-los-volcanes-de-la-region-del-bio-bio\/"},"author":{"name":"admin","@id":"https:\/\/www.fraczinet.cl\/sitio\/#\/schema\/person\/bc30f98e9cb10ae7e119dbe14bc93784"},"headline":"\u00bfCu\u00e1les Son Los Volcanes De La Regi\u00f3n Del Bio B\u00edo?","datePublished":"2014-08-11T22:21:00+00:00","dateModified":"2021-11-07T21:45:52+00:00","mainEntityOfPage":{"@id":"https:\/\/www.fraczinet.cl\/sitio\/2014\/08\/11\/cuales-son-los-volcanes-de-la-region-del-bio-bio\/"},"wordCount":242,"commentCount":0,"publisher":{"@id":"https:\/\/www.fraczinet.cl\/sitio\/#\/schema\/person\/aec8ee4da68df2b9b0eefdad24a0d582"},"image":{"@id":"https:\/\/www.fraczinet.cl\/sitio\/2014\/08\/11\/cuales-son-los-volcanes-de-la-region-del-bio-bio\/#primaryimage"},"thumbnailUrl":"https:\/\/www.fraczinet.cl\/sitio\/wp-content\/uploads\/2009\/02\/volcan1.jpg","articleSection":["Atractivos","Eva Producciones","Libro de Las Preguntas de Sof\u00eda","Luis Fraczinet","Turismo","Videos"],"inLanguage":"es","potentialAction":[{"@type":"CommentAction","name":"Comment","target":["https:\/\/www.fraczinet.cl\/sitio\/2014\/08\/11\/cuales-son-los-volcanes-de-la-region-del-bio-bio\/#respond"]}]},{"@type":"WebPage","@id":"https:\/\/www.fraczinet.cl\/sitio\/2014\/08\/11\/cuales-son-los-volcanes-de-la-region-del-bio-bio\/","url":"https:\/\/www.fraczinet.cl\/sitio\/2014\/08\/11\/cuales-son-los-volcanes-de-la-region-del-bio-bio\/","name":"\u00bfCu\u00e1les Son Los Volcanes De La Regi\u00f3n Del Bio B\u00edo? - Nuestro Bio B\u00edo","isPartOf":{"@id":"https:\/\/www.fraczinet.cl\/sitio\/#website"},"primaryImageOfPage":{"@id":"https:\/\/www.fraczinet.cl\/sitio\/2014\/08\/11\/cuales-son-los-volcanes-de-la-region-del-bio-bio\/#primaryimage"},"image":{"@id":"https:\/\/www.fraczinet.cl\/sitio\/2014\/08\/11\/cuales-son-los-volcanes-de-la-region-del-bio-bio\/#primaryimage"},"thumbnailUrl":"https:\/\/www.fraczinet.cl\/sitio\/wp-content\/uploads\/2009\/02\/volcan1.jpg","datePublished":"2014-08-11T22:21:00+00:00","dateModified":"2021-11-07T21:45:52+00:00","breadcrumb":{"@id":"https:\/\/www.fraczinet.cl\/sitio\/2014\/08\/11\/cuales-son-los-volcanes-de-la-region-del-bio-bio\/#breadcrumb"},"inLanguage":"es","potentialAction":[{"@type":"ReadAction","target":["https:\/\/www.fraczinet.cl\/sitio\/2014\/08\/11\/cuales-son-los-volcanes-de-la-region-del-bio-bio\/"]}]},{"@type":"ImageObject","inLanguage":"es","@id":"https:\/\/www.fraczinet.cl\/sitio\/2014\/08\/11\/cuales-son-los-volcanes-de-la-region-del-bio-bio\/#primaryimage","url":"https:\/\/www.fraczinet.cl\/sitio\/wp-content\/uploads\/2009\/02\/volcan1.jpg","contentUrl":"https:\/\/www.fraczinet.cl\/sitio\/wp-content\/uploads\/2009\/02\/volcan1.jpg","width":143,"height":89},{"@type":"BreadcrumbList","@id":"https:\/\/www.fraczinet.cl\/sitio\/2014\/08\/11\/cuales-son-los-volcanes-de-la-region-del-bio-bio\/#breadcrumb","itemListElement":[{"@type":"ListItem","position":1,"name":"Portada","item":"https:\/\/www.fraczinet.cl\/sitio\/"},{"@type":"ListItem","position":2,"name":"\u00bfCu\u00e1les Son Los Volcanes De La Regi\u00f3n Del Bio B\u00edo?"}]},{"@type":"WebSite","@id":"https:\/\/www.fraczinet.cl\/sitio\/#website","url":"https:\/\/www.fraczinet.cl\/sitio\/","name":"Nuestro Bio B\u00edo","description":"Tierra de Encuentros","publisher":{"@id":"https:\/\/www.fraczinet.cl\/sitio\/#\/schema\/person\/aec8ee4da68df2b9b0eefdad24a0d582"},"potentialAction":[{"@type":"SearchAction","target":{"@type":"EntryPoint","urlTemplate":"https:\/\/www.fraczinet.cl\/sitio\/?s={search_term_string}"},"query-input":{"@type":"PropertyValueSpecification","valueRequired":true,"valueName":"search_term_string"}}],"inLanguage":"es"},{"@type":["Person","Organization"],"@id":"https:\/\/www.fraczinet.cl\/sitio\/#\/schema\/person\/aec8ee4da68df2b9b0eefdad24a0d582","name":"Luis Fernando Fraczinet","image":{"@type":"ImageObject","inLanguage":"es","@id":"https:\/\/www.fraczinet.cl\/sitio\/#\/schema\/person\/image\/","url":"https:\/\/www.fraczinet.cl\/sitio\/wp-content\/uploads\/2021\/07\/bannerlogo-1.gif","contentUrl":"https:\/\/www.fraczinet.cl\/sitio\/wp-content\/uploads\/2021\/07\/bannerlogo-1.gif","width":159,"height":79,"caption":"Luis Fernando Fraczinet"},"logo":{"@id":"https:\/\/www.fraczinet.cl\/sitio\/#\/schema\/person\/image\/"},"sameAs":["https:\/\/www.fraczinet.cl\/sitio\/"]},{"@type":"Person","@id":"https:\/\/www.fraczinet.cl\/sitio\/#\/schema\/person\/bc30f98e9cb10ae7e119dbe14bc93784","name":"admin","image":{"@type":"ImageObject","inLanguage":"es","@id":"https:\/\/www.fraczinet.cl\/sitio\/#\/schema\/person\/image\/","url":"https:\/\/secure.gravatar.com\/avatar\/d5ad3cf7ef3b23a2bb5be73be780c86b2fc8545c3ad6b149f3913ff458c00099?s=96&d=mm&r=g","contentUrl":"https:\/\/secure.gravatar.com\/avatar\/d5ad3cf7ef3b23a2bb5be73be780c86b2fc8545c3ad6b149f3913ff458c00099?s=96&d=mm&r=g","caption":"admin"},"sameAs":["https:\/\/www.fraczinet.cl\/sitio"]}]}},"_links":{"self":[{"href":"https:\/\/www.fraczinet.cl\/sitio\/wp-json\/wp\/v2\/posts\/4156","targetHints":{"allow":["GET"]}}],"collection":[{"href":"https:\/\/www.fraczinet.cl\/sitio\/wp-json\/wp\/v2\/posts"}],"about":[{"href":"https:\/\/www.fraczinet.cl\/sitio\/wp-json\/wp\/v2\/types\/post"}],"author":[{"embeddable":true,"href":"https:\/\/www.fraczinet.cl\/sitio\/wp-json\/wp\/v2\/users\/1"}],"replies":[{"embeddable":true,"href":"https:\/\/www.fraczinet.cl\/sitio\/wp-json\/wp\/v2\/comments?post=4156"}],"version-history":[{"count":1,"href":"https:\/\/www.fraczinet.cl\/sitio\/wp-json\/wp\/v2\/posts\/4156\/revisions"}],"predecessor-version":[{"id":9328,"href":"https:\/\/www.fraczinet.cl\/sitio\/wp-json\/wp\/v2\/posts\/4156\/revisions\/9328"}],"wp:featuredmedia":[{"embeddable":true,"href":"https:\/\/www.fraczinet.cl\/sitio\/wp-json\/wp\/v2\/media\/1582"}],"wp:attachment":[{"href":"https:\/\/www.fraczinet.cl\/sitio\/wp-json\/wp\/v2\/media?parent=4156"}],"wp:term":[{"taxonomy":"category","embeddable":true,"href":"https:\/\/www.fraczinet.cl\/sitio\/wp-json\/wp\/v2\/categories?post=4156"},{"taxonomy":"post_tag","embeddable":true,"href":"https:\/\/www.fraczinet.cl\/sitio\/wp-json\/wp\/v2\/tags?post=4156"}],"curies":[{"name":"wp","href":"https:\/\/api.w.org\/{rel}","templated":true}]}}