{"id":4159,"date":"2014-08-06T20:27:00","date_gmt":"2014-08-06T20:27:00","guid":{"rendered":"https:\/\/www.fraczinet.cl\/sitio\/2014\/08\/06\/cual-es-el-gentilicio-de-los-habitantes-de-la-region-del-bio-bio\/"},"modified":"2021-11-07T13:37:29","modified_gmt":"2021-11-07T13:37:29","slug":"cual-es-el-gentilicio-de-los-habitantes-de-la-region-del-bio-bio","status":"publish","type":"post","link":"https:\/\/www.fraczinet.cl\/sitio\/cual-es-el-gentilicio-de-los-habitantes-de-la-region-del-bio-bio\/","title":{"rendered":"\u00bfCu\u00e1l Es El Gentilicio De Los Habitantes De La Regi\u00f3n Del Bio B\u00edo?"},"content":{"rendered":"<div style=\"text-align: justify;\">\n<div style=\"clear: both; text-align: center;\"><\/div>\n<div style=\"clear: both; text-align: center;\"><a href=\"https:\/\/1.bp.blogspot.com\/-2RO37rD14s0\/XdE5Tvg5o9I\/AAAAAAAAdZ8\/iW3XdqL4Qi4g4zFOolBlWbclrwjWJ5m7ACLcBGAsYHQ\/s1600\/estatuta%2Bhumana%2Ben%2BCol%25C3%25B3n.jpg\" style=\"clear: left; float: left; margin-bottom: 1em; margin-right: 1em;\"><img fetchpriority=\"high\" decoding=\"async\" border=\"0\" data-original-height=\"580\" data-original-width=\"900\" height=\"205\" src=\"https:\/\/1.bp.blogspot.com\/-2RO37rD14s0\/XdE5Tvg5o9I\/AAAAAAAAdZ8\/iW3XdqL4Qi4g4zFOolBlWbclrwjWJ5m7ACLcBGAsYHQ\/s320\/estatuta%2Bhumana%2Ben%2BCol%25C3%25B3n.jpg\" width=\"320\"><\/a><\/div>\n<p>El Gentilicio es el nombre con la cual los habitantes de un territorio se identifican y se forma a partir del nombre del territorio al cual hace referencia. En el caso de los habitantes de la Regi\u00f3n del Bio B\u00edo puede decirse que son: Biobenses o Biobianos.<\/p>\n<\/div>\n<div style=\"text-align: justify;\"><\/div>\n<div style=\"text-align: justify;\">En general no existe una identificaci\u00f3n de los habitantes con el territorio de la Regi\u00f3n, hay m\u00e1s cercan\u00eda, identidad y autodenominaci\u00f3n a territorios comunales o m\u00e1s espec\u00edficamente a ciertas localidades. En ese sentido los gentilicios m\u00e1s frecuentes proviene de niveles comunales como penc\u00f3n, sanrosendino, tucapelino, penquista, araucano, angelino, etc\u2026 Las personas normalmente no se identifican como Biobense o Biobiano\u2026 de hecho, hasta a m\u00ed me suena raro y por tal motivo no se usa\u2026 Es un problema gigantesco de identidad\u2026 del tama\u00f1o de una regi\u00f3n.<\/div>\n<div style=\"text-align: justify;\"><\/div>\n<div style=\"text-align: justify;\">Para que el gentilicio sea adoptado, primero tiene que existir un fuerte arraigo de los habitantes a su territorio, luego de ello, las mismas personas comienzan a autodefinirse como biobiano o biobense. Es un proceso bastante largo, pero despu\u00e9s de casi 30 a\u00f1os desde la creaci\u00f3n pol\u00edtico administrativa de la Regi\u00f3n del Bio B\u00edo este proceso no ha ocurrido naturalmente.<\/div>\n<div style=\"text-align: justify;\"><\/div>\n<div style=\"text-align: justify;\">Por otra parte, los habitantes de la Provincia del Bio B\u00edo, cuyo nombre tambi\u00e9n deriva en ambos gentilicios mencionados al principio, tienden a hacer uso de forma m\u00e1s frecuente la denominaci\u00f3n biobense, por tal motivo cuesta pasar a dar un nombre al de un territorio mucho m\u00e1s amplio como el de Regi\u00f3n del Bio B\u00edo.<\/div>\n<div style=\"text-align: justify;\"><\/div>\n<div style=\"text-align: justify;\">Luis Fraczinet<\/div>\n<div style=\"text-align: justify;\">Ser carente de Identidad Territorial<\/div>\n","protected":false},"excerpt":{"rendered":"<p>El Gentilicio es el nombre con la cual los habitantes de un territorio se identifican y se forma a partir del nombre del territorio al cual hace referencia. En el caso de los habitantes de la Regi\u00f3n del Bio B\u00edo puede decirse que son: Biobenses o Biobianos. En general no existe una identificaci\u00f3n de los [&hellip;]<\/p>\n","protected":false},"author":1,"featured_media":9335,"comment_status":"open","ping_status":"closed","sticky":false,"template":"","format":"standard","meta":{"footnotes":""},"categories":[152,116,112,146],"tags":[],"class_list":["post-4159","post","type-post","status-publish","format-standard","has-post-thumbnail","hentry","category-el-libro-de-las-preguntas-de-sofia","category-luis-fraczinet","category-opinion","category-region-del-bio-bio"],"yoast_head":"<!-- This site is optimized with the Yoast SEO plugin v28.2 - https:\/\/yoast.com\/product\/yoast-seo-wordpress\/ -->\n<title>\u00bfCu\u00e1l Es El Gentilicio De Los Habitantes De La Regi\u00f3n Del Bio B\u00edo? - Nuestro Bio B\u00edo<\/title>\n<meta name=\"robots\" content=\"index, follow, max-snippet:-1, max-image-preview:large, max-video-preview:-1\" \/>\n<link rel=\"canonical\" href=\"https:\/\/www.fraczinet.cl\/sitio\/cual-es-el-gentilicio-de-los-habitantes-de-la-region-del-bio-bio\/\" \/>\n<meta property=\"og:locale\" content=\"es_ES\" \/>\n<meta property=\"og:type\" content=\"article\" \/>\n<meta property=\"og:title\" content=\"\u00bfCu\u00e1l Es El Gentilicio De Los Habitantes De La Regi\u00f3n Del Bio B\u00edo? - Nuestro Bio B\u00edo\" \/>\n<meta property=\"og:description\" content=\"El Gentilicio es el nombre con la cual los habitantes de un territorio se identifican y se forma a partir del nombre del territorio al cual hace referencia. En el caso de los habitantes de la Regi\u00f3n del Bio B\u00edo puede decirse que son: Biobenses o Biobianos. En general no existe una identificaci\u00f3n de los [&hellip;]\" \/>\n<meta property=\"og:url\" content=\"https:\/\/www.fraczinet.cl\/sitio\/cual-es-el-gentilicio-de-los-habitantes-de-la-region-del-bio-bio\/\" \/>\n<meta property=\"og:site_name\" content=\"Nuestro Bio B\u00edo\" \/>\n<meta property=\"article:publisher\" content=\"https:\/\/www.facebook.com\/groups\/15721414452\/\" \/>\n<meta property=\"article:published_time\" content=\"2014-08-06T20:27:00+00:00\" \/>\n<meta property=\"article:modified_time\" content=\"2021-11-07T13:37:29+00:00\" \/>\n<meta property=\"og:image\" content=\"https:\/\/www.fraczinet.cl\/sitio\/wp-content\/uploads\/2014\/08\/estatuta-humana-en-Colon-1.jpg\" \/>\n\t<meta property=\"og:image:width\" content=\"320\" \/>\n\t<meta property=\"og:image:height\" content=\"206\" \/>\n\t<meta property=\"og:image:type\" content=\"image\/jpeg\" \/>\n<meta name=\"twitter:card\" content=\"summary_large_image\" \/>\n<meta name=\"twitter:creator\" content=\"@nuestrobiobio\" \/>\n<meta name=\"twitter:site\" content=\"@nuestrobiobio\" \/>\n<meta name=\"twitter:label1\" content=\"Escrito por\" \/>\n\t<meta name=\"twitter:data1\" content=\"\" \/>\n\t<meta name=\"twitter:label2\" content=\"Tiempo de lectura\" \/>\n\t<meta name=\"twitter:data2\" content=\"1 minuto\" \/>\n<script type=\"application\/ld+json\" class=\"yoast-schema-graph\">{\"@context\":\"https:\\\/\\\/schema.org\",\"@graph\":[{\"@type\":\"Article\",\"@id\":\"https:\\\/\\\/www.fraczinet.cl\\\/sitio\\\/cual-es-el-gentilicio-de-los-habitantes-de-la-region-del-bio-bio\\\/#article\",\"isPartOf\":{\"@id\":\"https:\\\/\\\/www.fraczinet.cl\\\/sitio\\\/cual-es-el-gentilicio-de-los-habitantes-de-la-region-del-bio-bio\\\/\"},\"author\":{\"name\":\"\",\"@id\":\"\"},\"headline\":\"\u00bfCu\u00e1l Es El Gentilicio De Los Habitantes De La Regi\u00f3n Del Bio B\u00edo?\",\"datePublished\":\"2014-08-06T20:27:00+00:00\",\"dateModified\":\"2021-11-07T13:37:29+00:00\",\"mainEntityOfPage\":{\"@id\":\"https:\\\/\\\/www.fraczinet.cl\\\/sitio\\\/cual-es-el-gentilicio-de-los-habitantes-de-la-region-del-bio-bio\\\/\"},\"wordCount\":295,\"commentCount\":0,\"image\":{\"@id\":\"https:\\\/\\\/www.fraczinet.cl\\\/sitio\\\/cual-es-el-gentilicio-de-los-habitantes-de-la-region-del-bio-bio\\\/#primaryimage\"},\"thumbnailUrl\":\"https:\\\/\\\/www.fraczinet.cl\\\/sitio\\\/wp-content\\\/uploads\\\/2014\\\/08\\\/estatuta-humana-en-Colon-1.jpg\",\"articleSection\":[\"Libro de Las Preguntas de Sof\u00eda\",\"Luis Fraczinet\",\"Opini\u00f3n\",\"Regi\u00f3n del Bio B\u00edo\"],\"inLanguage\":\"es\",\"potentialAction\":[{\"@type\":\"CommentAction\",\"name\":\"Comment\",\"target\":[\"https:\\\/\\\/www.fraczinet.cl\\\/sitio\\\/cual-es-el-gentilicio-de-los-habitantes-de-la-region-del-bio-bio\\\/#respond\"]}]},{\"@type\":\"WebPage\",\"@id\":\"https:\\\/\\\/www.fraczinet.cl\\\/sitio\\\/cual-es-el-gentilicio-de-los-habitantes-de-la-region-del-bio-bio\\\/\",\"url\":\"https:\\\/\\\/www.fraczinet.cl\\\/sitio\\\/cual-es-el-gentilicio-de-los-habitantes-de-la-region-del-bio-bio\\\/\",\"name\":\"\u00bfCu\u00e1l Es El Gentilicio De Los Habitantes De La Regi\u00f3n Del Bio B\u00edo? - Nuestro Bio B\u00edo\",\"isPartOf\":{\"@id\":\"https:\\\/\\\/www.fraczinet.cl\\\/sitio\\\/#website\"},\"primaryImageOfPage\":{\"@id\":\"https:\\\/\\\/www.fraczinet.cl\\\/sitio\\\/cual-es-el-gentilicio-de-los-habitantes-de-la-region-del-bio-bio\\\/#primaryimage\"},\"image\":{\"@id\":\"https:\\\/\\\/www.fraczinet.cl\\\/sitio\\\/cual-es-el-gentilicio-de-los-habitantes-de-la-region-del-bio-bio\\\/#primaryimage\"},\"thumbnailUrl\":\"https:\\\/\\\/www.fraczinet.cl\\\/sitio\\\/wp-content\\\/uploads\\\/2014\\\/08\\\/estatuta-humana-en-Colon-1.jpg\",\"datePublished\":\"2014-08-06T20:27:00+00:00\",\"dateModified\":\"2021-11-07T13:37:29+00:00\",\"author\":{\"@id\":\"\"},\"breadcrumb\":{\"@id\":\"https:\\\/\\\/www.fraczinet.cl\\\/sitio\\\/cual-es-el-gentilicio-de-los-habitantes-de-la-region-del-bio-bio\\\/#breadcrumb\"},\"inLanguage\":\"es\",\"potentialAction\":[{\"@type\":\"ReadAction\",\"target\":[\"https:\\\/\\\/www.fraczinet.cl\\\/sitio\\\/cual-es-el-gentilicio-de-los-habitantes-de-la-region-del-bio-bio\\\/\"]}]},{\"@type\":\"ImageObject\",\"inLanguage\":\"es\",\"@id\":\"https:\\\/\\\/www.fraczinet.cl\\\/sitio\\\/cual-es-el-gentilicio-de-los-habitantes-de-la-region-del-bio-bio\\\/#primaryimage\",\"url\":\"https:\\\/\\\/www.fraczinet.cl\\\/sitio\\\/wp-content\\\/uploads\\\/2014\\\/08\\\/estatuta-humana-en-Colon-1.jpg\",\"contentUrl\":\"https:\\\/\\\/www.fraczinet.cl\\\/sitio\\\/wp-content\\\/uploads\\\/2014\\\/08\\\/estatuta-humana-en-Colon-1.jpg\",\"width\":320,\"height\":206},{\"@type\":\"BreadcrumbList\",\"@id\":\"https:\\\/\\\/www.fraczinet.cl\\\/sitio\\\/cual-es-el-gentilicio-de-los-habitantes-de-la-region-del-bio-bio\\\/#breadcrumb\",\"itemListElement\":[{\"@type\":\"ListItem\",\"position\":1,\"name\":\"Portada\",\"item\":\"https:\\\/\\\/www.fraczinet.cl\\\/sitio\\\/\"},{\"@type\":\"ListItem\",\"position\":2,\"name\":\"\u00bfCu\u00e1l Es El Gentilicio De Los Habitantes De La Regi\u00f3n Del Bio B\u00edo?\"}]},{\"@type\":\"WebSite\",\"@id\":\"https:\\\/\\\/www.fraczinet.cl\\\/sitio\\\/#website\",\"url\":\"https:\\\/\\\/www.fraczinet.cl\\\/sitio\\\/\",\"name\":\"Nuestro Bio B\u00edo\",\"description\":\"Tierra de Encuentros\",\"potentialAction\":[{\"@type\":\"SearchAction\",\"target\":{\"@type\":\"EntryPoint\",\"urlTemplate\":\"https:\\\/\\\/www.fraczinet.cl\\\/sitio\\\/?s={search_term_string}\"},\"query-input\":{\"@type\":\"PropertyValueSpecification\",\"valueRequired\":true,\"valueName\":\"search_term_string\"}}],\"inLanguage\":\"es\"},{\"@type\":\"Person\",\"@id\":\"\"}]}<\/script>\n<!-- \/ Yoast SEO plugin. -->","yoast_head_json":{"title":"\u00bfCu\u00e1l Es El Gentilicio De Los Habitantes De La Regi\u00f3n Del Bio B\u00edo? - Nuestro Bio B\u00edo","robots":{"index":"index","follow":"follow","max-snippet":"max-snippet:-1","max-image-preview":"max-image-preview:large","max-video-preview":"max-video-preview:-1"},"canonical":"https:\/\/www.fraczinet.cl\/sitio\/cual-es-el-gentilicio-de-los-habitantes-de-la-region-del-bio-bio\/","og_locale":"es_ES","og_type":"article","og_title":"\u00bfCu\u00e1l Es El Gentilicio De Los Habitantes De La Regi\u00f3n Del Bio B\u00edo? - Nuestro Bio B\u00edo","og_description":"El Gentilicio es el nombre con la cual los habitantes de un territorio se identifican y se forma a partir del nombre del territorio al cual hace referencia. En el caso de los habitantes de la Regi\u00f3n del Bio B\u00edo puede decirse que son: Biobenses o Biobianos. En general no existe una identificaci\u00f3n de los [&hellip;]","og_url":"https:\/\/www.fraczinet.cl\/sitio\/cual-es-el-gentilicio-de-los-habitantes-de-la-region-del-bio-bio\/","og_site_name":"Nuestro Bio B\u00edo","article_publisher":"https:\/\/www.facebook.com\/groups\/15721414452\/","article_published_time":"2014-08-06T20:27:00+00:00","article_modified_time":"2021-11-07T13:37:29+00:00","og_image":[{"width":320,"height":206,"url":"https:\/\/www.fraczinet.cl\/sitio\/wp-content\/uploads\/2014\/08\/estatuta-humana-en-Colon-1.jpg","type":"image\/jpeg"}],"twitter_card":"summary_large_image","twitter_creator":"@nuestrobiobio","twitter_site":"@nuestrobiobio","twitter_misc":{"Escrito por":"","Tiempo de lectura":"1 minuto"},"schema":{"@context":"https:\/\/schema.org","@graph":[{"@type":"Article","@id":"https:\/\/www.fraczinet.cl\/sitio\/cual-es-el-gentilicio-de-los-habitantes-de-la-region-del-bio-bio\/#article","isPartOf":{"@id":"https:\/\/www.fraczinet.cl\/sitio\/cual-es-el-gentilicio-de-los-habitantes-de-la-region-del-bio-bio\/"},"author":{"name":"","@id":""},"headline":"\u00bfCu\u00e1l Es El Gentilicio De Los Habitantes De La Regi\u00f3n Del Bio B\u00edo?","datePublished":"2014-08-06T20:27:00+00:00","dateModified":"2021-11-07T13:37:29+00:00","mainEntityOfPage":{"@id":"https:\/\/www.fraczinet.cl\/sitio\/cual-es-el-gentilicio-de-los-habitantes-de-la-region-del-bio-bio\/"},"wordCount":295,"commentCount":0,"image":{"@id":"https:\/\/www.fraczinet.cl\/sitio\/cual-es-el-gentilicio-de-los-habitantes-de-la-region-del-bio-bio\/#primaryimage"},"thumbnailUrl":"https:\/\/www.fraczinet.cl\/sitio\/wp-content\/uploads\/2014\/08\/estatuta-humana-en-Colon-1.jpg","articleSection":["Libro de Las Preguntas de Sof\u00eda","Luis Fraczinet","Opini\u00f3n","Regi\u00f3n del Bio B\u00edo"],"inLanguage":"es","potentialAction":[{"@type":"CommentAction","name":"Comment","target":["https:\/\/www.fraczinet.cl\/sitio\/cual-es-el-gentilicio-de-los-habitantes-de-la-region-del-bio-bio\/#respond"]}]},{"@type":"WebPage","@id":"https:\/\/www.fraczinet.cl\/sitio\/cual-es-el-gentilicio-de-los-habitantes-de-la-region-del-bio-bio\/","url":"https:\/\/www.fraczinet.cl\/sitio\/cual-es-el-gentilicio-de-los-habitantes-de-la-region-del-bio-bio\/","name":"\u00bfCu\u00e1l Es El Gentilicio De Los Habitantes De La Regi\u00f3n Del Bio B\u00edo? - Nuestro Bio B\u00edo","isPartOf":{"@id":"https:\/\/www.fraczinet.cl\/sitio\/#website"},"primaryImageOfPage":{"@id":"https:\/\/www.fraczinet.cl\/sitio\/cual-es-el-gentilicio-de-los-habitantes-de-la-region-del-bio-bio\/#primaryimage"},"image":{"@id":"https:\/\/www.fraczinet.cl\/sitio\/cual-es-el-gentilicio-de-los-habitantes-de-la-region-del-bio-bio\/#primaryimage"},"thumbnailUrl":"https:\/\/www.fraczinet.cl\/sitio\/wp-content\/uploads\/2014\/08\/estatuta-humana-en-Colon-1.jpg","datePublished":"2014-08-06T20:27:00+00:00","dateModified":"2021-11-07T13:37:29+00:00","author":{"@id":""},"breadcrumb":{"@id":"https:\/\/www.fraczinet.cl\/sitio\/cual-es-el-gentilicio-de-los-habitantes-de-la-region-del-bio-bio\/#breadcrumb"},"inLanguage":"es","potentialAction":[{"@type":"ReadAction","target":["https:\/\/www.fraczinet.cl\/sitio\/cual-es-el-gentilicio-de-los-habitantes-de-la-region-del-bio-bio\/"]}]},{"@type":"ImageObject","inLanguage":"es","@id":"https:\/\/www.fraczinet.cl\/sitio\/cual-es-el-gentilicio-de-los-habitantes-de-la-region-del-bio-bio\/#primaryimage","url":"https:\/\/www.fraczinet.cl\/sitio\/wp-content\/uploads\/2014\/08\/estatuta-humana-en-Colon-1.jpg","contentUrl":"https:\/\/www.fraczinet.cl\/sitio\/wp-content\/uploads\/2014\/08\/estatuta-humana-en-Colon-1.jpg","width":320,"height":206},{"@type":"BreadcrumbList","@id":"https:\/\/www.fraczinet.cl\/sitio\/cual-es-el-gentilicio-de-los-habitantes-de-la-region-del-bio-bio\/#breadcrumb","itemListElement":[{"@type":"ListItem","position":1,"name":"Portada","item":"https:\/\/www.fraczinet.cl\/sitio\/"},{"@type":"ListItem","position":2,"name":"\u00bfCu\u00e1l Es El Gentilicio De Los Habitantes De La Regi\u00f3n Del Bio B\u00edo?"}]},{"@type":"WebSite","@id":"https:\/\/www.fraczinet.cl\/sitio\/#website","url":"https:\/\/www.fraczinet.cl\/sitio\/","name":"Nuestro Bio B\u00edo","description":"Tierra de Encuentros","potentialAction":[{"@type":"SearchAction","target":{"@type":"EntryPoint","urlTemplate":"https:\/\/www.fraczinet.cl\/sitio\/?s={search_term_string}"},"query-input":{"@type":"PropertyValueSpecification","valueRequired":true,"valueName":"search_term_string"}}],"inLanguage":"es"},{"@type":"Person","@id":""}]}},"_links":{"self":[{"href":"https:\/\/www.fraczinet.cl\/sitio\/wp-json\/wp\/v2\/posts\/4159","targetHints":{"allow":["GET"]}}],"collection":[{"href":"https:\/\/www.fraczinet.cl\/sitio\/wp-json\/wp\/v2\/posts"}],"about":[{"href":"https:\/\/www.fraczinet.cl\/sitio\/wp-json\/wp\/v2\/types\/post"}],"author":[{"embeddable":true,"href":"https:\/\/www.fraczinet.cl\/sitio\/wp-json\/wp\/v2\/users\/1"}],"replies":[{"embeddable":true,"href":"https:\/\/www.fraczinet.cl\/sitio\/wp-json\/wp\/v2\/comments?post=4159"}],"version-history":[{"count":1,"href":"https:\/\/www.fraczinet.cl\/sitio\/wp-json\/wp\/v2\/posts\/4159\/revisions"}],"predecessor-version":[{"id":9336,"href":"https:\/\/www.fraczinet.cl\/sitio\/wp-json\/wp\/v2\/posts\/4159\/revisions\/9336"}],"wp:featuredmedia":[{"embeddable":true,"href":"https:\/\/www.fraczinet.cl\/sitio\/wp-json\/wp\/v2\/media\/9335"}],"wp:attachment":[{"href":"https:\/\/www.fraczinet.cl\/sitio\/wp-json\/wp\/v2\/media?parent=4159"}],"wp:term":[{"taxonomy":"category","embeddable":true,"href":"https:\/\/www.fraczinet.cl\/sitio\/wp-json\/wp\/v2\/categories?post=4159"},{"taxonomy":"post_tag","embeddable":true,"href":"https:\/\/www.fraczinet.cl\/sitio\/wp-json\/wp\/v2\/tags?post=4159"}],"curies":[{"name":"wp","href":"https:\/\/api.w.org\/{rel}","templated":true}]}}