{"id":4163,"date":"2014-03-28T20:27:00","date_gmt":"2014-03-28T20:27:00","guid":{"rendered":"https:\/\/www.fraczinet.cl\/sitio\/2014\/03\/28\/nop-no-he-viajado-por-los-7-mares\/"},"modified":"2022-10-30T14:22:10","modified_gmt":"2022-10-30T14:22:10","slug":"nop-no-he-viajado-por-los-7-mares","status":"publish","type":"post","link":"https:\/\/www.fraczinet.cl\/sitio\/nop-no-he-viajado-por-los-7-mares\/","title":{"rendered":"Nop&#8230; No He Viajado Por Los 7 Mares"},"content":{"rendered":"<div style=\"clear: both; text-align: center;\"><a style=\"clear: left; float: left; margin-bottom: 1em; margin-right: 1em;\" href=\"http:\/\/1.bp.blogspot.com\/-tzHRd-f6-uU\/UzXbDOKJMrI\/AAAAAAAACDQ\/vk_3WAzYDO8\/s1600\/haytoyyo.jpg\"><img fetchpriority=\"high\" decoding=\"async\" src=\"http:\/\/1.bp.blogspot.com\/-tzHRd-f6-uU\/UzXbDOKJMrI\/AAAAAAAACDQ\/vk_3WAzYDO8\/s1600\/haytoyyo.jpg\" width=\"244\" height=\"320\" border=\"0\" \/><\/a><\/div>\n<p>Nop&#8230; no he viajado por los 7 mares ni me he le\u00eddo todos los letreros de Roma&#8230; ni es mi sue\u00f1o visitar la Ciudad Luz.<\/p>\n<p>Pero me fui caminando a los 14 a\u00f1os desde Santiago hasta Los Vilos.<br \/>\nViaj\u00e9 de La Serena hasta Valdivia en un d\u00eda.<br \/>\nSub\u00ed paseando el Cerro el Tofo<br \/>\nSi!&#8230; Tambi\u00e9n camin\u00e9 por Cachiyuyo<br \/>\nHice el recorrido de los 45 Soldados M\u00e1rtires que murieron en Antuco<br \/>\nVolqu\u00e9 en una quebrada de Alto Bio B\u00edo<br \/>\nSub\u00ed durante 5 a\u00f1os cada fin de semana la Quebrada de La Plata<br \/>\nDescubr\u00ed el Desierto Florido con el mejor profesor de Bot\u00e1nica de la Universidad de La Serena<br \/>\nHice mi tesis en Cuz Cuz y en la Quebrada de Caiceo con el m\u00e1s grande Doctor en Ecolog\u00eda de la Universidad de Chile<br \/>\nMe perd\u00ed en la precordillera de Los Andes<br \/>\nDorm\u00ed tres noches en las puertas del Metro y otras tantas en la carretera<br \/>\nEstuve de Ermita\u00f1o durante 3 semanas estudiando la vegetaci\u00f3n de la Reserva Nacional Altos de Lircay<br \/>\nEn Talca, cientos de estudiantes de Agronom\u00eda me conocieron como El Papayo<br \/>\nFui vedetto en Vilchez, La Serena y Nacimiento<br \/>\nFu\u00ed Dirigente estudiantil en la Gloriosa Universidad de La Serena y Remat\u00e9 como comunista en la Hist\u00f3rica Universidad de Chile<br \/>\nNos tomamos La Colina a punta de pura guitarra<br \/>\nReconozco que la plaza m\u00e1s hermosa que he visto es la de Bulnes&#8230;<br \/>\nPor alguna extra\u00f1a raz\u00f3n no deseo volver a Florida nunca m\u00e1s<br \/>\nViaj\u00e9 por casi 8 meses cada fin de semana desde Los \u00c1ngeles a Concepci\u00f3n<br \/>\nSub\u00ed el Volc\u00e1n Descabezado Grande y el Enladrillado&#8230; Si! Tambi\u00e9n encontr\u00e9 mi flor de 7 colores (Alstroemeria pseudospathulata)<br \/>\nTrabaj\u00e9 dos meses de garz\u00f3n en Cochiguaz<br \/>\nDurante 4 a\u00f1os fui Gu\u00eda en el Museo de Historia Natural<br \/>\nEnse\u00f1\u00e9 Ecolog\u00eda y \u00c9tica por casi 5 a\u00f1os<br \/>\nPerd\u00ed mi castidad en Santiago, supe de la inocencia en un bosque de Cartagena&#8230; y con mucho respeto a todas las mujeres que me conocieron, disfrut\u00e9 del mejor sexo en Los \u00c1ngeles.<br \/>\nMis hijos nacieron en Concepci\u00f3n<br \/>\nRecorr\u00ed caminando entre Yumbel y San Rosendo<br \/>\nHasta que falleci\u00f3 mi padrastro \u00edba todos los veranos a Atelcura<br \/>\nAprend\u00ed a pescar en el Lago Rapel<br \/>\nCruc\u00e9 el Puente de Laja a San Rosendo con maravilla en mis ojos<br \/>\nDescubr\u00ed el hermoso camino entre Valdivia y Niebla<br \/>\nPernoct\u00e9 entre los cerros de Copiap\u00f3<br \/>\nHe fotografiado casi todas las Plazas de Armas de la Regi\u00f3n del Bio B\u00edo<br \/>\nFug\u00e1ndome de Los \u00c1ngeles descubr\u00ed que antes de escapar debo averiguar cu\u00e1l es la salida m\u00e1s corta<br \/>\nTrabaj\u00e9 de escen\u00f3grafo en Cauquenes<br \/>\nRecorr\u00ed las calles de cabrero<br \/>\nMe enamor\u00e9 de la estaci\u00f3n de Ferrocarriles de Monte\u00e1guila<br \/>\nRecib\u00ed la solidaridad de una familia desconocida en la Cuesta Las Chilcas<br \/>\nCamin\u00e9 por el Glaciar El Morado<br \/>\nY por la cresta que son bellos los amaneceres en El Faro de La Serena.<br \/>\nFui Carpintero en Villarrica y Chofer en Puc\u00f3n<br \/>\nFu\u00ed poeta en Rancagua<br \/>\nCamin\u00e9 por los bosques de robles en zonas donde nunca nadie hab\u00eda caminado<br \/>\nHice un viaje que jam\u00e1s podr\u00e9 decir que hice&#8230; pero lo hice. Mis viejos amigos recuerdan que me desaparec\u00ed por un mes del Liceo<br \/>\nBajo cada madrugada el Cerro La Virgen de Coronel<br \/>\nDisfrutamos con mis hijos la Playa Blanca&#8230; y record\u00e9 como lo hac\u00eda en mi ni\u00f1ez cuando iba con mi abuela al Quisco<br \/>\nAlmorc\u00e9 un bello proyecto en los Saltos del Laja<br \/>\nFui violinista en Isla Negra<br \/>\nEscuch\u00e9 a Pink Floyd en Algarrobo<br \/>\nConoc\u00ed a mi padre en Valparaiso<br \/>\nLa hice de Junior en Santiago<br \/>\nFui Candidato a Diputado Humanista por Tom\u00e9, Hualqui, Santa Juana, Florida, Coronel y Penco y a Concejal por Concepci\u00f3n<br \/>\nHoy Estoy exiliado en Coronel<br \/>\nY Cruzo el R\u00edo Bio B\u00edo cada d\u00eda<\/p>\n<p>Mi cuerpo a\u00fan tiene poes\u00eda&#8230; donde me lleven mis pies&#8230; ah\u00ed morir\u00e9 cada d\u00eda&#8230; perd\u00f3n, quise decir Dormir\u00e9 cada d\u00eda.<\/p>\n<p>Luis Fraczinet<br \/>\nPoeta<\/p>\n","protected":false},"excerpt":{"rendered":"<p>Nop&#8230; no he viajado por los 7 mares ni me he le\u00eddo todos los letreros de Roma&#8230; ni es mi sue\u00f1o visitar la Ciudad Luz. Pero me fui caminando a los 14 a\u00f1os desde Santiago hasta Los Vilos. Viaj\u00e9 de La Serena hasta Valdivia en un d\u00eda. Sub\u00ed paseando el Cerro el Tofo Si!&#8230; Tambi\u00e9n [&hellip;]<\/p>\n","protected":false},"author":1,"featured_media":10011,"comment_status":"open","ping_status":"closed","sticky":false,"template":"","format":"standard","meta":{"footnotes":""},"categories":[116,385,67],"tags":[],"class_list":["post-4163","post","type-post","status-publish","format-standard","has-post-thumbnail","hentry","category-luis-fraczinet","category-luis-fraczinet-poesia","category-poesia"],"yoast_head":"<!-- This site is optimized with the Yoast SEO plugin v28.2 - https:\/\/yoast.com\/product\/yoast-seo-wordpress\/ -->\n<title>Nop... No He Viajado Por Los 7 Mares - Nuestro Bio B\u00edo<\/title>\n<meta name=\"robots\" content=\"index, follow, max-snippet:-1, max-image-preview:large, max-video-preview:-1\" \/>\n<link rel=\"canonical\" href=\"https:\/\/www.fraczinet.cl\/sitio\/nop-no-he-viajado-por-los-7-mares\/\" \/>\n<meta property=\"og:locale\" content=\"es_ES\" \/>\n<meta property=\"og:type\" content=\"article\" \/>\n<meta property=\"og:title\" content=\"Nop... No He Viajado Por Los 7 Mares - Nuestro Bio B\u00edo\" \/>\n<meta property=\"og:description\" content=\"Nop&#8230; no he viajado por los 7 mares ni me he le\u00eddo todos los letreros de Roma&#8230; ni es mi sue\u00f1o visitar la Ciudad Luz. Pero me fui caminando a los 14 a\u00f1os desde Santiago hasta Los Vilos. Viaj\u00e9 de La Serena hasta Valdivia en un d\u00eda. Sub\u00ed paseando el Cerro el Tofo Si!&#8230; Tambi\u00e9n [&hellip;]\" \/>\n<meta property=\"og:url\" content=\"https:\/\/www.fraczinet.cl\/sitio\/nop-no-he-viajado-por-los-7-mares\/\" \/>\n<meta property=\"og:site_name\" content=\"Nuestro Bio B\u00edo\" \/>\n<meta property=\"article:publisher\" content=\"https:\/\/www.facebook.com\/groups\/15721414452\/\" \/>\n<meta property=\"article:published_time\" content=\"2014-03-28T20:27:00+00:00\" \/>\n<meta property=\"article:modified_time\" content=\"2022-10-30T14:22:10+00:00\" \/>\n<meta property=\"og:image\" content=\"https:\/\/www.fraczinet.cl\/sitio\/wp-content\/uploads\/2014\/03\/haytoyyo-1.jpg\" \/>\n\t<meta property=\"og:image:width\" content=\"776\" \/>\n\t<meta property=\"og:image:height\" content=\"1017\" \/>\n\t<meta property=\"og:image:type\" content=\"image\/jpeg\" \/>\n<meta name=\"twitter:card\" content=\"summary_large_image\" \/>\n<meta name=\"twitter:creator\" content=\"@nuestrobiobio\" \/>\n<meta name=\"twitter:site\" content=\"@nuestrobiobio\" \/>\n<meta name=\"twitter:label1\" content=\"Escrito por\" \/>\n\t<meta name=\"twitter:data1\" content=\"\" \/>\n\t<meta name=\"twitter:label2\" content=\"Tiempo de lectura\" \/>\n\t<meta name=\"twitter:data2\" content=\"3 minutos\" \/>\n<script type=\"application\/ld+json\" class=\"yoast-schema-graph\">{\"@context\":\"https:\\\/\\\/schema.org\",\"@graph\":[{\"@type\":\"Article\",\"@id\":\"https:\\\/\\\/www.fraczinet.cl\\\/sitio\\\/nop-no-he-viajado-por-los-7-mares\\\/#article\",\"isPartOf\":{\"@id\":\"https:\\\/\\\/www.fraczinet.cl\\\/sitio\\\/nop-no-he-viajado-por-los-7-mares\\\/\"},\"author\":{\"name\":\"\",\"@id\":\"\"},\"headline\":\"Nop&#8230; No He Viajado Por Los 7 Mares\",\"datePublished\":\"2014-03-28T20:27:00+00:00\",\"dateModified\":\"2022-10-30T14:22:10+00:00\",\"mainEntityOfPage\":{\"@id\":\"https:\\\/\\\/www.fraczinet.cl\\\/sitio\\\/nop-no-he-viajado-por-los-7-mares\\\/\"},\"wordCount\":687,\"commentCount\":0,\"image\":{\"@id\":\"https:\\\/\\\/www.fraczinet.cl\\\/sitio\\\/nop-no-he-viajado-por-los-7-mares\\\/#primaryimage\"},\"thumbnailUrl\":\"https:\\\/\\\/www.fraczinet.cl\\\/sitio\\\/wp-content\\\/uploads\\\/2014\\\/03\\\/haytoyyo-1.jpg\",\"articleSection\":[\"Luis Fraczinet\",\"Luis Fraczinet Poes\u00eda\",\"Poes\u00eda\"],\"inLanguage\":\"es\",\"potentialAction\":[{\"@type\":\"CommentAction\",\"name\":\"Comment\",\"target\":[\"https:\\\/\\\/www.fraczinet.cl\\\/sitio\\\/nop-no-he-viajado-por-los-7-mares\\\/#respond\"]}]},{\"@type\":\"WebPage\",\"@id\":\"https:\\\/\\\/www.fraczinet.cl\\\/sitio\\\/nop-no-he-viajado-por-los-7-mares\\\/\",\"url\":\"https:\\\/\\\/www.fraczinet.cl\\\/sitio\\\/nop-no-he-viajado-por-los-7-mares\\\/\",\"name\":\"Nop... No He Viajado Por Los 7 Mares - Nuestro Bio B\u00edo\",\"isPartOf\":{\"@id\":\"https:\\\/\\\/www.fraczinet.cl\\\/sitio\\\/#website\"},\"primaryImageOfPage\":{\"@id\":\"https:\\\/\\\/www.fraczinet.cl\\\/sitio\\\/nop-no-he-viajado-por-los-7-mares\\\/#primaryimage\"},\"image\":{\"@id\":\"https:\\\/\\\/www.fraczinet.cl\\\/sitio\\\/nop-no-he-viajado-por-los-7-mares\\\/#primaryimage\"},\"thumbnailUrl\":\"https:\\\/\\\/www.fraczinet.cl\\\/sitio\\\/wp-content\\\/uploads\\\/2014\\\/03\\\/haytoyyo-1.jpg\",\"datePublished\":\"2014-03-28T20:27:00+00:00\",\"dateModified\":\"2022-10-30T14:22:10+00:00\",\"author\":{\"@id\":\"\"},\"breadcrumb\":{\"@id\":\"https:\\\/\\\/www.fraczinet.cl\\\/sitio\\\/nop-no-he-viajado-por-los-7-mares\\\/#breadcrumb\"},\"inLanguage\":\"es\",\"potentialAction\":[{\"@type\":\"ReadAction\",\"target\":[\"https:\\\/\\\/www.fraczinet.cl\\\/sitio\\\/nop-no-he-viajado-por-los-7-mares\\\/\"]}]},{\"@type\":\"ImageObject\",\"inLanguage\":\"es\",\"@id\":\"https:\\\/\\\/www.fraczinet.cl\\\/sitio\\\/nop-no-he-viajado-por-los-7-mares\\\/#primaryimage\",\"url\":\"https:\\\/\\\/www.fraczinet.cl\\\/sitio\\\/wp-content\\\/uploads\\\/2014\\\/03\\\/haytoyyo-1.jpg\",\"contentUrl\":\"https:\\\/\\\/www.fraczinet.cl\\\/sitio\\\/wp-content\\\/uploads\\\/2014\\\/03\\\/haytoyyo-1.jpg\",\"width\":776,\"height\":1017},{\"@type\":\"BreadcrumbList\",\"@id\":\"https:\\\/\\\/www.fraczinet.cl\\\/sitio\\\/nop-no-he-viajado-por-los-7-mares\\\/#breadcrumb\",\"itemListElement\":[{\"@type\":\"ListItem\",\"position\":1,\"name\":\"Portada\",\"item\":\"https:\\\/\\\/www.fraczinet.cl\\\/sitio\\\/\"},{\"@type\":\"ListItem\",\"position\":2,\"name\":\"Nop&#8230; No He Viajado Por Los 7 Mares\"}]},{\"@type\":\"WebSite\",\"@id\":\"https:\\\/\\\/www.fraczinet.cl\\\/sitio\\\/#website\",\"url\":\"https:\\\/\\\/www.fraczinet.cl\\\/sitio\\\/\",\"name\":\"Nuestro Bio B\u00edo\",\"description\":\"Tierra de Encuentros\",\"potentialAction\":[{\"@type\":\"SearchAction\",\"target\":{\"@type\":\"EntryPoint\",\"urlTemplate\":\"https:\\\/\\\/www.fraczinet.cl\\\/sitio\\\/?s={search_term_string}\"},\"query-input\":{\"@type\":\"PropertyValueSpecification\",\"valueRequired\":true,\"valueName\":\"search_term_string\"}}],\"inLanguage\":\"es\"},{\"@type\":\"Person\",\"@id\":\"\"}]}<\/script>\n<!-- \/ Yoast SEO plugin. -->","yoast_head_json":{"title":"Nop... No He Viajado Por Los 7 Mares - Nuestro Bio B\u00edo","robots":{"index":"index","follow":"follow","max-snippet":"max-snippet:-1","max-image-preview":"max-image-preview:large","max-video-preview":"max-video-preview:-1"},"canonical":"https:\/\/www.fraczinet.cl\/sitio\/nop-no-he-viajado-por-los-7-mares\/","og_locale":"es_ES","og_type":"article","og_title":"Nop... No He Viajado Por Los 7 Mares - Nuestro Bio B\u00edo","og_description":"Nop&#8230; no he viajado por los 7 mares ni me he le\u00eddo todos los letreros de Roma&#8230; ni es mi sue\u00f1o visitar la Ciudad Luz. Pero me fui caminando a los 14 a\u00f1os desde Santiago hasta Los Vilos. Viaj\u00e9 de La Serena hasta Valdivia en un d\u00eda. Sub\u00ed paseando el Cerro el Tofo Si!&#8230; Tambi\u00e9n [&hellip;]","og_url":"https:\/\/www.fraczinet.cl\/sitio\/nop-no-he-viajado-por-los-7-mares\/","og_site_name":"Nuestro Bio B\u00edo","article_publisher":"https:\/\/www.facebook.com\/groups\/15721414452\/","article_published_time":"2014-03-28T20:27:00+00:00","article_modified_time":"2022-10-30T14:22:10+00:00","og_image":[{"width":776,"height":1017,"url":"https:\/\/www.fraczinet.cl\/sitio\/wp-content\/uploads\/2014\/03\/haytoyyo-1.jpg","type":"image\/jpeg"}],"twitter_card":"summary_large_image","twitter_creator":"@nuestrobiobio","twitter_site":"@nuestrobiobio","twitter_misc":{"Escrito por":"","Tiempo de lectura":"3 minutos"},"schema":{"@context":"https:\/\/schema.org","@graph":[{"@type":"Article","@id":"https:\/\/www.fraczinet.cl\/sitio\/nop-no-he-viajado-por-los-7-mares\/#article","isPartOf":{"@id":"https:\/\/www.fraczinet.cl\/sitio\/nop-no-he-viajado-por-los-7-mares\/"},"author":{"name":"","@id":""},"headline":"Nop&#8230; No He Viajado Por Los 7 Mares","datePublished":"2014-03-28T20:27:00+00:00","dateModified":"2022-10-30T14:22:10+00:00","mainEntityOfPage":{"@id":"https:\/\/www.fraczinet.cl\/sitio\/nop-no-he-viajado-por-los-7-mares\/"},"wordCount":687,"commentCount":0,"image":{"@id":"https:\/\/www.fraczinet.cl\/sitio\/nop-no-he-viajado-por-los-7-mares\/#primaryimage"},"thumbnailUrl":"https:\/\/www.fraczinet.cl\/sitio\/wp-content\/uploads\/2014\/03\/haytoyyo-1.jpg","articleSection":["Luis Fraczinet","Luis Fraczinet Poes\u00eda","Poes\u00eda"],"inLanguage":"es","potentialAction":[{"@type":"CommentAction","name":"Comment","target":["https:\/\/www.fraczinet.cl\/sitio\/nop-no-he-viajado-por-los-7-mares\/#respond"]}]},{"@type":"WebPage","@id":"https:\/\/www.fraczinet.cl\/sitio\/nop-no-he-viajado-por-los-7-mares\/","url":"https:\/\/www.fraczinet.cl\/sitio\/nop-no-he-viajado-por-los-7-mares\/","name":"Nop... No He Viajado Por Los 7 Mares - Nuestro Bio B\u00edo","isPartOf":{"@id":"https:\/\/www.fraczinet.cl\/sitio\/#website"},"primaryImageOfPage":{"@id":"https:\/\/www.fraczinet.cl\/sitio\/nop-no-he-viajado-por-los-7-mares\/#primaryimage"},"image":{"@id":"https:\/\/www.fraczinet.cl\/sitio\/nop-no-he-viajado-por-los-7-mares\/#primaryimage"},"thumbnailUrl":"https:\/\/www.fraczinet.cl\/sitio\/wp-content\/uploads\/2014\/03\/haytoyyo-1.jpg","datePublished":"2014-03-28T20:27:00+00:00","dateModified":"2022-10-30T14:22:10+00:00","author":{"@id":""},"breadcrumb":{"@id":"https:\/\/www.fraczinet.cl\/sitio\/nop-no-he-viajado-por-los-7-mares\/#breadcrumb"},"inLanguage":"es","potentialAction":[{"@type":"ReadAction","target":["https:\/\/www.fraczinet.cl\/sitio\/nop-no-he-viajado-por-los-7-mares\/"]}]},{"@type":"ImageObject","inLanguage":"es","@id":"https:\/\/www.fraczinet.cl\/sitio\/nop-no-he-viajado-por-los-7-mares\/#primaryimage","url":"https:\/\/www.fraczinet.cl\/sitio\/wp-content\/uploads\/2014\/03\/haytoyyo-1.jpg","contentUrl":"https:\/\/www.fraczinet.cl\/sitio\/wp-content\/uploads\/2014\/03\/haytoyyo-1.jpg","width":776,"height":1017},{"@type":"BreadcrumbList","@id":"https:\/\/www.fraczinet.cl\/sitio\/nop-no-he-viajado-por-los-7-mares\/#breadcrumb","itemListElement":[{"@type":"ListItem","position":1,"name":"Portada","item":"https:\/\/www.fraczinet.cl\/sitio\/"},{"@type":"ListItem","position":2,"name":"Nop&#8230; No He Viajado Por Los 7 Mares"}]},{"@type":"WebSite","@id":"https:\/\/www.fraczinet.cl\/sitio\/#website","url":"https:\/\/www.fraczinet.cl\/sitio\/","name":"Nuestro Bio B\u00edo","description":"Tierra de Encuentros","potentialAction":[{"@type":"SearchAction","target":{"@type":"EntryPoint","urlTemplate":"https:\/\/www.fraczinet.cl\/sitio\/?s={search_term_string}"},"query-input":{"@type":"PropertyValueSpecification","valueRequired":true,"valueName":"search_term_string"}}],"inLanguage":"es"},{"@type":"Person","@id":""}]}},"_links":{"self":[{"href":"https:\/\/www.fraczinet.cl\/sitio\/wp-json\/wp\/v2\/posts\/4163","targetHints":{"allow":["GET"]}}],"collection":[{"href":"https:\/\/www.fraczinet.cl\/sitio\/wp-json\/wp\/v2\/posts"}],"about":[{"href":"https:\/\/www.fraczinet.cl\/sitio\/wp-json\/wp\/v2\/types\/post"}],"author":[{"embeddable":true,"href":"https:\/\/www.fraczinet.cl\/sitio\/wp-json\/wp\/v2\/users\/1"}],"replies":[{"embeddable":true,"href":"https:\/\/www.fraczinet.cl\/sitio\/wp-json\/wp\/v2\/comments?post=4163"}],"version-history":[{"count":1,"href":"https:\/\/www.fraczinet.cl\/sitio\/wp-json\/wp\/v2\/posts\/4163\/revisions"}],"predecessor-version":[{"id":10014,"href":"https:\/\/www.fraczinet.cl\/sitio\/wp-json\/wp\/v2\/posts\/4163\/revisions\/10014"}],"wp:featuredmedia":[{"embeddable":true,"href":"https:\/\/www.fraczinet.cl\/sitio\/wp-json\/wp\/v2\/media\/10011"}],"wp:attachment":[{"href":"https:\/\/www.fraczinet.cl\/sitio\/wp-json\/wp\/v2\/media?parent=4163"}],"wp:term":[{"taxonomy":"category","embeddable":true,"href":"https:\/\/www.fraczinet.cl\/sitio\/wp-json\/wp\/v2\/categories?post=4163"},{"taxonomy":"post_tag","embeddable":true,"href":"https:\/\/www.fraczinet.cl\/sitio\/wp-json\/wp\/v2\/tags?post=4163"}],"curies":[{"name":"wp","href":"https:\/\/api.w.org\/{rel}","templated":true}]}}