{"id":4187,"date":"2013-07-08T03:36:00","date_gmt":"2013-07-08T03:36:00","guid":{"rendered":"https:\/\/www.fraczinet.cl\/sitio\/2013\/07\/08\/razones-por-que-ser-candidato\/"},"modified":"2022-10-30T14:23:31","modified_gmt":"2022-10-30T14:23:31","slug":"razones-por-que-ser-candidato","status":"publish","type":"post","link":"https:\/\/www.fraczinet.cl\/sitio\/razones-por-que-ser-candidato\/","title":{"rendered":"Razones: \u00bfPor Qu\u00e9 Ser Candidato?"},"content":{"rendered":"<div style=\"clear: both; text-align: center;\"><a href=\"http:\/\/3.bp.blogspot.com\/-PXketN-JpDE\/UdoznXsOuDI\/AAAAAAAABAI\/yS19nr38ecg\/s1600\/frac1.jpg\" style=\"margin-left: 1em; margin-right: 1em;\"><img fetchpriority=\"high\" decoding=\"async\" border=\"0\" src=\"http:\/\/3.bp.blogspot.com\/-PXketN-JpDE\/UdoznXsOuDI\/AAAAAAAABAI\/yS19nr38ecg\/s320\/frac1.jpg\" height=\"213\" width=\"320\" \/><\/a><\/div>\n<p><span data-ft=\"{&quot;type&quot;:45}\" tabindex=\"0\"><span>Considero  a quien dedica tiempo a la pol\u00edtica como un instrumentos de todxs  quenes tienen como inter\u00e9s supremo buscar el Bien Mayor y en esa  disposici\u00f3n estar\u00e1 el trabajo que puedo realizar mientras sea  necesario&#8230; y as\u00ed como vemos este mundo, la cosa se da para largo.  Ning\u00fan pol\u00edtico es autoridad divina&#8230; a menos existan personas que le  ofrezcan gratuitamente ese t\u00edtulo de Dioses del Olimpo (la<span> ignorancia es muy poderosa&#8230; pero no para quien la ejerce). <\/span><\/span><\/span><br \/><span data-ft=\"{&quot;type&quot;:45}\" tabindex=\"0\"><span><span> <\/span><\/span><\/span><br \/><span data-ft=\"{&quot;type&quot;:45}\" tabindex=\"0\"><span><span> Todos los cargos de elecci\u00f3n popular no son cargos de \u00abautoridad\u00bb, son  espacios de responsabilidad y esa responsablidad se refleja \u00fanica y  exclusivamente con los actos como reflejo de nuestros pensamientos. En  una sociedad de respeto actuaremos todos en paridad y en paridad no  existen dioses ni divinas autoridades. En una sociedad de respeto no  existen representantes que se mandan solos sin necesidad de rendirle  cuentas a nadie&#8230; en una sociedad de respeto se act\u00faa en paridad y solo  se eligen buenos voceros mandatados a hacer lo que la comunidad les  pide. <\/span><\/span><\/span><br \/><span data-ft=\"{&quot;type&quot;:45}\" tabindex=\"0\"><span><span> <\/span><\/span><\/span><br \/><span data-ft=\"{&quot;type&quot;:45}\" tabindex=\"0\"><span><span> Aqu\u00ed practicamos la Igualdad del Teclado&#8230; nos sentamos  todos en el mismo lugar y las autoridades por llegar atrasadas se van  para atr\u00e1s.<\/span><\/span><\/span><br \/><span data-ft=\"{&quot;type&quot;:45}\" tabindex=\"0\"><span><span><\/span><\/span><\/span><span data-ft=\"{&quot;type&quot;:45}\" tabindex=\"0\"><span><span> <\/span><\/span><\/span><br \/><span data-ft=\"{&quot;type&quot;:45}\" tabindex=\"0\"><span><span><\/span><\/span><\/span><span data-ft=\"{&quot;type&quot;:45}\" tabindex=\"0\"><span><span> Luis Fraczinet<br \/> Poeta Cesante, Fil\u00f3sofo de Cocina, Al\u00e9rgico a la Violencia, Inmune a la Muerte<br \/> Ahora Candidato a Diputado Humanista<br \/> por Tom\u00e9, Penco, Florida, Hualqui, Santa Juana y Coronel<\/span><\/span><\/span><\/p>\n","protected":false},"excerpt":{"rendered":"<p>Considero a quien dedica tiempo a la pol\u00edtica como un instrumentos de todxs quenes tienen como inter\u00e9s supremo buscar el Bien Mayor y en esa disposici\u00f3n estar\u00e1 el trabajo que puedo realizar mientras sea necesario&#8230; y as\u00ed como vemos este mundo, la cosa se da para largo. Ning\u00fan pol\u00edtico es autoridad divina&#8230; a menos existan [&hellip;]<\/p>\n","protected":false},"author":1,"featured_media":0,"comment_status":"open","ping_status":"closed","sticky":false,"template":"","format":"standard","meta":{"footnotes":""},"categories":[116,386,131],"tags":[],"class_list":["post-4187","post","type-post","status-publish","format-standard","hentry","category-luis-fraczinet","category-luis-fraczinet-opinion","category-politica"],"yoast_head":"<!-- This site is optimized with the Yoast SEO plugin v28.2 - https:\/\/yoast.com\/product\/yoast-seo-wordpress\/ -->\n<title>Razones: \u00bfPor Qu\u00e9 Ser Candidato? - Nuestro Bio B\u00edo<\/title>\n<meta name=\"robots\" content=\"index, follow, max-snippet:-1, max-image-preview:large, max-video-preview:-1\" \/>\n<link rel=\"canonical\" href=\"https:\/\/www.fraczinet.cl\/sitio\/razones-por-que-ser-candidato\/\" \/>\n<meta property=\"og:locale\" content=\"es_ES\" \/>\n<meta property=\"og:type\" content=\"article\" \/>\n<meta property=\"og:title\" content=\"Razones: \u00bfPor Qu\u00e9 Ser Candidato? - Nuestro Bio B\u00edo\" \/>\n<meta property=\"og:description\" content=\"Considero a quien dedica tiempo a la pol\u00edtica como un instrumentos de todxs quenes tienen como inter\u00e9s supremo buscar el Bien Mayor y en esa disposici\u00f3n estar\u00e1 el trabajo que puedo realizar mientras sea necesario&#8230; y as\u00ed como vemos este mundo, la cosa se da para largo. Ning\u00fan pol\u00edtico es autoridad divina&#8230; a menos existan [&hellip;]\" \/>\n<meta property=\"og:url\" content=\"https:\/\/www.fraczinet.cl\/sitio\/razones-por-que-ser-candidato\/\" \/>\n<meta property=\"og:site_name\" content=\"Nuestro Bio B\u00edo\" \/>\n<meta property=\"article:publisher\" content=\"https:\/\/www.facebook.com\/groups\/15721414452\/\" \/>\n<meta property=\"article:published_time\" content=\"2013-07-08T03:36:00+00:00\" \/>\n<meta property=\"article:modified_time\" content=\"2022-10-30T14:23:31+00:00\" \/>\n<meta property=\"og:image\" content=\"http:\/\/3.bp.blogspot.com\/-PXketN-JpDE\/UdoznXsOuDI\/AAAAAAAABAI\/yS19nr38ecg\/s320\/frac1.jpg\" \/>\n<meta name=\"twitter:card\" content=\"summary_large_image\" \/>\n<meta name=\"twitter:creator\" content=\"@nuestrobiobio\" \/>\n<meta name=\"twitter:site\" content=\"@nuestrobiobio\" \/>\n<meta name=\"twitter:label1\" content=\"Escrito por\" \/>\n\t<meta name=\"twitter:data1\" content=\"\" \/>\n\t<meta name=\"twitter:label2\" content=\"Tiempo de lectura\" \/>\n\t<meta name=\"twitter:data2\" content=\"1 minuto\" \/>\n<script type=\"application\/ld+json\" class=\"yoast-schema-graph\">{\"@context\":\"https:\\\/\\\/schema.org\",\"@graph\":[{\"@type\":\"Article\",\"@id\":\"https:\\\/\\\/www.fraczinet.cl\\\/sitio\\\/razones-por-que-ser-candidato\\\/#article\",\"isPartOf\":{\"@id\":\"https:\\\/\\\/www.fraczinet.cl\\\/sitio\\\/razones-por-que-ser-candidato\\\/\"},\"author\":{\"name\":\"\",\"@id\":\"\"},\"headline\":\"Razones: \u00bfPor Qu\u00e9 Ser Candidato?\",\"datePublished\":\"2013-07-08T03:36:00+00:00\",\"dateModified\":\"2022-10-30T14:23:31+00:00\",\"mainEntityOfPage\":{\"@id\":\"https:\\\/\\\/www.fraczinet.cl\\\/sitio\\\/razones-por-que-ser-candidato\\\/\"},\"wordCount\":237,\"commentCount\":0,\"image\":{\"@id\":\"https:\\\/\\\/www.fraczinet.cl\\\/sitio\\\/razones-por-que-ser-candidato\\\/#primaryimage\"},\"thumbnailUrl\":\"http:\\\/\\\/3.bp.blogspot.com\\\/-PXketN-JpDE\\\/UdoznXsOuDI\\\/AAAAAAAABAI\\\/yS19nr38ecg\\\/s320\\\/frac1.jpg\",\"articleSection\":[\"Luis Fraczinet\",\"Luis Fraczinet Opini\u00f3n\",\"Pol\u00edtica\"],\"inLanguage\":\"es\",\"potentialAction\":[{\"@type\":\"CommentAction\",\"name\":\"Comment\",\"target\":[\"https:\\\/\\\/www.fraczinet.cl\\\/sitio\\\/razones-por-que-ser-candidato\\\/#respond\"]}]},{\"@type\":\"WebPage\",\"@id\":\"https:\\\/\\\/www.fraczinet.cl\\\/sitio\\\/razones-por-que-ser-candidato\\\/\",\"url\":\"https:\\\/\\\/www.fraczinet.cl\\\/sitio\\\/razones-por-que-ser-candidato\\\/\",\"name\":\"Razones: \u00bfPor Qu\u00e9 Ser Candidato? - Nuestro Bio B\u00edo\",\"isPartOf\":{\"@id\":\"https:\\\/\\\/www.fraczinet.cl\\\/sitio\\\/#website\"},\"primaryImageOfPage\":{\"@id\":\"https:\\\/\\\/www.fraczinet.cl\\\/sitio\\\/razones-por-que-ser-candidato\\\/#primaryimage\"},\"image\":{\"@id\":\"https:\\\/\\\/www.fraczinet.cl\\\/sitio\\\/razones-por-que-ser-candidato\\\/#primaryimage\"},\"thumbnailUrl\":\"http:\\\/\\\/3.bp.blogspot.com\\\/-PXketN-JpDE\\\/UdoznXsOuDI\\\/AAAAAAAABAI\\\/yS19nr38ecg\\\/s320\\\/frac1.jpg\",\"datePublished\":\"2013-07-08T03:36:00+00:00\",\"dateModified\":\"2022-10-30T14:23:31+00:00\",\"author\":{\"@id\":\"\"},\"breadcrumb\":{\"@id\":\"https:\\\/\\\/www.fraczinet.cl\\\/sitio\\\/razones-por-que-ser-candidato\\\/#breadcrumb\"},\"inLanguage\":\"es\",\"potentialAction\":[{\"@type\":\"ReadAction\",\"target\":[\"https:\\\/\\\/www.fraczinet.cl\\\/sitio\\\/razones-por-que-ser-candidato\\\/\"]}]},{\"@type\":\"ImageObject\",\"inLanguage\":\"es\",\"@id\":\"https:\\\/\\\/www.fraczinet.cl\\\/sitio\\\/razones-por-que-ser-candidato\\\/#primaryimage\",\"url\":\"http:\\\/\\\/3.bp.blogspot.com\\\/-PXketN-JpDE\\\/UdoznXsOuDI\\\/AAAAAAAABAI\\\/yS19nr38ecg\\\/s320\\\/frac1.jpg\",\"contentUrl\":\"http:\\\/\\\/3.bp.blogspot.com\\\/-PXketN-JpDE\\\/UdoznXsOuDI\\\/AAAAAAAABAI\\\/yS19nr38ecg\\\/s320\\\/frac1.jpg\"},{\"@type\":\"BreadcrumbList\",\"@id\":\"https:\\\/\\\/www.fraczinet.cl\\\/sitio\\\/razones-por-que-ser-candidato\\\/#breadcrumb\",\"itemListElement\":[{\"@type\":\"ListItem\",\"position\":1,\"name\":\"Portada\",\"item\":\"https:\\\/\\\/www.fraczinet.cl\\\/sitio\\\/\"},{\"@type\":\"ListItem\",\"position\":2,\"name\":\"Razones: \u00bfPor Qu\u00e9 Ser Candidato?\"}]},{\"@type\":\"WebSite\",\"@id\":\"https:\\\/\\\/www.fraczinet.cl\\\/sitio\\\/#website\",\"url\":\"https:\\\/\\\/www.fraczinet.cl\\\/sitio\\\/\",\"name\":\"Nuestro Bio B\u00edo\",\"description\":\"Tierra de Encuentros\",\"potentialAction\":[{\"@type\":\"SearchAction\",\"target\":{\"@type\":\"EntryPoint\",\"urlTemplate\":\"https:\\\/\\\/www.fraczinet.cl\\\/sitio\\\/?s={search_term_string}\"},\"query-input\":{\"@type\":\"PropertyValueSpecification\",\"valueRequired\":true,\"valueName\":\"search_term_string\"}}],\"inLanguage\":\"es\"},{\"@type\":\"Person\",\"@id\":\"\"}]}<\/script>\n<!-- \/ Yoast SEO plugin. -->","yoast_head_json":{"title":"Razones: \u00bfPor Qu\u00e9 Ser Candidato? - Nuestro Bio B\u00edo","robots":{"index":"index","follow":"follow","max-snippet":"max-snippet:-1","max-image-preview":"max-image-preview:large","max-video-preview":"max-video-preview:-1"},"canonical":"https:\/\/www.fraczinet.cl\/sitio\/razones-por-que-ser-candidato\/","og_locale":"es_ES","og_type":"article","og_title":"Razones: \u00bfPor Qu\u00e9 Ser Candidato? - Nuestro Bio B\u00edo","og_description":"Considero a quien dedica tiempo a la pol\u00edtica como un instrumentos de todxs quenes tienen como inter\u00e9s supremo buscar el Bien Mayor y en esa disposici\u00f3n estar\u00e1 el trabajo que puedo realizar mientras sea necesario&#8230; y as\u00ed como vemos este mundo, la cosa se da para largo. Ning\u00fan pol\u00edtico es autoridad divina&#8230; a menos existan [&hellip;]","og_url":"https:\/\/www.fraczinet.cl\/sitio\/razones-por-que-ser-candidato\/","og_site_name":"Nuestro Bio B\u00edo","article_publisher":"https:\/\/www.facebook.com\/groups\/15721414452\/","article_published_time":"2013-07-08T03:36:00+00:00","article_modified_time":"2022-10-30T14:23:31+00:00","og_image":[{"url":"http:\/\/3.bp.blogspot.com\/-PXketN-JpDE\/UdoznXsOuDI\/AAAAAAAABAI\/yS19nr38ecg\/s320\/frac1.jpg","type":"","width":"","height":""}],"twitter_card":"summary_large_image","twitter_creator":"@nuestrobiobio","twitter_site":"@nuestrobiobio","twitter_misc":{"Escrito por":"","Tiempo de lectura":"1 minuto"},"schema":{"@context":"https:\/\/schema.org","@graph":[{"@type":"Article","@id":"https:\/\/www.fraczinet.cl\/sitio\/razones-por-que-ser-candidato\/#article","isPartOf":{"@id":"https:\/\/www.fraczinet.cl\/sitio\/razones-por-que-ser-candidato\/"},"author":{"name":"","@id":""},"headline":"Razones: \u00bfPor Qu\u00e9 Ser Candidato?","datePublished":"2013-07-08T03:36:00+00:00","dateModified":"2022-10-30T14:23:31+00:00","mainEntityOfPage":{"@id":"https:\/\/www.fraczinet.cl\/sitio\/razones-por-que-ser-candidato\/"},"wordCount":237,"commentCount":0,"image":{"@id":"https:\/\/www.fraczinet.cl\/sitio\/razones-por-que-ser-candidato\/#primaryimage"},"thumbnailUrl":"http:\/\/3.bp.blogspot.com\/-PXketN-JpDE\/UdoznXsOuDI\/AAAAAAAABAI\/yS19nr38ecg\/s320\/frac1.jpg","articleSection":["Luis Fraczinet","Luis Fraczinet Opini\u00f3n","Pol\u00edtica"],"inLanguage":"es","potentialAction":[{"@type":"CommentAction","name":"Comment","target":["https:\/\/www.fraczinet.cl\/sitio\/razones-por-que-ser-candidato\/#respond"]}]},{"@type":"WebPage","@id":"https:\/\/www.fraczinet.cl\/sitio\/razones-por-que-ser-candidato\/","url":"https:\/\/www.fraczinet.cl\/sitio\/razones-por-que-ser-candidato\/","name":"Razones: \u00bfPor Qu\u00e9 Ser Candidato? - Nuestro Bio B\u00edo","isPartOf":{"@id":"https:\/\/www.fraczinet.cl\/sitio\/#website"},"primaryImageOfPage":{"@id":"https:\/\/www.fraczinet.cl\/sitio\/razones-por-que-ser-candidato\/#primaryimage"},"image":{"@id":"https:\/\/www.fraczinet.cl\/sitio\/razones-por-que-ser-candidato\/#primaryimage"},"thumbnailUrl":"http:\/\/3.bp.blogspot.com\/-PXketN-JpDE\/UdoznXsOuDI\/AAAAAAAABAI\/yS19nr38ecg\/s320\/frac1.jpg","datePublished":"2013-07-08T03:36:00+00:00","dateModified":"2022-10-30T14:23:31+00:00","author":{"@id":""},"breadcrumb":{"@id":"https:\/\/www.fraczinet.cl\/sitio\/razones-por-que-ser-candidato\/#breadcrumb"},"inLanguage":"es","potentialAction":[{"@type":"ReadAction","target":["https:\/\/www.fraczinet.cl\/sitio\/razones-por-que-ser-candidato\/"]}]},{"@type":"ImageObject","inLanguage":"es","@id":"https:\/\/www.fraczinet.cl\/sitio\/razones-por-que-ser-candidato\/#primaryimage","url":"http:\/\/3.bp.blogspot.com\/-PXketN-JpDE\/UdoznXsOuDI\/AAAAAAAABAI\/yS19nr38ecg\/s320\/frac1.jpg","contentUrl":"http:\/\/3.bp.blogspot.com\/-PXketN-JpDE\/UdoznXsOuDI\/AAAAAAAABAI\/yS19nr38ecg\/s320\/frac1.jpg"},{"@type":"BreadcrumbList","@id":"https:\/\/www.fraczinet.cl\/sitio\/razones-por-que-ser-candidato\/#breadcrumb","itemListElement":[{"@type":"ListItem","position":1,"name":"Portada","item":"https:\/\/www.fraczinet.cl\/sitio\/"},{"@type":"ListItem","position":2,"name":"Razones: \u00bfPor Qu\u00e9 Ser Candidato?"}]},{"@type":"WebSite","@id":"https:\/\/www.fraczinet.cl\/sitio\/#website","url":"https:\/\/www.fraczinet.cl\/sitio\/","name":"Nuestro Bio B\u00edo","description":"Tierra de Encuentros","potentialAction":[{"@type":"SearchAction","target":{"@type":"EntryPoint","urlTemplate":"https:\/\/www.fraczinet.cl\/sitio\/?s={search_term_string}"},"query-input":{"@type":"PropertyValueSpecification","valueRequired":true,"valueName":"search_term_string"}}],"inLanguage":"es"},{"@type":"Person","@id":""}]}},"_links":{"self":[{"href":"https:\/\/www.fraczinet.cl\/sitio\/wp-json\/wp\/v2\/posts\/4187","targetHints":{"allow":["GET"]}}],"collection":[{"href":"https:\/\/www.fraczinet.cl\/sitio\/wp-json\/wp\/v2\/posts"}],"about":[{"href":"https:\/\/www.fraczinet.cl\/sitio\/wp-json\/wp\/v2\/types\/post"}],"author":[{"embeddable":true,"href":"https:\/\/www.fraczinet.cl\/sitio\/wp-json\/wp\/v2\/users\/1"}],"replies":[{"embeddable":true,"href":"https:\/\/www.fraczinet.cl\/sitio\/wp-json\/wp\/v2\/comments?post=4187"}],"version-history":[{"count":1,"href":"https:\/\/www.fraczinet.cl\/sitio\/wp-json\/wp\/v2\/posts\/4187\/revisions"}],"predecessor-version":[{"id":15007,"href":"https:\/\/www.fraczinet.cl\/sitio\/wp-json\/wp\/v2\/posts\/4187\/revisions\/15007"}],"wp:attachment":[{"href":"https:\/\/www.fraczinet.cl\/sitio\/wp-json\/wp\/v2\/media?parent=4187"}],"wp:term":[{"taxonomy":"category","embeddable":true,"href":"https:\/\/www.fraczinet.cl\/sitio\/wp-json\/wp\/v2\/categories?post=4187"},{"taxonomy":"post_tag","embeddable":true,"href":"https:\/\/www.fraczinet.cl\/sitio\/wp-json\/wp\/v2\/tags?post=4187"}],"curies":[{"name":"wp","href":"https:\/\/api.w.org\/{rel}","templated":true}]}}