{"id":4211,"date":"2013-06-09T20:26:00","date_gmt":"2013-06-09T20:26:00","guid":{"rendered":"https:\/\/www.fraczinet.cl\/sitio\/2013\/06\/09\/entra-en-funcionamiento-segunda-central-mini-hidroelectrica-en-la-region-del-bio-bio\/"},"modified":"2013-06-09T20:26:00","modified_gmt":"2013-06-09T20:26:00","slug":"entra-en-funcionamiento-segunda-central-mini-hidroelectrica-en-la-region-del-bio-bio","status":"publish","type":"post","link":"https:\/\/www.fraczinet.cl\/sitio\/2013\/06\/09\/entra-en-funcionamiento-segunda-central-mini-hidroelectrica-en-la-region-del-bio-bio\/","title":{"rendered":"Entra En Funcionamiento Segunda Central Mini-Hidroel\u00e9ctrica En La Regi\u00f3n Del Bio B\u00edo"},"content":{"rendered":"<div style=\"clear: both; text-align: center;\"><a href=\"http:\/\/2.bp.blogspot.com\/-B9o8-SBDn5U\/UbTk9IpI15I\/AAAAAAAAA7Q\/Mfi6c7kcM34\/s1600\/Rodrigo+Torres+y+Patricio+Guerrero2.JPG\" style=\"margin-left: 1em; margin-right: 1em;\"><img fetchpriority=\"high\" decoding=\"async\" border=\"0\" height=\"213\" src=\"https:\/\/2.bp.blogspot.com\/-B9o8-SBDn5U\/UbTk9IpI15I\/AAAAAAAAA7Q\/Mfi6c7kcM34\/s320\/Rodrigo+Torres+y+Patricio+Guerrero2.JPG\" width=\"320\" \/><\/a><\/div>\n<div align=\"center\" style=\"text-align: justify;\"><\/div>\n<div align=\"center\" style=\"text-align: justify;\"><i>La Central Renaico,  aportar\u00e1 con 6,3 MW de generaci\u00f3n a partir de Energ\u00edas Renovables No  Convencionales (ERNC), contribuyendo a la diversificaci\u00f3n de la matriz  energ\u00e9tica.<\/i><\/div>\n<div align=\"center\" style=\"text-align: justify;\"><\/div>\n<div style=\"text-align: justify;\">El Secretario  Regional Ministerial de Energ\u00eda, Rodrigo Torres Hermosilla, visit\u00f3 la  Central Hidroel\u00e9ctrica Renaico ubicada en la comuna de Mulch\u00e9n, segunda generadora mini-hidro de pasada que entra en funcionamiento en la Regi\u00f3n del Bio B\u00ed,  con capacidad de 6,3 MW y construida en marco de un convenio suscrito  entre la Asociaci\u00f3n de Canalistas del Canal Bio B\u00edo Sur y la empresa  Mainco.<\/div>\n<div style=\"text-align: justify;\"><\/div>\n<div style=\"text-align: justify;\">La central, que finaliz\u00f3 la  construcci\u00f3n en diciembre de 2012, se encuentra en proceso de marcha  blanca y comenzar\u00e1 a inyectar al Sistema Interconectado Central (SIC)  durante el mes de junio, con lo que la regi\u00f3n aportar\u00e1 a la matriz  energ\u00e9tica 16,2 MW de este tipo de energ\u00eda renovable no convencional.<\/div>\n<div style=\"text-align: justify;\"><\/div>\n<div style=\"text-align: justify;\">Durante  la visita, el seremi tuvo la oportunidad de conocer las instalaciones y  conversar con el Gerente General de la empresa, Patricio Guerrero,  quien destac\u00f3 el subsidio permiti\u00f3 el desarrollo de estudios de  preinversi\u00f3n para este tipo de centrales, y los resultados exitosos de  un buen trabajo con la Asociaci\u00f3n de Canalistas, permitiendo un uso  eficiente del recurso h\u00eddrico.<\/div>\n<div style=\"text-align: justify;\"><\/div>\n<div style=\"text-align: justify;\">\u201cLa  Estrategia Nacional de Energ\u00eda, establece en su segundo pilar el  despegue de las ERNC y, por lo tanto, es un compromiso que tenemos con  este tipo de generaci\u00f3n de electricidad, que es limpia, segura y  competitiva\u201d precis\u00f3 el Seremi.<\/div>\n<div style=\"text-align: justify;\"><\/div>\n<div style=\"text-align: justify;\">Torres  a\u00f1adi\u00f3 que \u201cesta es la segunda central mini hidroel\u00e9ctrica que entra en  funcionamiento en la regi\u00f3n, y en ese sentido, es importante destacar  la contribuci\u00f3n que hace a la diversificaci\u00f3n de la matriz energ\u00e9tica de  la regi\u00f3n y de pa\u00eds\u201d.<\/div>\n<div style=\"text-align: justify;\"><\/div>\n<div style=\"text-align: justify;\">El convenio  suscrito con la Asociaci\u00f3n de Canalistas, involucra tambi\u00e9n la  construcci\u00f3n del proyecto Central Hidroel\u00e9ctrica Alto Renaico, que  utilizar\u00e1 las aguas del mismo canal, y que contempla una generaci\u00f3n de  1,5 MW.<\/div>\n","protected":false},"excerpt":{"rendered":"<p>La Central Renaico, aportar\u00e1 con 6,3 MW de generaci\u00f3n a partir de Energ\u00edas Renovables No Convencionales (ERNC), contribuyendo a la diversificaci\u00f3n de la matriz energ\u00e9tica. El Secretario Regional Ministerial de Energ\u00eda, Rodrigo Torres Hermosilla, visit\u00f3 la Central Hidroel\u00e9ctrica Renaico ubicada en la comuna de Mulch\u00e9n, segunda generadora mini-hidro de pasada que entra en funcionamiento en [&hellip;]<\/p>\n","protected":false},"author":1,"featured_media":0,"comment_status":"open","ping_status":"open","sticky":false,"template":"","format":"standard","meta":{"footnotes":""},"categories":[56,124,146],"tags":[],"class_list":["post-4211","post","type-post","status-publish","format-standard","hentry","category-centrales-hidroelectricas","category-medio-ambiente","category-region-del-bio-bio"],"yoast_head":"<!-- This site is optimized with the Yoast SEO plugin v25.0 - https:\/\/yoast.com\/wordpress\/plugins\/seo\/ -->\n<title>Entra En Funcionamiento Segunda Central Mini-Hidroel\u00e9ctrica En La Regi\u00f3n Del Bio B\u00edo - Nuestro Bio B\u00edo<\/title>\n<meta name=\"robots\" content=\"index, follow, max-snippet:-1, max-image-preview:large, max-video-preview:-1\" \/>\n<link rel=\"canonical\" href=\"https:\/\/www.fraczinet.cl\/sitio\/2013\/06\/09\/entra-en-funcionamiento-segunda-central-mini-hidroelectrica-en-la-region-del-bio-bio\/\" \/>\n<meta property=\"og:locale\" content=\"es_ES\" \/>\n<meta property=\"og:type\" content=\"article\" \/>\n<meta property=\"og:title\" content=\"Entra En Funcionamiento Segunda Central Mini-Hidroel\u00e9ctrica En La Regi\u00f3n Del Bio B\u00edo - Nuestro Bio B\u00edo\" \/>\n<meta property=\"og:description\" content=\"La Central Renaico, aportar\u00e1 con 6,3 MW de generaci\u00f3n a partir de Energ\u00edas Renovables No Convencionales (ERNC), contribuyendo a la diversificaci\u00f3n de la matriz energ\u00e9tica. El Secretario Regional Ministerial de Energ\u00eda, Rodrigo Torres Hermosilla, visit\u00f3 la Central Hidroel\u00e9ctrica Renaico ubicada en la comuna de Mulch\u00e9n, segunda generadora mini-hidro de pasada que entra en funcionamiento en [&hellip;]\" \/>\n<meta property=\"og:url\" content=\"https:\/\/www.fraczinet.cl\/sitio\/2013\/06\/09\/entra-en-funcionamiento-segunda-central-mini-hidroelectrica-en-la-region-del-bio-bio\/\" \/>\n<meta property=\"og:site_name\" content=\"Nuestro Bio B\u00edo\" \/>\n<meta property=\"article:published_time\" content=\"2013-06-09T20:26:00+00:00\" \/>\n<meta property=\"og:image\" content=\"https:\/\/2.bp.blogspot.com\/-B9o8-SBDn5U\/UbTk9IpI15I\/AAAAAAAAA7Q\/Mfi6c7kcM34\/s320\/Rodrigo+Torres+y+Patricio+Guerrero2.JPG\" \/>\n<meta name=\"author\" content=\"admin\" \/>\n<meta name=\"twitter:card\" content=\"summary_large_image\" \/>\n<meta name=\"twitter:creator\" content=\"@nuestrobiobio\" \/>\n<meta name=\"twitter:site\" content=\"@nuestrobiobio\" \/>\n<meta name=\"twitter:label1\" content=\"Escrito por\" \/>\n\t<meta name=\"twitter:data1\" content=\"admin\" \/>\n\t<meta name=\"twitter:label2\" content=\"Tiempo de lectura\" \/>\n\t<meta name=\"twitter:data2\" content=\"2 minutos\" \/>\n<script type=\"application\/ld+json\" class=\"yoast-schema-graph\">{\"@context\":\"https:\/\/schema.org\",\"@graph\":[{\"@type\":\"Article\",\"@id\":\"https:\/\/www.fraczinet.cl\/sitio\/2013\/06\/09\/entra-en-funcionamiento-segunda-central-mini-hidroelectrica-en-la-region-del-bio-bio\/#article\",\"isPartOf\":{\"@id\":\"https:\/\/www.fraczinet.cl\/sitio\/2013\/06\/09\/entra-en-funcionamiento-segunda-central-mini-hidroelectrica-en-la-region-del-bio-bio\/\"},\"author\":{\"name\":\"admin\",\"@id\":\"https:\/\/www.fraczinet.cl\/sitio\/#\/schema\/person\/bc30f98e9cb10ae7e119dbe14bc93784\"},\"headline\":\"Entra En Funcionamiento Segunda Central Mini-Hidroel\u00e9ctrica En La Regi\u00f3n Del Bio B\u00edo\",\"datePublished\":\"2013-06-09T20:26:00+00:00\",\"mainEntityOfPage\":{\"@id\":\"https:\/\/www.fraczinet.cl\/sitio\/2013\/06\/09\/entra-en-funcionamiento-segunda-central-mini-hidroelectrica-en-la-region-del-bio-bio\/\"},\"wordCount\":353,\"commentCount\":0,\"publisher\":{\"@id\":\"https:\/\/www.fraczinet.cl\/sitio\/#\/schema\/person\/aec8ee4da68df2b9b0eefdad24a0d582\"},\"image\":{\"@id\":\"https:\/\/www.fraczinet.cl\/sitio\/2013\/06\/09\/entra-en-funcionamiento-segunda-central-mini-hidroelectrica-en-la-region-del-bio-bio\/#primaryimage\"},\"thumbnailUrl\":\"https:\/\/2.bp.blogspot.com\/-B9o8-SBDn5U\/UbTk9IpI15I\/AAAAAAAAA7Q\/Mfi6c7kcM34\/s320\/Rodrigo+Torres+y+Patricio+Guerrero2.JPG\",\"articleSection\":[\"Centrales Hidroel\u00e9ctricas\",\"Medio Ambiente\",\"Regi\u00f3n del Bio B\u00edo\"],\"inLanguage\":\"es\",\"potentialAction\":[{\"@type\":\"CommentAction\",\"name\":\"Comment\",\"target\":[\"https:\/\/www.fraczinet.cl\/sitio\/2013\/06\/09\/entra-en-funcionamiento-segunda-central-mini-hidroelectrica-en-la-region-del-bio-bio\/#respond\"]}]},{\"@type\":\"WebPage\",\"@id\":\"https:\/\/www.fraczinet.cl\/sitio\/2013\/06\/09\/entra-en-funcionamiento-segunda-central-mini-hidroelectrica-en-la-region-del-bio-bio\/\",\"url\":\"https:\/\/www.fraczinet.cl\/sitio\/2013\/06\/09\/entra-en-funcionamiento-segunda-central-mini-hidroelectrica-en-la-region-del-bio-bio\/\",\"name\":\"Entra En Funcionamiento Segunda Central Mini-Hidroel\u00e9ctrica En La Regi\u00f3n Del Bio B\u00edo - Nuestro Bio B\u00edo\",\"isPartOf\":{\"@id\":\"https:\/\/www.fraczinet.cl\/sitio\/#website\"},\"primaryImageOfPage\":{\"@id\":\"https:\/\/www.fraczinet.cl\/sitio\/2013\/06\/09\/entra-en-funcionamiento-segunda-central-mini-hidroelectrica-en-la-region-del-bio-bio\/#primaryimage\"},\"image\":{\"@id\":\"https:\/\/www.fraczinet.cl\/sitio\/2013\/06\/09\/entra-en-funcionamiento-segunda-central-mini-hidroelectrica-en-la-region-del-bio-bio\/#primaryimage\"},\"thumbnailUrl\":\"https:\/\/2.bp.blogspot.com\/-B9o8-SBDn5U\/UbTk9IpI15I\/AAAAAAAAA7Q\/Mfi6c7kcM34\/s320\/Rodrigo+Torres+y+Patricio+Guerrero2.JPG\",\"datePublished\":\"2013-06-09T20:26:00+00:00\",\"breadcrumb\":{\"@id\":\"https:\/\/www.fraczinet.cl\/sitio\/2013\/06\/09\/entra-en-funcionamiento-segunda-central-mini-hidroelectrica-en-la-region-del-bio-bio\/#breadcrumb\"},\"inLanguage\":\"es\",\"potentialAction\":[{\"@type\":\"ReadAction\",\"target\":[\"https:\/\/www.fraczinet.cl\/sitio\/2013\/06\/09\/entra-en-funcionamiento-segunda-central-mini-hidroelectrica-en-la-region-del-bio-bio\/\"]}]},{\"@type\":\"ImageObject\",\"inLanguage\":\"es\",\"@id\":\"https:\/\/www.fraczinet.cl\/sitio\/2013\/06\/09\/entra-en-funcionamiento-segunda-central-mini-hidroelectrica-en-la-region-del-bio-bio\/#primaryimage\",\"url\":\"https:\/\/2.bp.blogspot.com\/-B9o8-SBDn5U\/UbTk9IpI15I\/AAAAAAAAA7Q\/Mfi6c7kcM34\/s320\/Rodrigo+Torres+y+Patricio+Guerrero2.JPG\",\"contentUrl\":\"https:\/\/2.bp.blogspot.com\/-B9o8-SBDn5U\/UbTk9IpI15I\/AAAAAAAAA7Q\/Mfi6c7kcM34\/s320\/Rodrigo+Torres+y+Patricio+Guerrero2.JPG\"},{\"@type\":\"BreadcrumbList\",\"@id\":\"https:\/\/www.fraczinet.cl\/sitio\/2013\/06\/09\/entra-en-funcionamiento-segunda-central-mini-hidroelectrica-en-la-region-del-bio-bio\/#breadcrumb\",\"itemListElement\":[{\"@type\":\"ListItem\",\"position\":1,\"name\":\"Portada\",\"item\":\"https:\/\/www.fraczinet.cl\/sitio\/\"},{\"@type\":\"ListItem\",\"position\":2,\"name\":\"Entra En Funcionamiento Segunda Central Mini-Hidroel\u00e9ctrica En La Regi\u00f3n Del Bio B\u00edo\"}]},{\"@type\":\"WebSite\",\"@id\":\"https:\/\/www.fraczinet.cl\/sitio\/#website\",\"url\":\"https:\/\/www.fraczinet.cl\/sitio\/\",\"name\":\"Nuestro Bio B\u00edo\",\"description\":\"Tierra de Encuentros\",\"publisher\":{\"@id\":\"https:\/\/www.fraczinet.cl\/sitio\/#\/schema\/person\/aec8ee4da68df2b9b0eefdad24a0d582\"},\"potentialAction\":[{\"@type\":\"SearchAction\",\"target\":{\"@type\":\"EntryPoint\",\"urlTemplate\":\"https:\/\/www.fraczinet.cl\/sitio\/?s={search_term_string}\"},\"query-input\":{\"@type\":\"PropertyValueSpecification\",\"valueRequired\":true,\"valueName\":\"search_term_string\"}}],\"inLanguage\":\"es\"},{\"@type\":[\"Person\",\"Organization\"],\"@id\":\"https:\/\/www.fraczinet.cl\/sitio\/#\/schema\/person\/aec8ee4da68df2b9b0eefdad24a0d582\",\"name\":\"Luis Fernando Fraczinet\",\"image\":{\"@type\":\"ImageObject\",\"inLanguage\":\"es\",\"@id\":\"https:\/\/www.fraczinet.cl\/sitio\/#\/schema\/person\/image\/\",\"url\":\"https:\/\/www.fraczinet.cl\/sitio\/wp-content\/uploads\/2021\/07\/bannerlogo-1.gif\",\"contentUrl\":\"https:\/\/www.fraczinet.cl\/sitio\/wp-content\/uploads\/2021\/07\/bannerlogo-1.gif\",\"width\":159,\"height\":79,\"caption\":\"Luis Fernando Fraczinet\"},\"logo\":{\"@id\":\"https:\/\/www.fraczinet.cl\/sitio\/#\/schema\/person\/image\/\"},\"sameAs\":[\"https:\/\/www.fraczinet.cl\/sitio\/\"]},{\"@type\":\"Person\",\"@id\":\"https:\/\/www.fraczinet.cl\/sitio\/#\/schema\/person\/bc30f98e9cb10ae7e119dbe14bc93784\",\"name\":\"admin\",\"image\":{\"@type\":\"ImageObject\",\"inLanguage\":\"es\",\"@id\":\"https:\/\/www.fraczinet.cl\/sitio\/#\/schema\/person\/image\/\",\"url\":\"https:\/\/secure.gravatar.com\/avatar\/d5ad3cf7ef3b23a2bb5be73be780c86b2fc8545c3ad6b149f3913ff458c00099?s=96&d=mm&r=g\",\"contentUrl\":\"https:\/\/secure.gravatar.com\/avatar\/d5ad3cf7ef3b23a2bb5be73be780c86b2fc8545c3ad6b149f3913ff458c00099?s=96&d=mm&r=g\",\"caption\":\"admin\"},\"sameAs\":[\"https:\/\/www.fraczinet.cl\/sitio\"]}]}<\/script>\n<!-- \/ Yoast SEO plugin. -->","yoast_head_json":{"title":"Entra En Funcionamiento Segunda Central Mini-Hidroel\u00e9ctrica En La Regi\u00f3n Del Bio B\u00edo - Nuestro Bio B\u00edo","robots":{"index":"index","follow":"follow","max-snippet":"max-snippet:-1","max-image-preview":"max-image-preview:large","max-video-preview":"max-video-preview:-1"},"canonical":"https:\/\/www.fraczinet.cl\/sitio\/2013\/06\/09\/entra-en-funcionamiento-segunda-central-mini-hidroelectrica-en-la-region-del-bio-bio\/","og_locale":"es_ES","og_type":"article","og_title":"Entra En Funcionamiento Segunda Central Mini-Hidroel\u00e9ctrica En La Regi\u00f3n Del Bio B\u00edo - Nuestro Bio B\u00edo","og_description":"La Central Renaico, aportar\u00e1 con 6,3 MW de generaci\u00f3n a partir de Energ\u00edas Renovables No Convencionales (ERNC), contribuyendo a la diversificaci\u00f3n de la matriz energ\u00e9tica. El Secretario Regional Ministerial de Energ\u00eda, Rodrigo Torres Hermosilla, visit\u00f3 la Central Hidroel\u00e9ctrica Renaico ubicada en la comuna de Mulch\u00e9n, segunda generadora mini-hidro de pasada que entra en funcionamiento en [&hellip;]","og_url":"https:\/\/www.fraczinet.cl\/sitio\/2013\/06\/09\/entra-en-funcionamiento-segunda-central-mini-hidroelectrica-en-la-region-del-bio-bio\/","og_site_name":"Nuestro Bio B\u00edo","article_published_time":"2013-06-09T20:26:00+00:00","og_image":[{"url":"https:\/\/2.bp.blogspot.com\/-B9o8-SBDn5U\/UbTk9IpI15I\/AAAAAAAAA7Q\/Mfi6c7kcM34\/s320\/Rodrigo+Torres+y+Patricio+Guerrero2.JPG","type":"","width":"","height":""}],"author":"admin","twitter_card":"summary_large_image","twitter_creator":"@nuestrobiobio","twitter_site":"@nuestrobiobio","twitter_misc":{"Escrito por":"admin","Tiempo de lectura":"2 minutos"},"schema":{"@context":"https:\/\/schema.org","@graph":[{"@type":"Article","@id":"https:\/\/www.fraczinet.cl\/sitio\/2013\/06\/09\/entra-en-funcionamiento-segunda-central-mini-hidroelectrica-en-la-region-del-bio-bio\/#article","isPartOf":{"@id":"https:\/\/www.fraczinet.cl\/sitio\/2013\/06\/09\/entra-en-funcionamiento-segunda-central-mini-hidroelectrica-en-la-region-del-bio-bio\/"},"author":{"name":"admin","@id":"https:\/\/www.fraczinet.cl\/sitio\/#\/schema\/person\/bc30f98e9cb10ae7e119dbe14bc93784"},"headline":"Entra En Funcionamiento Segunda Central Mini-Hidroel\u00e9ctrica En La Regi\u00f3n Del Bio B\u00edo","datePublished":"2013-06-09T20:26:00+00:00","mainEntityOfPage":{"@id":"https:\/\/www.fraczinet.cl\/sitio\/2013\/06\/09\/entra-en-funcionamiento-segunda-central-mini-hidroelectrica-en-la-region-del-bio-bio\/"},"wordCount":353,"commentCount":0,"publisher":{"@id":"https:\/\/www.fraczinet.cl\/sitio\/#\/schema\/person\/aec8ee4da68df2b9b0eefdad24a0d582"},"image":{"@id":"https:\/\/www.fraczinet.cl\/sitio\/2013\/06\/09\/entra-en-funcionamiento-segunda-central-mini-hidroelectrica-en-la-region-del-bio-bio\/#primaryimage"},"thumbnailUrl":"https:\/\/2.bp.blogspot.com\/-B9o8-SBDn5U\/UbTk9IpI15I\/AAAAAAAAA7Q\/Mfi6c7kcM34\/s320\/Rodrigo+Torres+y+Patricio+Guerrero2.JPG","articleSection":["Centrales Hidroel\u00e9ctricas","Medio Ambiente","Regi\u00f3n del Bio B\u00edo"],"inLanguage":"es","potentialAction":[{"@type":"CommentAction","name":"Comment","target":["https:\/\/www.fraczinet.cl\/sitio\/2013\/06\/09\/entra-en-funcionamiento-segunda-central-mini-hidroelectrica-en-la-region-del-bio-bio\/#respond"]}]},{"@type":"WebPage","@id":"https:\/\/www.fraczinet.cl\/sitio\/2013\/06\/09\/entra-en-funcionamiento-segunda-central-mini-hidroelectrica-en-la-region-del-bio-bio\/","url":"https:\/\/www.fraczinet.cl\/sitio\/2013\/06\/09\/entra-en-funcionamiento-segunda-central-mini-hidroelectrica-en-la-region-del-bio-bio\/","name":"Entra En Funcionamiento Segunda Central Mini-Hidroel\u00e9ctrica En La Regi\u00f3n Del Bio B\u00edo - Nuestro Bio B\u00edo","isPartOf":{"@id":"https:\/\/www.fraczinet.cl\/sitio\/#website"},"primaryImageOfPage":{"@id":"https:\/\/www.fraczinet.cl\/sitio\/2013\/06\/09\/entra-en-funcionamiento-segunda-central-mini-hidroelectrica-en-la-region-del-bio-bio\/#primaryimage"},"image":{"@id":"https:\/\/www.fraczinet.cl\/sitio\/2013\/06\/09\/entra-en-funcionamiento-segunda-central-mini-hidroelectrica-en-la-region-del-bio-bio\/#primaryimage"},"thumbnailUrl":"https:\/\/2.bp.blogspot.com\/-B9o8-SBDn5U\/UbTk9IpI15I\/AAAAAAAAA7Q\/Mfi6c7kcM34\/s320\/Rodrigo+Torres+y+Patricio+Guerrero2.JPG","datePublished":"2013-06-09T20:26:00+00:00","breadcrumb":{"@id":"https:\/\/www.fraczinet.cl\/sitio\/2013\/06\/09\/entra-en-funcionamiento-segunda-central-mini-hidroelectrica-en-la-region-del-bio-bio\/#breadcrumb"},"inLanguage":"es","potentialAction":[{"@type":"ReadAction","target":["https:\/\/www.fraczinet.cl\/sitio\/2013\/06\/09\/entra-en-funcionamiento-segunda-central-mini-hidroelectrica-en-la-region-del-bio-bio\/"]}]},{"@type":"ImageObject","inLanguage":"es","@id":"https:\/\/www.fraczinet.cl\/sitio\/2013\/06\/09\/entra-en-funcionamiento-segunda-central-mini-hidroelectrica-en-la-region-del-bio-bio\/#primaryimage","url":"https:\/\/2.bp.blogspot.com\/-B9o8-SBDn5U\/UbTk9IpI15I\/AAAAAAAAA7Q\/Mfi6c7kcM34\/s320\/Rodrigo+Torres+y+Patricio+Guerrero2.JPG","contentUrl":"https:\/\/2.bp.blogspot.com\/-B9o8-SBDn5U\/UbTk9IpI15I\/AAAAAAAAA7Q\/Mfi6c7kcM34\/s320\/Rodrigo+Torres+y+Patricio+Guerrero2.JPG"},{"@type":"BreadcrumbList","@id":"https:\/\/www.fraczinet.cl\/sitio\/2013\/06\/09\/entra-en-funcionamiento-segunda-central-mini-hidroelectrica-en-la-region-del-bio-bio\/#breadcrumb","itemListElement":[{"@type":"ListItem","position":1,"name":"Portada","item":"https:\/\/www.fraczinet.cl\/sitio\/"},{"@type":"ListItem","position":2,"name":"Entra En Funcionamiento Segunda Central Mini-Hidroel\u00e9ctrica En La Regi\u00f3n Del Bio B\u00edo"}]},{"@type":"WebSite","@id":"https:\/\/www.fraczinet.cl\/sitio\/#website","url":"https:\/\/www.fraczinet.cl\/sitio\/","name":"Nuestro Bio B\u00edo","description":"Tierra de Encuentros","publisher":{"@id":"https:\/\/www.fraczinet.cl\/sitio\/#\/schema\/person\/aec8ee4da68df2b9b0eefdad24a0d582"},"potentialAction":[{"@type":"SearchAction","target":{"@type":"EntryPoint","urlTemplate":"https:\/\/www.fraczinet.cl\/sitio\/?s={search_term_string}"},"query-input":{"@type":"PropertyValueSpecification","valueRequired":true,"valueName":"search_term_string"}}],"inLanguage":"es"},{"@type":["Person","Organization"],"@id":"https:\/\/www.fraczinet.cl\/sitio\/#\/schema\/person\/aec8ee4da68df2b9b0eefdad24a0d582","name":"Luis Fernando Fraczinet","image":{"@type":"ImageObject","inLanguage":"es","@id":"https:\/\/www.fraczinet.cl\/sitio\/#\/schema\/person\/image\/","url":"https:\/\/www.fraczinet.cl\/sitio\/wp-content\/uploads\/2021\/07\/bannerlogo-1.gif","contentUrl":"https:\/\/www.fraczinet.cl\/sitio\/wp-content\/uploads\/2021\/07\/bannerlogo-1.gif","width":159,"height":79,"caption":"Luis Fernando Fraczinet"},"logo":{"@id":"https:\/\/www.fraczinet.cl\/sitio\/#\/schema\/person\/image\/"},"sameAs":["https:\/\/www.fraczinet.cl\/sitio\/"]},{"@type":"Person","@id":"https:\/\/www.fraczinet.cl\/sitio\/#\/schema\/person\/bc30f98e9cb10ae7e119dbe14bc93784","name":"admin","image":{"@type":"ImageObject","inLanguage":"es","@id":"https:\/\/www.fraczinet.cl\/sitio\/#\/schema\/person\/image\/","url":"https:\/\/secure.gravatar.com\/avatar\/d5ad3cf7ef3b23a2bb5be73be780c86b2fc8545c3ad6b149f3913ff458c00099?s=96&d=mm&r=g","contentUrl":"https:\/\/secure.gravatar.com\/avatar\/d5ad3cf7ef3b23a2bb5be73be780c86b2fc8545c3ad6b149f3913ff458c00099?s=96&d=mm&r=g","caption":"admin"},"sameAs":["https:\/\/www.fraczinet.cl\/sitio"]}]}},"_links":{"self":[{"href":"https:\/\/www.fraczinet.cl\/sitio\/wp-json\/wp\/v2\/posts\/4211","targetHints":{"allow":["GET"]}}],"collection":[{"href":"https:\/\/www.fraczinet.cl\/sitio\/wp-json\/wp\/v2\/posts"}],"about":[{"href":"https:\/\/www.fraczinet.cl\/sitio\/wp-json\/wp\/v2\/types\/post"}],"author":[{"embeddable":true,"href":"https:\/\/www.fraczinet.cl\/sitio\/wp-json\/wp\/v2\/users\/1"}],"replies":[{"embeddable":true,"href":"https:\/\/www.fraczinet.cl\/sitio\/wp-json\/wp\/v2\/comments?post=4211"}],"version-history":[{"count":0,"href":"https:\/\/www.fraczinet.cl\/sitio\/wp-json\/wp\/v2\/posts\/4211\/revisions"}],"wp:attachment":[{"href":"https:\/\/www.fraczinet.cl\/sitio\/wp-json\/wp\/v2\/media?parent=4211"}],"wp:term":[{"taxonomy":"category","embeddable":true,"href":"https:\/\/www.fraczinet.cl\/sitio\/wp-json\/wp\/v2\/categories?post=4211"},{"taxonomy":"post_tag","embeddable":true,"href":"https:\/\/www.fraczinet.cl\/sitio\/wp-json\/wp\/v2\/tags?post=4211"}],"curies":[{"name":"wp","href":"https:\/\/api.w.org\/{rel}","templated":true}]}}