{"id":4215,"date":"2013-06-02T21:52:00","date_gmt":"2013-06-02T21:52:00","guid":{"rendered":"https:\/\/www.fraczinet.cl\/sitio\/2013\/06\/02\/tertulia-cuerpo-de-bomberos-de-los-angeles\/"},"modified":"2022-10-04T13:08:15","modified_gmt":"2022-10-04T13:08:15","slug":"tertulia-cuerpo-de-bomberos-de-los-angeles","status":"publish","type":"post","link":"https:\/\/www.fraczinet.cl\/sitio\/2013\/06\/02\/tertulia-cuerpo-de-bomberos-de-los-angeles\/","title":{"rendered":"Tertulia: Cuerpo De Bomberos De Los \u00c1ngeles"},"content":{"rendered":"<div style=\"clear: both; text-align: center;\"><a href=\"http:\/\/2.bp.blogspot.com\/-Tvh91jOeUSM\/Uau-Sc7ZZpI\/AAAAAAAAA48\/1xyV5qzi8Cs\/s1600\/1.jpg\" style=\"margin-left: 1em; margin-right: 1em;\"><img fetchpriority=\"high\" decoding=\"async\" border=\"0\" src=\"http:\/\/2.bp.blogspot.com\/-Tvh91jOeUSM\/Uau-Sc7ZZpI\/AAAAAAAAA48\/1xyV5qzi8Cs\/s320\/1.jpg\" height=\"193\" width=\"320\" \/><\/a><\/div>\n<p><\/p>\n<div style=\"clear: both; text-align: center;\"><a href=\"http:\/\/4.bp.blogspot.com\/-5bdJkU1jqjM\/Uau-SrI5tRI\/AAAAAAAAA5I\/WDtyLHvqMJA\/s1600\/10.jpg\" style=\"margin-left: 1em; margin-right: 1em;\"><img decoding=\"async\" border=\"0\" src=\"http:\/\/4.bp.blogspot.com\/-5bdJkU1jqjM\/Uau-SrI5tRI\/AAAAAAAAA5I\/WDtyLHvqMJA\/s320\/10.jpg\" height=\"239\" width=\"320\" \/><\/a><\/div>\n<p><\/p>\n<div style=\"clear: both; text-align: center;\"><a href=\"http:\/\/1.bp.blogspot.com\/-IiBDUTNyGf4\/Uau-R9AH7mI\/AAAAAAAAA40\/khad1QiXdzo\/s1600\/11.jpg\" style=\"margin-left: 1em; margin-right: 1em;\"><img decoding=\"async\" border=\"0\" src=\"http:\/\/1.bp.blogspot.com\/-IiBDUTNyGf4\/Uau-R9AH7mI\/AAAAAAAAA40\/khad1QiXdzo\/s320\/11.jpg\" height=\"219\" width=\"320\" \/><\/a><\/div>\n<p><\/p>\n<div style=\"clear: both; text-align: center;\"><a href=\"http:\/\/3.bp.blogspot.com\/-QaPajtRUpVQ\/Uau-SiMOwrI\/AAAAAAAAA5E\/iv2jOzR0QPE\/s1600\/3.jpg\" style=\"margin-left: 1em; margin-right: 1em;\"><img loading=\"lazy\" decoding=\"async\" border=\"0\" src=\"http:\/\/3.bp.blogspot.com\/-QaPajtRUpVQ\/Uau-SiMOwrI\/AAAAAAAAA5E\/iv2jOzR0QPE\/s320\/3.jpg\" height=\"239\" width=\"320\" \/><\/a><\/div>\n<p><\/p>\n<div style=\"clear: both; text-align: center;\"><a href=\"http:\/\/1.bp.blogspot.com\/-g9oAGskRlqc\/Uau-TDOGZ-I\/AAAAAAAAA5U\/nu1vd-HCyGs\/s1600\/4.jpg\" style=\"margin-left: 1em; margin-right: 1em;\"><img loading=\"lazy\" decoding=\"async\" border=\"0\" src=\"http:\/\/1.bp.blogspot.com\/-g9oAGskRlqc\/Uau-TDOGZ-I\/AAAAAAAAA5U\/nu1vd-HCyGs\/s320\/4.jpg\" height=\"239\" width=\"320\" \/><\/a><\/div>\n<p><\/p>\n<div style=\"clear: both; text-align: center;\"><a href=\"http:\/\/3.bp.blogspot.com\/-wae47apVQGg\/Uau-TZM-p5I\/AAAAAAAAA5c\/e4u5bw-WTCE\/s1600\/5.jpg\" style=\"margin-left: 1em; margin-right: 1em;\"><img loading=\"lazy\" decoding=\"async\" border=\"0\" src=\"http:\/\/3.bp.blogspot.com\/-wae47apVQGg\/Uau-TZM-p5I\/AAAAAAAAA5c\/e4u5bw-WTCE\/s320\/5.jpg\" height=\"239\" width=\"320\" \/><\/a><\/div>\n<p><\/p>\n<div style=\"clear: both; text-align: center;\"><a href=\"http:\/\/1.bp.blogspot.com\/-xM2ropwIrbk\/Uau-UGg81_I\/AAAAAAAAA5o\/bvtKscn9-Ik\/s1600\/6.jpg\" style=\"margin-left: 1em; margin-right: 1em;\"><img loading=\"lazy\" decoding=\"async\" border=\"0\" src=\"http:\/\/1.bp.blogspot.com\/-xM2ropwIrbk\/Uau-UGg81_I\/AAAAAAAAA5o\/bvtKscn9-Ik\/s320\/6.jpg\" height=\"239\" width=\"320\" \/><\/a><\/div>\n<p><\/p>\n<div style=\"clear: both; text-align: center;\"><a href=\"http:\/\/4.bp.blogspot.com\/-NFXZgJMxqw4\/Uau-TxYxhKI\/AAAAAAAAA5k\/EHGSL7NcJus\/s1600\/7.jpg\" style=\"margin-left: 1em; margin-right: 1em;\"><img loading=\"lazy\" decoding=\"async\" border=\"0\" src=\"http:\/\/4.bp.blogspot.com\/-NFXZgJMxqw4\/Uau-TxYxhKI\/AAAAAAAAA5k\/EHGSL7NcJus\/s320\/7.jpg\" height=\"239\" width=\"320\" \/><\/a><\/div>\n<p><\/p>\n<div style=\"clear: both; text-align: center;\"><a href=\"http:\/\/2.bp.blogspot.com\/--eXak-yqTIY\/Uau-UYxXgEI\/AAAAAAAAA5w\/_F1TjlCANm0\/s1600\/8.jpg\" style=\"margin-left: 1em; margin-right: 1em;\"><img loading=\"lazy\" decoding=\"async\" border=\"0\" src=\"http:\/\/2.bp.blogspot.com\/--eXak-yqTIY\/Uau-UYxXgEI\/AAAAAAAAA5w\/_F1TjlCANm0\/s320\/8.jpg\" height=\"239\" width=\"320\" \/><\/a><\/div>\n<p><\/p>\n<div style=\"clear: both; text-align: center;\"><a href=\"http:\/\/1.bp.blogspot.com\/-i0VOI8ZVKIo\/Uau-UqeFRqI\/AAAAAAAAA58\/_IuH1X5BtO0\/s1600\/9.jpg\" style=\"margin-left: 1em; margin-right: 1em;\"><img loading=\"lazy\" decoding=\"async\" border=\"0\" src=\"http:\/\/1.bp.blogspot.com\/-i0VOI8ZVKIo\/Uau-UqeFRqI\/AAAAAAAAA58\/_IuH1X5BtO0\/s320\/9.jpg\" height=\"239\" width=\"320\" \/><\/a><\/div>\n<p><\/p>\n<div style=\"clear: both; text-align: center;\"><a href=\"http:\/\/3.bp.blogspot.com\/-BsXwsdCQZUg\/Uau-VOnXxpI\/AAAAAAAAA6E\/05F9AK-8k90\/s1600\/Bomberos+de+Los+%C3%81ngeles.jpg\" style=\"margin-left: 1em; margin-right: 1em;\"><img loading=\"lazy\" decoding=\"async\" border=\"0\" src=\"http:\/\/3.bp.blogspot.com\/-BsXwsdCQZUg\/Uau-VOnXxpI\/AAAAAAAAA6E\/05F9AK-8k90\/s320\/Bomberos+de+Los+%C3%81ngeles.jpg\" height=\"239\" width=\"320\" \/><\/a><\/div>\n<div style=\"text-align: justify;\"><\/div>\n<div style=\"text-align: justify;\"><\/div>\n<div style=\"text-align: justify;\">Nuestra Corporaci\u00f3n, en su permanente  af\u00e1n de rescatar la memoria hist\u00f3rica de nuestra ciudad y sus  organizaciones emblem\u00e1ticas, tiene el honor de presentar un trabajo de  rescate hist\u00f3rico de una de las instituciones m\u00e1s se\u00f1eras de nuestra  comuna como es el <strong>Cuerpo de Bomberos de Los \u00c1ngeles<\/strong>, quienes han tenido a bien responder a nuestra invitaci\u00f3n y coincidiendo con la conmemoraci\u00f3n de sus 125 a\u00f1os de existencia.<\/div>\n<div style=\"text-align: justify;\"><\/div>\n<div style=\"text-align: justify;\">En  esta oportunidad tendremos&nbsp; el enorme privilegio que nos relaten acerca  de sus or\u00edgenes, desarrollo contando con un trabajo&nbsp; visual&nbsp; que da  cuenta de sus primeros cincuenta a\u00f1os de existencia. Esta disertaci\u00f3n  estar\u00e1 a cargo de don <strong>Mario Fuentes F.,<\/strong> bombero voluntario de esa instituci\u00f3n.<\/div>\n<div style=\"text-align: justify;\"><\/div>\n<div style=\"text-align: justify;\">Ay\u00fadenos  a celebrar los 125 a\u00f1os de existencia de esta instituci\u00f3n en nuestra  ciudad a trav\u00e9s del homenaje que rendimos a su existencia y tradicional  esp\u00edritu de servicio y sacrificio en esta tertulia mensual.<\/div>\n<div style=\"text-align: justify;\"><\/div>\n<div style=\"text-align: justify;\">Rogamos  al p\u00fablico asistente llevar fotos o cualquier reliquia de sus  antepasados bomberos a objeto de enriquecer este acto y cooperar con la  recopilaci\u00f3n que lleva a cabo esta instituci\u00f3n. De igual forma esperamos  que &nbsp;contribuyan con sus conocimientos y experiencias y que todos nos  beneficiemos con sus conocimientos.<\/div>\n<div style=\"text-align: justify;\"><\/div>\n<p><strong>La tradicional tertulia que mensualmente se desarrollar\u00e1 en la Universidad Santo Tom\u00e1s, en el Aula Magna de la UST,&nbsp; calle Mendoza 102, esq. Av. Ricardo Vicu\u00f1a. En esta oportunidad esta tertulia se &nbsp;realizar\u00e1 el jueves 6 de junio de 2013,&nbsp; a las 19 hrs.<\/strong><\/p>\n<div style=\"text-align: justify;\"><\/div>\n<div align=\"center\" style=\"text-align: justify;\"><strong><em>CORPORACION DE MONUMENTOS HISTORICOS NACIONALES DE LOS ANGELES<\/em><\/strong><\/div>\n<div style=\"text-align: justify;\"><strong><em>Junio 2013&nbsp;&nbsp;&nbsp;&nbsp;&nbsp;&nbsp;&nbsp;&nbsp;&nbsp;&nbsp; <\/em><\/strong><em><a data-mce-href=\"mailto:corp.monumentos.historicos.nac.la@gmail.com\" href=\"mailto:corp.monumentos.historicos.nac.la@gmail.com\">corp.monumentos.historicos.nac.la@gmail.com<\/a><\/em><\/div>\n","protected":false},"excerpt":{"rendered":"<p>Nuestra Corporaci\u00f3n, en su permanente af\u00e1n de rescatar la memoria hist\u00f3rica de nuestra ciudad y sus organizaciones emblem\u00e1ticas, tiene el honor de presentar un trabajo de rescate hist\u00f3rico de una de las instituciones m\u00e1s se\u00f1eras de nuestra comuna como es el Cuerpo de Bomberos de Los \u00c1ngeles, quienes han tenido a bien responder a nuestra [&hellip;]<\/p>\n","protected":false},"author":1,"featured_media":0,"comment_status":"open","ping_status":"open","sticky":false,"template":"","format":"standard","meta":{"footnotes":""},"categories":[169],"tags":[],"class_list":["post-4215","post","type-post","status-publish","format-standard","hentry","category-charlas"],"yoast_head":"<!-- This site is optimized with the Yoast SEO plugin v25.0 - https:\/\/yoast.com\/wordpress\/plugins\/seo\/ -->\n<title>Tertulia: Cuerpo De Bomberos De Los \u00c1ngeles - Nuestro Bio B\u00edo<\/title>\n<meta name=\"robots\" content=\"index, follow, max-snippet:-1, max-image-preview:large, max-video-preview:-1\" \/>\n<link rel=\"canonical\" href=\"https:\/\/www.fraczinet.cl\/sitio\/2013\/06\/02\/tertulia-cuerpo-de-bomberos-de-los-angeles\/\" \/>\n<meta property=\"og:locale\" content=\"es_ES\" \/>\n<meta property=\"og:type\" content=\"article\" \/>\n<meta property=\"og:title\" content=\"Tertulia: Cuerpo De Bomberos De Los \u00c1ngeles - Nuestro Bio B\u00edo\" \/>\n<meta property=\"og:description\" content=\"Nuestra Corporaci\u00f3n, en su permanente af\u00e1n de rescatar la memoria hist\u00f3rica de nuestra ciudad y sus organizaciones emblem\u00e1ticas, tiene el honor de presentar un trabajo de rescate hist\u00f3rico de una de las instituciones m\u00e1s se\u00f1eras de nuestra comuna como es el Cuerpo de Bomberos de Los \u00c1ngeles, quienes han tenido a bien responder a nuestra [&hellip;]\" \/>\n<meta property=\"og:url\" content=\"https:\/\/www.fraczinet.cl\/sitio\/2013\/06\/02\/tertulia-cuerpo-de-bomberos-de-los-angeles\/\" \/>\n<meta property=\"og:site_name\" content=\"Nuestro Bio B\u00edo\" \/>\n<meta property=\"article:published_time\" content=\"2013-06-02T21:52:00+00:00\" \/>\n<meta property=\"article:modified_time\" content=\"2022-10-04T13:08:15+00:00\" \/>\n<meta property=\"og:image\" content=\"http:\/\/2.bp.blogspot.com\/-Tvh91jOeUSM\/Uau-Sc7ZZpI\/AAAAAAAAA48\/1xyV5qzi8Cs\/s320\/1.jpg\" \/>\n<meta name=\"author\" content=\"admin\" \/>\n<meta name=\"twitter:card\" content=\"summary_large_image\" \/>\n<meta name=\"twitter:creator\" content=\"@nuestrobiobio\" \/>\n<meta name=\"twitter:site\" content=\"@nuestrobiobio\" \/>\n<meta name=\"twitter:label1\" content=\"Escrito por\" \/>\n\t<meta name=\"twitter:data1\" content=\"admin\" \/>\n\t<meta name=\"twitter:label2\" content=\"Tiempo de lectura\" \/>\n\t<meta name=\"twitter:data2\" content=\"1 minuto\" \/>\n<script type=\"application\/ld+json\" class=\"yoast-schema-graph\">{\"@context\":\"https:\/\/schema.org\",\"@graph\":[{\"@type\":\"Article\",\"@id\":\"https:\/\/www.fraczinet.cl\/sitio\/2013\/06\/02\/tertulia-cuerpo-de-bomberos-de-los-angeles\/#article\",\"isPartOf\":{\"@id\":\"https:\/\/www.fraczinet.cl\/sitio\/2013\/06\/02\/tertulia-cuerpo-de-bomberos-de-los-angeles\/\"},\"author\":{\"name\":\"admin\",\"@id\":\"https:\/\/www.fraczinet.cl\/sitio\/#\/schema\/person\/bc30f98e9cb10ae7e119dbe14bc93784\"},\"headline\":\"Tertulia: Cuerpo De Bomberos De Los \u00c1ngeles\",\"datePublished\":\"2013-06-02T21:52:00+00:00\",\"dateModified\":\"2022-10-04T13:08:15+00:00\",\"mainEntityOfPage\":{\"@id\":\"https:\/\/www.fraczinet.cl\/sitio\/2013\/06\/02\/tertulia-cuerpo-de-bomberos-de-los-angeles\/\"},\"wordCount\":297,\"commentCount\":0,\"publisher\":{\"@id\":\"https:\/\/www.fraczinet.cl\/sitio\/#\/schema\/person\/aec8ee4da68df2b9b0eefdad24a0d582\"},\"image\":{\"@id\":\"https:\/\/www.fraczinet.cl\/sitio\/2013\/06\/02\/tertulia-cuerpo-de-bomberos-de-los-angeles\/#primaryimage\"},\"thumbnailUrl\":\"http:\/\/2.bp.blogspot.com\/-Tvh91jOeUSM\/Uau-Sc7ZZpI\/AAAAAAAAA48\/1xyV5qzi8Cs\/s320\/1.jpg\",\"articleSection\":[\"Charlas\"],\"inLanguage\":\"es\",\"potentialAction\":[{\"@type\":\"CommentAction\",\"name\":\"Comment\",\"target\":[\"https:\/\/www.fraczinet.cl\/sitio\/2013\/06\/02\/tertulia-cuerpo-de-bomberos-de-los-angeles\/#respond\"]}]},{\"@type\":\"WebPage\",\"@id\":\"https:\/\/www.fraczinet.cl\/sitio\/2013\/06\/02\/tertulia-cuerpo-de-bomberos-de-los-angeles\/\",\"url\":\"https:\/\/www.fraczinet.cl\/sitio\/2013\/06\/02\/tertulia-cuerpo-de-bomberos-de-los-angeles\/\",\"name\":\"Tertulia: Cuerpo De Bomberos De Los \u00c1ngeles - Nuestro Bio B\u00edo\",\"isPartOf\":{\"@id\":\"https:\/\/www.fraczinet.cl\/sitio\/#website\"},\"primaryImageOfPage\":{\"@id\":\"https:\/\/www.fraczinet.cl\/sitio\/2013\/06\/02\/tertulia-cuerpo-de-bomberos-de-los-angeles\/#primaryimage\"},\"image\":{\"@id\":\"https:\/\/www.fraczinet.cl\/sitio\/2013\/06\/02\/tertulia-cuerpo-de-bomberos-de-los-angeles\/#primaryimage\"},\"thumbnailUrl\":\"http:\/\/2.bp.blogspot.com\/-Tvh91jOeUSM\/Uau-Sc7ZZpI\/AAAAAAAAA48\/1xyV5qzi8Cs\/s320\/1.jpg\",\"datePublished\":\"2013-06-02T21:52:00+00:00\",\"dateModified\":\"2022-10-04T13:08:15+00:00\",\"breadcrumb\":{\"@id\":\"https:\/\/www.fraczinet.cl\/sitio\/2013\/06\/02\/tertulia-cuerpo-de-bomberos-de-los-angeles\/#breadcrumb\"},\"inLanguage\":\"es\",\"potentialAction\":[{\"@type\":\"ReadAction\",\"target\":[\"https:\/\/www.fraczinet.cl\/sitio\/2013\/06\/02\/tertulia-cuerpo-de-bomberos-de-los-angeles\/\"]}]},{\"@type\":\"ImageObject\",\"inLanguage\":\"es\",\"@id\":\"https:\/\/www.fraczinet.cl\/sitio\/2013\/06\/02\/tertulia-cuerpo-de-bomberos-de-los-angeles\/#primaryimage\",\"url\":\"http:\/\/2.bp.blogspot.com\/-Tvh91jOeUSM\/Uau-Sc7ZZpI\/AAAAAAAAA48\/1xyV5qzi8Cs\/s320\/1.jpg\",\"contentUrl\":\"http:\/\/2.bp.blogspot.com\/-Tvh91jOeUSM\/Uau-Sc7ZZpI\/AAAAAAAAA48\/1xyV5qzi8Cs\/s320\/1.jpg\"},{\"@type\":\"BreadcrumbList\",\"@id\":\"https:\/\/www.fraczinet.cl\/sitio\/2013\/06\/02\/tertulia-cuerpo-de-bomberos-de-los-angeles\/#breadcrumb\",\"itemListElement\":[{\"@type\":\"ListItem\",\"position\":1,\"name\":\"Portada\",\"item\":\"https:\/\/www.fraczinet.cl\/sitio\/\"},{\"@type\":\"ListItem\",\"position\":2,\"name\":\"Tertulia: Cuerpo De Bomberos De Los \u00c1ngeles\"}]},{\"@type\":\"WebSite\",\"@id\":\"https:\/\/www.fraczinet.cl\/sitio\/#website\",\"url\":\"https:\/\/www.fraczinet.cl\/sitio\/\",\"name\":\"Nuestro Bio B\u00edo\",\"description\":\"Tierra de Encuentros\",\"publisher\":{\"@id\":\"https:\/\/www.fraczinet.cl\/sitio\/#\/schema\/person\/aec8ee4da68df2b9b0eefdad24a0d582\"},\"potentialAction\":[{\"@type\":\"SearchAction\",\"target\":{\"@type\":\"EntryPoint\",\"urlTemplate\":\"https:\/\/www.fraczinet.cl\/sitio\/?s={search_term_string}\"},\"query-input\":{\"@type\":\"PropertyValueSpecification\",\"valueRequired\":true,\"valueName\":\"search_term_string\"}}],\"inLanguage\":\"es\"},{\"@type\":[\"Person\",\"Organization\"],\"@id\":\"https:\/\/www.fraczinet.cl\/sitio\/#\/schema\/person\/aec8ee4da68df2b9b0eefdad24a0d582\",\"name\":\"Luis Fernando Fraczinet\",\"image\":{\"@type\":\"ImageObject\",\"inLanguage\":\"es\",\"@id\":\"https:\/\/www.fraczinet.cl\/sitio\/#\/schema\/person\/image\/\",\"url\":\"https:\/\/www.fraczinet.cl\/sitio\/wp-content\/uploads\/2021\/07\/bannerlogo-1.gif\",\"contentUrl\":\"https:\/\/www.fraczinet.cl\/sitio\/wp-content\/uploads\/2021\/07\/bannerlogo-1.gif\",\"width\":159,\"height\":79,\"caption\":\"Luis Fernando Fraczinet\"},\"logo\":{\"@id\":\"https:\/\/www.fraczinet.cl\/sitio\/#\/schema\/person\/image\/\"},\"sameAs\":[\"https:\/\/www.fraczinet.cl\/sitio\/\"]},{\"@type\":\"Person\",\"@id\":\"https:\/\/www.fraczinet.cl\/sitio\/#\/schema\/person\/bc30f98e9cb10ae7e119dbe14bc93784\",\"name\":\"admin\",\"image\":{\"@type\":\"ImageObject\",\"inLanguage\":\"es\",\"@id\":\"https:\/\/www.fraczinet.cl\/sitio\/#\/schema\/person\/image\/\",\"url\":\"https:\/\/secure.gravatar.com\/avatar\/d5ad3cf7ef3b23a2bb5be73be780c86b2fc8545c3ad6b149f3913ff458c00099?s=96&d=mm&r=g\",\"contentUrl\":\"https:\/\/secure.gravatar.com\/avatar\/d5ad3cf7ef3b23a2bb5be73be780c86b2fc8545c3ad6b149f3913ff458c00099?s=96&d=mm&r=g\",\"caption\":\"admin\"},\"sameAs\":[\"https:\/\/www.fraczinet.cl\/sitio\"]}]}<\/script>\n<!-- \/ Yoast SEO plugin. -->","yoast_head_json":{"title":"Tertulia: Cuerpo De Bomberos De Los \u00c1ngeles - Nuestro Bio B\u00edo","robots":{"index":"index","follow":"follow","max-snippet":"max-snippet:-1","max-image-preview":"max-image-preview:large","max-video-preview":"max-video-preview:-1"},"canonical":"https:\/\/www.fraczinet.cl\/sitio\/2013\/06\/02\/tertulia-cuerpo-de-bomberos-de-los-angeles\/","og_locale":"es_ES","og_type":"article","og_title":"Tertulia: Cuerpo De Bomberos De Los \u00c1ngeles - Nuestro Bio B\u00edo","og_description":"Nuestra Corporaci\u00f3n, en su permanente af\u00e1n de rescatar la memoria hist\u00f3rica de nuestra ciudad y sus organizaciones emblem\u00e1ticas, tiene el honor de presentar un trabajo de rescate hist\u00f3rico de una de las instituciones m\u00e1s se\u00f1eras de nuestra comuna como es el Cuerpo de Bomberos de Los \u00c1ngeles, quienes han tenido a bien responder a nuestra [&hellip;]","og_url":"https:\/\/www.fraczinet.cl\/sitio\/2013\/06\/02\/tertulia-cuerpo-de-bomberos-de-los-angeles\/","og_site_name":"Nuestro Bio B\u00edo","article_published_time":"2013-06-02T21:52:00+00:00","article_modified_time":"2022-10-04T13:08:15+00:00","og_image":[{"url":"http:\/\/2.bp.blogspot.com\/-Tvh91jOeUSM\/Uau-Sc7ZZpI\/AAAAAAAAA48\/1xyV5qzi8Cs\/s320\/1.jpg","type":"","width":"","height":""}],"author":"admin","twitter_card":"summary_large_image","twitter_creator":"@nuestrobiobio","twitter_site":"@nuestrobiobio","twitter_misc":{"Escrito por":"admin","Tiempo de lectura":"1 minuto"},"schema":{"@context":"https:\/\/schema.org","@graph":[{"@type":"Article","@id":"https:\/\/www.fraczinet.cl\/sitio\/2013\/06\/02\/tertulia-cuerpo-de-bomberos-de-los-angeles\/#article","isPartOf":{"@id":"https:\/\/www.fraczinet.cl\/sitio\/2013\/06\/02\/tertulia-cuerpo-de-bomberos-de-los-angeles\/"},"author":{"name":"admin","@id":"https:\/\/www.fraczinet.cl\/sitio\/#\/schema\/person\/bc30f98e9cb10ae7e119dbe14bc93784"},"headline":"Tertulia: Cuerpo De Bomberos De Los \u00c1ngeles","datePublished":"2013-06-02T21:52:00+00:00","dateModified":"2022-10-04T13:08:15+00:00","mainEntityOfPage":{"@id":"https:\/\/www.fraczinet.cl\/sitio\/2013\/06\/02\/tertulia-cuerpo-de-bomberos-de-los-angeles\/"},"wordCount":297,"commentCount":0,"publisher":{"@id":"https:\/\/www.fraczinet.cl\/sitio\/#\/schema\/person\/aec8ee4da68df2b9b0eefdad24a0d582"},"image":{"@id":"https:\/\/www.fraczinet.cl\/sitio\/2013\/06\/02\/tertulia-cuerpo-de-bomberos-de-los-angeles\/#primaryimage"},"thumbnailUrl":"http:\/\/2.bp.blogspot.com\/-Tvh91jOeUSM\/Uau-Sc7ZZpI\/AAAAAAAAA48\/1xyV5qzi8Cs\/s320\/1.jpg","articleSection":["Charlas"],"inLanguage":"es","potentialAction":[{"@type":"CommentAction","name":"Comment","target":["https:\/\/www.fraczinet.cl\/sitio\/2013\/06\/02\/tertulia-cuerpo-de-bomberos-de-los-angeles\/#respond"]}]},{"@type":"WebPage","@id":"https:\/\/www.fraczinet.cl\/sitio\/2013\/06\/02\/tertulia-cuerpo-de-bomberos-de-los-angeles\/","url":"https:\/\/www.fraczinet.cl\/sitio\/2013\/06\/02\/tertulia-cuerpo-de-bomberos-de-los-angeles\/","name":"Tertulia: Cuerpo De Bomberos De Los \u00c1ngeles - Nuestro Bio B\u00edo","isPartOf":{"@id":"https:\/\/www.fraczinet.cl\/sitio\/#website"},"primaryImageOfPage":{"@id":"https:\/\/www.fraczinet.cl\/sitio\/2013\/06\/02\/tertulia-cuerpo-de-bomberos-de-los-angeles\/#primaryimage"},"image":{"@id":"https:\/\/www.fraczinet.cl\/sitio\/2013\/06\/02\/tertulia-cuerpo-de-bomberos-de-los-angeles\/#primaryimage"},"thumbnailUrl":"http:\/\/2.bp.blogspot.com\/-Tvh91jOeUSM\/Uau-Sc7ZZpI\/AAAAAAAAA48\/1xyV5qzi8Cs\/s320\/1.jpg","datePublished":"2013-06-02T21:52:00+00:00","dateModified":"2022-10-04T13:08:15+00:00","breadcrumb":{"@id":"https:\/\/www.fraczinet.cl\/sitio\/2013\/06\/02\/tertulia-cuerpo-de-bomberos-de-los-angeles\/#breadcrumb"},"inLanguage":"es","potentialAction":[{"@type":"ReadAction","target":["https:\/\/www.fraczinet.cl\/sitio\/2013\/06\/02\/tertulia-cuerpo-de-bomberos-de-los-angeles\/"]}]},{"@type":"ImageObject","inLanguage":"es","@id":"https:\/\/www.fraczinet.cl\/sitio\/2013\/06\/02\/tertulia-cuerpo-de-bomberos-de-los-angeles\/#primaryimage","url":"http:\/\/2.bp.blogspot.com\/-Tvh91jOeUSM\/Uau-Sc7ZZpI\/AAAAAAAAA48\/1xyV5qzi8Cs\/s320\/1.jpg","contentUrl":"http:\/\/2.bp.blogspot.com\/-Tvh91jOeUSM\/Uau-Sc7ZZpI\/AAAAAAAAA48\/1xyV5qzi8Cs\/s320\/1.jpg"},{"@type":"BreadcrumbList","@id":"https:\/\/www.fraczinet.cl\/sitio\/2013\/06\/02\/tertulia-cuerpo-de-bomberos-de-los-angeles\/#breadcrumb","itemListElement":[{"@type":"ListItem","position":1,"name":"Portada","item":"https:\/\/www.fraczinet.cl\/sitio\/"},{"@type":"ListItem","position":2,"name":"Tertulia: Cuerpo De Bomberos De Los \u00c1ngeles"}]},{"@type":"WebSite","@id":"https:\/\/www.fraczinet.cl\/sitio\/#website","url":"https:\/\/www.fraczinet.cl\/sitio\/","name":"Nuestro Bio B\u00edo","description":"Tierra de Encuentros","publisher":{"@id":"https:\/\/www.fraczinet.cl\/sitio\/#\/schema\/person\/aec8ee4da68df2b9b0eefdad24a0d582"},"potentialAction":[{"@type":"SearchAction","target":{"@type":"EntryPoint","urlTemplate":"https:\/\/www.fraczinet.cl\/sitio\/?s={search_term_string}"},"query-input":{"@type":"PropertyValueSpecification","valueRequired":true,"valueName":"search_term_string"}}],"inLanguage":"es"},{"@type":["Person","Organization"],"@id":"https:\/\/www.fraczinet.cl\/sitio\/#\/schema\/person\/aec8ee4da68df2b9b0eefdad24a0d582","name":"Luis Fernando Fraczinet","image":{"@type":"ImageObject","inLanguage":"es","@id":"https:\/\/www.fraczinet.cl\/sitio\/#\/schema\/person\/image\/","url":"https:\/\/www.fraczinet.cl\/sitio\/wp-content\/uploads\/2021\/07\/bannerlogo-1.gif","contentUrl":"https:\/\/www.fraczinet.cl\/sitio\/wp-content\/uploads\/2021\/07\/bannerlogo-1.gif","width":159,"height":79,"caption":"Luis Fernando Fraczinet"},"logo":{"@id":"https:\/\/www.fraczinet.cl\/sitio\/#\/schema\/person\/image\/"},"sameAs":["https:\/\/www.fraczinet.cl\/sitio\/"]},{"@type":"Person","@id":"https:\/\/www.fraczinet.cl\/sitio\/#\/schema\/person\/bc30f98e9cb10ae7e119dbe14bc93784","name":"admin","image":{"@type":"ImageObject","inLanguage":"es","@id":"https:\/\/www.fraczinet.cl\/sitio\/#\/schema\/person\/image\/","url":"https:\/\/secure.gravatar.com\/avatar\/d5ad3cf7ef3b23a2bb5be73be780c86b2fc8545c3ad6b149f3913ff458c00099?s=96&d=mm&r=g","contentUrl":"https:\/\/secure.gravatar.com\/avatar\/d5ad3cf7ef3b23a2bb5be73be780c86b2fc8545c3ad6b149f3913ff458c00099?s=96&d=mm&r=g","caption":"admin"},"sameAs":["https:\/\/www.fraczinet.cl\/sitio"]}]}},"_links":{"self":[{"href":"https:\/\/www.fraczinet.cl\/sitio\/wp-json\/wp\/v2\/posts\/4215","targetHints":{"allow":["GET"]}}],"collection":[{"href":"https:\/\/www.fraczinet.cl\/sitio\/wp-json\/wp\/v2\/posts"}],"about":[{"href":"https:\/\/www.fraczinet.cl\/sitio\/wp-json\/wp\/v2\/types\/post"}],"author":[{"embeddable":true,"href":"https:\/\/www.fraczinet.cl\/sitio\/wp-json\/wp\/v2\/users\/1"}],"replies":[{"embeddable":true,"href":"https:\/\/www.fraczinet.cl\/sitio\/wp-json\/wp\/v2\/comments?post=4215"}],"version-history":[{"count":1,"href":"https:\/\/www.fraczinet.cl\/sitio\/wp-json\/wp\/v2\/posts\/4215\/revisions"}],"predecessor-version":[{"id":13820,"href":"https:\/\/www.fraczinet.cl\/sitio\/wp-json\/wp\/v2\/posts\/4215\/revisions\/13820"}],"wp:attachment":[{"href":"https:\/\/www.fraczinet.cl\/sitio\/wp-json\/wp\/v2\/media?parent=4215"}],"wp:term":[{"taxonomy":"category","embeddable":true,"href":"https:\/\/www.fraczinet.cl\/sitio\/wp-json\/wp\/v2\/categories?post=4215"},{"taxonomy":"post_tag","embeddable":true,"href":"https:\/\/www.fraczinet.cl\/sitio\/wp-json\/wp\/v2\/tags?post=4215"}],"curies":[{"name":"wp","href":"https:\/\/api.w.org\/{rel}","templated":true}]}}