{"id":4216,"date":"2013-06-02T21:23:00","date_gmt":"2013-06-02T21:23:00","guid":{"rendered":"https:\/\/www.fraczinet.cl\/sitio\/2013\/06\/02\/con-rogativa-mapuche-se-inauguro-primera-muestra-campesina-y-artesanal-indigena\/"},"modified":"2022-10-04T01:49:01","modified_gmt":"2022-10-04T01:49:01","slug":"con-rogativa-mapuche-se-inauguro-primera-muestra-campesina-y-artesanal-indigena","status":"publish","type":"post","link":"https:\/\/www.fraczinet.cl\/sitio\/con-rogativa-mapuche-se-inauguro-primera-muestra-campesina-y-artesanal-indigena\/","title":{"rendered":"Con Rogativa Mapuche Se Inaugur\u00f3 Primera Muestra Campesina Y Artesanal Ind\u00edgena"},"content":{"rendered":"<div style=\"text-align: justify;\"><\/div>\n<div style=\"text-align: justify;\"><\/div>\n<div style=\"clear: both; text-align: center;\"><a href=\"http:\/\/3.bp.blogspot.com\/-yZIInwyRWkU\/Uau3D4zxDRI\/AAAAAAAAA4U\/Nkg4JFG3iAE\/s1600\/ARTESANA+DE+CONTULMO.JPG\" style=\"margin-left: 1em; margin-right: 1em;\"><img fetchpriority=\"high\" decoding=\"async\" border=\"0\" height=\"213\" src=\"http:\/\/3.bp.blogspot.com\/-yZIInwyRWkU\/Uau3D4zxDRI\/AAAAAAAAA4U\/Nkg4JFG3iAE\/s320\/ARTESANA+DE+CONTULMO.JPG\" width=\"320\" \/><\/a><\/div>\n<p><\/p>\n<div style=\"clear: both; text-align: center;\"><a href=\"http:\/\/1.bp.blogspot.com\/-orJODe0H5j4\/Uau3G16eNvI\/AAAAAAAAA4k\/JCgSC_zFMsg\/s1600\/CEREMONIA+INAUGURAL.JPG\" style=\"margin-left: 1em; margin-right: 1em;\"><img decoding=\"async\" border=\"0\" height=\"213\" src=\"http:\/\/1.bp.blogspot.com\/-orJODe0H5j4\/Uau3G16eNvI\/AAAAAAAAA4k\/JCgSC_zFMsg\/s320\/CEREMONIA+INAUGURAL.JPG\" width=\"320\" \/><\/a><\/div>\n<p><\/p>\n<div style=\"clear: both; text-align: center;\"><a href=\"http:\/\/4.bp.blogspot.com\/-4vdfQwijHvY\/Uau3DMjSNsI\/AAAAAAAAA4M\/9rRHLNBQYxc\/s1600\/PRODUCTORES+EN+VEGA.JPG\" style=\"margin-left: 1em; margin-right: 1em;\"><img decoding=\"async\" border=\"0\" height=\"213\" src=\"http:\/\/4.bp.blogspot.com\/-4vdfQwijHvY\/Uau3DMjSNsI\/AAAAAAAAA4M\/9rRHLNBQYxc\/s320\/PRODUCTORES+EN+VEGA.JPG\" width=\"320\" \/><\/a><\/div>\n<p><\/p>\n<div style=\"clear: both; text-align: center;\"><a href=\"http:\/\/1.bp.blogspot.com\/-te0XuIwfZqM\/Uau3Fy-nGKI\/AAAAAAAAA4c\/YBR6RZXOgME\/s1600\/ROGATIVA+MAPUCHE.JPG\" style=\"margin-left: 1em; margin-right: 1em;\"><img loading=\"lazy\" decoding=\"async\" border=\"0\" height=\"213\" src=\"http:\/\/1.bp.blogspot.com\/-te0XuIwfZqM\/Uau3Fy-nGKI\/AAAAAAAAA4c\/YBR6RZXOgME\/s320\/ROGATIVA+MAPUCHE.JPG\" width=\"320\" \/><\/a><\/div>\n<p><\/p>\n<div style=\"text-align: justify;\"><span data-mce-style=\"color: #000000; font-size: small;\" style=\"color: black; font-size: x-small;\"><span data-mce-style=\"color: #000000;\" style=\"color: black;\">Artesan\u00eda  mapuche, papas nativas, mermeladas, changle, harina de avellanas,  merk\u00e9n, hierbas deshidratadas y pastas de ajo, fueron algunos de los  productos que 36 agricultores de Tir\u00faa, Alto B\u00edo B\u00edo, Los Alamos, Ca\u00f1ete y Contulmo,  expusieron en la Primera Muestra Campesina y Artesanal Ind\u00edgena  \u2013organizada por el Ministerio de Agricultura, a trav\u00e9s de INDAP, el  Centro Comercial Vega Monumental y el Centro Intercultural Museo de  Ca\u00f1ete- que abri\u00f3 sus puertas la ma\u00f1ana de ayer s\u00e1bado, en la Vega  Monumental de Concepci\u00f3n.<\/span><\/span><\/div>\n<div style=\"text-align: justify;\"><\/div>\n<div style=\"text-align: justify;\"><span data-mce-style=\"font-size: small;\" style=\"font-size: x-small;\"><span data-mce-style=\"color: #000000;\" style=\"color: black;\">La  inauguraci\u00f3n, encabezada por el gerente del Centro Comercial Vega  Monumental, Sergio Molina y el director regional de INDAP, Fernando  Acosta, cont\u00f3 con la participaci\u00f3n del alcalde de Ca\u00f1ete, Abraham Silva.<\/span><\/span><\/div>\n<div style=\"text-align: justify;\"><\/div>\n<div style=\"text-align: justify;\"><span data-mce-style=\"font-size: small;\" style=\"font-size: x-small;\"><span data-mce-style=\"color: #000000;\" style=\"color: black;\">La  apertura de la muestra se inici\u00f3 con una ceremonia mapuche en el  frontis de la Vega Monumental, donde dos representantes ind\u00edgenas de la  comuna de Ca\u00f1ete realizaron una rogativa de agradecimiento junto al  canelo, mudai y sopaipillas.<\/span><\/span><\/div>\n<div style=\"text-align: justify;\"><\/div>\n<div style=\"text-align: justify;\"><span data-mce-style=\"font-size: small;\" style=\"font-size: x-small;\"><span data-mce-style=\"color: #000000;\" style=\"color: black;\">Fernando  Acosta, director regional de INDAP, indic\u00f3 que esta muestra es una  excelente oportunidad de difusi\u00f3n y comercializaci\u00f3n, puesto que les  permite realizar ventas directas y hacer contactos, tanto con  proveedores de la Vega Monumental como con empresarios de la zona.  \u201cEstamos muy contentos con la gran cantidad de p\u00fablico que lleg\u00f3 a esta  primera muestra, quienes pudieron no s\u00f3lo comprar sino que adem\u00e1s  apreciar la cultura mapuche en toda su magnitud\u201d.<\/span><\/span><\/div>\n<div style=\"text-align: justify;\"><\/div>\n<div style=\"text-align: justify;\"><span data-mce-style=\"font-size: small;\" style=\"font-size: x-small;\"><span data-mce-style=\"color: #000000;\" style=\"color: black;\">El  Director Regional de INDAP, agreg\u00f3 que \u201ctodos los expositores son  usuarios del Programa de Desarrollo Territorial Ind\u00edgena de INDAP, a  trav\u00e9s del cual reciben asesor\u00eda t\u00e9cnica y recursos para desarrollar sus  emprendimientos\u201d.<\/span><\/span><\/div>\n<div style=\"text-align: justify;\"><\/div>\n<div style=\"text-align: justify;\"><span data-mce-style=\"font-size: small;\" style=\"font-size: x-small;\"><span data-mce-style=\"color: #000000;\" style=\"color: black;\">Asimismo,  Sergio Molina, gerente del Centro Comercial Vega Monumental, afirm\u00f3 que  esta muestra es la primera de muchas otras que se realizar\u00e1n con INDAP y  sus usuarios, \u201clo que queremos es dar a conocer lo que se est\u00e1 haciendo  en la Regi\u00f3n del Bio B\u00edo con apoyo del Ministerio de Agricultura, para  lo cual seguiremos con m\u00e1s muestras de este tipo, pero con diversos  rubros\u201d.<\/span><\/span><\/div>\n<div style=\"text-align: justify;\"><\/div>\n<div style=\"text-align: justify;\"><span data-mce-style=\"font-size: small;\" style=\"font-size: x-small;\"><span data-mce-style=\"color: #000000;\" style=\"color: black;\">Sonia  Carrasco Antileo, productora de hierbas y frutos deshidratados de  Cuyimpalihue, Ca\u00f1ete, destac\u00f3 la gran oportunidad que significa para los  agricultores vinculados a INDAP, llegar a comercializar a la Vega  Monumental, \u201cestamos muy contentos con esta oportunidad, ya que gracias a  estas ventas podremos seguir mejorando lo que tenemos, surgiendo como  microempresarios y ayudando a nuestras familias\u201d.<\/span><\/span><\/div>\n<div style=\"text-align: justify;\"><\/div>\n<div style=\"text-align: justify;\"><span data-mce-style=\"font-size: small;\" style=\"font-size: x-small;\"><span data-mce-style=\"color: #000000;\" style=\"color: black;\">La  Primera Muestra Campesina y Artesanal Ind\u00edgena, estar\u00e1 abierta al  p\u00fablico hasta las 18.00 horas del domingo 2 de junio y ser\u00e1  complementada con una muestra fotogr\u00e1fica, facilitada por el Museo  Intercultural de Ca\u00f1ete, clases de cocina mapuche a cargo de reconocidos  chef de la zona, m\u00fasica en vivo, degustaciones gastron\u00f3micas, juegos de  pal\u00edn y poes\u00eda mapuche.<\/span><\/span><\/div>\n","protected":false},"excerpt":{"rendered":"<p>Artesan\u00eda mapuche, papas nativas, mermeladas, changle, harina de avellanas, merk\u00e9n, hierbas deshidratadas y pastas de ajo, fueron algunos de los productos que 36 agricultores de Tir\u00faa, Alto B\u00edo B\u00edo, Los Alamos, Ca\u00f1ete y Contulmo, expusieron en la Primera Muestra Campesina y Artesanal Ind\u00edgena \u2013organizada por el Ministerio de Agricultura, a trav\u00e9s de INDAP, el Centro [&hellip;]<\/p>\n","protected":false},"author":1,"featured_media":0,"comment_status":"open","ping_status":"closed","sticky":false,"template":"","format":"standard","meta":{"footnotes":""},"categories":[7,47],"tags":[],"class_list":["post-4216","post","type-post","status-publish","format-standard","hentry","category-fiestas-y-tradiciones","category-mapuches"],"yoast_head":"<!-- This site is optimized with the Yoast SEO plugin v28.2 - https:\/\/yoast.com\/product\/yoast-seo-wordpress\/ -->\n<title>Con Rogativa Mapuche Se Inaugur\u00f3 Primera Muestra Campesina Y Artesanal Ind\u00edgena - Nuestro Bio B\u00edo<\/title>\n<meta name=\"robots\" content=\"index, follow, max-snippet:-1, max-image-preview:large, max-video-preview:-1\" \/>\n<link rel=\"canonical\" href=\"https:\/\/www.fraczinet.cl\/sitio\/con-rogativa-mapuche-se-inauguro-primera-muestra-campesina-y-artesanal-indigena\/\" \/>\n<meta property=\"og:locale\" content=\"es_ES\" \/>\n<meta property=\"og:type\" content=\"article\" \/>\n<meta property=\"og:title\" content=\"Con Rogativa Mapuche Se Inaugur\u00f3 Primera Muestra Campesina Y Artesanal Ind\u00edgena - Nuestro Bio B\u00edo\" \/>\n<meta property=\"og:description\" content=\"Artesan\u00eda mapuche, papas nativas, mermeladas, changle, harina de avellanas, merk\u00e9n, hierbas deshidratadas y pastas de ajo, fueron algunos de los productos que 36 agricultores de Tir\u00faa, Alto B\u00edo B\u00edo, Los Alamos, Ca\u00f1ete y Contulmo, expusieron en la Primera Muestra Campesina y Artesanal Ind\u00edgena \u2013organizada por el Ministerio de Agricultura, a trav\u00e9s de INDAP, el Centro [&hellip;]\" \/>\n<meta property=\"og:url\" content=\"https:\/\/www.fraczinet.cl\/sitio\/con-rogativa-mapuche-se-inauguro-primera-muestra-campesina-y-artesanal-indigena\/\" \/>\n<meta property=\"og:site_name\" content=\"Nuestro Bio B\u00edo\" \/>\n<meta property=\"article:publisher\" content=\"https:\/\/www.facebook.com\/groups\/15721414452\/\" \/>\n<meta property=\"article:published_time\" content=\"2013-06-02T21:23:00+00:00\" \/>\n<meta property=\"article:modified_time\" content=\"2022-10-04T01:49:01+00:00\" \/>\n<meta property=\"og:image\" content=\"http:\/\/3.bp.blogspot.com\/-yZIInwyRWkU\/Uau3D4zxDRI\/AAAAAAAAA4U\/Nkg4JFG3iAE\/s320\/ARTESANA+DE+CONTULMO.JPG\" \/>\n<meta name=\"twitter:card\" content=\"summary_large_image\" \/>\n<meta name=\"twitter:creator\" content=\"@nuestrobiobio\" \/>\n<meta name=\"twitter:site\" content=\"@nuestrobiobio\" \/>\n<meta name=\"twitter:label1\" content=\"Escrito por\" \/>\n\t<meta name=\"twitter:data1\" content=\"\" \/>\n\t<meta name=\"twitter:label2\" content=\"Tiempo de lectura\" \/>\n\t<meta name=\"twitter:data2\" content=\"2 minutos\" \/>\n<script type=\"application\/ld+json\" class=\"yoast-schema-graph\">{\"@context\":\"https:\\\/\\\/schema.org\",\"@graph\":[{\"@type\":\"Article\",\"@id\":\"https:\\\/\\\/www.fraczinet.cl\\\/sitio\\\/con-rogativa-mapuche-se-inauguro-primera-muestra-campesina-y-artesanal-indigena\\\/#article\",\"isPartOf\":{\"@id\":\"https:\\\/\\\/www.fraczinet.cl\\\/sitio\\\/con-rogativa-mapuche-se-inauguro-primera-muestra-campesina-y-artesanal-indigena\\\/\"},\"author\":{\"name\":\"\",\"@id\":\"\"},\"headline\":\"Con Rogativa Mapuche Se Inaugur\u00f3 Primera Muestra Campesina Y Artesanal Ind\u00edgena\",\"datePublished\":\"2013-06-02T21:23:00+00:00\",\"dateModified\":\"2022-10-04T01:49:01+00:00\",\"mainEntityOfPage\":{\"@id\":\"https:\\\/\\\/www.fraczinet.cl\\\/sitio\\\/con-rogativa-mapuche-se-inauguro-primera-muestra-campesina-y-artesanal-indigena\\\/\"},\"wordCount\":481,\"commentCount\":0,\"image\":{\"@id\":\"https:\\\/\\\/www.fraczinet.cl\\\/sitio\\\/con-rogativa-mapuche-se-inauguro-primera-muestra-campesina-y-artesanal-indigena\\\/#primaryimage\"},\"thumbnailUrl\":\"http:\\\/\\\/3.bp.blogspot.com\\\/-yZIInwyRWkU\\\/Uau3D4zxDRI\\\/AAAAAAAAA4U\\\/Nkg4JFG3iAE\\\/s320\\\/ARTESANA+DE+CONTULMO.JPG\",\"articleSection\":[\"Fiestas y Tradiciones\",\"Mapuches\"],\"inLanguage\":\"es\",\"potentialAction\":[{\"@type\":\"CommentAction\",\"name\":\"Comment\",\"target\":[\"https:\\\/\\\/www.fraczinet.cl\\\/sitio\\\/con-rogativa-mapuche-se-inauguro-primera-muestra-campesina-y-artesanal-indigena\\\/#respond\"]}]},{\"@type\":\"WebPage\",\"@id\":\"https:\\\/\\\/www.fraczinet.cl\\\/sitio\\\/con-rogativa-mapuche-se-inauguro-primera-muestra-campesina-y-artesanal-indigena\\\/\",\"url\":\"https:\\\/\\\/www.fraczinet.cl\\\/sitio\\\/con-rogativa-mapuche-se-inauguro-primera-muestra-campesina-y-artesanal-indigena\\\/\",\"name\":\"Con Rogativa Mapuche Se Inaugur\u00f3 Primera Muestra Campesina Y Artesanal Ind\u00edgena - Nuestro Bio B\u00edo\",\"isPartOf\":{\"@id\":\"https:\\\/\\\/www.fraczinet.cl\\\/sitio\\\/#website\"},\"primaryImageOfPage\":{\"@id\":\"https:\\\/\\\/www.fraczinet.cl\\\/sitio\\\/con-rogativa-mapuche-se-inauguro-primera-muestra-campesina-y-artesanal-indigena\\\/#primaryimage\"},\"image\":{\"@id\":\"https:\\\/\\\/www.fraczinet.cl\\\/sitio\\\/con-rogativa-mapuche-se-inauguro-primera-muestra-campesina-y-artesanal-indigena\\\/#primaryimage\"},\"thumbnailUrl\":\"http:\\\/\\\/3.bp.blogspot.com\\\/-yZIInwyRWkU\\\/Uau3D4zxDRI\\\/AAAAAAAAA4U\\\/Nkg4JFG3iAE\\\/s320\\\/ARTESANA+DE+CONTULMO.JPG\",\"datePublished\":\"2013-06-02T21:23:00+00:00\",\"dateModified\":\"2022-10-04T01:49:01+00:00\",\"author\":{\"@id\":\"\"},\"breadcrumb\":{\"@id\":\"https:\\\/\\\/www.fraczinet.cl\\\/sitio\\\/con-rogativa-mapuche-se-inauguro-primera-muestra-campesina-y-artesanal-indigena\\\/#breadcrumb\"},\"inLanguage\":\"es\",\"potentialAction\":[{\"@type\":\"ReadAction\",\"target\":[\"https:\\\/\\\/www.fraczinet.cl\\\/sitio\\\/con-rogativa-mapuche-se-inauguro-primera-muestra-campesina-y-artesanal-indigena\\\/\"]}]},{\"@type\":\"ImageObject\",\"inLanguage\":\"es\",\"@id\":\"https:\\\/\\\/www.fraczinet.cl\\\/sitio\\\/con-rogativa-mapuche-se-inauguro-primera-muestra-campesina-y-artesanal-indigena\\\/#primaryimage\",\"url\":\"http:\\\/\\\/3.bp.blogspot.com\\\/-yZIInwyRWkU\\\/Uau3D4zxDRI\\\/AAAAAAAAA4U\\\/Nkg4JFG3iAE\\\/s320\\\/ARTESANA+DE+CONTULMO.JPG\",\"contentUrl\":\"http:\\\/\\\/3.bp.blogspot.com\\\/-yZIInwyRWkU\\\/Uau3D4zxDRI\\\/AAAAAAAAA4U\\\/Nkg4JFG3iAE\\\/s320\\\/ARTESANA+DE+CONTULMO.JPG\"},{\"@type\":\"BreadcrumbList\",\"@id\":\"https:\\\/\\\/www.fraczinet.cl\\\/sitio\\\/con-rogativa-mapuche-se-inauguro-primera-muestra-campesina-y-artesanal-indigena\\\/#breadcrumb\",\"itemListElement\":[{\"@type\":\"ListItem\",\"position\":1,\"name\":\"Portada\",\"item\":\"https:\\\/\\\/www.fraczinet.cl\\\/sitio\\\/\"},{\"@type\":\"ListItem\",\"position\":2,\"name\":\"Con Rogativa Mapuche Se Inaugur\u00f3 Primera Muestra Campesina Y Artesanal Ind\u00edgena\"}]},{\"@type\":\"WebSite\",\"@id\":\"https:\\\/\\\/www.fraczinet.cl\\\/sitio\\\/#website\",\"url\":\"https:\\\/\\\/www.fraczinet.cl\\\/sitio\\\/\",\"name\":\"Nuestro Bio B\u00edo\",\"description\":\"Tierra de Encuentros\",\"potentialAction\":[{\"@type\":\"SearchAction\",\"target\":{\"@type\":\"EntryPoint\",\"urlTemplate\":\"https:\\\/\\\/www.fraczinet.cl\\\/sitio\\\/?s={search_term_string}\"},\"query-input\":{\"@type\":\"PropertyValueSpecification\",\"valueRequired\":true,\"valueName\":\"search_term_string\"}}],\"inLanguage\":\"es\"},{\"@type\":\"Person\",\"@id\":\"\"}]}<\/script>\n<!-- \/ Yoast SEO plugin. -->","yoast_head_json":{"title":"Con Rogativa Mapuche Se Inaugur\u00f3 Primera Muestra Campesina Y Artesanal Ind\u00edgena - Nuestro Bio B\u00edo","robots":{"index":"index","follow":"follow","max-snippet":"max-snippet:-1","max-image-preview":"max-image-preview:large","max-video-preview":"max-video-preview:-1"},"canonical":"https:\/\/www.fraczinet.cl\/sitio\/con-rogativa-mapuche-se-inauguro-primera-muestra-campesina-y-artesanal-indigena\/","og_locale":"es_ES","og_type":"article","og_title":"Con Rogativa Mapuche Se Inaugur\u00f3 Primera Muestra Campesina Y Artesanal Ind\u00edgena - Nuestro Bio B\u00edo","og_description":"Artesan\u00eda mapuche, papas nativas, mermeladas, changle, harina de avellanas, merk\u00e9n, hierbas deshidratadas y pastas de ajo, fueron algunos de los productos que 36 agricultores de Tir\u00faa, Alto B\u00edo B\u00edo, Los Alamos, Ca\u00f1ete y Contulmo, expusieron en la Primera Muestra Campesina y Artesanal Ind\u00edgena \u2013organizada por el Ministerio de Agricultura, a trav\u00e9s de INDAP, el Centro [&hellip;]","og_url":"https:\/\/www.fraczinet.cl\/sitio\/con-rogativa-mapuche-se-inauguro-primera-muestra-campesina-y-artesanal-indigena\/","og_site_name":"Nuestro Bio B\u00edo","article_publisher":"https:\/\/www.facebook.com\/groups\/15721414452\/","article_published_time":"2013-06-02T21:23:00+00:00","article_modified_time":"2022-10-04T01:49:01+00:00","og_image":[{"url":"http:\/\/3.bp.blogspot.com\/-yZIInwyRWkU\/Uau3D4zxDRI\/AAAAAAAAA4U\/Nkg4JFG3iAE\/s320\/ARTESANA+DE+CONTULMO.JPG","type":"","width":"","height":""}],"twitter_card":"summary_large_image","twitter_creator":"@nuestrobiobio","twitter_site":"@nuestrobiobio","twitter_misc":{"Escrito por":"","Tiempo de lectura":"2 minutos"},"schema":{"@context":"https:\/\/schema.org","@graph":[{"@type":"Article","@id":"https:\/\/www.fraczinet.cl\/sitio\/con-rogativa-mapuche-se-inauguro-primera-muestra-campesina-y-artesanal-indigena\/#article","isPartOf":{"@id":"https:\/\/www.fraczinet.cl\/sitio\/con-rogativa-mapuche-se-inauguro-primera-muestra-campesina-y-artesanal-indigena\/"},"author":{"name":"","@id":""},"headline":"Con Rogativa Mapuche Se Inaugur\u00f3 Primera Muestra Campesina Y Artesanal Ind\u00edgena","datePublished":"2013-06-02T21:23:00+00:00","dateModified":"2022-10-04T01:49:01+00:00","mainEntityOfPage":{"@id":"https:\/\/www.fraczinet.cl\/sitio\/con-rogativa-mapuche-se-inauguro-primera-muestra-campesina-y-artesanal-indigena\/"},"wordCount":481,"commentCount":0,"image":{"@id":"https:\/\/www.fraczinet.cl\/sitio\/con-rogativa-mapuche-se-inauguro-primera-muestra-campesina-y-artesanal-indigena\/#primaryimage"},"thumbnailUrl":"http:\/\/3.bp.blogspot.com\/-yZIInwyRWkU\/Uau3D4zxDRI\/AAAAAAAAA4U\/Nkg4JFG3iAE\/s320\/ARTESANA+DE+CONTULMO.JPG","articleSection":["Fiestas y Tradiciones","Mapuches"],"inLanguage":"es","potentialAction":[{"@type":"CommentAction","name":"Comment","target":["https:\/\/www.fraczinet.cl\/sitio\/con-rogativa-mapuche-se-inauguro-primera-muestra-campesina-y-artesanal-indigena\/#respond"]}]},{"@type":"WebPage","@id":"https:\/\/www.fraczinet.cl\/sitio\/con-rogativa-mapuche-se-inauguro-primera-muestra-campesina-y-artesanal-indigena\/","url":"https:\/\/www.fraczinet.cl\/sitio\/con-rogativa-mapuche-se-inauguro-primera-muestra-campesina-y-artesanal-indigena\/","name":"Con Rogativa Mapuche Se Inaugur\u00f3 Primera Muestra Campesina Y Artesanal Ind\u00edgena - Nuestro Bio B\u00edo","isPartOf":{"@id":"https:\/\/www.fraczinet.cl\/sitio\/#website"},"primaryImageOfPage":{"@id":"https:\/\/www.fraczinet.cl\/sitio\/con-rogativa-mapuche-se-inauguro-primera-muestra-campesina-y-artesanal-indigena\/#primaryimage"},"image":{"@id":"https:\/\/www.fraczinet.cl\/sitio\/con-rogativa-mapuche-se-inauguro-primera-muestra-campesina-y-artesanal-indigena\/#primaryimage"},"thumbnailUrl":"http:\/\/3.bp.blogspot.com\/-yZIInwyRWkU\/Uau3D4zxDRI\/AAAAAAAAA4U\/Nkg4JFG3iAE\/s320\/ARTESANA+DE+CONTULMO.JPG","datePublished":"2013-06-02T21:23:00+00:00","dateModified":"2022-10-04T01:49:01+00:00","author":{"@id":""},"breadcrumb":{"@id":"https:\/\/www.fraczinet.cl\/sitio\/con-rogativa-mapuche-se-inauguro-primera-muestra-campesina-y-artesanal-indigena\/#breadcrumb"},"inLanguage":"es","potentialAction":[{"@type":"ReadAction","target":["https:\/\/www.fraczinet.cl\/sitio\/con-rogativa-mapuche-se-inauguro-primera-muestra-campesina-y-artesanal-indigena\/"]}]},{"@type":"ImageObject","inLanguage":"es","@id":"https:\/\/www.fraczinet.cl\/sitio\/con-rogativa-mapuche-se-inauguro-primera-muestra-campesina-y-artesanal-indigena\/#primaryimage","url":"http:\/\/3.bp.blogspot.com\/-yZIInwyRWkU\/Uau3D4zxDRI\/AAAAAAAAA4U\/Nkg4JFG3iAE\/s320\/ARTESANA+DE+CONTULMO.JPG","contentUrl":"http:\/\/3.bp.blogspot.com\/-yZIInwyRWkU\/Uau3D4zxDRI\/AAAAAAAAA4U\/Nkg4JFG3iAE\/s320\/ARTESANA+DE+CONTULMO.JPG"},{"@type":"BreadcrumbList","@id":"https:\/\/www.fraczinet.cl\/sitio\/con-rogativa-mapuche-se-inauguro-primera-muestra-campesina-y-artesanal-indigena\/#breadcrumb","itemListElement":[{"@type":"ListItem","position":1,"name":"Portada","item":"https:\/\/www.fraczinet.cl\/sitio\/"},{"@type":"ListItem","position":2,"name":"Con Rogativa Mapuche Se Inaugur\u00f3 Primera Muestra Campesina Y Artesanal Ind\u00edgena"}]},{"@type":"WebSite","@id":"https:\/\/www.fraczinet.cl\/sitio\/#website","url":"https:\/\/www.fraczinet.cl\/sitio\/","name":"Nuestro Bio B\u00edo","description":"Tierra de Encuentros","potentialAction":[{"@type":"SearchAction","target":{"@type":"EntryPoint","urlTemplate":"https:\/\/www.fraczinet.cl\/sitio\/?s={search_term_string}"},"query-input":{"@type":"PropertyValueSpecification","valueRequired":true,"valueName":"search_term_string"}}],"inLanguage":"es"},{"@type":"Person","@id":""}]}},"_links":{"self":[{"href":"https:\/\/www.fraczinet.cl\/sitio\/wp-json\/wp\/v2\/posts\/4216","targetHints":{"allow":["GET"]}}],"collection":[{"href":"https:\/\/www.fraczinet.cl\/sitio\/wp-json\/wp\/v2\/posts"}],"about":[{"href":"https:\/\/www.fraczinet.cl\/sitio\/wp-json\/wp\/v2\/types\/post"}],"author":[{"embeddable":true,"href":"https:\/\/www.fraczinet.cl\/sitio\/wp-json\/wp\/v2\/users\/1"}],"replies":[{"embeddable":true,"href":"https:\/\/www.fraczinet.cl\/sitio\/wp-json\/wp\/v2\/comments?post=4216"}],"version-history":[{"count":1,"href":"https:\/\/www.fraczinet.cl\/sitio\/wp-json\/wp\/v2\/posts\/4216\/revisions"}],"predecessor-version":[{"id":13773,"href":"https:\/\/www.fraczinet.cl\/sitio\/wp-json\/wp\/v2\/posts\/4216\/revisions\/13773"}],"wp:attachment":[{"href":"https:\/\/www.fraczinet.cl\/sitio\/wp-json\/wp\/v2\/media?parent=4216"}],"wp:term":[{"taxonomy":"category","embeddable":true,"href":"https:\/\/www.fraczinet.cl\/sitio\/wp-json\/wp\/v2\/categories?post=4216"},{"taxonomy":"post_tag","embeddable":true,"href":"https:\/\/www.fraczinet.cl\/sitio\/wp-json\/wp\/v2\/tags?post=4216"}],"curies":[{"name":"wp","href":"https:\/\/api.w.org\/{rel}","templated":true}]}}