{"id":4235,"date":"2013-05-07T00:44:00","date_gmt":"2013-05-07T00:44:00","guid":{"rendered":"https:\/\/www.fraczinet.cl\/sitio\/2013\/05\/07\/invitacion-a-ser-parte-del-movimiento-todos-a-la-moneda\/"},"modified":"2013-05-07T00:44:00","modified_gmt":"2013-05-07T00:44:00","slug":"invitacion-a-ser-parte-del-movimiento-todos-a-la-moneda","status":"publish","type":"post","link":"https:\/\/www.fraczinet.cl\/sitio\/2013\/05\/07\/invitacion-a-ser-parte-del-movimiento-todos-a-la-moneda\/","title":{"rendered":"Invitaci\u00f3n A Ser Parte Del Movimiento Todos A La Moneda"},"content":{"rendered":"<div data-mce-style=\"text-align: justify;\" style=\"text-align: justify;\">El  Juntos Podemos ya no existe. Digamos que fue un buen instrumento y  estaba vestido con su pasado hist\u00f3rico y las urgencias de los tiempos  actuales, pero no logr\u00f3 instalarse en el movimiento popular y sus  organizaciones sociales para convertirse en un cre\u00edble instrumento de  poder, o un consistente pol\u00edtico opositor, para hacer pol\u00edtica seria,  queda en el recuerdo los que bajo banderas eternamente vigentes y  constructivas, terminaban llamando a votar por el mal menor.<\/div>\n<div data-mce-style=\"text-align: justify;\" style=\"text-align: justify;\"><\/div>\n<div style=\"text-align: justify;\">Tenemos que aprender\u2026.<\/div>\n<div style=\"text-align: justify;\"><\/div>\n<div style=\"text-align: justify;\">Dos  decenios han sido recorridos tratando de revertir lo heredado\/impuesto  por la dictadura, gritando desde la vereda y la calle, sosteniendo que  hab\u00eda que iniciar el proceso de transici\u00f3n a la democracia para poder  desmontar las estructuras heredadas del modelo neoliberal, y la  plantilla pol\u00edtica que ayud\u00f3 a instalar el Departamento de Estado  norteamericano.<\/div>\n<div style=\"text-align: justify;\"><\/div>\n<div style=\"text-align: justify;\">El Juntos Podemos  entonces fracas\u00f3, no logr\u00f3 avanzar en ninguna de las grandes exigencias,  se habita la misma institucionalidad, con un modelo educativo al  servicio de grandes grupos econ\u00f3micos, un sistema de salud sentado en el  lucro. La ganancia y la avaricia, esa danza de millones y millones en  las pensiones ya casi incontables, administrados por la misma foto de  los grupos econ\u00f3micos. <\/div>\n<div style=\"text-align: justify;\"><\/div>\n<div style=\"text-align: justify;\">Veinte  a\u00f1os tambi\u00e9n con un movimiento sindical que se encuentra disperso, al  mando de partidos que formaban parte tambi\u00e9n del Junto Podemos y que al  parecer reci\u00e9n logra rearticularse, que intenta colocarse con alturas en  la defensa de los trabajadores chilenos. Sus direcciones que se han ido  pasando de mano en mano banderas colocadas bajo las \u00f3rdenes de los  concertacionistas.&nbsp;<\/div>\n<div style=\"text-align: justify;\"><\/div>\n<div style=\"text-align: justify;\">Chile sigue  siendo el mismo espacio excluyente y antidemocr\u00e1tico, tantas veces  insistiendo que por estos caminos institucionales no se puede continuar.  Dos decenios de papelones, chascones llamando a ponerse de pi\u00e9, a  exigir lo que pertenece para posteriormente en descoloridos y deslavados  lagrimones llamar a dar pasos\/votar por lado oscuro y perverso de la  esperanza.<\/div>\n<div style=\"text-align: justify;\"><\/div>\n<div style=\"text-align: justify;\">El Juntos Podemos ya no existe, no cumpli\u00f3, solo sirvi\u00f3 para tres\u2026&nbsp;<\/div>\n<div style=\"text-align: justify;\"><\/div>\n<div style=\"text-align: justify;\">Lejos  de esperar que la generosidad concertacionistas deje caer alguna miga  fam\u00e9lica, la nueva izquierda logra articularse, a\u00fan dispersa no pierde  su sentido ni su origen. Se articula en las localidades donde cientos de  organizaciones sociales se juntan para defender sus derechos y avanzar  en la conquista de los pendientes, no ser\u00eda cre\u00edble ver a la  socialdemocracia PS\/PPD\/PDC\/PRSD\/PC defendiendo el agua cuando fueron  justamente ellos, los concertacionistas los que se encargaron de  venderla.<\/div>\n<div style=\"text-align: justify;\"><\/div>\n<div style=\"text-align: justify;\">Algo de luz al final del t\u00fanel\u2026.as\u00ed lo deja escrito las calles y la suma de todos y de cada uno.<\/div>\n<div style=\"text-align: justify;\"><\/div>\n<div style=\"text-align: justify;\">Cuando  se deja de pagar la educaci\u00f3n de los hijos se est\u00e1 haciendo una mejor  repartiendo de los dineros de todos, los recursos no gastados en  educaci\u00f3n mejora la calidad de vida, eso es dar pasos hacia el pa\u00eds que  se exige, ahora ya no se est\u00e1 pidiendo que se haga tal o cual asunto,  ahora se est\u00e1 exigiendo con el justo derecho de todos los derechos  consagrados, salud y educaci\u00f3n p\u00fablica, laica, de calidad y gratuita.<\/div>\n<div style=\"text-align: justify;\"><\/div>\n<div style=\"text-align: justify;\"><em>\u201cEl  sistema de pensiones de capitalizaci\u00f3n individual (AFP) ha significado  la mayor creaci\u00f3n de riqueza en beneficio directo de los trabajadores en  toda la historia de Chile\u201d<\/em> Jos\u00e9 Pi\u00f1era.<\/div>\n<div style=\"text-align: justify;\"><\/div>\n<div style=\"text-align: justify;\">La  realidad previsional chilena est\u00e1 ya teniendo car\u00e1cter de pandemia,  todos ser\u00e1n contagiados para compartir sus tiempos de jubilados entre la  pobreza, a lo que se agrega el precario y paup\u00e9rrimo sistema de salud  p\u00fablica es condenar a millones a pobreza extrema. Una parte considerable  de los dineros que recibe la tercera edad es consumida en gastos  m\u00e9dicos.<\/div>\n<div style=\"text-align: justify;\"><\/div>\n<div style=\"text-align: justify;\">Aumenta y se profundiza la  exigencia de nacionalizar las riquezas b\u00e1sicas, esos son recursos que  les pertenecen a todos. Toda la clase pol\u00edtica est\u00e1 unida en santa  alianza para impedir la (re) nacionalizaci\u00f3n del cobre ese justo e  hist\u00f3rico retorno &nbsp;a sus verdaderos due\u00f1os.<\/div>\n<div style=\"text-align: justify;\"><\/div>\n<div style=\"text-align: justify;\">Largo  es el listado de asuntos fundamentales que no pueden seguir esperando,  nada m\u00e1s urgente que una nueva institucionalidad, cuanta premura hay  para la elaboraci\u00f3n de una Nueva Constituci\u00f3n que haga a Chile un pa\u00eds  m\u00e1s equilibrado y mejor repartido.<\/div>\n<div style=\"text-align: justify;\"><\/div>\n<div style=\"text-align: justify;\">Todos a La Moneda\u2026..<\/div>\n<div style=\"text-align: justify;\"><\/div>\n<div style=\"text-align: justify;\">La  Nueva Izquierda aprendi\u00f3 del recorrido de organizaciones anteriores,  vuelve para instalar la convicci\u00f3n que la conquista del poder es posible  y urgente, se sabe que se har\u00e1n todos los esfuerzos unitarios para no  dar pasos en falso, pero junto al programa deben instalarse gestos  unitarios concretos, no se trata de voluntades&nbsp; testimoniales\u2026. eso es  agua pasada.<\/div>\n<div style=\"text-align: justify;\"><\/div>\n<div style=\"text-align: justify;\">Hay que instalar y hacer  cre\u00edble un proyecto que sea el reflejo del pa\u00eds que necesitamos dejar a  las nuevas generaciones, no como sus justos herederos, sino como los  indispensables constructores de los tiempos por venir.<\/div>\n<div style=\"text-align: justify;\"><\/div>\n<div style=\"text-align: justify;\">Y  que no quede ninguna duda. En la pr\u00f3xima papeleta estar\u00e1n los miles y  miles de apurados, esos justos indignados, esta generaci\u00f3n que tiene en  su memoria la urgencias de sus padres pensando en un futuro m\u00e1s digno<\/div>\n<div style=\"text-align: justify;\"><\/div>\n<p>Por Pablo Varas<\/p>\n","protected":false},"excerpt":{"rendered":"<p>El Juntos Podemos ya no existe. Digamos que fue un buen instrumento y estaba vestido con su pasado hist\u00f3rico y las urgencias de los tiempos actuales, pero no logr\u00f3 instalarse en el movimiento popular y sus organizaciones sociales para convertirse en un cre\u00edble instrumento de poder, o un consistente pol\u00edtico opositor, para hacer pol\u00edtica seria, [&hellip;]<\/p>\n","protected":false},"author":1,"featured_media":0,"comment_status":"open","ping_status":"open","sticky":false,"template":"","format":"standard","meta":{"footnotes":""},"categories":[131],"tags":[],"class_list":["post-4235","post","type-post","status-publish","format-standard","hentry","category-politica"],"yoast_head":"<!-- This site is optimized with the Yoast SEO plugin v25.0 - https:\/\/yoast.com\/wordpress\/plugins\/seo\/ -->\n<title>Invitaci\u00f3n A Ser Parte Del Movimiento Todos A La Moneda - Nuestro Bio B\u00edo<\/title>\n<meta name=\"robots\" content=\"index, follow, max-snippet:-1, max-image-preview:large, max-video-preview:-1\" \/>\n<link rel=\"canonical\" href=\"https:\/\/www.fraczinet.cl\/sitio\/2013\/05\/07\/invitacion-a-ser-parte-del-movimiento-todos-a-la-moneda\/\" \/>\n<meta property=\"og:locale\" content=\"es_ES\" \/>\n<meta property=\"og:type\" content=\"article\" \/>\n<meta property=\"og:title\" content=\"Invitaci\u00f3n A Ser Parte Del Movimiento Todos A La Moneda - Nuestro Bio B\u00edo\" \/>\n<meta property=\"og:description\" content=\"El Juntos Podemos ya no existe. Digamos que fue un buen instrumento y estaba vestido con su pasado hist\u00f3rico y las urgencias de los tiempos actuales, pero no logr\u00f3 instalarse en el movimiento popular y sus organizaciones sociales para convertirse en un cre\u00edble instrumento de poder, o un consistente pol\u00edtico opositor, para hacer pol\u00edtica seria, [&hellip;]\" \/>\n<meta property=\"og:url\" content=\"https:\/\/www.fraczinet.cl\/sitio\/2013\/05\/07\/invitacion-a-ser-parte-del-movimiento-todos-a-la-moneda\/\" \/>\n<meta property=\"og:site_name\" content=\"Nuestro Bio B\u00edo\" \/>\n<meta property=\"article:published_time\" content=\"2013-05-07T00:44:00+00:00\" \/>\n<meta property=\"og:image\" content=\"https:\/\/www.fraczinet.cl\/sitio\/wp-content\/uploads\/2021\/07\/bannerlogo-1.gif\" \/>\n\t<meta property=\"og:image:width\" content=\"159\" \/>\n\t<meta property=\"og:image:height\" content=\"79\" \/>\n\t<meta property=\"og:image:type\" content=\"image\/gif\" \/>\n<meta name=\"author\" content=\"admin\" \/>\n<meta name=\"twitter:card\" content=\"summary_large_image\" \/>\n<meta name=\"twitter:creator\" content=\"@nuestrobiobio\" \/>\n<meta name=\"twitter:site\" content=\"@nuestrobiobio\" \/>\n<meta name=\"twitter:label1\" content=\"Escrito por\" \/>\n\t<meta name=\"twitter:data1\" content=\"admin\" \/>\n\t<meta name=\"twitter:label2\" content=\"Tiempo de lectura\" \/>\n\t<meta name=\"twitter:data2\" content=\"4 minutos\" \/>\n<script type=\"application\/ld+json\" class=\"yoast-schema-graph\">{\"@context\":\"https:\/\/schema.org\",\"@graph\":[{\"@type\":\"Article\",\"@id\":\"https:\/\/www.fraczinet.cl\/sitio\/2013\/05\/07\/invitacion-a-ser-parte-del-movimiento-todos-a-la-moneda\/#article\",\"isPartOf\":{\"@id\":\"https:\/\/www.fraczinet.cl\/sitio\/2013\/05\/07\/invitacion-a-ser-parte-del-movimiento-todos-a-la-moneda\/\"},\"author\":{\"name\":\"admin\",\"@id\":\"https:\/\/www.fraczinet.cl\/sitio\/#\/schema\/person\/bc30f98e9cb10ae7e119dbe14bc93784\"},\"headline\":\"Invitaci\u00f3n A Ser Parte Del Movimiento Todos A La Moneda\",\"datePublished\":\"2013-05-07T00:44:00+00:00\",\"mainEntityOfPage\":{\"@id\":\"https:\/\/www.fraczinet.cl\/sitio\/2013\/05\/07\/invitacion-a-ser-parte-del-movimiento-todos-a-la-moneda\/\"},\"wordCount\":874,\"commentCount\":0,\"publisher\":{\"@id\":\"https:\/\/www.fraczinet.cl\/sitio\/#\/schema\/person\/aec8ee4da68df2b9b0eefdad24a0d582\"},\"articleSection\":[\"Pol\u00edtica\"],\"inLanguage\":\"es\",\"potentialAction\":[{\"@type\":\"CommentAction\",\"name\":\"Comment\",\"target\":[\"https:\/\/www.fraczinet.cl\/sitio\/2013\/05\/07\/invitacion-a-ser-parte-del-movimiento-todos-a-la-moneda\/#respond\"]}]},{\"@type\":\"WebPage\",\"@id\":\"https:\/\/www.fraczinet.cl\/sitio\/2013\/05\/07\/invitacion-a-ser-parte-del-movimiento-todos-a-la-moneda\/\",\"url\":\"https:\/\/www.fraczinet.cl\/sitio\/2013\/05\/07\/invitacion-a-ser-parte-del-movimiento-todos-a-la-moneda\/\",\"name\":\"Invitaci\u00f3n A Ser Parte Del Movimiento Todos A La Moneda - Nuestro Bio B\u00edo\",\"isPartOf\":{\"@id\":\"https:\/\/www.fraczinet.cl\/sitio\/#website\"},\"datePublished\":\"2013-05-07T00:44:00+00:00\",\"breadcrumb\":{\"@id\":\"https:\/\/www.fraczinet.cl\/sitio\/2013\/05\/07\/invitacion-a-ser-parte-del-movimiento-todos-a-la-moneda\/#breadcrumb\"},\"inLanguage\":\"es\",\"potentialAction\":[{\"@type\":\"ReadAction\",\"target\":[\"https:\/\/www.fraczinet.cl\/sitio\/2013\/05\/07\/invitacion-a-ser-parte-del-movimiento-todos-a-la-moneda\/\"]}]},{\"@type\":\"BreadcrumbList\",\"@id\":\"https:\/\/www.fraczinet.cl\/sitio\/2013\/05\/07\/invitacion-a-ser-parte-del-movimiento-todos-a-la-moneda\/#breadcrumb\",\"itemListElement\":[{\"@type\":\"ListItem\",\"position\":1,\"name\":\"Portada\",\"item\":\"https:\/\/www.fraczinet.cl\/sitio\/\"},{\"@type\":\"ListItem\",\"position\":2,\"name\":\"Invitaci\u00f3n A Ser Parte Del Movimiento Todos A La Moneda\"}]},{\"@type\":\"WebSite\",\"@id\":\"https:\/\/www.fraczinet.cl\/sitio\/#website\",\"url\":\"https:\/\/www.fraczinet.cl\/sitio\/\",\"name\":\"Nuestro Bio B\u00edo\",\"description\":\"Tierra de Encuentros\",\"publisher\":{\"@id\":\"https:\/\/www.fraczinet.cl\/sitio\/#\/schema\/person\/aec8ee4da68df2b9b0eefdad24a0d582\"},\"potentialAction\":[{\"@type\":\"SearchAction\",\"target\":{\"@type\":\"EntryPoint\",\"urlTemplate\":\"https:\/\/www.fraczinet.cl\/sitio\/?s={search_term_string}\"},\"query-input\":{\"@type\":\"PropertyValueSpecification\",\"valueRequired\":true,\"valueName\":\"search_term_string\"}}],\"inLanguage\":\"es\"},{\"@type\":[\"Person\",\"Organization\"],\"@id\":\"https:\/\/www.fraczinet.cl\/sitio\/#\/schema\/person\/aec8ee4da68df2b9b0eefdad24a0d582\",\"name\":\"Luis Fernando Fraczinet\",\"image\":{\"@type\":\"ImageObject\",\"inLanguage\":\"es\",\"@id\":\"https:\/\/www.fraczinet.cl\/sitio\/#\/schema\/person\/image\/\",\"url\":\"https:\/\/www.fraczinet.cl\/sitio\/wp-content\/uploads\/2021\/07\/bannerlogo-1.gif\",\"contentUrl\":\"https:\/\/www.fraczinet.cl\/sitio\/wp-content\/uploads\/2021\/07\/bannerlogo-1.gif\",\"width\":159,\"height\":79,\"caption\":\"Luis Fernando Fraczinet\"},\"logo\":{\"@id\":\"https:\/\/www.fraczinet.cl\/sitio\/#\/schema\/person\/image\/\"},\"sameAs\":[\"https:\/\/www.fraczinet.cl\/sitio\/\"]},{\"@type\":\"Person\",\"@id\":\"https:\/\/www.fraczinet.cl\/sitio\/#\/schema\/person\/bc30f98e9cb10ae7e119dbe14bc93784\",\"name\":\"admin\",\"image\":{\"@type\":\"ImageObject\",\"inLanguage\":\"es\",\"@id\":\"https:\/\/www.fraczinet.cl\/sitio\/#\/schema\/person\/image\/\",\"url\":\"https:\/\/secure.gravatar.com\/avatar\/d5ad3cf7ef3b23a2bb5be73be780c86b2fc8545c3ad6b149f3913ff458c00099?s=96&d=mm&r=g\",\"contentUrl\":\"https:\/\/secure.gravatar.com\/avatar\/d5ad3cf7ef3b23a2bb5be73be780c86b2fc8545c3ad6b149f3913ff458c00099?s=96&d=mm&r=g\",\"caption\":\"admin\"},\"sameAs\":[\"https:\/\/www.fraczinet.cl\/sitio\"]}]}<\/script>\n<!-- \/ Yoast SEO plugin. -->","yoast_head_json":{"title":"Invitaci\u00f3n A Ser Parte Del Movimiento Todos A La Moneda - Nuestro Bio B\u00edo","robots":{"index":"index","follow":"follow","max-snippet":"max-snippet:-1","max-image-preview":"max-image-preview:large","max-video-preview":"max-video-preview:-1"},"canonical":"https:\/\/www.fraczinet.cl\/sitio\/2013\/05\/07\/invitacion-a-ser-parte-del-movimiento-todos-a-la-moneda\/","og_locale":"es_ES","og_type":"article","og_title":"Invitaci\u00f3n A Ser Parte Del Movimiento Todos A La Moneda - Nuestro Bio B\u00edo","og_description":"El Juntos Podemos ya no existe. Digamos que fue un buen instrumento y estaba vestido con su pasado hist\u00f3rico y las urgencias de los tiempos actuales, pero no logr\u00f3 instalarse en el movimiento popular y sus organizaciones sociales para convertirse en un cre\u00edble instrumento de poder, o un consistente pol\u00edtico opositor, para hacer pol\u00edtica seria, [&hellip;]","og_url":"https:\/\/www.fraczinet.cl\/sitio\/2013\/05\/07\/invitacion-a-ser-parte-del-movimiento-todos-a-la-moneda\/","og_site_name":"Nuestro Bio B\u00edo","article_published_time":"2013-05-07T00:44:00+00:00","og_image":[{"width":159,"height":79,"url":"https:\/\/www.fraczinet.cl\/sitio\/wp-content\/uploads\/2021\/07\/bannerlogo-1.gif","type":"image\/gif"}],"author":"admin","twitter_card":"summary_large_image","twitter_creator":"@nuestrobiobio","twitter_site":"@nuestrobiobio","twitter_misc":{"Escrito por":"admin","Tiempo de lectura":"4 minutos"},"schema":{"@context":"https:\/\/schema.org","@graph":[{"@type":"Article","@id":"https:\/\/www.fraczinet.cl\/sitio\/2013\/05\/07\/invitacion-a-ser-parte-del-movimiento-todos-a-la-moneda\/#article","isPartOf":{"@id":"https:\/\/www.fraczinet.cl\/sitio\/2013\/05\/07\/invitacion-a-ser-parte-del-movimiento-todos-a-la-moneda\/"},"author":{"name":"admin","@id":"https:\/\/www.fraczinet.cl\/sitio\/#\/schema\/person\/bc30f98e9cb10ae7e119dbe14bc93784"},"headline":"Invitaci\u00f3n A Ser Parte Del Movimiento Todos A La Moneda","datePublished":"2013-05-07T00:44:00+00:00","mainEntityOfPage":{"@id":"https:\/\/www.fraczinet.cl\/sitio\/2013\/05\/07\/invitacion-a-ser-parte-del-movimiento-todos-a-la-moneda\/"},"wordCount":874,"commentCount":0,"publisher":{"@id":"https:\/\/www.fraczinet.cl\/sitio\/#\/schema\/person\/aec8ee4da68df2b9b0eefdad24a0d582"},"articleSection":["Pol\u00edtica"],"inLanguage":"es","potentialAction":[{"@type":"CommentAction","name":"Comment","target":["https:\/\/www.fraczinet.cl\/sitio\/2013\/05\/07\/invitacion-a-ser-parte-del-movimiento-todos-a-la-moneda\/#respond"]}]},{"@type":"WebPage","@id":"https:\/\/www.fraczinet.cl\/sitio\/2013\/05\/07\/invitacion-a-ser-parte-del-movimiento-todos-a-la-moneda\/","url":"https:\/\/www.fraczinet.cl\/sitio\/2013\/05\/07\/invitacion-a-ser-parte-del-movimiento-todos-a-la-moneda\/","name":"Invitaci\u00f3n A Ser Parte Del Movimiento Todos A La Moneda - Nuestro Bio B\u00edo","isPartOf":{"@id":"https:\/\/www.fraczinet.cl\/sitio\/#website"},"datePublished":"2013-05-07T00:44:00+00:00","breadcrumb":{"@id":"https:\/\/www.fraczinet.cl\/sitio\/2013\/05\/07\/invitacion-a-ser-parte-del-movimiento-todos-a-la-moneda\/#breadcrumb"},"inLanguage":"es","potentialAction":[{"@type":"ReadAction","target":["https:\/\/www.fraczinet.cl\/sitio\/2013\/05\/07\/invitacion-a-ser-parte-del-movimiento-todos-a-la-moneda\/"]}]},{"@type":"BreadcrumbList","@id":"https:\/\/www.fraczinet.cl\/sitio\/2013\/05\/07\/invitacion-a-ser-parte-del-movimiento-todos-a-la-moneda\/#breadcrumb","itemListElement":[{"@type":"ListItem","position":1,"name":"Portada","item":"https:\/\/www.fraczinet.cl\/sitio\/"},{"@type":"ListItem","position":2,"name":"Invitaci\u00f3n A Ser Parte Del Movimiento Todos A La Moneda"}]},{"@type":"WebSite","@id":"https:\/\/www.fraczinet.cl\/sitio\/#website","url":"https:\/\/www.fraczinet.cl\/sitio\/","name":"Nuestro Bio B\u00edo","description":"Tierra de Encuentros","publisher":{"@id":"https:\/\/www.fraczinet.cl\/sitio\/#\/schema\/person\/aec8ee4da68df2b9b0eefdad24a0d582"},"potentialAction":[{"@type":"SearchAction","target":{"@type":"EntryPoint","urlTemplate":"https:\/\/www.fraczinet.cl\/sitio\/?s={search_term_string}"},"query-input":{"@type":"PropertyValueSpecification","valueRequired":true,"valueName":"search_term_string"}}],"inLanguage":"es"},{"@type":["Person","Organization"],"@id":"https:\/\/www.fraczinet.cl\/sitio\/#\/schema\/person\/aec8ee4da68df2b9b0eefdad24a0d582","name":"Luis Fernando Fraczinet","image":{"@type":"ImageObject","inLanguage":"es","@id":"https:\/\/www.fraczinet.cl\/sitio\/#\/schema\/person\/image\/","url":"https:\/\/www.fraczinet.cl\/sitio\/wp-content\/uploads\/2021\/07\/bannerlogo-1.gif","contentUrl":"https:\/\/www.fraczinet.cl\/sitio\/wp-content\/uploads\/2021\/07\/bannerlogo-1.gif","width":159,"height":79,"caption":"Luis Fernando Fraczinet"},"logo":{"@id":"https:\/\/www.fraczinet.cl\/sitio\/#\/schema\/person\/image\/"},"sameAs":["https:\/\/www.fraczinet.cl\/sitio\/"]},{"@type":"Person","@id":"https:\/\/www.fraczinet.cl\/sitio\/#\/schema\/person\/bc30f98e9cb10ae7e119dbe14bc93784","name":"admin","image":{"@type":"ImageObject","inLanguage":"es","@id":"https:\/\/www.fraczinet.cl\/sitio\/#\/schema\/person\/image\/","url":"https:\/\/secure.gravatar.com\/avatar\/d5ad3cf7ef3b23a2bb5be73be780c86b2fc8545c3ad6b149f3913ff458c00099?s=96&d=mm&r=g","contentUrl":"https:\/\/secure.gravatar.com\/avatar\/d5ad3cf7ef3b23a2bb5be73be780c86b2fc8545c3ad6b149f3913ff458c00099?s=96&d=mm&r=g","caption":"admin"},"sameAs":["https:\/\/www.fraczinet.cl\/sitio"]}]}},"_links":{"self":[{"href":"https:\/\/www.fraczinet.cl\/sitio\/wp-json\/wp\/v2\/posts\/4235","targetHints":{"allow":["GET"]}}],"collection":[{"href":"https:\/\/www.fraczinet.cl\/sitio\/wp-json\/wp\/v2\/posts"}],"about":[{"href":"https:\/\/www.fraczinet.cl\/sitio\/wp-json\/wp\/v2\/types\/post"}],"author":[{"embeddable":true,"href":"https:\/\/www.fraczinet.cl\/sitio\/wp-json\/wp\/v2\/users\/1"}],"replies":[{"embeddable":true,"href":"https:\/\/www.fraczinet.cl\/sitio\/wp-json\/wp\/v2\/comments?post=4235"}],"version-history":[{"count":0,"href":"https:\/\/www.fraczinet.cl\/sitio\/wp-json\/wp\/v2\/posts\/4235\/revisions"}],"wp:attachment":[{"href":"https:\/\/www.fraczinet.cl\/sitio\/wp-json\/wp\/v2\/media?parent=4235"}],"wp:term":[{"taxonomy":"category","embeddable":true,"href":"https:\/\/www.fraczinet.cl\/sitio\/wp-json\/wp\/v2\/categories?post=4235"},{"taxonomy":"post_tag","embeddable":true,"href":"https:\/\/www.fraczinet.cl\/sitio\/wp-json\/wp\/v2\/tags?post=4235"}],"curies":[{"name":"wp","href":"https:\/\/api.w.org\/{rel}","templated":true}]}}