{"id":4236,"date":"2013-05-06T23:39:00","date_gmt":"2013-05-06T23:39:00","guid":{"rendered":"https:\/\/www.fraczinet.cl\/sitio\/2013\/05\/06\/tertulia-en-los-angelesimplicaciones-de-la-lana-y-la-madera-en-la-vida-de-los-pehuenche\/"},"modified":"2022-10-04T13:08:49","modified_gmt":"2022-10-04T13:08:49","slug":"tertulia-en-los-angelesimplicaciones-de-la-lana-y-la-madera-en-la-vida-de-los-pehuenche","status":"publish","type":"post","link":"https:\/\/www.fraczinet.cl\/sitio\/2013\/05\/06\/tertulia-en-los-angelesimplicaciones-de-la-lana-y-la-madera-en-la-vida-de-los-pehuenche\/","title":{"rendered":"Tertulia En Los \u00c1ngeles:Implicaciones De La Lana Y La Madera En La Vida De Los Pehuenche"},"content":{"rendered":"<p><strong>La Corporaci\u00f3n de Monumentos Hist\u00f3ricos Nacionales de Los \u00c1ngeles,  tiene el agrado de invitarlo a su tradicional tertulia que mensualmente  desarrolla con la grata colaboraci\u00f3n de la Universidad Santo Tom\u00e1s, en  el Aula Magna de la UST,&nbsp; calle Mendoza 102, esq. Av. Ricardo Vicu\u00f1a.<\/strong><br \/><strong><br \/> <\/strong><\/p>\n<div data-mce-style=\"text-align: justify;\" style=\"text-align: justify;\"><strong>En esta oportunidad esta tertulia se &nbsp;realizar\u00e1 el jueves 9 de may0 de de 2013,&nbsp; a las 19 hrs.<\/strong><\/div>\n<div data-mce-style=\"text-align: justify;\" style=\"text-align: justify;\"><\/div>\n<div data-mce-style=\"text-align: justify;\" style=\"text-align: justify;\">Nuestra Corporaci\u00f3n, en su permanente af\u00e1n de rescatar la memoria hist\u00f3rica de nuestra ciudad y<strong> <\/strong>sus  alrededores y teniendo presente la urgente necesidad de perseverar en  el rescate de nuestra identidad, ha decidido en esta oportunidad invitar  al profesor Sr. Fernando Santos Riquelme qui\u00e9n nos hablar\u00e1 de las  implicaciones de la lana y la madera en la vida de los habitantes  pehuenches de nuestra cordillera.<\/div>\n<div data-mce-style=\"text-align: justify;\" style=\"text-align: justify;\"><\/div>\n<div data-mce-style=\"text-align: justify;\" style=\"text-align: justify;\">El  profesor Santos Riquelme es bi\u00f3logo y diplomado en agroecolog\u00eda.&nbsp; Ha  sido profesor de las Universidades de Concepci\u00f3n en Los \u00c1ngeles y  Cat\u00f3lica de Temuco en sus facultades de Recursos naturales.&nbsp; Sus  especialidades se encuentran en los campos de biolog\u00eda celular,  gen\u00e9tica, educaci\u00f3n ambiental y desarrollo rural.&nbsp; Posee publicaciones  que se han distribuido tanto en Chile como en el extranjero y en esta  oportunidad se referir\u00e1 a la cultura pehuenche dese su \u00e1ngulo del saber.<\/div>\n<div data-mce-style=\"text-align: justify;\" style=\"text-align: justify;\"><\/div>\n<div data-mce-style=\"text-align: justify;\" style=\"text-align: justify;\">Adem\u00e1s, contaremos con la cooperaci\u00f3n de la profesora Eva Trainamil, quien en conjunto con artesanos del Alto Bio B\u00edo aportar\u00e1 con la exhibici\u00f3n de sus diversas artesan\u00edas, tanto en lana como en madera.<\/div>\n<div data-mce-style=\"text-align: justify;\" style=\"text-align: justify;\"><\/div>\n<div data-mce-style=\"text-align: justify;\" style=\"text-align: justify;\">Esperamos  contar con su grata presencia y a la vez invitamos al p\u00fablico en  general, a realizar aportes que enriquecer\u00e1n esta actividad al finalizar  la exposici\u00f3n. &nbsp;De esta forma esperamos que &nbsp;contribuyan con sus  conocimientos y experiencias y que todos nos beneficiemos con sus  conocimientos.<\/div>\n<div data-mce-style=\"text-align: justify;\" style=\"text-align: justify;\"><\/div>\n<div align=\"center\" data-mce-style=\"text-align: justify;\" style=\"text-align: justify;\"><strong><em>CORPORACION DE MONUMENTOS HISTORICOS NACIONALES DE LOS ANGELES<\/em><\/strong><\/div>\n<div align=\"center\" data-mce-style=\"text-align: justify;\" style=\"text-align: justify;\"><\/div>\n<div align=\"center\" data-mce-style=\"text-align: justify;\" style=\"text-align: justify;\"><strong><em>Mayo 2013&nbsp;&nbsp;&nbsp;&nbsp;&nbsp;&nbsp;&nbsp;&nbsp;&nbsp;&nbsp; <\/em><\/strong><em><a data-mce-href=\"mailto:corp.monumentos.historicos.nac.la@gmail.com\" href=\"mailto:corp.monumentos.historicos.nac.la@gmail.com\">corp.monumentos.historicos.nac.la@gmail.com<\/a><\/em><em> <\/em><\/div>\n","protected":false},"excerpt":{"rendered":"<p>La Corporaci\u00f3n de Monumentos Hist\u00f3ricos Nacionales de Los \u00c1ngeles, tiene el agrado de invitarlo a su tradicional tertulia que mensualmente desarrolla con la grata colaboraci\u00f3n de la Universidad Santo Tom\u00e1s, en el Aula Magna de la UST,&nbsp; calle Mendoza 102, esq. Av. Ricardo Vicu\u00f1a. En esta oportunidad esta tertulia se &nbsp;realizar\u00e1 el jueves 9 de [&hellip;]<\/p>\n","protected":false},"author":1,"featured_media":0,"comment_status":"open","ping_status":"open","sticky":false,"template":"","format":"standard","meta":{"footnotes":""},"categories":[169,157],"tags":[],"class_list":["post-4236","post","type-post","status-publish","format-standard","hentry","category-charlas","category-pehuenches"],"yoast_head":"<!-- This site is optimized with the Yoast SEO plugin v25.0 - https:\/\/yoast.com\/wordpress\/plugins\/seo\/ -->\n<title>Tertulia En Los \u00c1ngeles:Implicaciones De La Lana Y La Madera En La Vida De Los Pehuenche - Nuestro Bio B\u00edo<\/title>\n<meta name=\"robots\" content=\"index, follow, max-snippet:-1, max-image-preview:large, max-video-preview:-1\" \/>\n<link rel=\"canonical\" href=\"https:\/\/www.fraczinet.cl\/sitio\/2013\/05\/06\/tertulia-en-los-angelesimplicaciones-de-la-lana-y-la-madera-en-la-vida-de-los-pehuenche\/\" \/>\n<meta property=\"og:locale\" content=\"es_ES\" \/>\n<meta property=\"og:type\" content=\"article\" \/>\n<meta property=\"og:title\" content=\"Tertulia En Los \u00c1ngeles:Implicaciones De La Lana Y La Madera En La Vida De Los Pehuenche - Nuestro Bio B\u00edo\" \/>\n<meta property=\"og:description\" content=\"La Corporaci\u00f3n de Monumentos Hist\u00f3ricos Nacionales de Los \u00c1ngeles, tiene el agrado de invitarlo a su tradicional tertulia que mensualmente desarrolla con la grata colaboraci\u00f3n de la Universidad Santo Tom\u00e1s, en el Aula Magna de la UST,&nbsp; calle Mendoza 102, esq. Av. Ricardo Vicu\u00f1a. En esta oportunidad esta tertulia se &nbsp;realizar\u00e1 el jueves 9 de [&hellip;]\" \/>\n<meta property=\"og:url\" content=\"https:\/\/www.fraczinet.cl\/sitio\/2013\/05\/06\/tertulia-en-los-angelesimplicaciones-de-la-lana-y-la-madera-en-la-vida-de-los-pehuenche\/\" \/>\n<meta property=\"og:site_name\" content=\"Nuestro Bio B\u00edo\" \/>\n<meta property=\"article:published_time\" content=\"2013-05-06T23:39:00+00:00\" \/>\n<meta property=\"article:modified_time\" content=\"2022-10-04T13:08:49+00:00\" \/>\n<meta property=\"og:image\" content=\"https:\/\/www.fraczinet.cl\/sitio\/wp-content\/uploads\/2021\/07\/bannerlogo-1.gif\" \/>\n\t<meta property=\"og:image:width\" content=\"159\" \/>\n\t<meta property=\"og:image:height\" content=\"79\" \/>\n\t<meta property=\"og:image:type\" content=\"image\/gif\" \/>\n<meta name=\"author\" content=\"admin\" \/>\n<meta name=\"twitter:card\" content=\"summary_large_image\" \/>\n<meta name=\"twitter:creator\" content=\"@nuestrobiobio\" \/>\n<meta name=\"twitter:site\" content=\"@nuestrobiobio\" \/>\n<meta name=\"twitter:label1\" content=\"Escrito por\" \/>\n\t<meta name=\"twitter:data1\" content=\"admin\" \/>\n\t<meta name=\"twitter:label2\" content=\"Tiempo de lectura\" \/>\n\t<meta name=\"twitter:data2\" content=\"2 minutos\" \/>\n<script type=\"application\/ld+json\" class=\"yoast-schema-graph\">{\"@context\":\"https:\/\/schema.org\",\"@graph\":[{\"@type\":\"Article\",\"@id\":\"https:\/\/www.fraczinet.cl\/sitio\/2013\/05\/06\/tertulia-en-los-angelesimplicaciones-de-la-lana-y-la-madera-en-la-vida-de-los-pehuenche\/#article\",\"isPartOf\":{\"@id\":\"https:\/\/www.fraczinet.cl\/sitio\/2013\/05\/06\/tertulia-en-los-angelesimplicaciones-de-la-lana-y-la-madera-en-la-vida-de-los-pehuenche\/\"},\"author\":{\"name\":\"admin\",\"@id\":\"https:\/\/www.fraczinet.cl\/sitio\/#\/schema\/person\/bc30f98e9cb10ae7e119dbe14bc93784\"},\"headline\":\"Tertulia En Los \u00c1ngeles:Implicaciones De La Lana Y La Madera En La Vida De Los Pehuenche\",\"datePublished\":\"2013-05-06T23:39:00+00:00\",\"dateModified\":\"2022-10-04T13:08:49+00:00\",\"mainEntityOfPage\":{\"@id\":\"https:\/\/www.fraczinet.cl\/sitio\/2013\/05\/06\/tertulia-en-los-angelesimplicaciones-de-la-lana-y-la-madera-en-la-vida-de-los-pehuenche\/\"},\"wordCount\":352,\"commentCount\":0,\"publisher\":{\"@id\":\"https:\/\/www.fraczinet.cl\/sitio\/#\/schema\/person\/aec8ee4da68df2b9b0eefdad24a0d582\"},\"articleSection\":[\"Charlas\",\"Pehuenches\"],\"inLanguage\":\"es\",\"potentialAction\":[{\"@type\":\"CommentAction\",\"name\":\"Comment\",\"target\":[\"https:\/\/www.fraczinet.cl\/sitio\/2013\/05\/06\/tertulia-en-los-angelesimplicaciones-de-la-lana-y-la-madera-en-la-vida-de-los-pehuenche\/#respond\"]}]},{\"@type\":\"WebPage\",\"@id\":\"https:\/\/www.fraczinet.cl\/sitio\/2013\/05\/06\/tertulia-en-los-angelesimplicaciones-de-la-lana-y-la-madera-en-la-vida-de-los-pehuenche\/\",\"url\":\"https:\/\/www.fraczinet.cl\/sitio\/2013\/05\/06\/tertulia-en-los-angelesimplicaciones-de-la-lana-y-la-madera-en-la-vida-de-los-pehuenche\/\",\"name\":\"Tertulia En Los \u00c1ngeles:Implicaciones De La Lana Y La Madera En La Vida De Los Pehuenche - Nuestro Bio B\u00edo\",\"isPartOf\":{\"@id\":\"https:\/\/www.fraczinet.cl\/sitio\/#website\"},\"datePublished\":\"2013-05-06T23:39:00+00:00\",\"dateModified\":\"2022-10-04T13:08:49+00:00\",\"breadcrumb\":{\"@id\":\"https:\/\/www.fraczinet.cl\/sitio\/2013\/05\/06\/tertulia-en-los-angelesimplicaciones-de-la-lana-y-la-madera-en-la-vida-de-los-pehuenche\/#breadcrumb\"},\"inLanguage\":\"es\",\"potentialAction\":[{\"@type\":\"ReadAction\",\"target\":[\"https:\/\/www.fraczinet.cl\/sitio\/2013\/05\/06\/tertulia-en-los-angelesimplicaciones-de-la-lana-y-la-madera-en-la-vida-de-los-pehuenche\/\"]}]},{\"@type\":\"BreadcrumbList\",\"@id\":\"https:\/\/www.fraczinet.cl\/sitio\/2013\/05\/06\/tertulia-en-los-angelesimplicaciones-de-la-lana-y-la-madera-en-la-vida-de-los-pehuenche\/#breadcrumb\",\"itemListElement\":[{\"@type\":\"ListItem\",\"position\":1,\"name\":\"Portada\",\"item\":\"https:\/\/www.fraczinet.cl\/sitio\/\"},{\"@type\":\"ListItem\",\"position\":2,\"name\":\"Tertulia En Los \u00c1ngeles:Implicaciones De La Lana Y La Madera En La Vida De Los Pehuenche\"}]},{\"@type\":\"WebSite\",\"@id\":\"https:\/\/www.fraczinet.cl\/sitio\/#website\",\"url\":\"https:\/\/www.fraczinet.cl\/sitio\/\",\"name\":\"Nuestro Bio B\u00edo\",\"description\":\"Tierra de Encuentros\",\"publisher\":{\"@id\":\"https:\/\/www.fraczinet.cl\/sitio\/#\/schema\/person\/aec8ee4da68df2b9b0eefdad24a0d582\"},\"potentialAction\":[{\"@type\":\"SearchAction\",\"target\":{\"@type\":\"EntryPoint\",\"urlTemplate\":\"https:\/\/www.fraczinet.cl\/sitio\/?s={search_term_string}\"},\"query-input\":{\"@type\":\"PropertyValueSpecification\",\"valueRequired\":true,\"valueName\":\"search_term_string\"}}],\"inLanguage\":\"es\"},{\"@type\":[\"Person\",\"Organization\"],\"@id\":\"https:\/\/www.fraczinet.cl\/sitio\/#\/schema\/person\/aec8ee4da68df2b9b0eefdad24a0d582\",\"name\":\"Luis Fernando Fraczinet\",\"image\":{\"@type\":\"ImageObject\",\"inLanguage\":\"es\",\"@id\":\"https:\/\/www.fraczinet.cl\/sitio\/#\/schema\/person\/image\/\",\"url\":\"https:\/\/www.fraczinet.cl\/sitio\/wp-content\/uploads\/2021\/07\/bannerlogo-1.gif\",\"contentUrl\":\"https:\/\/www.fraczinet.cl\/sitio\/wp-content\/uploads\/2021\/07\/bannerlogo-1.gif\",\"width\":159,\"height\":79,\"caption\":\"Luis Fernando Fraczinet\"},\"logo\":{\"@id\":\"https:\/\/www.fraczinet.cl\/sitio\/#\/schema\/person\/image\/\"},\"sameAs\":[\"https:\/\/www.fraczinet.cl\/sitio\/\"]},{\"@type\":\"Person\",\"@id\":\"https:\/\/www.fraczinet.cl\/sitio\/#\/schema\/person\/bc30f98e9cb10ae7e119dbe14bc93784\",\"name\":\"admin\",\"image\":{\"@type\":\"ImageObject\",\"inLanguage\":\"es\",\"@id\":\"https:\/\/www.fraczinet.cl\/sitio\/#\/schema\/person\/image\/\",\"url\":\"https:\/\/secure.gravatar.com\/avatar\/d5ad3cf7ef3b23a2bb5be73be780c86b2fc8545c3ad6b149f3913ff458c00099?s=96&d=mm&r=g\",\"contentUrl\":\"https:\/\/secure.gravatar.com\/avatar\/d5ad3cf7ef3b23a2bb5be73be780c86b2fc8545c3ad6b149f3913ff458c00099?s=96&d=mm&r=g\",\"caption\":\"admin\"},\"sameAs\":[\"https:\/\/www.fraczinet.cl\/sitio\"]}]}<\/script>\n<!-- \/ Yoast SEO plugin. -->","yoast_head_json":{"title":"Tertulia En Los \u00c1ngeles:Implicaciones De La Lana Y La Madera En La Vida De Los Pehuenche - Nuestro Bio B\u00edo","robots":{"index":"index","follow":"follow","max-snippet":"max-snippet:-1","max-image-preview":"max-image-preview:large","max-video-preview":"max-video-preview:-1"},"canonical":"https:\/\/www.fraczinet.cl\/sitio\/2013\/05\/06\/tertulia-en-los-angelesimplicaciones-de-la-lana-y-la-madera-en-la-vida-de-los-pehuenche\/","og_locale":"es_ES","og_type":"article","og_title":"Tertulia En Los \u00c1ngeles:Implicaciones De La Lana Y La Madera En La Vida De Los Pehuenche - Nuestro Bio B\u00edo","og_description":"La Corporaci\u00f3n de Monumentos Hist\u00f3ricos Nacionales de Los \u00c1ngeles, tiene el agrado de invitarlo a su tradicional tertulia que mensualmente desarrolla con la grata colaboraci\u00f3n de la Universidad Santo Tom\u00e1s, en el Aula Magna de la UST,&nbsp; calle Mendoza 102, esq. Av. Ricardo Vicu\u00f1a. En esta oportunidad esta tertulia se &nbsp;realizar\u00e1 el jueves 9 de [&hellip;]","og_url":"https:\/\/www.fraczinet.cl\/sitio\/2013\/05\/06\/tertulia-en-los-angelesimplicaciones-de-la-lana-y-la-madera-en-la-vida-de-los-pehuenche\/","og_site_name":"Nuestro Bio B\u00edo","article_published_time":"2013-05-06T23:39:00+00:00","article_modified_time":"2022-10-04T13:08:49+00:00","og_image":[{"width":159,"height":79,"url":"https:\/\/www.fraczinet.cl\/sitio\/wp-content\/uploads\/2021\/07\/bannerlogo-1.gif","type":"image\/gif"}],"author":"admin","twitter_card":"summary_large_image","twitter_creator":"@nuestrobiobio","twitter_site":"@nuestrobiobio","twitter_misc":{"Escrito por":"admin","Tiempo de lectura":"2 minutos"},"schema":{"@context":"https:\/\/schema.org","@graph":[{"@type":"Article","@id":"https:\/\/www.fraczinet.cl\/sitio\/2013\/05\/06\/tertulia-en-los-angelesimplicaciones-de-la-lana-y-la-madera-en-la-vida-de-los-pehuenche\/#article","isPartOf":{"@id":"https:\/\/www.fraczinet.cl\/sitio\/2013\/05\/06\/tertulia-en-los-angelesimplicaciones-de-la-lana-y-la-madera-en-la-vida-de-los-pehuenche\/"},"author":{"name":"admin","@id":"https:\/\/www.fraczinet.cl\/sitio\/#\/schema\/person\/bc30f98e9cb10ae7e119dbe14bc93784"},"headline":"Tertulia En Los \u00c1ngeles:Implicaciones De La Lana Y La Madera En La Vida De Los Pehuenche","datePublished":"2013-05-06T23:39:00+00:00","dateModified":"2022-10-04T13:08:49+00:00","mainEntityOfPage":{"@id":"https:\/\/www.fraczinet.cl\/sitio\/2013\/05\/06\/tertulia-en-los-angelesimplicaciones-de-la-lana-y-la-madera-en-la-vida-de-los-pehuenche\/"},"wordCount":352,"commentCount":0,"publisher":{"@id":"https:\/\/www.fraczinet.cl\/sitio\/#\/schema\/person\/aec8ee4da68df2b9b0eefdad24a0d582"},"articleSection":["Charlas","Pehuenches"],"inLanguage":"es","potentialAction":[{"@type":"CommentAction","name":"Comment","target":["https:\/\/www.fraczinet.cl\/sitio\/2013\/05\/06\/tertulia-en-los-angelesimplicaciones-de-la-lana-y-la-madera-en-la-vida-de-los-pehuenche\/#respond"]}]},{"@type":"WebPage","@id":"https:\/\/www.fraczinet.cl\/sitio\/2013\/05\/06\/tertulia-en-los-angelesimplicaciones-de-la-lana-y-la-madera-en-la-vida-de-los-pehuenche\/","url":"https:\/\/www.fraczinet.cl\/sitio\/2013\/05\/06\/tertulia-en-los-angelesimplicaciones-de-la-lana-y-la-madera-en-la-vida-de-los-pehuenche\/","name":"Tertulia En Los \u00c1ngeles:Implicaciones De La Lana Y La Madera En La Vida De Los Pehuenche - Nuestro Bio B\u00edo","isPartOf":{"@id":"https:\/\/www.fraczinet.cl\/sitio\/#website"},"datePublished":"2013-05-06T23:39:00+00:00","dateModified":"2022-10-04T13:08:49+00:00","breadcrumb":{"@id":"https:\/\/www.fraczinet.cl\/sitio\/2013\/05\/06\/tertulia-en-los-angelesimplicaciones-de-la-lana-y-la-madera-en-la-vida-de-los-pehuenche\/#breadcrumb"},"inLanguage":"es","potentialAction":[{"@type":"ReadAction","target":["https:\/\/www.fraczinet.cl\/sitio\/2013\/05\/06\/tertulia-en-los-angelesimplicaciones-de-la-lana-y-la-madera-en-la-vida-de-los-pehuenche\/"]}]},{"@type":"BreadcrumbList","@id":"https:\/\/www.fraczinet.cl\/sitio\/2013\/05\/06\/tertulia-en-los-angelesimplicaciones-de-la-lana-y-la-madera-en-la-vida-de-los-pehuenche\/#breadcrumb","itemListElement":[{"@type":"ListItem","position":1,"name":"Portada","item":"https:\/\/www.fraczinet.cl\/sitio\/"},{"@type":"ListItem","position":2,"name":"Tertulia En Los \u00c1ngeles:Implicaciones De La Lana Y La Madera En La Vida De Los Pehuenche"}]},{"@type":"WebSite","@id":"https:\/\/www.fraczinet.cl\/sitio\/#website","url":"https:\/\/www.fraczinet.cl\/sitio\/","name":"Nuestro Bio B\u00edo","description":"Tierra de Encuentros","publisher":{"@id":"https:\/\/www.fraczinet.cl\/sitio\/#\/schema\/person\/aec8ee4da68df2b9b0eefdad24a0d582"},"potentialAction":[{"@type":"SearchAction","target":{"@type":"EntryPoint","urlTemplate":"https:\/\/www.fraczinet.cl\/sitio\/?s={search_term_string}"},"query-input":{"@type":"PropertyValueSpecification","valueRequired":true,"valueName":"search_term_string"}}],"inLanguage":"es"},{"@type":["Person","Organization"],"@id":"https:\/\/www.fraczinet.cl\/sitio\/#\/schema\/person\/aec8ee4da68df2b9b0eefdad24a0d582","name":"Luis Fernando Fraczinet","image":{"@type":"ImageObject","inLanguage":"es","@id":"https:\/\/www.fraczinet.cl\/sitio\/#\/schema\/person\/image\/","url":"https:\/\/www.fraczinet.cl\/sitio\/wp-content\/uploads\/2021\/07\/bannerlogo-1.gif","contentUrl":"https:\/\/www.fraczinet.cl\/sitio\/wp-content\/uploads\/2021\/07\/bannerlogo-1.gif","width":159,"height":79,"caption":"Luis Fernando Fraczinet"},"logo":{"@id":"https:\/\/www.fraczinet.cl\/sitio\/#\/schema\/person\/image\/"},"sameAs":["https:\/\/www.fraczinet.cl\/sitio\/"]},{"@type":"Person","@id":"https:\/\/www.fraczinet.cl\/sitio\/#\/schema\/person\/bc30f98e9cb10ae7e119dbe14bc93784","name":"admin","image":{"@type":"ImageObject","inLanguage":"es","@id":"https:\/\/www.fraczinet.cl\/sitio\/#\/schema\/person\/image\/","url":"https:\/\/secure.gravatar.com\/avatar\/d5ad3cf7ef3b23a2bb5be73be780c86b2fc8545c3ad6b149f3913ff458c00099?s=96&d=mm&r=g","contentUrl":"https:\/\/secure.gravatar.com\/avatar\/d5ad3cf7ef3b23a2bb5be73be780c86b2fc8545c3ad6b149f3913ff458c00099?s=96&d=mm&r=g","caption":"admin"},"sameAs":["https:\/\/www.fraczinet.cl\/sitio"]}]}},"_links":{"self":[{"href":"https:\/\/www.fraczinet.cl\/sitio\/wp-json\/wp\/v2\/posts\/4236","targetHints":{"allow":["GET"]}}],"collection":[{"href":"https:\/\/www.fraczinet.cl\/sitio\/wp-json\/wp\/v2\/posts"}],"about":[{"href":"https:\/\/www.fraczinet.cl\/sitio\/wp-json\/wp\/v2\/types\/post"}],"author":[{"embeddable":true,"href":"https:\/\/www.fraczinet.cl\/sitio\/wp-json\/wp\/v2\/users\/1"}],"replies":[{"embeddable":true,"href":"https:\/\/www.fraczinet.cl\/sitio\/wp-json\/wp\/v2\/comments?post=4236"}],"version-history":[{"count":1,"href":"https:\/\/www.fraczinet.cl\/sitio\/wp-json\/wp\/v2\/posts\/4236\/revisions"}],"predecessor-version":[{"id":13821,"href":"https:\/\/www.fraczinet.cl\/sitio\/wp-json\/wp\/v2\/posts\/4236\/revisions\/13821"}],"wp:attachment":[{"href":"https:\/\/www.fraczinet.cl\/sitio\/wp-json\/wp\/v2\/media?parent=4236"}],"wp:term":[{"taxonomy":"category","embeddable":true,"href":"https:\/\/www.fraczinet.cl\/sitio\/wp-json\/wp\/v2\/categories?post=4236"},{"taxonomy":"post_tag","embeddable":true,"href":"https:\/\/www.fraczinet.cl\/sitio\/wp-json\/wp\/v2\/tags?post=4236"}],"curies":[{"name":"wp","href":"https:\/\/api.w.org\/{rel}","templated":true}]}}