{"id":4259,"date":"2013-03-29T13:55:00","date_gmt":"2013-03-29T13:55:00","guid":{"rendered":"https:\/\/www.fraczinet.cl\/sitio\/2013\/03\/29\/duoc-uc-inauguro-su-ano-academico\/"},"modified":"2013-03-29T13:55:00","modified_gmt":"2013-03-29T13:55:00","slug":"duoc-uc-inauguro-su-ano-academico","status":"publish","type":"post","link":"https:\/\/www.fraczinet.cl\/sitio\/2013\/03\/29\/duoc-uc-inauguro-su-ano-academico\/","title":{"rendered":"DUOC UC Inaugur\u00f3 Su A\u00f1o Acad\u00e9mico"},"content":{"rendered":"<div style=\"clear: both; text-align: center;\"><a href=\"http:\/\/1.bp.blogspot.com\/-YaavYTLeWsQ\/UVWdFe-E2PI\/AAAAAAAAYpA\/YZ3Ev7bFbY4\/s1600\/Misa+Inauguraci%C3%B3n+a%C3%B1o+Acad%C3%A9mico+2013-+2.jpg\" style=\"margin-left: 1em; margin-right: 1em;\"><img fetchpriority=\"high\" decoding=\"async\" border=\"0\" src=\"http:\/\/1.bp.blogspot.com\/-YaavYTLeWsQ\/UVWdFe-E2PI\/AAAAAAAAYpA\/YZ3Ev7bFbY4\/s320\/Misa+Inauguraci%C3%B3n+a%C3%B1o+Acad%C3%A9mico+2013-+2.jpg\" height=\"212\" width=\"320\" \/><\/a><\/div>\n<div style=\"text-align: justify;\">Como ya es tradicional, la instituci\u00f3n dio por inaugurado su A\u00f1o  Acad\u00e9mico 2013, comenzando con la celebraci\u00f3n de la Santa Misa y  posteriormente, con una charla sobre la proyecci\u00f3n de la miner\u00eda a nivel  de carreras de educaci\u00f3n t\u00e9cnico profesional, la que fue dictada por el Secretario Regional Ministerial de Miner\u00eda del B\u00edo B\u00edo, Luis Ulloa Bellemans.<\/div>\n<div style=\"text-align: justify;\"><\/div>\n<div style=\"text-align: justify;\">El  Seremi se refiri\u00f3 la miner\u00eda, a su desarrollo a nivel regional, pero  b\u00e1sicamente destac\u00f3 la excelente proyecci\u00f3n que hoy en d\u00eda tienen las  carreras t\u00e9cnico profesionales de esa \u00e1rea. Durante su exposici\u00f3n hizo  menci\u00f3n a que la industria de la miner\u00eda en el pa\u00eds se encuentra en  plena etapa de crecimiento, este rubro corresponde a la industria  econ\u00f3mica m\u00e1s importante del pa\u00eds. \u00abCerca del 50% de todas las  exportaciones del pa\u00eds son de cobre, gracias a esta industria lograremos  ser un pa\u00eds desarrollado antes de finalizar la d\u00e9cada\u00bb, enfatiz\u00f3.<\/div>\n<div style=\"text-align: justify;\"><\/div>\n<div style=\"text-align: justify;\">Durante  su exposici\u00f3n se destac\u00f3 que sin duda, esta coyuntura representa una  gran oportunidad para los j\u00f3venes, en especial para aquellos que se  inclinan por carreras t\u00e9cnicas del \u00e1rea de miner\u00eda, metalurgia, mec\u00e1nica  o el\u00e9ctrica, ya que la industria ya est\u00e1 requiriendo muchos de estos t\u00e9cnicos y esto ir\u00e1 en alza.<\/div>\n<div style=\"text-align: justify;\"><\/div>\n<div style=\"text-align: justify;\">Durante  la ceremonia, el Director de la Sede San Andr\u00e9s de Duoc UC, Jorge  Fuentealba destac\u00f3 que la principal labor de nuestra instituci\u00f3n es  formar a nuestros alumnos como buenas personas y como mejores  especialistas. \u00abSi cumplimos esto, nuestros alumnos tendr\u00e1n al final de  sus estudios una alta empleabilidad y buenos niveles de renta; lo que  les permitir\u00e1 tener un apropiado desarrollo, laboral, personal y familiar\u00bb, recalc\u00f3.<\/div>\n<div style=\"text-align: justify;\"><\/div>\n<div style=\"text-align: justify;\">En  tanto que, el Director de la Escuela de Ingenier\u00eda de Duoc UC, Jaime  Retamal aprovech\u00f3 la oportunidad para hacer un llamado a todos los  alumnos: \u00abNecesitamos de ustedes, de la fuerza laboral, para alcanzar  los est\u00e1ndares de un pa\u00eds desarrollado antes de que finalice esta  d\u00e9cada\u00bb, destac\u00f3 ante los alumnos de las carreras de la escuela de Ingenier\u00eda, directores de establecimientos de educaci\u00f3n e invitados.<\/div>\n<div style=\"text-align: justify;\"><\/div>\n<div style=\"text-align: justify;\">En  este contexto, la Escuela de Ingenier\u00eda de Duoc UC ha incorporado este  2013 en su plan acad\u00e9mico, las carreras de \u00abT\u00e9cnico en Mantenimiento  Predictivo menci\u00f3n miner\u00eda\u00bb y \u00abT\u00e9cnico en Mantenimiento Electromec\u00e1nico  menci\u00f3n miner\u00eda&#8217;, ambas disponibles en la sede Concepci\u00f3n de Duoc UC.<\/div>\n<pre><\/pre>\n","protected":false},"excerpt":{"rendered":"<p>Como ya es tradicional, la instituci\u00f3n dio por inaugurado su A\u00f1o Acad\u00e9mico 2013, comenzando con la celebraci\u00f3n de la Santa Misa y posteriormente, con una charla sobre la proyecci\u00f3n de la miner\u00eda a nivel de carreras de educaci\u00f3n t\u00e9cnico profesional, la que fue dictada por el Secretario Regional Ministerial de Miner\u00eda del B\u00edo B\u00edo, Luis [&hellip;]<\/p>\n","protected":false},"author":1,"featured_media":0,"comment_status":"open","ping_status":"open","sticky":false,"template":"","format":"standard","meta":{"footnotes":""},"categories":[151],"tags":[],"class_list":["post-4259","post","type-post","status-publish","format-standard","hentry","category-educacion"],"yoast_head":"<!-- This site is optimized with the Yoast SEO plugin v25.0 - https:\/\/yoast.com\/wordpress\/plugins\/seo\/ -->\n<title>DUOC UC Inaugur\u00f3 Su A\u00f1o Acad\u00e9mico - Nuestro Bio B\u00edo<\/title>\n<meta name=\"robots\" content=\"index, follow, max-snippet:-1, max-image-preview:large, max-video-preview:-1\" \/>\n<link rel=\"canonical\" href=\"https:\/\/www.fraczinet.cl\/sitio\/2013\/03\/29\/duoc-uc-inauguro-su-ano-academico\/\" \/>\n<meta property=\"og:locale\" content=\"es_ES\" \/>\n<meta property=\"og:type\" content=\"article\" \/>\n<meta property=\"og:title\" content=\"DUOC UC Inaugur\u00f3 Su A\u00f1o Acad\u00e9mico - Nuestro Bio B\u00edo\" \/>\n<meta property=\"og:description\" content=\"Como ya es tradicional, la instituci\u00f3n dio por inaugurado su A\u00f1o Acad\u00e9mico 2013, comenzando con la celebraci\u00f3n de la Santa Misa y posteriormente, con una charla sobre la proyecci\u00f3n de la miner\u00eda a nivel de carreras de educaci\u00f3n t\u00e9cnico profesional, la que fue dictada por el Secretario Regional Ministerial de Miner\u00eda del B\u00edo B\u00edo, Luis [&hellip;]\" \/>\n<meta property=\"og:url\" content=\"https:\/\/www.fraczinet.cl\/sitio\/2013\/03\/29\/duoc-uc-inauguro-su-ano-academico\/\" \/>\n<meta property=\"og:site_name\" content=\"Nuestro Bio B\u00edo\" \/>\n<meta property=\"article:published_time\" content=\"2013-03-29T13:55:00+00:00\" \/>\n<meta property=\"og:image\" content=\"http:\/\/1.bp.blogspot.com\/-YaavYTLeWsQ\/UVWdFe-E2PI\/AAAAAAAAYpA\/YZ3Ev7bFbY4\/s320\/Misa+Inauguraci%C3%B3n+a%C3%B1o+Acad%C3%A9mico+2013-+2.jpg\" \/>\n<meta name=\"author\" content=\"admin\" \/>\n<meta name=\"twitter:card\" content=\"summary_large_image\" \/>\n<meta name=\"twitter:creator\" content=\"@nuestrobiobio\" \/>\n<meta name=\"twitter:site\" content=\"@nuestrobiobio\" \/>\n<meta name=\"twitter:label1\" content=\"Escrito por\" \/>\n\t<meta name=\"twitter:data1\" content=\"admin\" \/>\n\t<meta name=\"twitter:label2\" content=\"Tiempo de lectura\" \/>\n\t<meta name=\"twitter:data2\" content=\"2 minutos\" \/>\n<script type=\"application\/ld+json\" class=\"yoast-schema-graph\">{\"@context\":\"https:\/\/schema.org\",\"@graph\":[{\"@type\":\"Article\",\"@id\":\"https:\/\/www.fraczinet.cl\/sitio\/2013\/03\/29\/duoc-uc-inauguro-su-ano-academico\/#article\",\"isPartOf\":{\"@id\":\"https:\/\/www.fraczinet.cl\/sitio\/2013\/03\/29\/duoc-uc-inauguro-su-ano-academico\/\"},\"author\":{\"name\":\"admin\",\"@id\":\"https:\/\/www.fraczinet.cl\/sitio\/#\/schema\/person\/bc30f98e9cb10ae7e119dbe14bc93784\"},\"headline\":\"DUOC UC Inaugur\u00f3 Su A\u00f1o Acad\u00e9mico\",\"datePublished\":\"2013-03-29T13:55:00+00:00\",\"mainEntityOfPage\":{\"@id\":\"https:\/\/www.fraczinet.cl\/sitio\/2013\/03\/29\/duoc-uc-inauguro-su-ano-academico\/\"},\"wordCount\":431,\"commentCount\":0,\"publisher\":{\"@id\":\"https:\/\/www.fraczinet.cl\/sitio\/#\/schema\/person\/aec8ee4da68df2b9b0eefdad24a0d582\"},\"image\":{\"@id\":\"https:\/\/www.fraczinet.cl\/sitio\/2013\/03\/29\/duoc-uc-inauguro-su-ano-academico\/#primaryimage\"},\"thumbnailUrl\":\"http:\/\/1.bp.blogspot.com\/-YaavYTLeWsQ\/UVWdFe-E2PI\/AAAAAAAAYpA\/YZ3Ev7bFbY4\/s320\/Misa+Inauguraci%C3%B3n+a%C3%B1o+Acad%C3%A9mico+2013-+2.jpg\",\"articleSection\":[\"Educaci\u00f3n\"],\"inLanguage\":\"es\",\"potentialAction\":[{\"@type\":\"CommentAction\",\"name\":\"Comment\",\"target\":[\"https:\/\/www.fraczinet.cl\/sitio\/2013\/03\/29\/duoc-uc-inauguro-su-ano-academico\/#respond\"]}]},{\"@type\":\"WebPage\",\"@id\":\"https:\/\/www.fraczinet.cl\/sitio\/2013\/03\/29\/duoc-uc-inauguro-su-ano-academico\/\",\"url\":\"https:\/\/www.fraczinet.cl\/sitio\/2013\/03\/29\/duoc-uc-inauguro-su-ano-academico\/\",\"name\":\"DUOC UC Inaugur\u00f3 Su A\u00f1o Acad\u00e9mico - Nuestro Bio B\u00edo\",\"isPartOf\":{\"@id\":\"https:\/\/www.fraczinet.cl\/sitio\/#website\"},\"primaryImageOfPage\":{\"@id\":\"https:\/\/www.fraczinet.cl\/sitio\/2013\/03\/29\/duoc-uc-inauguro-su-ano-academico\/#primaryimage\"},\"image\":{\"@id\":\"https:\/\/www.fraczinet.cl\/sitio\/2013\/03\/29\/duoc-uc-inauguro-su-ano-academico\/#primaryimage\"},\"thumbnailUrl\":\"http:\/\/1.bp.blogspot.com\/-YaavYTLeWsQ\/UVWdFe-E2PI\/AAAAAAAAYpA\/YZ3Ev7bFbY4\/s320\/Misa+Inauguraci%C3%B3n+a%C3%B1o+Acad%C3%A9mico+2013-+2.jpg\",\"datePublished\":\"2013-03-29T13:55:00+00:00\",\"breadcrumb\":{\"@id\":\"https:\/\/www.fraczinet.cl\/sitio\/2013\/03\/29\/duoc-uc-inauguro-su-ano-academico\/#breadcrumb\"},\"inLanguage\":\"es\",\"potentialAction\":[{\"@type\":\"ReadAction\",\"target\":[\"https:\/\/www.fraczinet.cl\/sitio\/2013\/03\/29\/duoc-uc-inauguro-su-ano-academico\/\"]}]},{\"@type\":\"ImageObject\",\"inLanguage\":\"es\",\"@id\":\"https:\/\/www.fraczinet.cl\/sitio\/2013\/03\/29\/duoc-uc-inauguro-su-ano-academico\/#primaryimage\",\"url\":\"http:\/\/1.bp.blogspot.com\/-YaavYTLeWsQ\/UVWdFe-E2PI\/AAAAAAAAYpA\/YZ3Ev7bFbY4\/s320\/Misa+Inauguraci%C3%B3n+a%C3%B1o+Acad%C3%A9mico+2013-+2.jpg\",\"contentUrl\":\"http:\/\/1.bp.blogspot.com\/-YaavYTLeWsQ\/UVWdFe-E2PI\/AAAAAAAAYpA\/YZ3Ev7bFbY4\/s320\/Misa+Inauguraci%C3%B3n+a%C3%B1o+Acad%C3%A9mico+2013-+2.jpg\"},{\"@type\":\"BreadcrumbList\",\"@id\":\"https:\/\/www.fraczinet.cl\/sitio\/2013\/03\/29\/duoc-uc-inauguro-su-ano-academico\/#breadcrumb\",\"itemListElement\":[{\"@type\":\"ListItem\",\"position\":1,\"name\":\"Portada\",\"item\":\"https:\/\/www.fraczinet.cl\/sitio\/\"},{\"@type\":\"ListItem\",\"position\":2,\"name\":\"DUOC UC Inaugur\u00f3 Su A\u00f1o Acad\u00e9mico\"}]},{\"@type\":\"WebSite\",\"@id\":\"https:\/\/www.fraczinet.cl\/sitio\/#website\",\"url\":\"https:\/\/www.fraczinet.cl\/sitio\/\",\"name\":\"Nuestro Bio B\u00edo\",\"description\":\"Tierra de Encuentros\",\"publisher\":{\"@id\":\"https:\/\/www.fraczinet.cl\/sitio\/#\/schema\/person\/aec8ee4da68df2b9b0eefdad24a0d582\"},\"potentialAction\":[{\"@type\":\"SearchAction\",\"target\":{\"@type\":\"EntryPoint\",\"urlTemplate\":\"https:\/\/www.fraczinet.cl\/sitio\/?s={search_term_string}\"},\"query-input\":{\"@type\":\"PropertyValueSpecification\",\"valueRequired\":true,\"valueName\":\"search_term_string\"}}],\"inLanguage\":\"es\"},{\"@type\":[\"Person\",\"Organization\"],\"@id\":\"https:\/\/www.fraczinet.cl\/sitio\/#\/schema\/person\/aec8ee4da68df2b9b0eefdad24a0d582\",\"name\":\"Luis Fernando Fraczinet\",\"image\":{\"@type\":\"ImageObject\",\"inLanguage\":\"es\",\"@id\":\"https:\/\/www.fraczinet.cl\/sitio\/#\/schema\/person\/image\/\",\"url\":\"https:\/\/www.fraczinet.cl\/sitio\/wp-content\/uploads\/2021\/07\/bannerlogo-1.gif\",\"contentUrl\":\"https:\/\/www.fraczinet.cl\/sitio\/wp-content\/uploads\/2021\/07\/bannerlogo-1.gif\",\"width\":159,\"height\":79,\"caption\":\"Luis Fernando Fraczinet\"},\"logo\":{\"@id\":\"https:\/\/www.fraczinet.cl\/sitio\/#\/schema\/person\/image\/\"},\"sameAs\":[\"https:\/\/www.fraczinet.cl\/sitio\/\"]},{\"@type\":\"Person\",\"@id\":\"https:\/\/www.fraczinet.cl\/sitio\/#\/schema\/person\/bc30f98e9cb10ae7e119dbe14bc93784\",\"name\":\"admin\",\"image\":{\"@type\":\"ImageObject\",\"inLanguage\":\"es\",\"@id\":\"https:\/\/www.fraczinet.cl\/sitio\/#\/schema\/person\/image\/\",\"url\":\"https:\/\/secure.gravatar.com\/avatar\/d5ad3cf7ef3b23a2bb5be73be780c86b2fc8545c3ad6b149f3913ff458c00099?s=96&d=mm&r=g\",\"contentUrl\":\"https:\/\/secure.gravatar.com\/avatar\/d5ad3cf7ef3b23a2bb5be73be780c86b2fc8545c3ad6b149f3913ff458c00099?s=96&d=mm&r=g\",\"caption\":\"admin\"},\"sameAs\":[\"https:\/\/www.fraczinet.cl\/sitio\"]}]}<\/script>\n<!-- \/ Yoast SEO plugin. -->","yoast_head_json":{"title":"DUOC UC Inaugur\u00f3 Su A\u00f1o Acad\u00e9mico - Nuestro Bio B\u00edo","robots":{"index":"index","follow":"follow","max-snippet":"max-snippet:-1","max-image-preview":"max-image-preview:large","max-video-preview":"max-video-preview:-1"},"canonical":"https:\/\/www.fraczinet.cl\/sitio\/2013\/03\/29\/duoc-uc-inauguro-su-ano-academico\/","og_locale":"es_ES","og_type":"article","og_title":"DUOC UC Inaugur\u00f3 Su A\u00f1o Acad\u00e9mico - Nuestro Bio B\u00edo","og_description":"Como ya es tradicional, la instituci\u00f3n dio por inaugurado su A\u00f1o Acad\u00e9mico 2013, comenzando con la celebraci\u00f3n de la Santa Misa y posteriormente, con una charla sobre la proyecci\u00f3n de la miner\u00eda a nivel de carreras de educaci\u00f3n t\u00e9cnico profesional, la que fue dictada por el Secretario Regional Ministerial de Miner\u00eda del B\u00edo B\u00edo, Luis [&hellip;]","og_url":"https:\/\/www.fraczinet.cl\/sitio\/2013\/03\/29\/duoc-uc-inauguro-su-ano-academico\/","og_site_name":"Nuestro Bio B\u00edo","article_published_time":"2013-03-29T13:55:00+00:00","og_image":[{"url":"http:\/\/1.bp.blogspot.com\/-YaavYTLeWsQ\/UVWdFe-E2PI\/AAAAAAAAYpA\/YZ3Ev7bFbY4\/s320\/Misa+Inauguraci%C3%B3n+a%C3%B1o+Acad%C3%A9mico+2013-+2.jpg","type":"","width":"","height":""}],"author":"admin","twitter_card":"summary_large_image","twitter_creator":"@nuestrobiobio","twitter_site":"@nuestrobiobio","twitter_misc":{"Escrito por":"admin","Tiempo de lectura":"2 minutos"},"schema":{"@context":"https:\/\/schema.org","@graph":[{"@type":"Article","@id":"https:\/\/www.fraczinet.cl\/sitio\/2013\/03\/29\/duoc-uc-inauguro-su-ano-academico\/#article","isPartOf":{"@id":"https:\/\/www.fraczinet.cl\/sitio\/2013\/03\/29\/duoc-uc-inauguro-su-ano-academico\/"},"author":{"name":"admin","@id":"https:\/\/www.fraczinet.cl\/sitio\/#\/schema\/person\/bc30f98e9cb10ae7e119dbe14bc93784"},"headline":"DUOC UC Inaugur\u00f3 Su A\u00f1o Acad\u00e9mico","datePublished":"2013-03-29T13:55:00+00:00","mainEntityOfPage":{"@id":"https:\/\/www.fraczinet.cl\/sitio\/2013\/03\/29\/duoc-uc-inauguro-su-ano-academico\/"},"wordCount":431,"commentCount":0,"publisher":{"@id":"https:\/\/www.fraczinet.cl\/sitio\/#\/schema\/person\/aec8ee4da68df2b9b0eefdad24a0d582"},"image":{"@id":"https:\/\/www.fraczinet.cl\/sitio\/2013\/03\/29\/duoc-uc-inauguro-su-ano-academico\/#primaryimage"},"thumbnailUrl":"http:\/\/1.bp.blogspot.com\/-YaavYTLeWsQ\/UVWdFe-E2PI\/AAAAAAAAYpA\/YZ3Ev7bFbY4\/s320\/Misa+Inauguraci%C3%B3n+a%C3%B1o+Acad%C3%A9mico+2013-+2.jpg","articleSection":["Educaci\u00f3n"],"inLanguage":"es","potentialAction":[{"@type":"CommentAction","name":"Comment","target":["https:\/\/www.fraczinet.cl\/sitio\/2013\/03\/29\/duoc-uc-inauguro-su-ano-academico\/#respond"]}]},{"@type":"WebPage","@id":"https:\/\/www.fraczinet.cl\/sitio\/2013\/03\/29\/duoc-uc-inauguro-su-ano-academico\/","url":"https:\/\/www.fraczinet.cl\/sitio\/2013\/03\/29\/duoc-uc-inauguro-su-ano-academico\/","name":"DUOC UC Inaugur\u00f3 Su A\u00f1o Acad\u00e9mico - Nuestro Bio B\u00edo","isPartOf":{"@id":"https:\/\/www.fraczinet.cl\/sitio\/#website"},"primaryImageOfPage":{"@id":"https:\/\/www.fraczinet.cl\/sitio\/2013\/03\/29\/duoc-uc-inauguro-su-ano-academico\/#primaryimage"},"image":{"@id":"https:\/\/www.fraczinet.cl\/sitio\/2013\/03\/29\/duoc-uc-inauguro-su-ano-academico\/#primaryimage"},"thumbnailUrl":"http:\/\/1.bp.blogspot.com\/-YaavYTLeWsQ\/UVWdFe-E2PI\/AAAAAAAAYpA\/YZ3Ev7bFbY4\/s320\/Misa+Inauguraci%C3%B3n+a%C3%B1o+Acad%C3%A9mico+2013-+2.jpg","datePublished":"2013-03-29T13:55:00+00:00","breadcrumb":{"@id":"https:\/\/www.fraczinet.cl\/sitio\/2013\/03\/29\/duoc-uc-inauguro-su-ano-academico\/#breadcrumb"},"inLanguage":"es","potentialAction":[{"@type":"ReadAction","target":["https:\/\/www.fraczinet.cl\/sitio\/2013\/03\/29\/duoc-uc-inauguro-su-ano-academico\/"]}]},{"@type":"ImageObject","inLanguage":"es","@id":"https:\/\/www.fraczinet.cl\/sitio\/2013\/03\/29\/duoc-uc-inauguro-su-ano-academico\/#primaryimage","url":"http:\/\/1.bp.blogspot.com\/-YaavYTLeWsQ\/UVWdFe-E2PI\/AAAAAAAAYpA\/YZ3Ev7bFbY4\/s320\/Misa+Inauguraci%C3%B3n+a%C3%B1o+Acad%C3%A9mico+2013-+2.jpg","contentUrl":"http:\/\/1.bp.blogspot.com\/-YaavYTLeWsQ\/UVWdFe-E2PI\/AAAAAAAAYpA\/YZ3Ev7bFbY4\/s320\/Misa+Inauguraci%C3%B3n+a%C3%B1o+Acad%C3%A9mico+2013-+2.jpg"},{"@type":"BreadcrumbList","@id":"https:\/\/www.fraczinet.cl\/sitio\/2013\/03\/29\/duoc-uc-inauguro-su-ano-academico\/#breadcrumb","itemListElement":[{"@type":"ListItem","position":1,"name":"Portada","item":"https:\/\/www.fraczinet.cl\/sitio\/"},{"@type":"ListItem","position":2,"name":"DUOC UC Inaugur\u00f3 Su A\u00f1o Acad\u00e9mico"}]},{"@type":"WebSite","@id":"https:\/\/www.fraczinet.cl\/sitio\/#website","url":"https:\/\/www.fraczinet.cl\/sitio\/","name":"Nuestro Bio B\u00edo","description":"Tierra de Encuentros","publisher":{"@id":"https:\/\/www.fraczinet.cl\/sitio\/#\/schema\/person\/aec8ee4da68df2b9b0eefdad24a0d582"},"potentialAction":[{"@type":"SearchAction","target":{"@type":"EntryPoint","urlTemplate":"https:\/\/www.fraczinet.cl\/sitio\/?s={search_term_string}"},"query-input":{"@type":"PropertyValueSpecification","valueRequired":true,"valueName":"search_term_string"}}],"inLanguage":"es"},{"@type":["Person","Organization"],"@id":"https:\/\/www.fraczinet.cl\/sitio\/#\/schema\/person\/aec8ee4da68df2b9b0eefdad24a0d582","name":"Luis Fernando Fraczinet","image":{"@type":"ImageObject","inLanguage":"es","@id":"https:\/\/www.fraczinet.cl\/sitio\/#\/schema\/person\/image\/","url":"https:\/\/www.fraczinet.cl\/sitio\/wp-content\/uploads\/2021\/07\/bannerlogo-1.gif","contentUrl":"https:\/\/www.fraczinet.cl\/sitio\/wp-content\/uploads\/2021\/07\/bannerlogo-1.gif","width":159,"height":79,"caption":"Luis Fernando Fraczinet"},"logo":{"@id":"https:\/\/www.fraczinet.cl\/sitio\/#\/schema\/person\/image\/"},"sameAs":["https:\/\/www.fraczinet.cl\/sitio\/"]},{"@type":"Person","@id":"https:\/\/www.fraczinet.cl\/sitio\/#\/schema\/person\/bc30f98e9cb10ae7e119dbe14bc93784","name":"admin","image":{"@type":"ImageObject","inLanguage":"es","@id":"https:\/\/www.fraczinet.cl\/sitio\/#\/schema\/person\/image\/","url":"https:\/\/secure.gravatar.com\/avatar\/d5ad3cf7ef3b23a2bb5be73be780c86b2fc8545c3ad6b149f3913ff458c00099?s=96&d=mm&r=g","contentUrl":"https:\/\/secure.gravatar.com\/avatar\/d5ad3cf7ef3b23a2bb5be73be780c86b2fc8545c3ad6b149f3913ff458c00099?s=96&d=mm&r=g","caption":"admin"},"sameAs":["https:\/\/www.fraczinet.cl\/sitio"]}]}},"_links":{"self":[{"href":"https:\/\/www.fraczinet.cl\/sitio\/wp-json\/wp\/v2\/posts\/4259","targetHints":{"allow":["GET"]}}],"collection":[{"href":"https:\/\/www.fraczinet.cl\/sitio\/wp-json\/wp\/v2\/posts"}],"about":[{"href":"https:\/\/www.fraczinet.cl\/sitio\/wp-json\/wp\/v2\/types\/post"}],"author":[{"embeddable":true,"href":"https:\/\/www.fraczinet.cl\/sitio\/wp-json\/wp\/v2\/users\/1"}],"replies":[{"embeddable":true,"href":"https:\/\/www.fraczinet.cl\/sitio\/wp-json\/wp\/v2\/comments?post=4259"}],"version-history":[{"count":0,"href":"https:\/\/www.fraczinet.cl\/sitio\/wp-json\/wp\/v2\/posts\/4259\/revisions"}],"wp:attachment":[{"href":"https:\/\/www.fraczinet.cl\/sitio\/wp-json\/wp\/v2\/media?parent=4259"}],"wp:term":[{"taxonomy":"category","embeddable":true,"href":"https:\/\/www.fraczinet.cl\/sitio\/wp-json\/wp\/v2\/categories?post=4259"},{"taxonomy":"post_tag","embeddable":true,"href":"https:\/\/www.fraczinet.cl\/sitio\/wp-json\/wp\/v2\/tags?post=4259"}],"curies":[{"name":"wp","href":"https:\/\/api.w.org\/{rel}","templated":true}]}}