{"id":4262,"date":"2013-03-26T02:40:00","date_gmt":"2013-03-26T02:40:00","guid":{"rendered":"https:\/\/www.fraczinet.cl\/sitio\/2013\/03\/26\/fiscalizan-instalaciones-electricas-de-establecimientos-educacionales-del-bio-bio\/"},"modified":"2013-03-26T02:40:00","modified_gmt":"2013-03-26T02:40:00","slug":"fiscalizan-instalaciones-electricas-de-establecimientos-educacionales-del-bio-bio","status":"publish","type":"post","link":"https:\/\/www.fraczinet.cl\/sitio\/2013\/03\/26\/fiscalizan-instalaciones-electricas-de-establecimientos-educacionales-del-bio-bio\/","title":{"rendered":"Fiscalizan Instalaciones El\u00e9ctricas De Establecimientos Educacionales Del Bio B\u00edo"},"content":{"rendered":"<p><!--[if gte mso 9]><xml> <o:OfficeDocumentSettings>  <o:AllowPNG\/>  <o:TargetScreenSize>1024x768<\/o:TargetScreenSize> <\/o:OfficeDocumentSettings><\/xml><![endif]--><\/p>\n<div align=\"center\" style=\"text-align: center;\"><i style=\"mso-bidi-font-style: normal;\"><span face=\"&quot;Verdana&quot;,&quot;sans-serif&quot;\"><\/span><\/i> <\/div>\n<div style=\"clear: both; text-align: center;\"><a href=\"http:\/\/3.bp.blogspot.com\/-JhOR4WUnmPU\/UVEKYeVdiCI\/AAAAAAAAYoY\/5H8HcwbDfOA\/s1600\/IMG_2024.JPG\" style=\"clear: left; float: left; margin-bottom: 1em; margin-right: 1em;\"><img fetchpriority=\"high\" decoding=\"async\" border=\"0\" height=\"213\" src=\"http:\/\/3.bp.blogspot.com\/-JhOR4WUnmPU\/UVEKYeVdiCI\/AAAAAAAAYoY\/5H8HcwbDfOA\/s320\/IMG_2024.JPG\" width=\"320\" \/><\/a><\/div>\n<div style=\"text-align: justify;\">Con el objetivo de velar por la  seguridad de los estudiantes y trabajadores de establecimientos  educacionales, el Seremi de Energ\u00eda, Rodrigo Torres, junto con el  Director Regional de la SEC, Patricio Vel\u00e1squez, fiscalizaron las  instalaciones el\u00e9ctricas del Liceo de Ni\u00f1as de Concepci\u00f3n.<\/div>\n<div style=\"text-align: justify;\"><\/div>\n<div style=\"text-align: justify;\">La  fiscalizaci\u00f3n de este tipo de instalaciones, se enmarca en un programa  anual que involucra lugares de reuni\u00f3n de personas, tanto p\u00fablicos como  privados, y que permite identificar posibles problemas en el sistema  el\u00e9ctrico del recinto que pudiesen significar riesgo, por ejemplo, de  incendio.<\/div>\n<div style=\"text-align: justify;\"><\/div>\n<div style=\"text-align: justify;\">\u00abEn lo que va del a\u00f1o,  hemos sido testigos de varios incendios provocados por deficiencias en  los sistemas el\u00e9ctricos, motivo por el cual estamos realizando  fiscalizaciones de las instalaciones el\u00e9ctricas en diversos recintos  p\u00fablicos y privados de la Regi\u00f3n del Bio B\u00edo. En esta oportunidad, se  llev\u00f3 a cabo en Concepci\u00f3n,  pero tambi\u00e9n se realizar\u00e1 en otras comunas\u00bb se\u00f1al\u00f3 la autoridad y  agreg\u00f3 que \u00aben este proceso se pone especial atenci\u00f3n en aquellas faltas  a la normativa que puedan significar un riesgo de incendio\u00bb.<\/div>\n<div style=\"text-align: justify;\"><\/div>\n<div style=\"text-align: justify;\">Respecto  de la prevenci\u00f3n de accidentes, el Seremi afirm\u00f3 que \u00abtambi\u00e9n hay que  ser cuidadosos con las instalaciones en el hogar, no sobrecargar los  enchufes, hacer las mantenciones correspondientes y siempre recurrir a  un especialista acreditado por la SEC para hacer modificaciones o  instalaciones del sistema el\u00e9ctrico\u00bb.<\/div>\n<div style=\"text-align: justify;\"><\/div>\n<div style=\"text-align: justify;\">Finalmente,  Torres invit\u00f3 a la comunidad a ser conscientes de los riesgos que  implican las instalaciones el\u00e9ctricas deficientes e inst\u00f3 a realizar las  mantenciones que certifiquen la seguridad del sistema el\u00e9ctrico.<\/div>\n","protected":false},"excerpt":{"rendered":"<p>Con el objetivo de velar por la seguridad de los estudiantes y trabajadores de establecimientos educacionales, el Seremi de Energ\u00eda, Rodrigo Torres, junto con el Director Regional de la SEC, Patricio Vel\u00e1squez, fiscalizaron las instalaciones el\u00e9ctricas del Liceo de Ni\u00f1as de Concepci\u00f3n. La fiscalizaci\u00f3n de este tipo de instalaciones, se enmarca en un programa anual [&hellip;]<\/p>\n","protected":false},"author":1,"featured_media":0,"comment_status":"open","ping_status":"open","sticky":false,"template":"","format":"standard","meta":{"footnotes":""},"categories":[151],"tags":[],"class_list":["post-4262","post","type-post","status-publish","format-standard","hentry","category-educacion"],"yoast_head":"<!-- This site is optimized with the Yoast SEO plugin v25.0 - https:\/\/yoast.com\/wordpress\/plugins\/seo\/ -->\n<title>Fiscalizan Instalaciones El\u00e9ctricas De Establecimientos Educacionales Del Bio B\u00edo - Nuestro Bio B\u00edo<\/title>\n<meta name=\"robots\" content=\"index, follow, max-snippet:-1, max-image-preview:large, max-video-preview:-1\" \/>\n<link rel=\"canonical\" href=\"https:\/\/www.fraczinet.cl\/sitio\/2013\/03\/26\/fiscalizan-instalaciones-electricas-de-establecimientos-educacionales-del-bio-bio\/\" \/>\n<meta property=\"og:locale\" content=\"es_ES\" \/>\n<meta property=\"og:type\" content=\"article\" \/>\n<meta property=\"og:title\" content=\"Fiscalizan Instalaciones El\u00e9ctricas De Establecimientos Educacionales Del Bio B\u00edo - Nuestro Bio B\u00edo\" \/>\n<meta property=\"og:description\" content=\"Con el objetivo de velar por la seguridad de los estudiantes y trabajadores de establecimientos educacionales, el Seremi de Energ\u00eda, Rodrigo Torres, junto con el Director Regional de la SEC, Patricio Vel\u00e1squez, fiscalizaron las instalaciones el\u00e9ctricas del Liceo de Ni\u00f1as de Concepci\u00f3n. La fiscalizaci\u00f3n de este tipo de instalaciones, se enmarca en un programa anual [&hellip;]\" \/>\n<meta property=\"og:url\" content=\"https:\/\/www.fraczinet.cl\/sitio\/2013\/03\/26\/fiscalizan-instalaciones-electricas-de-establecimientos-educacionales-del-bio-bio\/\" \/>\n<meta property=\"og:site_name\" content=\"Nuestro Bio B\u00edo\" \/>\n<meta property=\"article:published_time\" content=\"2013-03-26T02:40:00+00:00\" \/>\n<meta property=\"og:image\" content=\"http:\/\/3.bp.blogspot.com\/-JhOR4WUnmPU\/UVEKYeVdiCI\/AAAAAAAAYoY\/5H8HcwbDfOA\/s320\/IMG_2024.JPG\" \/>\n<meta name=\"author\" content=\"admin\" \/>\n<meta name=\"twitter:card\" content=\"summary_large_image\" \/>\n<meta name=\"twitter:creator\" content=\"@nuestrobiobio\" \/>\n<meta name=\"twitter:site\" content=\"@nuestrobiobio\" \/>\n<meta name=\"twitter:label1\" content=\"Escrito por\" \/>\n\t<meta name=\"twitter:data1\" content=\"admin\" \/>\n\t<meta name=\"twitter:label2\" content=\"Tiempo de lectura\" \/>\n\t<meta name=\"twitter:data2\" content=\"1 minuto\" \/>\n<script type=\"application\/ld+json\" class=\"yoast-schema-graph\">{\"@context\":\"https:\/\/schema.org\",\"@graph\":[{\"@type\":\"Article\",\"@id\":\"https:\/\/www.fraczinet.cl\/sitio\/2013\/03\/26\/fiscalizan-instalaciones-electricas-de-establecimientos-educacionales-del-bio-bio\/#article\",\"isPartOf\":{\"@id\":\"https:\/\/www.fraczinet.cl\/sitio\/2013\/03\/26\/fiscalizan-instalaciones-electricas-de-establecimientos-educacionales-del-bio-bio\/\"},\"author\":{\"name\":\"admin\",\"@id\":\"https:\/\/www.fraczinet.cl\/sitio\/#\/schema\/person\/bc30f98e9cb10ae7e119dbe14bc93784\"},\"headline\":\"Fiscalizan Instalaciones El\u00e9ctricas De Establecimientos Educacionales Del Bio B\u00edo\",\"datePublished\":\"2013-03-26T02:40:00+00:00\",\"mainEntityOfPage\":{\"@id\":\"https:\/\/www.fraczinet.cl\/sitio\/2013\/03\/26\/fiscalizan-instalaciones-electricas-de-establecimientos-educacionales-del-bio-bio\/\"},\"wordCount\":283,\"commentCount\":0,\"publisher\":{\"@id\":\"https:\/\/www.fraczinet.cl\/sitio\/#\/schema\/person\/aec8ee4da68df2b9b0eefdad24a0d582\"},\"image\":{\"@id\":\"https:\/\/www.fraczinet.cl\/sitio\/2013\/03\/26\/fiscalizan-instalaciones-electricas-de-establecimientos-educacionales-del-bio-bio\/#primaryimage\"},\"thumbnailUrl\":\"http:\/\/3.bp.blogspot.com\/-JhOR4WUnmPU\/UVEKYeVdiCI\/AAAAAAAAYoY\/5H8HcwbDfOA\/s320\/IMG_2024.JPG\",\"articleSection\":[\"Educaci\u00f3n\"],\"inLanguage\":\"es\",\"potentialAction\":[{\"@type\":\"CommentAction\",\"name\":\"Comment\",\"target\":[\"https:\/\/www.fraczinet.cl\/sitio\/2013\/03\/26\/fiscalizan-instalaciones-electricas-de-establecimientos-educacionales-del-bio-bio\/#respond\"]}]},{\"@type\":\"WebPage\",\"@id\":\"https:\/\/www.fraczinet.cl\/sitio\/2013\/03\/26\/fiscalizan-instalaciones-electricas-de-establecimientos-educacionales-del-bio-bio\/\",\"url\":\"https:\/\/www.fraczinet.cl\/sitio\/2013\/03\/26\/fiscalizan-instalaciones-electricas-de-establecimientos-educacionales-del-bio-bio\/\",\"name\":\"Fiscalizan Instalaciones El\u00e9ctricas De Establecimientos Educacionales Del Bio B\u00edo - Nuestro Bio B\u00edo\",\"isPartOf\":{\"@id\":\"https:\/\/www.fraczinet.cl\/sitio\/#website\"},\"primaryImageOfPage\":{\"@id\":\"https:\/\/www.fraczinet.cl\/sitio\/2013\/03\/26\/fiscalizan-instalaciones-electricas-de-establecimientos-educacionales-del-bio-bio\/#primaryimage\"},\"image\":{\"@id\":\"https:\/\/www.fraczinet.cl\/sitio\/2013\/03\/26\/fiscalizan-instalaciones-electricas-de-establecimientos-educacionales-del-bio-bio\/#primaryimage\"},\"thumbnailUrl\":\"http:\/\/3.bp.blogspot.com\/-JhOR4WUnmPU\/UVEKYeVdiCI\/AAAAAAAAYoY\/5H8HcwbDfOA\/s320\/IMG_2024.JPG\",\"datePublished\":\"2013-03-26T02:40:00+00:00\",\"breadcrumb\":{\"@id\":\"https:\/\/www.fraczinet.cl\/sitio\/2013\/03\/26\/fiscalizan-instalaciones-electricas-de-establecimientos-educacionales-del-bio-bio\/#breadcrumb\"},\"inLanguage\":\"es\",\"potentialAction\":[{\"@type\":\"ReadAction\",\"target\":[\"https:\/\/www.fraczinet.cl\/sitio\/2013\/03\/26\/fiscalizan-instalaciones-electricas-de-establecimientos-educacionales-del-bio-bio\/\"]}]},{\"@type\":\"ImageObject\",\"inLanguage\":\"es\",\"@id\":\"https:\/\/www.fraczinet.cl\/sitio\/2013\/03\/26\/fiscalizan-instalaciones-electricas-de-establecimientos-educacionales-del-bio-bio\/#primaryimage\",\"url\":\"http:\/\/3.bp.blogspot.com\/-JhOR4WUnmPU\/UVEKYeVdiCI\/AAAAAAAAYoY\/5H8HcwbDfOA\/s320\/IMG_2024.JPG\",\"contentUrl\":\"http:\/\/3.bp.blogspot.com\/-JhOR4WUnmPU\/UVEKYeVdiCI\/AAAAAAAAYoY\/5H8HcwbDfOA\/s320\/IMG_2024.JPG\"},{\"@type\":\"BreadcrumbList\",\"@id\":\"https:\/\/www.fraczinet.cl\/sitio\/2013\/03\/26\/fiscalizan-instalaciones-electricas-de-establecimientos-educacionales-del-bio-bio\/#breadcrumb\",\"itemListElement\":[{\"@type\":\"ListItem\",\"position\":1,\"name\":\"Portada\",\"item\":\"https:\/\/www.fraczinet.cl\/sitio\/\"},{\"@type\":\"ListItem\",\"position\":2,\"name\":\"Fiscalizan Instalaciones El\u00e9ctricas De Establecimientos Educacionales Del Bio B\u00edo\"}]},{\"@type\":\"WebSite\",\"@id\":\"https:\/\/www.fraczinet.cl\/sitio\/#website\",\"url\":\"https:\/\/www.fraczinet.cl\/sitio\/\",\"name\":\"Nuestro Bio B\u00edo\",\"description\":\"Tierra de Encuentros\",\"publisher\":{\"@id\":\"https:\/\/www.fraczinet.cl\/sitio\/#\/schema\/person\/aec8ee4da68df2b9b0eefdad24a0d582\"},\"potentialAction\":[{\"@type\":\"SearchAction\",\"target\":{\"@type\":\"EntryPoint\",\"urlTemplate\":\"https:\/\/www.fraczinet.cl\/sitio\/?s={search_term_string}\"},\"query-input\":{\"@type\":\"PropertyValueSpecification\",\"valueRequired\":true,\"valueName\":\"search_term_string\"}}],\"inLanguage\":\"es\"},{\"@type\":[\"Person\",\"Organization\"],\"@id\":\"https:\/\/www.fraczinet.cl\/sitio\/#\/schema\/person\/aec8ee4da68df2b9b0eefdad24a0d582\",\"name\":\"Luis Fernando Fraczinet\",\"image\":{\"@type\":\"ImageObject\",\"inLanguage\":\"es\",\"@id\":\"https:\/\/www.fraczinet.cl\/sitio\/#\/schema\/person\/image\/\",\"url\":\"https:\/\/www.fraczinet.cl\/sitio\/wp-content\/uploads\/2021\/07\/bannerlogo-1.gif\",\"contentUrl\":\"https:\/\/www.fraczinet.cl\/sitio\/wp-content\/uploads\/2021\/07\/bannerlogo-1.gif\",\"width\":159,\"height\":79,\"caption\":\"Luis Fernando Fraczinet\"},\"logo\":{\"@id\":\"https:\/\/www.fraczinet.cl\/sitio\/#\/schema\/person\/image\/\"},\"sameAs\":[\"https:\/\/www.fraczinet.cl\/sitio\/\"]},{\"@type\":\"Person\",\"@id\":\"https:\/\/www.fraczinet.cl\/sitio\/#\/schema\/person\/bc30f98e9cb10ae7e119dbe14bc93784\",\"name\":\"admin\",\"image\":{\"@type\":\"ImageObject\",\"inLanguage\":\"es\",\"@id\":\"https:\/\/www.fraczinet.cl\/sitio\/#\/schema\/person\/image\/\",\"url\":\"https:\/\/secure.gravatar.com\/avatar\/d5ad3cf7ef3b23a2bb5be73be780c86b2fc8545c3ad6b149f3913ff458c00099?s=96&d=mm&r=g\",\"contentUrl\":\"https:\/\/secure.gravatar.com\/avatar\/d5ad3cf7ef3b23a2bb5be73be780c86b2fc8545c3ad6b149f3913ff458c00099?s=96&d=mm&r=g\",\"caption\":\"admin\"},\"sameAs\":[\"https:\/\/www.fraczinet.cl\/sitio\"]}]}<\/script>\n<!-- \/ Yoast SEO plugin. -->","yoast_head_json":{"title":"Fiscalizan Instalaciones El\u00e9ctricas De Establecimientos Educacionales Del Bio B\u00edo - Nuestro Bio B\u00edo","robots":{"index":"index","follow":"follow","max-snippet":"max-snippet:-1","max-image-preview":"max-image-preview:large","max-video-preview":"max-video-preview:-1"},"canonical":"https:\/\/www.fraczinet.cl\/sitio\/2013\/03\/26\/fiscalizan-instalaciones-electricas-de-establecimientos-educacionales-del-bio-bio\/","og_locale":"es_ES","og_type":"article","og_title":"Fiscalizan Instalaciones El\u00e9ctricas De Establecimientos Educacionales Del Bio B\u00edo - Nuestro Bio B\u00edo","og_description":"Con el objetivo de velar por la seguridad de los estudiantes y trabajadores de establecimientos educacionales, el Seremi de Energ\u00eda, Rodrigo Torres, junto con el Director Regional de la SEC, Patricio Vel\u00e1squez, fiscalizaron las instalaciones el\u00e9ctricas del Liceo de Ni\u00f1as de Concepci\u00f3n. La fiscalizaci\u00f3n de este tipo de instalaciones, se enmarca en un programa anual [&hellip;]","og_url":"https:\/\/www.fraczinet.cl\/sitio\/2013\/03\/26\/fiscalizan-instalaciones-electricas-de-establecimientos-educacionales-del-bio-bio\/","og_site_name":"Nuestro Bio B\u00edo","article_published_time":"2013-03-26T02:40:00+00:00","og_image":[{"url":"http:\/\/3.bp.blogspot.com\/-JhOR4WUnmPU\/UVEKYeVdiCI\/AAAAAAAAYoY\/5H8HcwbDfOA\/s320\/IMG_2024.JPG","type":"","width":"","height":""}],"author":"admin","twitter_card":"summary_large_image","twitter_creator":"@nuestrobiobio","twitter_site":"@nuestrobiobio","twitter_misc":{"Escrito por":"admin","Tiempo de lectura":"1 minuto"},"schema":{"@context":"https:\/\/schema.org","@graph":[{"@type":"Article","@id":"https:\/\/www.fraczinet.cl\/sitio\/2013\/03\/26\/fiscalizan-instalaciones-electricas-de-establecimientos-educacionales-del-bio-bio\/#article","isPartOf":{"@id":"https:\/\/www.fraczinet.cl\/sitio\/2013\/03\/26\/fiscalizan-instalaciones-electricas-de-establecimientos-educacionales-del-bio-bio\/"},"author":{"name":"admin","@id":"https:\/\/www.fraczinet.cl\/sitio\/#\/schema\/person\/bc30f98e9cb10ae7e119dbe14bc93784"},"headline":"Fiscalizan Instalaciones El\u00e9ctricas De Establecimientos Educacionales Del Bio B\u00edo","datePublished":"2013-03-26T02:40:00+00:00","mainEntityOfPage":{"@id":"https:\/\/www.fraczinet.cl\/sitio\/2013\/03\/26\/fiscalizan-instalaciones-electricas-de-establecimientos-educacionales-del-bio-bio\/"},"wordCount":283,"commentCount":0,"publisher":{"@id":"https:\/\/www.fraczinet.cl\/sitio\/#\/schema\/person\/aec8ee4da68df2b9b0eefdad24a0d582"},"image":{"@id":"https:\/\/www.fraczinet.cl\/sitio\/2013\/03\/26\/fiscalizan-instalaciones-electricas-de-establecimientos-educacionales-del-bio-bio\/#primaryimage"},"thumbnailUrl":"http:\/\/3.bp.blogspot.com\/-JhOR4WUnmPU\/UVEKYeVdiCI\/AAAAAAAAYoY\/5H8HcwbDfOA\/s320\/IMG_2024.JPG","articleSection":["Educaci\u00f3n"],"inLanguage":"es","potentialAction":[{"@type":"CommentAction","name":"Comment","target":["https:\/\/www.fraczinet.cl\/sitio\/2013\/03\/26\/fiscalizan-instalaciones-electricas-de-establecimientos-educacionales-del-bio-bio\/#respond"]}]},{"@type":"WebPage","@id":"https:\/\/www.fraczinet.cl\/sitio\/2013\/03\/26\/fiscalizan-instalaciones-electricas-de-establecimientos-educacionales-del-bio-bio\/","url":"https:\/\/www.fraczinet.cl\/sitio\/2013\/03\/26\/fiscalizan-instalaciones-electricas-de-establecimientos-educacionales-del-bio-bio\/","name":"Fiscalizan Instalaciones El\u00e9ctricas De Establecimientos Educacionales Del Bio B\u00edo - Nuestro Bio B\u00edo","isPartOf":{"@id":"https:\/\/www.fraczinet.cl\/sitio\/#website"},"primaryImageOfPage":{"@id":"https:\/\/www.fraczinet.cl\/sitio\/2013\/03\/26\/fiscalizan-instalaciones-electricas-de-establecimientos-educacionales-del-bio-bio\/#primaryimage"},"image":{"@id":"https:\/\/www.fraczinet.cl\/sitio\/2013\/03\/26\/fiscalizan-instalaciones-electricas-de-establecimientos-educacionales-del-bio-bio\/#primaryimage"},"thumbnailUrl":"http:\/\/3.bp.blogspot.com\/-JhOR4WUnmPU\/UVEKYeVdiCI\/AAAAAAAAYoY\/5H8HcwbDfOA\/s320\/IMG_2024.JPG","datePublished":"2013-03-26T02:40:00+00:00","breadcrumb":{"@id":"https:\/\/www.fraczinet.cl\/sitio\/2013\/03\/26\/fiscalizan-instalaciones-electricas-de-establecimientos-educacionales-del-bio-bio\/#breadcrumb"},"inLanguage":"es","potentialAction":[{"@type":"ReadAction","target":["https:\/\/www.fraczinet.cl\/sitio\/2013\/03\/26\/fiscalizan-instalaciones-electricas-de-establecimientos-educacionales-del-bio-bio\/"]}]},{"@type":"ImageObject","inLanguage":"es","@id":"https:\/\/www.fraczinet.cl\/sitio\/2013\/03\/26\/fiscalizan-instalaciones-electricas-de-establecimientos-educacionales-del-bio-bio\/#primaryimage","url":"http:\/\/3.bp.blogspot.com\/-JhOR4WUnmPU\/UVEKYeVdiCI\/AAAAAAAAYoY\/5H8HcwbDfOA\/s320\/IMG_2024.JPG","contentUrl":"http:\/\/3.bp.blogspot.com\/-JhOR4WUnmPU\/UVEKYeVdiCI\/AAAAAAAAYoY\/5H8HcwbDfOA\/s320\/IMG_2024.JPG"},{"@type":"BreadcrumbList","@id":"https:\/\/www.fraczinet.cl\/sitio\/2013\/03\/26\/fiscalizan-instalaciones-electricas-de-establecimientos-educacionales-del-bio-bio\/#breadcrumb","itemListElement":[{"@type":"ListItem","position":1,"name":"Portada","item":"https:\/\/www.fraczinet.cl\/sitio\/"},{"@type":"ListItem","position":2,"name":"Fiscalizan Instalaciones El\u00e9ctricas De Establecimientos Educacionales Del Bio B\u00edo"}]},{"@type":"WebSite","@id":"https:\/\/www.fraczinet.cl\/sitio\/#website","url":"https:\/\/www.fraczinet.cl\/sitio\/","name":"Nuestro Bio B\u00edo","description":"Tierra de Encuentros","publisher":{"@id":"https:\/\/www.fraczinet.cl\/sitio\/#\/schema\/person\/aec8ee4da68df2b9b0eefdad24a0d582"},"potentialAction":[{"@type":"SearchAction","target":{"@type":"EntryPoint","urlTemplate":"https:\/\/www.fraczinet.cl\/sitio\/?s={search_term_string}"},"query-input":{"@type":"PropertyValueSpecification","valueRequired":true,"valueName":"search_term_string"}}],"inLanguage":"es"},{"@type":["Person","Organization"],"@id":"https:\/\/www.fraczinet.cl\/sitio\/#\/schema\/person\/aec8ee4da68df2b9b0eefdad24a0d582","name":"Luis Fernando Fraczinet","image":{"@type":"ImageObject","inLanguage":"es","@id":"https:\/\/www.fraczinet.cl\/sitio\/#\/schema\/person\/image\/","url":"https:\/\/www.fraczinet.cl\/sitio\/wp-content\/uploads\/2021\/07\/bannerlogo-1.gif","contentUrl":"https:\/\/www.fraczinet.cl\/sitio\/wp-content\/uploads\/2021\/07\/bannerlogo-1.gif","width":159,"height":79,"caption":"Luis Fernando Fraczinet"},"logo":{"@id":"https:\/\/www.fraczinet.cl\/sitio\/#\/schema\/person\/image\/"},"sameAs":["https:\/\/www.fraczinet.cl\/sitio\/"]},{"@type":"Person","@id":"https:\/\/www.fraczinet.cl\/sitio\/#\/schema\/person\/bc30f98e9cb10ae7e119dbe14bc93784","name":"admin","image":{"@type":"ImageObject","inLanguage":"es","@id":"https:\/\/www.fraczinet.cl\/sitio\/#\/schema\/person\/image\/","url":"https:\/\/secure.gravatar.com\/avatar\/d5ad3cf7ef3b23a2bb5be73be780c86b2fc8545c3ad6b149f3913ff458c00099?s=96&d=mm&r=g","contentUrl":"https:\/\/secure.gravatar.com\/avatar\/d5ad3cf7ef3b23a2bb5be73be780c86b2fc8545c3ad6b149f3913ff458c00099?s=96&d=mm&r=g","caption":"admin"},"sameAs":["https:\/\/www.fraczinet.cl\/sitio"]}]}},"_links":{"self":[{"href":"https:\/\/www.fraczinet.cl\/sitio\/wp-json\/wp\/v2\/posts\/4262","targetHints":{"allow":["GET"]}}],"collection":[{"href":"https:\/\/www.fraczinet.cl\/sitio\/wp-json\/wp\/v2\/posts"}],"about":[{"href":"https:\/\/www.fraczinet.cl\/sitio\/wp-json\/wp\/v2\/types\/post"}],"author":[{"embeddable":true,"href":"https:\/\/www.fraczinet.cl\/sitio\/wp-json\/wp\/v2\/users\/1"}],"replies":[{"embeddable":true,"href":"https:\/\/www.fraczinet.cl\/sitio\/wp-json\/wp\/v2\/comments?post=4262"}],"version-history":[{"count":0,"href":"https:\/\/www.fraczinet.cl\/sitio\/wp-json\/wp\/v2\/posts\/4262\/revisions"}],"wp:attachment":[{"href":"https:\/\/www.fraczinet.cl\/sitio\/wp-json\/wp\/v2\/media?parent=4262"}],"wp:term":[{"taxonomy":"category","embeddable":true,"href":"https:\/\/www.fraczinet.cl\/sitio\/wp-json\/wp\/v2\/categories?post=4262"},{"taxonomy":"post_tag","embeddable":true,"href":"https:\/\/www.fraczinet.cl\/sitio\/wp-json\/wp\/v2\/tags?post=4262"}],"curies":[{"name":"wp","href":"https:\/\/api.w.org\/{rel}","templated":true}]}}