{"id":4268,"date":"2013-03-20T00:19:00","date_gmt":"2013-03-20T00:19:00","guid":{"rendered":"https:\/\/www.fraczinet.cl\/sitio\/2013\/03\/20\/llamado-a-sobrevivientes-de-villa-grimaldi-construccion-de-la-lista-de-sobrevivientes\/"},"modified":"2013-03-20T00:19:00","modified_gmt":"2013-03-20T00:19:00","slug":"llamado-a-sobrevivientes-de-villa-grimaldi-construccion-de-la-lista-de-sobrevivientes","status":"publish","type":"post","link":"https:\/\/www.fraczinet.cl\/sitio\/2013\/03\/20\/llamado-a-sobrevivientes-de-villa-grimaldi-construccion-de-la-lista-de-sobrevivientes\/","title":{"rendered":"Llamado A Sobrevivientes De Villa Grimaldi &#8211; Construcci\u00f3n De La Lista De Sobrevivientes"},"content":{"rendered":"<div style=\"margin: 0cm 0cm 0pt; text-align: justify;\"><b><span lang=\"ES\"><\/span><\/b><\/div>\n<div style=\"margin: 0cm 0cm 0pt; text-align: justify;\"><span lang=\"ES\"><span style=\"font-family: Calibri;\">Les escribimos para  comunicarle que el catastro de los sobrevivientes de Villa Grimaldi se est\u00e1  construyendo,<span>&nbsp; <\/span>y la publicaci\u00f3n de  la lista inicial en el sitio web, ser\u00e1<span>&nbsp;  <\/span>lanzada el d\u00eda Viernes 22 de Marzo 2013 en el Parque por La Paz Villa  Grimaldi, Jos\u00e9 Arrieta 8401, Pe\u00f1alol\u00e9n, Santiago a las aproximadamente 7.45pm.  <\/span><\/span><\/div>\n<div style=\"margin: 0cm 0cm 0pt; text-align: justify;\"><\/div>\n<div style=\"margin: 0cm 0cm 0pt; text-align: justify;\"><span lang=\"ES\"><span style=\"font-family: Calibri;\">Villa Grimaldi fue  abierto como Parque por la Paz hace 16 a\u00f1os<span>&nbsp; <\/span>y en una primera instancia, la tarea m\u00e1s  importante fue la recuperaci\u00f3n de este lugar que como es sabido, opero como el  siniestro centro de tortura \u201cCuartel Terranova\u201d de la DINA y la CNI entre 1974 y  1978, y cuya recuperaci\u00f3n se logr\u00f3 en Diciembre de 1994  <\/span><\/span><\/div>\n<div style=\"margin: 0cm 0cm 0pt; text-align: justify;\"><\/div>\n<div style=\"margin: 0cm 0cm 0pt; text-align: justify;\"><span lang=\"ES\"><span style=\"font-family: Calibri;\">Posteriormente, la  mayor dedicaci\u00f3n fue la de rendirle homenaje a todas y todos los detenidos  desaparecidos y ejecutados que estuvieron en este recinto; la mayor\u00eda de los  cuales a\u00fan no se sabe su paradero, siendo que esa informaci\u00f3n ha sido mantenida  en secreto por los que perpetraron estos cr\u00edmenes. Fue necesario entonces  concentrarse en testimonios para re-construir e ir<span>&nbsp; <\/span>esclareciendo el paso de estas mujeres y  hombres por este lugar de horrores.<\/span><\/span><\/div>\n<div style=\"margin: 0cm 0cm 0pt; text-align: justify;\"><\/div>\n<div style=\"margin: 0cm 0cm 0pt; text-align: justify;\"><span lang=\"ES\"><span style=\"font-family: Calibri;\">Se calcula que unas  4.500 personas estuvieron en este centro de tortura, dentro de los cuales se  encuentran 229<span>&nbsp; <\/span>detenidos  desaparecidos y ejecutados. Considerando que la poblaci\u00f3n de Chile era de  aproximadamente 10 millones de habitantes<span>&nbsp;  <\/span>en esos a\u00f1os, este fue un n\u00famero muy importante de ciudadanos Chilenos.  As\u00ed, miles de j\u00f3venes y adultos, ni\u00f1os y adultos mayores fuimos secuestrados,  vendados y llevados a Villa Grimaldi, sujetos a tratos degradantes e inhumanos,  muchas personas inocentes<span>&nbsp; <\/span>sometidas  a presiones f\u00edsicas y psicol\u00f3gicas para presionar a detenidos  pol\u00edticos.<\/span><\/span><\/div>\n<div style=\"margin: 0cm 0cm 0pt; text-align: justify;\"><\/div>\n<div style=\"margin: 0cm 0cm 0pt; text-align: justify;\"><span lang=\"ES\"><span style=\"font-family: Calibri;\">Ahora, a<span>&nbsp; <\/span>40 a\u00f1os del aniversario del golpe de  Estado que entristeci\u00f3 nuestro aporreado territorio en 1973, se empieza a  reconstruir la lista de los que sobrevivimos en este centro de tortura, de  aquellos que hemos ido contando la historia de lo que paso  all\u00ed.<\/span><\/span><\/div>\n<div style=\"margin: 0cm 0cm 0pt; text-align: justify;\"><\/div>\n<div style=\"margin: 0cm 0cm 0pt; text-align: justify;\"><span style=\"font-family: Calibri;\"><b><span lang=\"ES\" style=\"color: #333333;\">\u201cNo ser sometido a tortura  es un derecho humano universal y fundamental para todos, garantizado en el  derecho internacional y definido en la Convenci\u00f3n de la <span><span style=\"font-family: Calibri;\">ONU<\/span><\/span> contra la tortura. Las secuelas  de tanta crueldad son f\u00edsicas, psicol\u00f3gicas e incluso sociales\u201d<\/span><\/b><span lang=\"ES\"><\/span><\/span><\/div>\n<div style=\"margin: 0cm 0cm 0pt; text-align: justify;\"><\/div>\n<div style=\"margin: 0cm 0cm 0pt; text-align: justify;\"><span lang=\"ES\"><span style=\"font-family: Calibri;\">Construir la Memoria es  una tarea permanente, as\u00ed que hacemos una llamado a todas y todos los que fueron  llevados a este centro ilegal de tortura; aquellos que eran bebes en gestaci\u00f3n,  ni\u00f1as y ni\u00f1os, adolescentes, j\u00f3venes, adultos y adultos mayores;<span>&nbsp; <\/span>tambi\u00e9n a los familiares de  sobrevivientes que ya han fallecido, a participar en este proyecto hist\u00f3rico  inscribi\u00e9ndose como sobrevivientes, difundiendo y participando el pr\u00f3ximo  Viernes 22<span>&nbsp; <\/span>de Marzo en el  lanzamiento de la lista inicial de sobrevivientes de Villa  Grimaldi.<\/span><\/span><b><span lang=\"ES\" style=\"font-family: 'Times New Roman'; font-size: 12pt;\"> <\/span><\/b><span lang=\"ES\"><\/span><\/div>\n<div style=\"margin: 0cm 0cm 0pt; text-align: justify;\"><\/div>\n<div style=\"margin: 0cm 0cm 0pt; text-align: justify;\"><span lang=\"ES\"><span style=\"font-family: Calibri;\">Beatriz Miranda Oyarzun<\/span><\/span><\/div>\n<div style=\"margin: 0cm 0cm 0pt; text-align: justify;\"><span style=\"font-family: Calibri;\"><span lang=\"ES\">Ex  detenida pol\u00edtica \u2013 A nombre de la <\/span><span lang=\"ES\">Comisi\u00f3n Lista de Sobrevivientes de Villa  Grimaldi<\/span><\/span><\/div>\n<div style=\"margin: 0cm 0cm 0pt; text-align: justify;\"><span lang=\"ES\"><span style=\"font-family: Calibri;\">Formularios para ser  completados pueden ser encontrados en el sitio web de villa Grimaldi  <\/span><\/span><span lang=\"EN-GB\"><a href=\"http:\/\/www.villagrimaldi.cl\/\" target=\"_blank\" rel=\"noopener\"><span lang=\"ES\">www.villagrimaldi.cl<\/span><\/a><\/span><\/div>\n","protected":false},"excerpt":{"rendered":"<p>Les escribimos para comunicarle que el catastro de los sobrevivientes de Villa Grimaldi se est\u00e1 construyendo,&nbsp; y la publicaci\u00f3n de la lista inicial en el sitio web, ser\u00e1&nbsp; lanzada el d\u00eda Viernes 22 de Marzo 2013 en el Parque por La Paz Villa Grimaldi, Jos\u00e9 Arrieta 8401, Pe\u00f1alol\u00e9n, Santiago a las aproximadamente 7.45pm. Villa Grimaldi [&hellip;]<\/p>\n","protected":false},"author":1,"featured_media":0,"comment_status":"open","ping_status":"open","sticky":false,"template":"","format":"standard","meta":{"footnotes":""},"categories":[154],"tags":[],"class_list":["post-4268","post","type-post","status-publish","format-standard","hentry","category-ddhh"],"yoast_head":"<!-- This site is optimized with the Yoast SEO plugin v25.0 - https:\/\/yoast.com\/wordpress\/plugins\/seo\/ -->\n<title>Llamado A Sobrevivientes De Villa Grimaldi - Construcci\u00f3n De La Lista De Sobrevivientes - Nuestro Bio B\u00edo<\/title>\n<meta name=\"robots\" content=\"index, follow, max-snippet:-1, max-image-preview:large, max-video-preview:-1\" \/>\n<link rel=\"canonical\" href=\"https:\/\/www.fraczinet.cl\/sitio\/2013\/03\/20\/llamado-a-sobrevivientes-de-villa-grimaldi-construccion-de-la-lista-de-sobrevivientes\/\" \/>\n<meta property=\"og:locale\" content=\"es_ES\" \/>\n<meta property=\"og:type\" content=\"article\" \/>\n<meta property=\"og:title\" content=\"Llamado A Sobrevivientes De Villa Grimaldi - Construcci\u00f3n De La Lista De Sobrevivientes - Nuestro Bio B\u00edo\" \/>\n<meta property=\"og:description\" content=\"Les escribimos para comunicarle que el catastro de los sobrevivientes de Villa Grimaldi se est\u00e1 construyendo,&nbsp; y la publicaci\u00f3n de la lista inicial en el sitio web, ser\u00e1&nbsp; lanzada el d\u00eda Viernes 22 de Marzo 2013 en el Parque por La Paz Villa Grimaldi, Jos\u00e9 Arrieta 8401, Pe\u00f1alol\u00e9n, Santiago a las aproximadamente 7.45pm. Villa Grimaldi [&hellip;]\" \/>\n<meta property=\"og:url\" content=\"https:\/\/www.fraczinet.cl\/sitio\/2013\/03\/20\/llamado-a-sobrevivientes-de-villa-grimaldi-construccion-de-la-lista-de-sobrevivientes\/\" \/>\n<meta property=\"og:site_name\" content=\"Nuestro Bio B\u00edo\" \/>\n<meta property=\"article:published_time\" content=\"2013-03-20T00:19:00+00:00\" \/>\n<meta property=\"og:image\" content=\"https:\/\/www.fraczinet.cl\/sitio\/wp-content\/uploads\/2021\/07\/bannerlogo-1.gif\" \/>\n\t<meta property=\"og:image:width\" content=\"159\" \/>\n\t<meta property=\"og:image:height\" content=\"79\" \/>\n\t<meta property=\"og:image:type\" content=\"image\/gif\" \/>\n<meta name=\"author\" content=\"admin\" \/>\n<meta name=\"twitter:card\" content=\"summary_large_image\" \/>\n<meta name=\"twitter:creator\" content=\"@nuestrobiobio\" \/>\n<meta name=\"twitter:site\" content=\"@nuestrobiobio\" \/>\n<meta name=\"twitter:label1\" content=\"Escrito por\" \/>\n\t<meta name=\"twitter:data1\" content=\"admin\" \/>\n\t<meta name=\"twitter:label2\" content=\"Tiempo de lectura\" \/>\n\t<meta name=\"twitter:data2\" content=\"3 minutos\" \/>\n<script type=\"application\/ld+json\" class=\"yoast-schema-graph\">{\"@context\":\"https:\/\/schema.org\",\"@graph\":[{\"@type\":\"Article\",\"@id\":\"https:\/\/www.fraczinet.cl\/sitio\/2013\/03\/20\/llamado-a-sobrevivientes-de-villa-grimaldi-construccion-de-la-lista-de-sobrevivientes\/#article\",\"isPartOf\":{\"@id\":\"https:\/\/www.fraczinet.cl\/sitio\/2013\/03\/20\/llamado-a-sobrevivientes-de-villa-grimaldi-construccion-de-la-lista-de-sobrevivientes\/\"},\"author\":{\"name\":\"admin\",\"@id\":\"https:\/\/www.fraczinet.cl\/sitio\/#\/schema\/person\/bc30f98e9cb10ae7e119dbe14bc93784\"},\"headline\":\"Llamado A Sobrevivientes De Villa Grimaldi &#8211; Construcci\u00f3n De La Lista De Sobrevivientes\",\"datePublished\":\"2013-03-20T00:19:00+00:00\",\"mainEntityOfPage\":{\"@id\":\"https:\/\/www.fraczinet.cl\/sitio\/2013\/03\/20\/llamado-a-sobrevivientes-de-villa-grimaldi-construccion-de-la-lista-de-sobrevivientes\/\"},\"wordCount\":517,\"commentCount\":0,\"publisher\":{\"@id\":\"https:\/\/www.fraczinet.cl\/sitio\/#\/schema\/person\/aec8ee4da68df2b9b0eefdad24a0d582\"},\"articleSection\":[\"DDHH\"],\"inLanguage\":\"es\",\"potentialAction\":[{\"@type\":\"CommentAction\",\"name\":\"Comment\",\"target\":[\"https:\/\/www.fraczinet.cl\/sitio\/2013\/03\/20\/llamado-a-sobrevivientes-de-villa-grimaldi-construccion-de-la-lista-de-sobrevivientes\/#respond\"]}]},{\"@type\":\"WebPage\",\"@id\":\"https:\/\/www.fraczinet.cl\/sitio\/2013\/03\/20\/llamado-a-sobrevivientes-de-villa-grimaldi-construccion-de-la-lista-de-sobrevivientes\/\",\"url\":\"https:\/\/www.fraczinet.cl\/sitio\/2013\/03\/20\/llamado-a-sobrevivientes-de-villa-grimaldi-construccion-de-la-lista-de-sobrevivientes\/\",\"name\":\"Llamado A Sobrevivientes De Villa Grimaldi - Construcci\u00f3n De La Lista De Sobrevivientes - Nuestro Bio B\u00edo\",\"isPartOf\":{\"@id\":\"https:\/\/www.fraczinet.cl\/sitio\/#website\"},\"datePublished\":\"2013-03-20T00:19:00+00:00\",\"breadcrumb\":{\"@id\":\"https:\/\/www.fraczinet.cl\/sitio\/2013\/03\/20\/llamado-a-sobrevivientes-de-villa-grimaldi-construccion-de-la-lista-de-sobrevivientes\/#breadcrumb\"},\"inLanguage\":\"es\",\"potentialAction\":[{\"@type\":\"ReadAction\",\"target\":[\"https:\/\/www.fraczinet.cl\/sitio\/2013\/03\/20\/llamado-a-sobrevivientes-de-villa-grimaldi-construccion-de-la-lista-de-sobrevivientes\/\"]}]},{\"@type\":\"BreadcrumbList\",\"@id\":\"https:\/\/www.fraczinet.cl\/sitio\/2013\/03\/20\/llamado-a-sobrevivientes-de-villa-grimaldi-construccion-de-la-lista-de-sobrevivientes\/#breadcrumb\",\"itemListElement\":[{\"@type\":\"ListItem\",\"position\":1,\"name\":\"Portada\",\"item\":\"https:\/\/www.fraczinet.cl\/sitio\/\"},{\"@type\":\"ListItem\",\"position\":2,\"name\":\"Llamado A Sobrevivientes De Villa Grimaldi &#8211; Construcci\u00f3n De La Lista De Sobrevivientes\"}]},{\"@type\":\"WebSite\",\"@id\":\"https:\/\/www.fraczinet.cl\/sitio\/#website\",\"url\":\"https:\/\/www.fraczinet.cl\/sitio\/\",\"name\":\"Nuestro Bio B\u00edo\",\"description\":\"Tierra de Encuentros\",\"publisher\":{\"@id\":\"https:\/\/www.fraczinet.cl\/sitio\/#\/schema\/person\/aec8ee4da68df2b9b0eefdad24a0d582\"},\"potentialAction\":[{\"@type\":\"SearchAction\",\"target\":{\"@type\":\"EntryPoint\",\"urlTemplate\":\"https:\/\/www.fraczinet.cl\/sitio\/?s={search_term_string}\"},\"query-input\":{\"@type\":\"PropertyValueSpecification\",\"valueRequired\":true,\"valueName\":\"search_term_string\"}}],\"inLanguage\":\"es\"},{\"@type\":[\"Person\",\"Organization\"],\"@id\":\"https:\/\/www.fraczinet.cl\/sitio\/#\/schema\/person\/aec8ee4da68df2b9b0eefdad24a0d582\",\"name\":\"Luis Fernando Fraczinet\",\"image\":{\"@type\":\"ImageObject\",\"inLanguage\":\"es\",\"@id\":\"https:\/\/www.fraczinet.cl\/sitio\/#\/schema\/person\/image\/\",\"url\":\"https:\/\/www.fraczinet.cl\/sitio\/wp-content\/uploads\/2021\/07\/bannerlogo-1.gif\",\"contentUrl\":\"https:\/\/www.fraczinet.cl\/sitio\/wp-content\/uploads\/2021\/07\/bannerlogo-1.gif\",\"width\":159,\"height\":79,\"caption\":\"Luis Fernando Fraczinet\"},\"logo\":{\"@id\":\"https:\/\/www.fraczinet.cl\/sitio\/#\/schema\/person\/image\/\"},\"sameAs\":[\"https:\/\/www.fraczinet.cl\/sitio\/\"]},{\"@type\":\"Person\",\"@id\":\"https:\/\/www.fraczinet.cl\/sitio\/#\/schema\/person\/bc30f98e9cb10ae7e119dbe14bc93784\",\"name\":\"admin\",\"image\":{\"@type\":\"ImageObject\",\"inLanguage\":\"es\",\"@id\":\"https:\/\/www.fraczinet.cl\/sitio\/#\/schema\/person\/image\/\",\"url\":\"https:\/\/secure.gravatar.com\/avatar\/d5ad3cf7ef3b23a2bb5be73be780c86b2fc8545c3ad6b149f3913ff458c00099?s=96&d=mm&r=g\",\"contentUrl\":\"https:\/\/secure.gravatar.com\/avatar\/d5ad3cf7ef3b23a2bb5be73be780c86b2fc8545c3ad6b149f3913ff458c00099?s=96&d=mm&r=g\",\"caption\":\"admin\"},\"sameAs\":[\"https:\/\/www.fraczinet.cl\/sitio\"]}]}<\/script>\n<!-- \/ Yoast SEO plugin. -->","yoast_head_json":{"title":"Llamado A Sobrevivientes De Villa Grimaldi - Construcci\u00f3n De La Lista De Sobrevivientes - Nuestro Bio B\u00edo","robots":{"index":"index","follow":"follow","max-snippet":"max-snippet:-1","max-image-preview":"max-image-preview:large","max-video-preview":"max-video-preview:-1"},"canonical":"https:\/\/www.fraczinet.cl\/sitio\/2013\/03\/20\/llamado-a-sobrevivientes-de-villa-grimaldi-construccion-de-la-lista-de-sobrevivientes\/","og_locale":"es_ES","og_type":"article","og_title":"Llamado A Sobrevivientes De Villa Grimaldi - Construcci\u00f3n De La Lista De Sobrevivientes - Nuestro Bio B\u00edo","og_description":"Les escribimos para comunicarle que el catastro de los sobrevivientes de Villa Grimaldi se est\u00e1 construyendo,&nbsp; y la publicaci\u00f3n de la lista inicial en el sitio web, ser\u00e1&nbsp; lanzada el d\u00eda Viernes 22 de Marzo 2013 en el Parque por La Paz Villa Grimaldi, Jos\u00e9 Arrieta 8401, Pe\u00f1alol\u00e9n, Santiago a las aproximadamente 7.45pm. Villa Grimaldi [&hellip;]","og_url":"https:\/\/www.fraczinet.cl\/sitio\/2013\/03\/20\/llamado-a-sobrevivientes-de-villa-grimaldi-construccion-de-la-lista-de-sobrevivientes\/","og_site_name":"Nuestro Bio B\u00edo","article_published_time":"2013-03-20T00:19:00+00:00","og_image":[{"width":159,"height":79,"url":"https:\/\/www.fraczinet.cl\/sitio\/wp-content\/uploads\/2021\/07\/bannerlogo-1.gif","type":"image\/gif"}],"author":"admin","twitter_card":"summary_large_image","twitter_creator":"@nuestrobiobio","twitter_site":"@nuestrobiobio","twitter_misc":{"Escrito por":"admin","Tiempo de lectura":"3 minutos"},"schema":{"@context":"https:\/\/schema.org","@graph":[{"@type":"Article","@id":"https:\/\/www.fraczinet.cl\/sitio\/2013\/03\/20\/llamado-a-sobrevivientes-de-villa-grimaldi-construccion-de-la-lista-de-sobrevivientes\/#article","isPartOf":{"@id":"https:\/\/www.fraczinet.cl\/sitio\/2013\/03\/20\/llamado-a-sobrevivientes-de-villa-grimaldi-construccion-de-la-lista-de-sobrevivientes\/"},"author":{"name":"admin","@id":"https:\/\/www.fraczinet.cl\/sitio\/#\/schema\/person\/bc30f98e9cb10ae7e119dbe14bc93784"},"headline":"Llamado A Sobrevivientes De Villa Grimaldi &#8211; Construcci\u00f3n De La Lista De Sobrevivientes","datePublished":"2013-03-20T00:19:00+00:00","mainEntityOfPage":{"@id":"https:\/\/www.fraczinet.cl\/sitio\/2013\/03\/20\/llamado-a-sobrevivientes-de-villa-grimaldi-construccion-de-la-lista-de-sobrevivientes\/"},"wordCount":517,"commentCount":0,"publisher":{"@id":"https:\/\/www.fraczinet.cl\/sitio\/#\/schema\/person\/aec8ee4da68df2b9b0eefdad24a0d582"},"articleSection":["DDHH"],"inLanguage":"es","potentialAction":[{"@type":"CommentAction","name":"Comment","target":["https:\/\/www.fraczinet.cl\/sitio\/2013\/03\/20\/llamado-a-sobrevivientes-de-villa-grimaldi-construccion-de-la-lista-de-sobrevivientes\/#respond"]}]},{"@type":"WebPage","@id":"https:\/\/www.fraczinet.cl\/sitio\/2013\/03\/20\/llamado-a-sobrevivientes-de-villa-grimaldi-construccion-de-la-lista-de-sobrevivientes\/","url":"https:\/\/www.fraczinet.cl\/sitio\/2013\/03\/20\/llamado-a-sobrevivientes-de-villa-grimaldi-construccion-de-la-lista-de-sobrevivientes\/","name":"Llamado A Sobrevivientes De Villa Grimaldi - Construcci\u00f3n De La Lista De Sobrevivientes - Nuestro Bio B\u00edo","isPartOf":{"@id":"https:\/\/www.fraczinet.cl\/sitio\/#website"},"datePublished":"2013-03-20T00:19:00+00:00","breadcrumb":{"@id":"https:\/\/www.fraczinet.cl\/sitio\/2013\/03\/20\/llamado-a-sobrevivientes-de-villa-grimaldi-construccion-de-la-lista-de-sobrevivientes\/#breadcrumb"},"inLanguage":"es","potentialAction":[{"@type":"ReadAction","target":["https:\/\/www.fraczinet.cl\/sitio\/2013\/03\/20\/llamado-a-sobrevivientes-de-villa-grimaldi-construccion-de-la-lista-de-sobrevivientes\/"]}]},{"@type":"BreadcrumbList","@id":"https:\/\/www.fraczinet.cl\/sitio\/2013\/03\/20\/llamado-a-sobrevivientes-de-villa-grimaldi-construccion-de-la-lista-de-sobrevivientes\/#breadcrumb","itemListElement":[{"@type":"ListItem","position":1,"name":"Portada","item":"https:\/\/www.fraczinet.cl\/sitio\/"},{"@type":"ListItem","position":2,"name":"Llamado A Sobrevivientes De Villa Grimaldi &#8211; Construcci\u00f3n De La Lista De Sobrevivientes"}]},{"@type":"WebSite","@id":"https:\/\/www.fraczinet.cl\/sitio\/#website","url":"https:\/\/www.fraczinet.cl\/sitio\/","name":"Nuestro Bio B\u00edo","description":"Tierra de Encuentros","publisher":{"@id":"https:\/\/www.fraczinet.cl\/sitio\/#\/schema\/person\/aec8ee4da68df2b9b0eefdad24a0d582"},"potentialAction":[{"@type":"SearchAction","target":{"@type":"EntryPoint","urlTemplate":"https:\/\/www.fraczinet.cl\/sitio\/?s={search_term_string}"},"query-input":{"@type":"PropertyValueSpecification","valueRequired":true,"valueName":"search_term_string"}}],"inLanguage":"es"},{"@type":["Person","Organization"],"@id":"https:\/\/www.fraczinet.cl\/sitio\/#\/schema\/person\/aec8ee4da68df2b9b0eefdad24a0d582","name":"Luis Fernando Fraczinet","image":{"@type":"ImageObject","inLanguage":"es","@id":"https:\/\/www.fraczinet.cl\/sitio\/#\/schema\/person\/image\/","url":"https:\/\/www.fraczinet.cl\/sitio\/wp-content\/uploads\/2021\/07\/bannerlogo-1.gif","contentUrl":"https:\/\/www.fraczinet.cl\/sitio\/wp-content\/uploads\/2021\/07\/bannerlogo-1.gif","width":159,"height":79,"caption":"Luis Fernando Fraczinet"},"logo":{"@id":"https:\/\/www.fraczinet.cl\/sitio\/#\/schema\/person\/image\/"},"sameAs":["https:\/\/www.fraczinet.cl\/sitio\/"]},{"@type":"Person","@id":"https:\/\/www.fraczinet.cl\/sitio\/#\/schema\/person\/bc30f98e9cb10ae7e119dbe14bc93784","name":"admin","image":{"@type":"ImageObject","inLanguage":"es","@id":"https:\/\/www.fraczinet.cl\/sitio\/#\/schema\/person\/image\/","url":"https:\/\/secure.gravatar.com\/avatar\/d5ad3cf7ef3b23a2bb5be73be780c86b2fc8545c3ad6b149f3913ff458c00099?s=96&d=mm&r=g","contentUrl":"https:\/\/secure.gravatar.com\/avatar\/d5ad3cf7ef3b23a2bb5be73be780c86b2fc8545c3ad6b149f3913ff458c00099?s=96&d=mm&r=g","caption":"admin"},"sameAs":["https:\/\/www.fraczinet.cl\/sitio"]}]}},"_links":{"self":[{"href":"https:\/\/www.fraczinet.cl\/sitio\/wp-json\/wp\/v2\/posts\/4268","targetHints":{"allow":["GET"]}}],"collection":[{"href":"https:\/\/www.fraczinet.cl\/sitio\/wp-json\/wp\/v2\/posts"}],"about":[{"href":"https:\/\/www.fraczinet.cl\/sitio\/wp-json\/wp\/v2\/types\/post"}],"author":[{"embeddable":true,"href":"https:\/\/www.fraczinet.cl\/sitio\/wp-json\/wp\/v2\/users\/1"}],"replies":[{"embeddable":true,"href":"https:\/\/www.fraczinet.cl\/sitio\/wp-json\/wp\/v2\/comments?post=4268"}],"version-history":[{"count":0,"href":"https:\/\/www.fraczinet.cl\/sitio\/wp-json\/wp\/v2\/posts\/4268\/revisions"}],"wp:attachment":[{"href":"https:\/\/www.fraczinet.cl\/sitio\/wp-json\/wp\/v2\/media?parent=4268"}],"wp:term":[{"taxonomy":"category","embeddable":true,"href":"https:\/\/www.fraczinet.cl\/sitio\/wp-json\/wp\/v2\/categories?post=4268"},{"taxonomy":"post_tag","embeddable":true,"href":"https:\/\/www.fraczinet.cl\/sitio\/wp-json\/wp\/v2\/tags?post=4268"}],"curies":[{"name":"wp","href":"https:\/\/api.w.org\/{rel}","templated":true}]}}