{"id":4269,"date":"2013-03-18T17:42:00","date_gmt":"2013-03-18T17:42:00","guid":{"rendered":"https:\/\/www.fraczinet.cl\/sitio\/2013\/03\/18\/no-al-teatro-pencopolitano-por-ingrid-odgers-toloza\/"},"modified":"2021-09-29T01:33:29","modified_gmt":"2021-09-29T01:33:29","slug":"no-al-teatro-pencopolitano-por-ingrid-odgers-toloza","status":"publish","type":"post","link":"https:\/\/www.fraczinet.cl\/sitio\/2013\/03\/18\/no-al-teatro-pencopolitano-por-ingrid-odgers-toloza\/","title":{"rendered":"No Al Teatro Pencopolitano&#8230; Por Ingrid Odgers Toloza"},"content":{"rendered":"<div style=\"text-align: justify;\"><strong>Un breve an\u00e1lisis:<\/strong><\/div>\n<div style=\"text-align: justify;\"><\/div>\n<div style=\"text-align: justify;\">Cuando  el CNCA hizo el llamado para el dise\u00f1o arquitect\u00f3nico del \u00abTeatro  Regional\u00bb proyect\u00f3 un costo de 9.000 millones de pesos, con un aporte  fijo e inamovible de ese organismo del 20%, es decir, unos 1.800  millones de pesos.<\/div>\n<div style=\"text-align: justify;\"><\/div>\n<div style=\"text-align: justify;\"><strong>Y el 80%  restante debe aportarlo la Regi\u00f3n del Biob\u00edo, a trav\u00e9s de los recursos  del Fondo Nacional de Desarrollo Regional (FNDR) que representan el 8%  de los dineros locales de libre disposici\u00f3n que para el 2013 bordean los  118 mil millones de pesos.<\/strong><\/div>\n<div style=\"text-align: justify;\"><\/div>\n<div style=\"text-align: justify;\">Cuando  el arquitecto creador del dise\u00f1o hiciera llegar un \u00faltimo informe  t\u00e9cnico a la Direcci\u00f3n de Arquitectura de la seremi de Obras P\u00fablicas de  la Regi\u00f3n del Bio B\u00edo, inform\u00f3 que el proyecto no cuesta 9.000 millones  de pesos como lo estim\u00f3 el CNCA, cuando llam\u00f3 a licitaci\u00f3n para el  concurso arquitect\u00f3nico, <strong>sino que su costo real es de 14.000 millones.<\/strong><\/div>\n<div style=\"text-align: justify;\"><\/div>\n<div style=\"text-align: justify;\">Si se confirma la cifra por sobre los 14.000 millones de pesos se le estar\u00eda imponiendo una carga presupuestaria cercana al 90% <span style=\"text-decoration: underline;\">del costo total a la Regi\u00f3n<\/span>, a lo que se suman los recursos para mantenci\u00f3n.<\/div>\n<div style=\"text-align: justify;\">V\u00edctor  Valenzuela, consejero se\u00f1ala que destinar del FNDR ese nivel de  recursos \u201craya en la locura\u201d, considerando que hay importantes bolsones  de pobreza, carencia de infraestructura b\u00e1sica, social, de salud,  educacional y sanitaria.<\/div>\n<div style=\"text-align: justify;\"><\/div>\n<div style=\"text-align: justify;\">Marcelo Ch\u00e1vez consejero manifest\u00f3 en el 2012: <strong><em>\u201cNo  es justo ni equilibrado tener que destinar tantos recursos locales&nbsp;  prioritarios para algunas de las 54 comunas con las mayores necesidades  sociales\u201d.<\/em><\/strong><\/div>\n<div style=\"text-align: justify;\"><\/div>\n<div style=\"text-align: justify;\">El intendente V\u00edctor Lobos expres\u00f3: \u201cEl Presidente Sebasti\u00e1n Pi\u00f1era directamente me dio la instrucci\u00f3n <strong>de construirle un Teatro Regional a Juan Eduardo King<\/strong>, lo antes posible\u201d, porque es SU SUE\u00d1O.<\/div>\n<div style=\"text-align: justify;\"><\/div>\n<div style=\"text-align: justify;\"><strong>Vamos&nbsp; a ver: S<\/strong>e  supone que las entidades gubernamentales tienen que realizar los sue\u00f1os  de la gente no los personales y ajustarse a los recursos para no  desestabilizar a toda una regi\u00f3n.<\/div>\n<div style=\"text-align: justify;\"><\/div>\n<div style=\"text-align: justify;\">Me atrevo a decir que los trabajadores del arte y la cultura <strong>con mucho menos recursos<\/strong> pueden desarrollar su labor en tranquilidad y respeto. Los trabajadores  del arte y la cultura no quieren lesionar a las comunas m\u00e1s pobres de  la regi\u00f3n. Tienen conciencia social y compromiso. Existen muchos y  muchas que no se rigen por caprichos de algunas autoridades.<\/div>\n<div style=\"text-align: justify;\"><\/div>\n<div style=\"text-align: justify;\">Las  necesidades fundamentales son la creaci\u00f3n de espacios para los artistas  para mostrar sus obras, equipamiento para crear, editar, dise\u00f1ar y  difundir sus trabajos a nivel nacional e internacional. Un equipo asesor  en producci\u00f3n y marketing que abra nuevos horizontes para el desarrollo  art\u00edstico y cultural local, que sea objetivo en la selecci\u00f3n de obras  actuales y no se base en amiguismo o conveniencia. Es decir necesitamos  un equipo transparente que tenga pasi\u00f3n por el trabajo art\u00edstico local,  respeto por las obras y sepa encauzar a los creadores para la obtenci\u00f3n  de recursos para enfrentar la vida cotidiana y crear sin zozobras. Es  indispensable que las artes se incluyan en el curriculum escolar para la  formaci\u00f3n de audiencias. Esto es YA, \u00a1\u00a1AHORA!!<\/div>\n<div style=\"text-align: justify;\"><\/div>\n<div style=\"text-align: justify;\">Lo  otro indispensable son espacios para la realizaci\u00f3n de escuelas de arte  y cultura, las salas para exposici\u00f3n de libros editados en la regi\u00f3n,  sin exclusi\u00f3n de personas.<\/div>\n<div style=\"text-align: justify;\"><\/div>\n<div style=\"text-align: justify;\">Ojal\u00e1 que  las autoridades tengan en alg\u00fan momento una ampolleta que les ilumine y  se informen m\u00e1s de arte y cultura y desechen deseos ego\u00edstas y  pretenciosos, ya sabemos que desconocen nuestra realidad, el esfuerzo o  la carencia de hacer arte en Chile. Esa es nuestra impotencia, dolor y  furia, que en estas breves l\u00edneas mostramos sin temor sabiendo que somos  libres para elegir y decidir lo que deseamos. <span style=\"text-decoration: underline;\">Nadie  puede arrogarse el derecho de decidir lo que necesitan los creadores,  los trabajadores del arte y la cultura de la regi\u00f3n del Bio Bio<\/span>.  Debiera haber un cabildo, una convocatoria a los artistas en todas las  comunas, en toda la regi\u00f3n para decidir mediante votaci\u00f3n nuestras  necesidades, no pueden decidir qui\u00e9nes desconocen la labor art\u00edstica.  \u00a1\u00a1NO!!<\/div>\n<div style=\"text-align: justify;\"><\/div>\n<div style=\"text-align: justify;\">Requerimos espacios disponibles para todos y en forma gratuita acorde a <strong>nuestras necesidades de creaci\u00f3n.<\/strong><\/div>\n<div style=\"text-align: justify;\"><\/div>\n<div style=\"text-align: justify;\">\u00bfDe qu\u00e9 nos sirven dise\u00f1os&nbsp; espaciales, fr\u00edos y onerosos?<\/div>\n<div style=\"text-align: justify;\">\u00bfPara darle trabajo a artistas extranjeros?<\/div>\n<div style=\"text-align: justify;\">\u00bfPara darle escenario a la \u00e9lite penquista?<\/div>\n<div style=\"text-align: justify;\">\u00bfPara seguir blindando el trabajo de los mismos de siempre?<\/div>\n<div style=\"text-align: justify;\"><\/div>\n<div style=\"text-align: justify;\">Ingrid Odgers Toloza<\/div>\n<div style=\"text-align: justify;\">Poetisa, Novelista y Gestora Cultural<\/div>\n<p>Regi\u00f3n del Bio B\u00edo<\/p>\n","protected":false},"excerpt":{"rendered":"<p>Un breve an\u00e1lisis: Cuando el CNCA hizo el llamado para el dise\u00f1o arquitect\u00f3nico del \u00abTeatro Regional\u00bb proyect\u00f3 un costo de 9.000 millones de pesos, con un aporte fijo e inamovible de ese organismo del 20%, es decir, unos 1.800 millones de pesos. Y el 80% restante debe aportarlo la Regi\u00f3n del Biob\u00edo, a trav\u00e9s de [&hellip;]<\/p>\n","protected":false},"author":1,"featured_media":0,"comment_status":"open","ping_status":"open","sticky":false,"template":"","format":"standard","meta":{"footnotes":""},"categories":[149,112],"tags":[],"class_list":["post-4269","post","type-post","status-publish","format-standard","hentry","category-ingrid-odgers","category-opinion"],"yoast_head":"<!-- This site is optimized with the Yoast SEO plugin v25.0 - https:\/\/yoast.com\/wordpress\/plugins\/seo\/ -->\n<title>No Al Teatro Pencopolitano... Por Ingrid Odgers Toloza - Nuestro Bio B\u00edo<\/title>\n<meta name=\"robots\" content=\"index, follow, max-snippet:-1, max-image-preview:large, max-video-preview:-1\" \/>\n<link rel=\"canonical\" href=\"https:\/\/www.fraczinet.cl\/sitio\/2013\/03\/18\/no-al-teatro-pencopolitano-por-ingrid-odgers-toloza\/\" \/>\n<meta property=\"og:locale\" content=\"es_ES\" \/>\n<meta property=\"og:type\" content=\"article\" \/>\n<meta property=\"og:title\" content=\"No Al Teatro Pencopolitano... Por Ingrid Odgers Toloza - Nuestro Bio B\u00edo\" \/>\n<meta property=\"og:description\" content=\"Un breve an\u00e1lisis: Cuando el CNCA hizo el llamado para el dise\u00f1o arquitect\u00f3nico del \u00abTeatro Regional\u00bb proyect\u00f3 un costo de 9.000 millones de pesos, con un aporte fijo e inamovible de ese organismo del 20%, es decir, unos 1.800 millones de pesos. Y el 80% restante debe aportarlo la Regi\u00f3n del Biob\u00edo, a trav\u00e9s de [&hellip;]\" \/>\n<meta property=\"og:url\" content=\"https:\/\/www.fraczinet.cl\/sitio\/2013\/03\/18\/no-al-teatro-pencopolitano-por-ingrid-odgers-toloza\/\" \/>\n<meta property=\"og:site_name\" content=\"Nuestro Bio B\u00edo\" \/>\n<meta property=\"article:published_time\" content=\"2013-03-18T17:42:00+00:00\" \/>\n<meta property=\"article:modified_time\" content=\"2021-09-29T01:33:29+00:00\" \/>\n<meta property=\"og:image\" content=\"https:\/\/www.fraczinet.cl\/sitio\/wp-content\/uploads\/2021\/07\/bannerlogo-1.gif\" \/>\n\t<meta property=\"og:image:width\" content=\"159\" \/>\n\t<meta property=\"og:image:height\" content=\"79\" \/>\n\t<meta property=\"og:image:type\" content=\"image\/gif\" \/>\n<meta name=\"author\" content=\"admin\" \/>\n<meta name=\"twitter:card\" content=\"summary_large_image\" \/>\n<meta name=\"twitter:creator\" content=\"@nuestrobiobio\" \/>\n<meta name=\"twitter:site\" content=\"@nuestrobiobio\" \/>\n<meta name=\"twitter:label1\" content=\"Escrito por\" \/>\n\t<meta name=\"twitter:data1\" content=\"admin\" \/>\n\t<meta name=\"twitter:label2\" content=\"Tiempo de lectura\" \/>\n\t<meta name=\"twitter:data2\" content=\"4 minutos\" \/>\n<script type=\"application\/ld+json\" class=\"yoast-schema-graph\">{\"@context\":\"https:\/\/schema.org\",\"@graph\":[{\"@type\":\"Article\",\"@id\":\"https:\/\/www.fraczinet.cl\/sitio\/2013\/03\/18\/no-al-teatro-pencopolitano-por-ingrid-odgers-toloza\/#article\",\"isPartOf\":{\"@id\":\"https:\/\/www.fraczinet.cl\/sitio\/2013\/03\/18\/no-al-teatro-pencopolitano-por-ingrid-odgers-toloza\/\"},\"author\":{\"name\":\"admin\",\"@id\":\"https:\/\/www.fraczinet.cl\/sitio\/#\/schema\/person\/bc30f98e9cb10ae7e119dbe14bc93784\"},\"headline\":\"No Al Teatro Pencopolitano&#8230; Por Ingrid Odgers Toloza\",\"datePublished\":\"2013-03-18T17:42:00+00:00\",\"dateModified\":\"2021-09-29T01:33:29+00:00\",\"mainEntityOfPage\":{\"@id\":\"https:\/\/www.fraczinet.cl\/sitio\/2013\/03\/18\/no-al-teatro-pencopolitano-por-ingrid-odgers-toloza\/\"},\"wordCount\":760,\"commentCount\":0,\"publisher\":{\"@id\":\"https:\/\/www.fraczinet.cl\/sitio\/#\/schema\/person\/aec8ee4da68df2b9b0eefdad24a0d582\"},\"articleSection\":[\"Ingrid Odgers\",\"Opini\u00f3n\"],\"inLanguage\":\"es\",\"potentialAction\":[{\"@type\":\"CommentAction\",\"name\":\"Comment\",\"target\":[\"https:\/\/www.fraczinet.cl\/sitio\/2013\/03\/18\/no-al-teatro-pencopolitano-por-ingrid-odgers-toloza\/#respond\"]}]},{\"@type\":\"WebPage\",\"@id\":\"https:\/\/www.fraczinet.cl\/sitio\/2013\/03\/18\/no-al-teatro-pencopolitano-por-ingrid-odgers-toloza\/\",\"url\":\"https:\/\/www.fraczinet.cl\/sitio\/2013\/03\/18\/no-al-teatro-pencopolitano-por-ingrid-odgers-toloza\/\",\"name\":\"No Al Teatro Pencopolitano... Por Ingrid Odgers Toloza - Nuestro Bio B\u00edo\",\"isPartOf\":{\"@id\":\"https:\/\/www.fraczinet.cl\/sitio\/#website\"},\"datePublished\":\"2013-03-18T17:42:00+00:00\",\"dateModified\":\"2021-09-29T01:33:29+00:00\",\"breadcrumb\":{\"@id\":\"https:\/\/www.fraczinet.cl\/sitio\/2013\/03\/18\/no-al-teatro-pencopolitano-por-ingrid-odgers-toloza\/#breadcrumb\"},\"inLanguage\":\"es\",\"potentialAction\":[{\"@type\":\"ReadAction\",\"target\":[\"https:\/\/www.fraczinet.cl\/sitio\/2013\/03\/18\/no-al-teatro-pencopolitano-por-ingrid-odgers-toloza\/\"]}]},{\"@type\":\"BreadcrumbList\",\"@id\":\"https:\/\/www.fraczinet.cl\/sitio\/2013\/03\/18\/no-al-teatro-pencopolitano-por-ingrid-odgers-toloza\/#breadcrumb\",\"itemListElement\":[{\"@type\":\"ListItem\",\"position\":1,\"name\":\"Portada\",\"item\":\"https:\/\/www.fraczinet.cl\/sitio\/\"},{\"@type\":\"ListItem\",\"position\":2,\"name\":\"No Al Teatro Pencopolitano&#8230; Por Ingrid Odgers Toloza\"}]},{\"@type\":\"WebSite\",\"@id\":\"https:\/\/www.fraczinet.cl\/sitio\/#website\",\"url\":\"https:\/\/www.fraczinet.cl\/sitio\/\",\"name\":\"Nuestro Bio B\u00edo\",\"description\":\"Tierra de Encuentros\",\"publisher\":{\"@id\":\"https:\/\/www.fraczinet.cl\/sitio\/#\/schema\/person\/aec8ee4da68df2b9b0eefdad24a0d582\"},\"potentialAction\":[{\"@type\":\"SearchAction\",\"target\":{\"@type\":\"EntryPoint\",\"urlTemplate\":\"https:\/\/www.fraczinet.cl\/sitio\/?s={search_term_string}\"},\"query-input\":{\"@type\":\"PropertyValueSpecification\",\"valueRequired\":true,\"valueName\":\"search_term_string\"}}],\"inLanguage\":\"es\"},{\"@type\":[\"Person\",\"Organization\"],\"@id\":\"https:\/\/www.fraczinet.cl\/sitio\/#\/schema\/person\/aec8ee4da68df2b9b0eefdad24a0d582\",\"name\":\"Luis Fernando Fraczinet\",\"image\":{\"@type\":\"ImageObject\",\"inLanguage\":\"es\",\"@id\":\"https:\/\/www.fraczinet.cl\/sitio\/#\/schema\/person\/image\/\",\"url\":\"https:\/\/www.fraczinet.cl\/sitio\/wp-content\/uploads\/2021\/07\/bannerlogo-1.gif\",\"contentUrl\":\"https:\/\/www.fraczinet.cl\/sitio\/wp-content\/uploads\/2021\/07\/bannerlogo-1.gif\",\"width\":159,\"height\":79,\"caption\":\"Luis Fernando Fraczinet\"},\"logo\":{\"@id\":\"https:\/\/www.fraczinet.cl\/sitio\/#\/schema\/person\/image\/\"},\"sameAs\":[\"https:\/\/www.fraczinet.cl\/sitio\/\"]},{\"@type\":\"Person\",\"@id\":\"https:\/\/www.fraczinet.cl\/sitio\/#\/schema\/person\/bc30f98e9cb10ae7e119dbe14bc93784\",\"name\":\"admin\",\"image\":{\"@type\":\"ImageObject\",\"inLanguage\":\"es\",\"@id\":\"https:\/\/www.fraczinet.cl\/sitio\/#\/schema\/person\/image\/\",\"url\":\"https:\/\/secure.gravatar.com\/avatar\/d5ad3cf7ef3b23a2bb5be73be780c86b2fc8545c3ad6b149f3913ff458c00099?s=96&d=mm&r=g\",\"contentUrl\":\"https:\/\/secure.gravatar.com\/avatar\/d5ad3cf7ef3b23a2bb5be73be780c86b2fc8545c3ad6b149f3913ff458c00099?s=96&d=mm&r=g\",\"caption\":\"admin\"},\"sameAs\":[\"https:\/\/www.fraczinet.cl\/sitio\"]}]}<\/script>\n<!-- \/ Yoast SEO plugin. -->","yoast_head_json":{"title":"No Al Teatro Pencopolitano... Por Ingrid Odgers Toloza - Nuestro Bio B\u00edo","robots":{"index":"index","follow":"follow","max-snippet":"max-snippet:-1","max-image-preview":"max-image-preview:large","max-video-preview":"max-video-preview:-1"},"canonical":"https:\/\/www.fraczinet.cl\/sitio\/2013\/03\/18\/no-al-teatro-pencopolitano-por-ingrid-odgers-toloza\/","og_locale":"es_ES","og_type":"article","og_title":"No Al Teatro Pencopolitano... Por Ingrid Odgers Toloza - Nuestro Bio B\u00edo","og_description":"Un breve an\u00e1lisis: Cuando el CNCA hizo el llamado para el dise\u00f1o arquitect\u00f3nico del \u00abTeatro Regional\u00bb proyect\u00f3 un costo de 9.000 millones de pesos, con un aporte fijo e inamovible de ese organismo del 20%, es decir, unos 1.800 millones de pesos. Y el 80% restante debe aportarlo la Regi\u00f3n del Biob\u00edo, a trav\u00e9s de [&hellip;]","og_url":"https:\/\/www.fraczinet.cl\/sitio\/2013\/03\/18\/no-al-teatro-pencopolitano-por-ingrid-odgers-toloza\/","og_site_name":"Nuestro Bio B\u00edo","article_published_time":"2013-03-18T17:42:00+00:00","article_modified_time":"2021-09-29T01:33:29+00:00","og_image":[{"width":159,"height":79,"url":"https:\/\/www.fraczinet.cl\/sitio\/wp-content\/uploads\/2021\/07\/bannerlogo-1.gif","type":"image\/gif"}],"author":"admin","twitter_card":"summary_large_image","twitter_creator":"@nuestrobiobio","twitter_site":"@nuestrobiobio","twitter_misc":{"Escrito por":"admin","Tiempo de lectura":"4 minutos"},"schema":{"@context":"https:\/\/schema.org","@graph":[{"@type":"Article","@id":"https:\/\/www.fraczinet.cl\/sitio\/2013\/03\/18\/no-al-teatro-pencopolitano-por-ingrid-odgers-toloza\/#article","isPartOf":{"@id":"https:\/\/www.fraczinet.cl\/sitio\/2013\/03\/18\/no-al-teatro-pencopolitano-por-ingrid-odgers-toloza\/"},"author":{"name":"admin","@id":"https:\/\/www.fraczinet.cl\/sitio\/#\/schema\/person\/bc30f98e9cb10ae7e119dbe14bc93784"},"headline":"No Al Teatro Pencopolitano&#8230; Por Ingrid Odgers Toloza","datePublished":"2013-03-18T17:42:00+00:00","dateModified":"2021-09-29T01:33:29+00:00","mainEntityOfPage":{"@id":"https:\/\/www.fraczinet.cl\/sitio\/2013\/03\/18\/no-al-teatro-pencopolitano-por-ingrid-odgers-toloza\/"},"wordCount":760,"commentCount":0,"publisher":{"@id":"https:\/\/www.fraczinet.cl\/sitio\/#\/schema\/person\/aec8ee4da68df2b9b0eefdad24a0d582"},"articleSection":["Ingrid Odgers","Opini\u00f3n"],"inLanguage":"es","potentialAction":[{"@type":"CommentAction","name":"Comment","target":["https:\/\/www.fraczinet.cl\/sitio\/2013\/03\/18\/no-al-teatro-pencopolitano-por-ingrid-odgers-toloza\/#respond"]}]},{"@type":"WebPage","@id":"https:\/\/www.fraczinet.cl\/sitio\/2013\/03\/18\/no-al-teatro-pencopolitano-por-ingrid-odgers-toloza\/","url":"https:\/\/www.fraczinet.cl\/sitio\/2013\/03\/18\/no-al-teatro-pencopolitano-por-ingrid-odgers-toloza\/","name":"No Al Teatro Pencopolitano... Por Ingrid Odgers Toloza - Nuestro Bio B\u00edo","isPartOf":{"@id":"https:\/\/www.fraczinet.cl\/sitio\/#website"},"datePublished":"2013-03-18T17:42:00+00:00","dateModified":"2021-09-29T01:33:29+00:00","breadcrumb":{"@id":"https:\/\/www.fraczinet.cl\/sitio\/2013\/03\/18\/no-al-teatro-pencopolitano-por-ingrid-odgers-toloza\/#breadcrumb"},"inLanguage":"es","potentialAction":[{"@type":"ReadAction","target":["https:\/\/www.fraczinet.cl\/sitio\/2013\/03\/18\/no-al-teatro-pencopolitano-por-ingrid-odgers-toloza\/"]}]},{"@type":"BreadcrumbList","@id":"https:\/\/www.fraczinet.cl\/sitio\/2013\/03\/18\/no-al-teatro-pencopolitano-por-ingrid-odgers-toloza\/#breadcrumb","itemListElement":[{"@type":"ListItem","position":1,"name":"Portada","item":"https:\/\/www.fraczinet.cl\/sitio\/"},{"@type":"ListItem","position":2,"name":"No Al Teatro Pencopolitano&#8230; Por Ingrid Odgers Toloza"}]},{"@type":"WebSite","@id":"https:\/\/www.fraczinet.cl\/sitio\/#website","url":"https:\/\/www.fraczinet.cl\/sitio\/","name":"Nuestro Bio B\u00edo","description":"Tierra de Encuentros","publisher":{"@id":"https:\/\/www.fraczinet.cl\/sitio\/#\/schema\/person\/aec8ee4da68df2b9b0eefdad24a0d582"},"potentialAction":[{"@type":"SearchAction","target":{"@type":"EntryPoint","urlTemplate":"https:\/\/www.fraczinet.cl\/sitio\/?s={search_term_string}"},"query-input":{"@type":"PropertyValueSpecification","valueRequired":true,"valueName":"search_term_string"}}],"inLanguage":"es"},{"@type":["Person","Organization"],"@id":"https:\/\/www.fraczinet.cl\/sitio\/#\/schema\/person\/aec8ee4da68df2b9b0eefdad24a0d582","name":"Luis Fernando Fraczinet","image":{"@type":"ImageObject","inLanguage":"es","@id":"https:\/\/www.fraczinet.cl\/sitio\/#\/schema\/person\/image\/","url":"https:\/\/www.fraczinet.cl\/sitio\/wp-content\/uploads\/2021\/07\/bannerlogo-1.gif","contentUrl":"https:\/\/www.fraczinet.cl\/sitio\/wp-content\/uploads\/2021\/07\/bannerlogo-1.gif","width":159,"height":79,"caption":"Luis Fernando Fraczinet"},"logo":{"@id":"https:\/\/www.fraczinet.cl\/sitio\/#\/schema\/person\/image\/"},"sameAs":["https:\/\/www.fraczinet.cl\/sitio\/"]},{"@type":"Person","@id":"https:\/\/www.fraczinet.cl\/sitio\/#\/schema\/person\/bc30f98e9cb10ae7e119dbe14bc93784","name":"admin","image":{"@type":"ImageObject","inLanguage":"es","@id":"https:\/\/www.fraczinet.cl\/sitio\/#\/schema\/person\/image\/","url":"https:\/\/secure.gravatar.com\/avatar\/d5ad3cf7ef3b23a2bb5be73be780c86b2fc8545c3ad6b149f3913ff458c00099?s=96&d=mm&r=g","contentUrl":"https:\/\/secure.gravatar.com\/avatar\/d5ad3cf7ef3b23a2bb5be73be780c86b2fc8545c3ad6b149f3913ff458c00099?s=96&d=mm&r=g","caption":"admin"},"sameAs":["https:\/\/www.fraczinet.cl\/sitio"]}]}},"_links":{"self":[{"href":"https:\/\/www.fraczinet.cl\/sitio\/wp-json\/wp\/v2\/posts\/4269","targetHints":{"allow":["GET"]}}],"collection":[{"href":"https:\/\/www.fraczinet.cl\/sitio\/wp-json\/wp\/v2\/posts"}],"about":[{"href":"https:\/\/www.fraczinet.cl\/sitio\/wp-json\/wp\/v2\/types\/post"}],"author":[{"embeddable":true,"href":"https:\/\/www.fraczinet.cl\/sitio\/wp-json\/wp\/v2\/users\/1"}],"replies":[{"embeddable":true,"href":"https:\/\/www.fraczinet.cl\/sitio\/wp-json\/wp\/v2\/comments?post=4269"}],"version-history":[{"count":1,"href":"https:\/\/www.fraczinet.cl\/sitio\/wp-json\/wp\/v2\/posts\/4269\/revisions"}],"predecessor-version":[{"id":7227,"href":"https:\/\/www.fraczinet.cl\/sitio\/wp-json\/wp\/v2\/posts\/4269\/revisions\/7227"}],"wp:attachment":[{"href":"https:\/\/www.fraczinet.cl\/sitio\/wp-json\/wp\/v2\/media?parent=4269"}],"wp:term":[{"taxonomy":"category","embeddable":true,"href":"https:\/\/www.fraczinet.cl\/sitio\/wp-json\/wp\/v2\/categories?post=4269"},{"taxonomy":"post_tag","embeddable":true,"href":"https:\/\/www.fraczinet.cl\/sitio\/wp-json\/wp\/v2\/tags?post=4269"}],"curies":[{"name":"wp","href":"https:\/\/api.w.org\/{rel}","templated":true}]}}