{"id":4272,"date":"2013-03-15T19:22:00","date_gmt":"2013-03-15T19:22:00","guid":{"rendered":"https:\/\/www.fraczinet.cl\/sitio\/2013\/03\/15\/noalpencopolitano-asi-de-corta\/"},"modified":"2022-10-30T14:24:23","modified_gmt":"2022-10-30T14:24:23","slug":"noalpencopolitano-asi-de-corta","status":"publish","type":"post","link":"https:\/\/www.fraczinet.cl\/sitio\/2013\/03\/15\/noalpencopolitano-asi-de-corta\/","title":{"rendered":"#NoAlPencopolitano&#8230; As\u00ed De Corta"},"content":{"rendered":"<p>Luis Fraczinet \u200f@nuestrobiobio<br \/>\n#NoalPencopolitano Porque se va a llenar de cocteles y a ninguno de ellos me van a invitar. Sorry el caviar me da urticaria.<br \/>\nLuis Fraczinet \u200f@nuestrobiobio<br \/>\n#NoalPencopolitano Porque no es m\u00e1s que una \u00abbandera\u00bb a levantar ante la incapacidad de articular regionalmente un mundo de la cultura.<br \/>\nLuis Fraczinet \u200f@nuestrobiobio<br \/>\n#NoalPencopolitano Porque traer \u00abGrandes Espect\u00e1culos\u00bb a Concepci\u00f3n no es Desarrollo Social&#8230; \u00abRegional\u00bb.<br \/>\nLuis Fraczinet \u200f@nuestrobiobio<br \/>\n#NoalPencopolitano Porque fue un proyecto parte con los caballos detr\u00e1s de la carreta y qued\u00f3 claro que el objetivo no es CULTURAL.<br \/>\nLuis Fraczinet \u200f@nuestrobiobio<br \/>\n#NoalPencopolitano Porque los directores de la Corporaci\u00f3n fueron designados a dedo. Y los CORE\u00b4s se bajaron los pantalones y aprobaron.<br \/>\nLuis Fraczinet \u200f@nuestrobiobio<br \/>\n#NoalPencopolitano Porque la pol\u00edtica de cultura a espacios cerrados crea sociedades mentalmente funcionales al sistema.<br \/>\nLuis Fraczinet \u200f@nuestrobiobio<br \/>\n#NoalPencopolitano Porque en el CORE solo hablan de ciudades y no de pol\u00edtica cultural. La infraestructura NO ES POL\u00cdTICA ES HERRAMIENTA<br \/>\nLuis Fraczinet \u200f@nuestrobiobio<br \/>\n#NoalPencopolitano Porque ning\u00fan CORE ha tenido la valent\u00eda de enfrentarse al gobierno. Bueno, ahora si, pero es pq buscan \u00abcompensaciones\u00bb<br \/>\nLuis Fraczinet \u200f@nuestrobiobio<br \/>\n#NoalPencopolitano Porque los \u00fanicos convocados a realizar el Plan de Gesti\u00f3n fueron artistas de Concepci\u00f3n&#8230; \u00bfY a la Regi\u00f3n?<br \/>\nLuis Fraczinet \u200f@nuestrobiobio<br \/>\n#NoalPencopolitano Porque es una promesa de Pi\u00f1era a King&#8230; y no de una Pol\u00edtica de Estado a la Naci\u00f3n.<br \/>\nLuis Fraczinet \u200f@nuestrobiobio<br \/>\n#NoalPencopolitano Porque nunca aceptaron Nuestra Propuesta Arquitect\u00f3nica Para El Pencopolitano<br \/>\nLuis Fraczinet \u200f@nuestrobiobio<br \/>\n#NoalPencopolitano Porque la Cultura d la Entrada Liberada someti\u00f3 el Desarrollo Cultural a \u00abEventos\u00bb.El Pencopolitano es 1 Evento d Eventos<br \/>\nLuis Fraczinet \u200f@nuestrobiobio<br \/>\nYa Est\u00e1n A La Venta Las Butacas Para El Nuevo Gallinero (Teatro) De Concepci\u00f3n \u2026 #NoalPencopolitano<br \/>\nLuis Fraczinet \u200f@nuestrobiobio<br \/>\nConsejo Regional de la Cultura nunca hizo un esfuerzo por levantar oficinas en Arauco y Bio B\u00edo. Escuchar trae problemas #NoalPencopolitano<br \/>\nLuis Fraczinet \u200f@nuestrobiobio<br \/>\nCondorito Artista En Lista De Espera Para El Teatro De Concepci\u00f3n\u00a0 \u2026 #NoalPencopolitano<br \/>\nLuis Fraczinet \u200f@nuestrobiobio<br \/>\n#NoalPencopolitano Nunca digo nada como consigna&#8230; Estos son mis argumentos<br \/>\nLuis Fraczinet \u200f@nuestrobiobio<br \/>\n#NoalPencopolitano Porque se convertir\u00e1 en un Centro de Eventos m\u00e1s&#8230; Esa pol\u00edtica del eventismo me tiene hasta la coronilla.<br \/>\nLuis Fraczinet \u200f@nuestrobiobio<br \/>\n#NoalPencopolitano Porque King no hizo el m\u00e1s m\u00ednimo esfuerzo por pensar en la Regi\u00f3n. Los programas q se ejecutan son los q estaban andando<br \/>\nLuis Fraczinet \u200f@nuestrobiobio<br \/>\n#NoalPencopolitano Porque no existe propuesta compensatoria de una Pol\u00edtica de Desarrollo Cultural para la Regi\u00f3n del Bio B\u00edo.<br \/>\nLuis Fraczinet \u200f@nuestrobiobio<br \/>\n#NoalPencopolitano Porque los que se beneficar\u00e1n son Privados: Alianza Francesa, CORCUDEC, Artistas del Acero, Balmaceda. Ups! Todos d Conce<br \/>\nLuis Fraczinet \u200f@nuestrobiobio<br \/>\n#NoalPencopolitano Porque el Consejo de la Cultura integrado por 7 miembros, solo UNO NO ES DE CONCEPCI\u00d3N. Ese es el apoyo ciudadano de King<br \/>\nLuis Fraczinet \u200f@nuestrobiobio<br \/>\n#NoalPencopolitano Porque de los 9 mil millones de pesos salt\u00f3 a 15 MIL MILLONES DE PESOS y nadie dijo nada. POL\u00cdTICOS SIN PANTALONES<br \/>\nLuis Fraczinet \u200f@nuestrobiobio<br \/>\n#NoalPencopolitano Porque no me despeino nadando contra la corriente.<br \/>\nLuis Fraczinet \u200f@nuestrobiobio<br \/>\n#NoalPencopolitano La sociabilizaci\u00f3n del plan de gesti\u00f3n fue realizada a puertas cerradas con sus propios c\u00edrculos y los personajes son siempre los mismos.<br \/>\nLuis Fraczinet \u200f@nuestrobiobio<br \/>\n(Voy por un caf\u00e9)<br \/>\nLuis Fraczinet \u200f@nuestrobiobio<br \/>\n#NoalPencopolitano Porque no hay generosidad en \u00abEl Ego\u00bb<br \/>\nLuis Fraczinet \u200f@nuestrobiobio<br \/>\n#NoalPencopolitano Porque nace de la instituci\u00f3n del Estado m\u00e1s centralista de la regi\u00f3n: El Consejo Regional de la Cultura<br \/>\nLuis Fraczinet \u200f@nuestrobiobio<br \/>\n#NoalPencopolitano Porque para Concepci\u00f3n es un \u00abBeneficio\u00bb y para la Regi\u00f3n un \u00abCompromiso\u00bb.<br \/>\nLuis Fraczinet \u200f@nuestrobiobio<br \/>\n#NoalPencopolitano Porque su principal justificaci\u00f3n es\u00bbSe trata de un proyecto muy ic\u00f3nico para la ciudad, esperado por a\u00f1os en Concepci\u00f3n\u00bb<br \/>\nLuis Fraczinet \u200f@nuestrobiobio<br \/>\n#NoalPencopolitano Porque su plan de gesti\u00f3n ser\u00e1 desarrollado por el mundo privado para la idea de Cultura del Mundo Privado.<br \/>\nLuis Fraczinet \u200f@nuestrobiobio<br \/>\n#NoalPencopolitano Porque es la obcesi\u00f3n de una sola persona que la pusieron en Cultura solo para sacar su gustito. Chao Regi\u00f3n del Bio B\u00efo<br \/>\nAbrir<br \/>\n1h Luis Fraczinet Luis Fraczinet \u200f@nuestrobiobio<br \/>\n#NoalPencopolitano porque nunca fue clamor de la comunidad. Adios Teatro Enrique Molina Garmendia.<br \/>\nLuis Fraczinet \u200f@nuestrobiobio<br \/>\n#NoalPencopolitano Porque es lujo de unos pocos a costa de 2 millones de Chilenos.<br \/>\nLuis Fraczinet \u200f@nuestrobiobio<br \/>\nVoy a crear un Movimiento de Masas Unipersonal que va a durar 2 horas. #NoalPencopolitano<\/p>\n","protected":false},"excerpt":{"rendered":"<p>Luis Fraczinet \u200f@nuestrobiobio #NoalPencopolitano Porque se va a llenar de cocteles y a ninguno de ellos me van a invitar. Sorry el caviar me da urticaria. Luis Fraczinet \u200f@nuestrobiobio #NoalPencopolitano Porque no es m\u00e1s que una \u00abbandera\u00bb a levantar ante la incapacidad de articular regionalmente un mundo de la cultura. Luis Fraczinet \u200f@nuestrobiobio #NoalPencopolitano Porque [&hellip;]<\/p>\n","protected":false},"author":1,"featured_media":10228,"comment_status":"open","ping_status":"open","sticky":false,"template":"","format":"standard","meta":{"footnotes":""},"categories":[116,386,112,67],"tags":[],"class_list":["post-4272","post","type-post","status-publish","format-standard","has-post-thumbnail","hentry","category-luis-fraczinet","category-luis-fraczinet-opinion","category-opinion","category-poesia"],"yoast_head":"<!-- This site is optimized with the Yoast SEO plugin v25.0 - https:\/\/yoast.com\/wordpress\/plugins\/seo\/ -->\n<title>#NoAlPencopolitano... As\u00ed De Corta - Nuestro Bio B\u00edo<\/title>\n<meta name=\"robots\" content=\"index, follow, max-snippet:-1, max-image-preview:large, max-video-preview:-1\" \/>\n<link rel=\"canonical\" href=\"https:\/\/www.fraczinet.cl\/sitio\/2013\/03\/15\/noalpencopolitano-asi-de-corta\/\" \/>\n<meta property=\"og:locale\" content=\"es_ES\" \/>\n<meta property=\"og:type\" content=\"article\" \/>\n<meta property=\"og:title\" content=\"#NoAlPencopolitano... As\u00ed De Corta - Nuestro Bio B\u00edo\" \/>\n<meta property=\"og:description\" content=\"Luis Fraczinet \u200f@nuestrobiobio #NoalPencopolitano Porque se va a llenar de cocteles y a ninguno de ellos me van a invitar. Sorry el caviar me da urticaria. Luis Fraczinet \u200f@nuestrobiobio #NoalPencopolitano Porque no es m\u00e1s que una \u00abbandera\u00bb a levantar ante la incapacidad de articular regionalmente un mundo de la cultura. Luis Fraczinet \u200f@nuestrobiobio #NoalPencopolitano Porque [&hellip;]\" \/>\n<meta property=\"og:url\" content=\"https:\/\/www.fraczinet.cl\/sitio\/2013\/03\/15\/noalpencopolitano-asi-de-corta\/\" \/>\n<meta property=\"og:site_name\" content=\"Nuestro Bio B\u00edo\" \/>\n<meta property=\"article:published_time\" content=\"2013-03-15T19:22:00+00:00\" \/>\n<meta property=\"article:modified_time\" content=\"2022-10-30T14:24:23+00:00\" \/>\n<meta property=\"og:image\" content=\"https:\/\/www.fraczinet.cl\/sitio\/wp-content\/uploads\/2011\/02\/Luis-Fraczinet-2.jpg\" \/>\n\t<meta property=\"og:image:width\" content=\"865\" \/>\n\t<meta property=\"og:image:height\" content=\"649\" \/>\n\t<meta property=\"og:image:type\" content=\"image\/jpeg\" \/>\n<meta name=\"author\" content=\"admin\" \/>\n<meta name=\"twitter:card\" content=\"summary_large_image\" \/>\n<meta name=\"twitter:creator\" content=\"@nuestrobiobio\" \/>\n<meta name=\"twitter:site\" content=\"@nuestrobiobio\" \/>\n<meta name=\"twitter:label1\" content=\"Escrito por\" \/>\n\t<meta name=\"twitter:data1\" content=\"admin\" \/>\n\t<meta name=\"twitter:label2\" content=\"Tiempo de lectura\" \/>\n\t<meta name=\"twitter:data2\" content=\"4 minutos\" \/>\n<script type=\"application\/ld+json\" class=\"yoast-schema-graph\">{\"@context\":\"https:\/\/schema.org\",\"@graph\":[{\"@type\":\"Article\",\"@id\":\"https:\/\/www.fraczinet.cl\/sitio\/2013\/03\/15\/noalpencopolitano-asi-de-corta\/#article\",\"isPartOf\":{\"@id\":\"https:\/\/www.fraczinet.cl\/sitio\/2013\/03\/15\/noalpencopolitano-asi-de-corta\/\"},\"author\":{\"name\":\"admin\",\"@id\":\"https:\/\/www.fraczinet.cl\/sitio\/#\/schema\/person\/bc30f98e9cb10ae7e119dbe14bc93784\"},\"headline\":\"#NoAlPencopolitano&#8230; As\u00ed De Corta\",\"datePublished\":\"2013-03-15T19:22:00+00:00\",\"dateModified\":\"2022-10-30T14:24:23+00:00\",\"mainEntityOfPage\":{\"@id\":\"https:\/\/www.fraczinet.cl\/sitio\/2013\/03\/15\/noalpencopolitano-asi-de-corta\/\"},\"wordCount\":744,\"commentCount\":0,\"publisher\":{\"@id\":\"https:\/\/www.fraczinet.cl\/sitio\/#\/schema\/person\/aec8ee4da68df2b9b0eefdad24a0d582\"},\"image\":{\"@id\":\"https:\/\/www.fraczinet.cl\/sitio\/2013\/03\/15\/noalpencopolitano-asi-de-corta\/#primaryimage\"},\"thumbnailUrl\":\"https:\/\/www.fraczinet.cl\/sitio\/wp-content\/uploads\/2011\/02\/Luis-Fraczinet-2.jpg\",\"articleSection\":[\"Luis Fraczinet\",\"Luis Fraczinet Opini\u00f3n\",\"Opini\u00f3n\",\"Poes\u00eda\"],\"inLanguage\":\"es\",\"potentialAction\":[{\"@type\":\"CommentAction\",\"name\":\"Comment\",\"target\":[\"https:\/\/www.fraczinet.cl\/sitio\/2013\/03\/15\/noalpencopolitano-asi-de-corta\/#respond\"]}]},{\"@type\":\"WebPage\",\"@id\":\"https:\/\/www.fraczinet.cl\/sitio\/2013\/03\/15\/noalpencopolitano-asi-de-corta\/\",\"url\":\"https:\/\/www.fraczinet.cl\/sitio\/2013\/03\/15\/noalpencopolitano-asi-de-corta\/\",\"name\":\"#NoAlPencopolitano... As\u00ed De Corta - Nuestro Bio B\u00edo\",\"isPartOf\":{\"@id\":\"https:\/\/www.fraczinet.cl\/sitio\/#website\"},\"primaryImageOfPage\":{\"@id\":\"https:\/\/www.fraczinet.cl\/sitio\/2013\/03\/15\/noalpencopolitano-asi-de-corta\/#primaryimage\"},\"image\":{\"@id\":\"https:\/\/www.fraczinet.cl\/sitio\/2013\/03\/15\/noalpencopolitano-asi-de-corta\/#primaryimage\"},\"thumbnailUrl\":\"https:\/\/www.fraczinet.cl\/sitio\/wp-content\/uploads\/2011\/02\/Luis-Fraczinet-2.jpg\",\"datePublished\":\"2013-03-15T19:22:00+00:00\",\"dateModified\":\"2022-10-30T14:24:23+00:00\",\"breadcrumb\":{\"@id\":\"https:\/\/www.fraczinet.cl\/sitio\/2013\/03\/15\/noalpencopolitano-asi-de-corta\/#breadcrumb\"},\"inLanguage\":\"es\",\"potentialAction\":[{\"@type\":\"ReadAction\",\"target\":[\"https:\/\/www.fraczinet.cl\/sitio\/2013\/03\/15\/noalpencopolitano-asi-de-corta\/\"]}]},{\"@type\":\"ImageObject\",\"inLanguage\":\"es\",\"@id\":\"https:\/\/www.fraczinet.cl\/sitio\/2013\/03\/15\/noalpencopolitano-asi-de-corta\/#primaryimage\",\"url\":\"https:\/\/www.fraczinet.cl\/sitio\/wp-content\/uploads\/2011\/02\/Luis-Fraczinet-2.jpg\",\"contentUrl\":\"https:\/\/www.fraczinet.cl\/sitio\/wp-content\/uploads\/2011\/02\/Luis-Fraczinet-2.jpg\",\"width\":865,\"height\":649,\"caption\":\"Luis Fraczinet\"},{\"@type\":\"BreadcrumbList\",\"@id\":\"https:\/\/www.fraczinet.cl\/sitio\/2013\/03\/15\/noalpencopolitano-asi-de-corta\/#breadcrumb\",\"itemListElement\":[{\"@type\":\"ListItem\",\"position\":1,\"name\":\"Portada\",\"item\":\"https:\/\/www.fraczinet.cl\/sitio\/\"},{\"@type\":\"ListItem\",\"position\":2,\"name\":\"#NoAlPencopolitano&#8230; As\u00ed De Corta\"}]},{\"@type\":\"WebSite\",\"@id\":\"https:\/\/www.fraczinet.cl\/sitio\/#website\",\"url\":\"https:\/\/www.fraczinet.cl\/sitio\/\",\"name\":\"Nuestro Bio B\u00edo\",\"description\":\"Tierra de Encuentros\",\"publisher\":{\"@id\":\"https:\/\/www.fraczinet.cl\/sitio\/#\/schema\/person\/aec8ee4da68df2b9b0eefdad24a0d582\"},\"potentialAction\":[{\"@type\":\"SearchAction\",\"target\":{\"@type\":\"EntryPoint\",\"urlTemplate\":\"https:\/\/www.fraczinet.cl\/sitio\/?s={search_term_string}\"},\"query-input\":{\"@type\":\"PropertyValueSpecification\",\"valueRequired\":true,\"valueName\":\"search_term_string\"}}],\"inLanguage\":\"es\"},{\"@type\":[\"Person\",\"Organization\"],\"@id\":\"https:\/\/www.fraczinet.cl\/sitio\/#\/schema\/person\/aec8ee4da68df2b9b0eefdad24a0d582\",\"name\":\"Luis Fernando Fraczinet\",\"image\":{\"@type\":\"ImageObject\",\"inLanguage\":\"es\",\"@id\":\"https:\/\/www.fraczinet.cl\/sitio\/#\/schema\/person\/image\/\",\"url\":\"https:\/\/www.fraczinet.cl\/sitio\/wp-content\/uploads\/2021\/07\/bannerlogo-1.gif\",\"contentUrl\":\"https:\/\/www.fraczinet.cl\/sitio\/wp-content\/uploads\/2021\/07\/bannerlogo-1.gif\",\"width\":159,\"height\":79,\"caption\":\"Luis Fernando Fraczinet\"},\"logo\":{\"@id\":\"https:\/\/www.fraczinet.cl\/sitio\/#\/schema\/person\/image\/\"},\"sameAs\":[\"https:\/\/www.fraczinet.cl\/sitio\/\"]},{\"@type\":\"Person\",\"@id\":\"https:\/\/www.fraczinet.cl\/sitio\/#\/schema\/person\/bc30f98e9cb10ae7e119dbe14bc93784\",\"name\":\"admin\",\"image\":{\"@type\":\"ImageObject\",\"inLanguage\":\"es\",\"@id\":\"https:\/\/www.fraczinet.cl\/sitio\/#\/schema\/person\/image\/\",\"url\":\"https:\/\/secure.gravatar.com\/avatar\/d5ad3cf7ef3b23a2bb5be73be780c86b2fc8545c3ad6b149f3913ff458c00099?s=96&d=mm&r=g\",\"contentUrl\":\"https:\/\/secure.gravatar.com\/avatar\/d5ad3cf7ef3b23a2bb5be73be780c86b2fc8545c3ad6b149f3913ff458c00099?s=96&d=mm&r=g\",\"caption\":\"admin\"},\"sameAs\":[\"https:\/\/www.fraczinet.cl\/sitio\"]}]}<\/script>\n<!-- \/ Yoast SEO plugin. -->","yoast_head_json":{"title":"#NoAlPencopolitano... As\u00ed De Corta - Nuestro Bio B\u00edo","robots":{"index":"index","follow":"follow","max-snippet":"max-snippet:-1","max-image-preview":"max-image-preview:large","max-video-preview":"max-video-preview:-1"},"canonical":"https:\/\/www.fraczinet.cl\/sitio\/2013\/03\/15\/noalpencopolitano-asi-de-corta\/","og_locale":"es_ES","og_type":"article","og_title":"#NoAlPencopolitano... As\u00ed De Corta - Nuestro Bio B\u00edo","og_description":"Luis Fraczinet \u200f@nuestrobiobio #NoalPencopolitano Porque se va a llenar de cocteles y a ninguno de ellos me van a invitar. Sorry el caviar me da urticaria. Luis Fraczinet \u200f@nuestrobiobio #NoalPencopolitano Porque no es m\u00e1s que una \u00abbandera\u00bb a levantar ante la incapacidad de articular regionalmente un mundo de la cultura. Luis Fraczinet \u200f@nuestrobiobio #NoalPencopolitano Porque [&hellip;]","og_url":"https:\/\/www.fraczinet.cl\/sitio\/2013\/03\/15\/noalpencopolitano-asi-de-corta\/","og_site_name":"Nuestro Bio B\u00edo","article_published_time":"2013-03-15T19:22:00+00:00","article_modified_time":"2022-10-30T14:24:23+00:00","og_image":[{"width":865,"height":649,"url":"https:\/\/www.fraczinet.cl\/sitio\/wp-content\/uploads\/2011\/02\/Luis-Fraczinet-2.jpg","type":"image\/jpeg"}],"author":"admin","twitter_card":"summary_large_image","twitter_creator":"@nuestrobiobio","twitter_site":"@nuestrobiobio","twitter_misc":{"Escrito por":"admin","Tiempo de lectura":"4 minutos"},"schema":{"@context":"https:\/\/schema.org","@graph":[{"@type":"Article","@id":"https:\/\/www.fraczinet.cl\/sitio\/2013\/03\/15\/noalpencopolitano-asi-de-corta\/#article","isPartOf":{"@id":"https:\/\/www.fraczinet.cl\/sitio\/2013\/03\/15\/noalpencopolitano-asi-de-corta\/"},"author":{"name":"admin","@id":"https:\/\/www.fraczinet.cl\/sitio\/#\/schema\/person\/bc30f98e9cb10ae7e119dbe14bc93784"},"headline":"#NoAlPencopolitano&#8230; As\u00ed De Corta","datePublished":"2013-03-15T19:22:00+00:00","dateModified":"2022-10-30T14:24:23+00:00","mainEntityOfPage":{"@id":"https:\/\/www.fraczinet.cl\/sitio\/2013\/03\/15\/noalpencopolitano-asi-de-corta\/"},"wordCount":744,"commentCount":0,"publisher":{"@id":"https:\/\/www.fraczinet.cl\/sitio\/#\/schema\/person\/aec8ee4da68df2b9b0eefdad24a0d582"},"image":{"@id":"https:\/\/www.fraczinet.cl\/sitio\/2013\/03\/15\/noalpencopolitano-asi-de-corta\/#primaryimage"},"thumbnailUrl":"https:\/\/www.fraczinet.cl\/sitio\/wp-content\/uploads\/2011\/02\/Luis-Fraczinet-2.jpg","articleSection":["Luis Fraczinet","Luis Fraczinet Opini\u00f3n","Opini\u00f3n","Poes\u00eda"],"inLanguage":"es","potentialAction":[{"@type":"CommentAction","name":"Comment","target":["https:\/\/www.fraczinet.cl\/sitio\/2013\/03\/15\/noalpencopolitano-asi-de-corta\/#respond"]}]},{"@type":"WebPage","@id":"https:\/\/www.fraczinet.cl\/sitio\/2013\/03\/15\/noalpencopolitano-asi-de-corta\/","url":"https:\/\/www.fraczinet.cl\/sitio\/2013\/03\/15\/noalpencopolitano-asi-de-corta\/","name":"#NoAlPencopolitano... As\u00ed De Corta - Nuestro Bio B\u00edo","isPartOf":{"@id":"https:\/\/www.fraczinet.cl\/sitio\/#website"},"primaryImageOfPage":{"@id":"https:\/\/www.fraczinet.cl\/sitio\/2013\/03\/15\/noalpencopolitano-asi-de-corta\/#primaryimage"},"image":{"@id":"https:\/\/www.fraczinet.cl\/sitio\/2013\/03\/15\/noalpencopolitano-asi-de-corta\/#primaryimage"},"thumbnailUrl":"https:\/\/www.fraczinet.cl\/sitio\/wp-content\/uploads\/2011\/02\/Luis-Fraczinet-2.jpg","datePublished":"2013-03-15T19:22:00+00:00","dateModified":"2022-10-30T14:24:23+00:00","breadcrumb":{"@id":"https:\/\/www.fraczinet.cl\/sitio\/2013\/03\/15\/noalpencopolitano-asi-de-corta\/#breadcrumb"},"inLanguage":"es","potentialAction":[{"@type":"ReadAction","target":["https:\/\/www.fraczinet.cl\/sitio\/2013\/03\/15\/noalpencopolitano-asi-de-corta\/"]}]},{"@type":"ImageObject","inLanguage":"es","@id":"https:\/\/www.fraczinet.cl\/sitio\/2013\/03\/15\/noalpencopolitano-asi-de-corta\/#primaryimage","url":"https:\/\/www.fraczinet.cl\/sitio\/wp-content\/uploads\/2011\/02\/Luis-Fraczinet-2.jpg","contentUrl":"https:\/\/www.fraczinet.cl\/sitio\/wp-content\/uploads\/2011\/02\/Luis-Fraczinet-2.jpg","width":865,"height":649,"caption":"Luis Fraczinet"},{"@type":"BreadcrumbList","@id":"https:\/\/www.fraczinet.cl\/sitio\/2013\/03\/15\/noalpencopolitano-asi-de-corta\/#breadcrumb","itemListElement":[{"@type":"ListItem","position":1,"name":"Portada","item":"https:\/\/www.fraczinet.cl\/sitio\/"},{"@type":"ListItem","position":2,"name":"#NoAlPencopolitano&#8230; As\u00ed De Corta"}]},{"@type":"WebSite","@id":"https:\/\/www.fraczinet.cl\/sitio\/#website","url":"https:\/\/www.fraczinet.cl\/sitio\/","name":"Nuestro Bio B\u00edo","description":"Tierra de Encuentros","publisher":{"@id":"https:\/\/www.fraczinet.cl\/sitio\/#\/schema\/person\/aec8ee4da68df2b9b0eefdad24a0d582"},"potentialAction":[{"@type":"SearchAction","target":{"@type":"EntryPoint","urlTemplate":"https:\/\/www.fraczinet.cl\/sitio\/?s={search_term_string}"},"query-input":{"@type":"PropertyValueSpecification","valueRequired":true,"valueName":"search_term_string"}}],"inLanguage":"es"},{"@type":["Person","Organization"],"@id":"https:\/\/www.fraczinet.cl\/sitio\/#\/schema\/person\/aec8ee4da68df2b9b0eefdad24a0d582","name":"Luis Fernando Fraczinet","image":{"@type":"ImageObject","inLanguage":"es","@id":"https:\/\/www.fraczinet.cl\/sitio\/#\/schema\/person\/image\/","url":"https:\/\/www.fraczinet.cl\/sitio\/wp-content\/uploads\/2021\/07\/bannerlogo-1.gif","contentUrl":"https:\/\/www.fraczinet.cl\/sitio\/wp-content\/uploads\/2021\/07\/bannerlogo-1.gif","width":159,"height":79,"caption":"Luis Fernando Fraczinet"},"logo":{"@id":"https:\/\/www.fraczinet.cl\/sitio\/#\/schema\/person\/image\/"},"sameAs":["https:\/\/www.fraczinet.cl\/sitio\/"]},{"@type":"Person","@id":"https:\/\/www.fraczinet.cl\/sitio\/#\/schema\/person\/bc30f98e9cb10ae7e119dbe14bc93784","name":"admin","image":{"@type":"ImageObject","inLanguage":"es","@id":"https:\/\/www.fraczinet.cl\/sitio\/#\/schema\/person\/image\/","url":"https:\/\/secure.gravatar.com\/avatar\/d5ad3cf7ef3b23a2bb5be73be780c86b2fc8545c3ad6b149f3913ff458c00099?s=96&d=mm&r=g","contentUrl":"https:\/\/secure.gravatar.com\/avatar\/d5ad3cf7ef3b23a2bb5be73be780c86b2fc8545c3ad6b149f3913ff458c00099?s=96&d=mm&r=g","caption":"admin"},"sameAs":["https:\/\/www.fraczinet.cl\/sitio"]}]}},"_links":{"self":[{"href":"https:\/\/www.fraczinet.cl\/sitio\/wp-json\/wp\/v2\/posts\/4272","targetHints":{"allow":["GET"]}}],"collection":[{"href":"https:\/\/www.fraczinet.cl\/sitio\/wp-json\/wp\/v2\/posts"}],"about":[{"href":"https:\/\/www.fraczinet.cl\/sitio\/wp-json\/wp\/v2\/types\/post"}],"author":[{"embeddable":true,"href":"https:\/\/www.fraczinet.cl\/sitio\/wp-json\/wp\/v2\/users\/1"}],"replies":[{"embeddable":true,"href":"https:\/\/www.fraczinet.cl\/sitio\/wp-json\/wp\/v2\/comments?post=4272"}],"version-history":[{"count":4,"href":"https:\/\/www.fraczinet.cl\/sitio\/wp-json\/wp\/v2\/posts\/4272\/revisions"}],"predecessor-version":[{"id":13497,"href":"https:\/\/www.fraczinet.cl\/sitio\/wp-json\/wp\/v2\/posts\/4272\/revisions\/13497"}],"wp:featuredmedia":[{"embeddable":true,"href":"https:\/\/www.fraczinet.cl\/sitio\/wp-json\/wp\/v2\/media\/10228"}],"wp:attachment":[{"href":"https:\/\/www.fraczinet.cl\/sitio\/wp-json\/wp\/v2\/media?parent=4272"}],"wp:term":[{"taxonomy":"category","embeddable":true,"href":"https:\/\/www.fraczinet.cl\/sitio\/wp-json\/wp\/v2\/categories?post=4272"},{"taxonomy":"post_tag","embeddable":true,"href":"https:\/\/www.fraczinet.cl\/sitio\/wp-json\/wp\/v2\/tags?post=4272"}],"curies":[{"name":"wp","href":"https:\/\/api.w.org\/{rel}","templated":true}]}}