{"id":4273,"date":"2013-03-13T18:21:00","date_gmt":"2013-03-13T18:21:00","guid":{"rendered":"https:\/\/www.fraczinet.cl\/sitio\/2013\/03\/13\/asamblea-constituyente-una-nueva-carta-fundamental-para-chile\/"},"modified":"2013-03-13T18:21:00","modified_gmt":"2013-03-13T18:21:00","slug":"asamblea-constituyente-una-nueva-carta-fundamental-para-chile","status":"publish","type":"post","link":"https:\/\/www.fraczinet.cl\/sitio\/asamblea-constituyente-una-nueva-carta-fundamental-para-chile\/","title":{"rendered":"Asamblea Constituyente: Una Nueva Carta Fundamental Para Chile"},"content":{"rendered":"<div style=\"clear: both; text-align: center;\"><a href=\"http:\/\/2.bp.blogspot.com\/-CNjun1xESHg\/UUDDNGCD_rI\/AAAAAAAAYnM\/VNfOPb22zqg\/s1600\/Charla+Asamblea+Constituyente.jpg\" style=\"clear: left; float: left; margin-bottom: 1em; margin-right: 1em;\"><img decoding=\"async\" border=\"0\" src=\"http:\/\/2.bp.blogspot.com\/-CNjun1xESHg\/UUDDNGCD_rI\/AAAAAAAAYnM\/VNfOPb22zqg\/s320\/Charla+Asamblea+Constituyente.jpg\" height=\"320\" width=\"105\" \/><\/a><\/div>\n<p>CHARLA:&nbsp; Asamblea Constituyente: una nueva carta fundamental para Chile<\/p>\n<p>LUGAR: Auditorio Facultad de Educaci\u00f3n Universidad de Concepci\u00f3n<\/p>\n<p>Fecha: Jueves 14 de marzo, de 18:45 a 21 horas <\/p>\n<p>Objetivo: Entregar un marco conceptual b\u00e1sico a los concurrentes sobre la necesidad y justificaci\u00f3n de generar una nueva Constituci\u00f3n Pol\u00edtica para nuestro pa\u00eds, como actividad preparatoria y de difusi\u00f3n del 2\u00ba Encuentro Convergencia Pol\u00edtica y Social B\u00edo B\u00edo, a realizarse el pr\u00f3ximo s\u00e1bado 23.<\/p>\n<p>La convocatoria ser\u00e1 abierta a toda la ciudadan\u00eda. <\/p>\n<p>Programa<\/p>\n<p>19:05-19:10&nbsp;&nbsp;&nbsp; Presentaci\u00f3n de los panelistas <\/p>\n<p>19:10-19:30&nbsp; &nbsp;&nbsp;&nbsp; Exposici\u00f3n de Esteban Sanhueza<br \/>&nbsp;&nbsp;&nbsp; &nbsp;&nbsp;&nbsp; &nbsp;&nbsp;&nbsp; Tema: \u201cHacia un nuevo contrato social\u201d<\/p>\n<p>19:30-19:40&nbsp;&nbsp;&nbsp; Preguntas al expositor<\/p>\n<p>19:40-19:55&nbsp;&nbsp;&nbsp; Exposici\u00f3n de Sergio Chamorro<br \/>&nbsp;&nbsp;&nbsp; &nbsp;&nbsp;&nbsp; &nbsp;&nbsp;&nbsp; Tema: \u00abLa v\u00eda Popular y de los Pueblos a la Constituyente\u00bb<\/p>\n<p>20:00-20.55 &nbsp;&nbsp;&nbsp; Preguntas en general, agradecimientos y despedida.<\/p>\n<p>Invita: Convergencia Pol\u00edtica y Social &#8211; Bio B\u00edo<\/p>\n<p>Evento: <a href=\"http:\/\/www.facebook.com\/events\/566273093390895\/\">http:\/\/www.facebook.com\/events\/566273093390895\/<\/a><\/p>\n","protected":false},"excerpt":{"rendered":"<p>CHARLA:&nbsp; Asamblea Constituyente: una nueva carta fundamental para Chile LUGAR: Auditorio Facultad de Educaci\u00f3n Universidad de Concepci\u00f3n Fecha: Jueves 14 de marzo, de 18:45 a 21 horas Objetivo: Entregar un marco conceptual b\u00e1sico a los concurrentes sobre la necesidad y justificaci\u00f3n de generar una nueva Constituci\u00f3n Pol\u00edtica para nuestro pa\u00eds, como actividad preparatoria y de [&hellip;]<\/p>\n","protected":false},"author":1,"featured_media":0,"comment_status":"open","ping_status":"closed","sticky":false,"template":"","format":"standard","meta":{"footnotes":""},"categories":[122,113,131],"tags":[],"class_list":["post-4273","post","type-post","status-publish","format-standard","hentry","category-asamblea-constituyente","category-ciudadania","category-politica"],"yoast_head":"<!-- This site is optimized with the Yoast SEO plugin v28.2 - https:\/\/yoast.com\/product\/yoast-seo-wordpress\/ -->\n<title>Asamblea Constituyente: Una Nueva Carta Fundamental Para Chile - Nuestro Bio B\u00edo<\/title>\n<meta name=\"robots\" content=\"index, follow, max-snippet:-1, max-image-preview:large, max-video-preview:-1\" \/>\n<link rel=\"canonical\" href=\"https:\/\/www.fraczinet.cl\/sitio\/asamblea-constituyente-una-nueva-carta-fundamental-para-chile\/\" \/>\n<meta property=\"og:locale\" content=\"es_ES\" \/>\n<meta property=\"og:type\" content=\"article\" \/>\n<meta property=\"og:title\" content=\"Asamblea Constituyente: Una Nueva Carta Fundamental Para Chile - Nuestro Bio B\u00edo\" \/>\n<meta property=\"og:description\" content=\"CHARLA:&nbsp; Asamblea Constituyente: una nueva carta fundamental para Chile LUGAR: Auditorio Facultad de Educaci\u00f3n Universidad de Concepci\u00f3n Fecha: Jueves 14 de marzo, de 18:45 a 21 horas Objetivo: Entregar un marco conceptual b\u00e1sico a los concurrentes sobre la necesidad y justificaci\u00f3n de generar una nueva Constituci\u00f3n Pol\u00edtica para nuestro pa\u00eds, como actividad preparatoria y de [&hellip;]\" \/>\n<meta property=\"og:url\" content=\"https:\/\/www.fraczinet.cl\/sitio\/asamblea-constituyente-una-nueva-carta-fundamental-para-chile\/\" \/>\n<meta property=\"og:site_name\" content=\"Nuestro Bio B\u00edo\" \/>\n<meta property=\"article:publisher\" content=\"https:\/\/www.facebook.com\/groups\/15721414452\/\" \/>\n<meta property=\"article:published_time\" content=\"2013-03-13T18:21:00+00:00\" \/>\n<meta property=\"og:image\" content=\"http:\/\/2.bp.blogspot.com\/-CNjun1xESHg\/UUDDNGCD_rI\/AAAAAAAAYnM\/VNfOPb22zqg\/s320\/Charla+Asamblea+Constituyente.jpg\" \/>\n<meta name=\"twitter:card\" content=\"summary_large_image\" \/>\n<meta name=\"twitter:creator\" content=\"@nuestrobiobio\" \/>\n<meta name=\"twitter:site\" content=\"@nuestrobiobio\" \/>\n<meta name=\"twitter:label1\" content=\"Escrito por\" \/>\n\t<meta name=\"twitter:data1\" content=\"\" \/>\n\t<meta name=\"twitter:label2\" content=\"Tiempo de lectura\" \/>\n\t<meta name=\"twitter:data2\" content=\"1 minuto\" \/>\n<script type=\"application\/ld+json\" class=\"yoast-schema-graph\">{\"@context\":\"https:\\\/\\\/schema.org\",\"@graph\":[{\"@type\":\"Article\",\"@id\":\"https:\\\/\\\/www.fraczinet.cl\\\/sitio\\\/asamblea-constituyente-una-nueva-carta-fundamental-para-chile\\\/#article\",\"isPartOf\":{\"@id\":\"https:\\\/\\\/www.fraczinet.cl\\\/sitio\\\/asamblea-constituyente-una-nueva-carta-fundamental-para-chile\\\/\"},\"author\":{\"name\":\"\",\"@id\":\"\"},\"headline\":\"Asamblea Constituyente: Una Nueva Carta Fundamental Para Chile\",\"datePublished\":\"2013-03-13T18:21:00+00:00\",\"mainEntityOfPage\":{\"@id\":\"https:\\\/\\\/www.fraczinet.cl\\\/sitio\\\/asamblea-constituyente-una-nueva-carta-fundamental-para-chile\\\/\"},\"wordCount\":195,\"commentCount\":0,\"image\":{\"@id\":\"https:\\\/\\\/www.fraczinet.cl\\\/sitio\\\/asamblea-constituyente-una-nueva-carta-fundamental-para-chile\\\/#primaryimage\"},\"thumbnailUrl\":\"http:\\\/\\\/2.bp.blogspot.com\\\/-CNjun1xESHg\\\/UUDDNGCD_rI\\\/AAAAAAAAYnM\\\/VNfOPb22zqg\\\/s320\\\/Charla+Asamblea+Constituyente.jpg\",\"articleSection\":[\"Asamblea Constituyente\",\"Ciudadan\u00eda\",\"Pol\u00edtica\"],\"inLanguage\":\"es\",\"potentialAction\":[{\"@type\":\"CommentAction\",\"name\":\"Comment\",\"target\":[\"https:\\\/\\\/www.fraczinet.cl\\\/sitio\\\/asamblea-constituyente-una-nueva-carta-fundamental-para-chile\\\/#respond\"]}]},{\"@type\":\"WebPage\",\"@id\":\"https:\\\/\\\/www.fraczinet.cl\\\/sitio\\\/asamblea-constituyente-una-nueva-carta-fundamental-para-chile\\\/\",\"url\":\"https:\\\/\\\/www.fraczinet.cl\\\/sitio\\\/asamblea-constituyente-una-nueva-carta-fundamental-para-chile\\\/\",\"name\":\"Asamblea Constituyente: Una Nueva Carta Fundamental Para Chile - Nuestro Bio B\u00edo\",\"isPartOf\":{\"@id\":\"https:\\\/\\\/www.fraczinet.cl\\\/sitio\\\/#website\"},\"primaryImageOfPage\":{\"@id\":\"https:\\\/\\\/www.fraczinet.cl\\\/sitio\\\/asamblea-constituyente-una-nueva-carta-fundamental-para-chile\\\/#primaryimage\"},\"image\":{\"@id\":\"https:\\\/\\\/www.fraczinet.cl\\\/sitio\\\/asamblea-constituyente-una-nueva-carta-fundamental-para-chile\\\/#primaryimage\"},\"thumbnailUrl\":\"http:\\\/\\\/2.bp.blogspot.com\\\/-CNjun1xESHg\\\/UUDDNGCD_rI\\\/AAAAAAAAYnM\\\/VNfOPb22zqg\\\/s320\\\/Charla+Asamblea+Constituyente.jpg\",\"datePublished\":\"2013-03-13T18:21:00+00:00\",\"author\":{\"@id\":\"\"},\"breadcrumb\":{\"@id\":\"https:\\\/\\\/www.fraczinet.cl\\\/sitio\\\/asamblea-constituyente-una-nueva-carta-fundamental-para-chile\\\/#breadcrumb\"},\"inLanguage\":\"es\",\"potentialAction\":[{\"@type\":\"ReadAction\",\"target\":[\"https:\\\/\\\/www.fraczinet.cl\\\/sitio\\\/asamblea-constituyente-una-nueva-carta-fundamental-para-chile\\\/\"]}]},{\"@type\":\"ImageObject\",\"inLanguage\":\"es\",\"@id\":\"https:\\\/\\\/www.fraczinet.cl\\\/sitio\\\/asamblea-constituyente-una-nueva-carta-fundamental-para-chile\\\/#primaryimage\",\"url\":\"http:\\\/\\\/2.bp.blogspot.com\\\/-CNjun1xESHg\\\/UUDDNGCD_rI\\\/AAAAAAAAYnM\\\/VNfOPb22zqg\\\/s320\\\/Charla+Asamblea+Constituyente.jpg\",\"contentUrl\":\"http:\\\/\\\/2.bp.blogspot.com\\\/-CNjun1xESHg\\\/UUDDNGCD_rI\\\/AAAAAAAAYnM\\\/VNfOPb22zqg\\\/s320\\\/Charla+Asamblea+Constituyente.jpg\"},{\"@type\":\"BreadcrumbList\",\"@id\":\"https:\\\/\\\/www.fraczinet.cl\\\/sitio\\\/asamblea-constituyente-una-nueva-carta-fundamental-para-chile\\\/#breadcrumb\",\"itemListElement\":[{\"@type\":\"ListItem\",\"position\":1,\"name\":\"Portada\",\"item\":\"https:\\\/\\\/www.fraczinet.cl\\\/sitio\\\/\"},{\"@type\":\"ListItem\",\"position\":2,\"name\":\"Asamblea Constituyente: Una Nueva Carta Fundamental Para Chile\"}]},{\"@type\":\"WebSite\",\"@id\":\"https:\\\/\\\/www.fraczinet.cl\\\/sitio\\\/#website\",\"url\":\"https:\\\/\\\/www.fraczinet.cl\\\/sitio\\\/\",\"name\":\"Nuestro Bio B\u00edo\",\"description\":\"Tierra de Encuentros\",\"potentialAction\":[{\"@type\":\"SearchAction\",\"target\":{\"@type\":\"EntryPoint\",\"urlTemplate\":\"https:\\\/\\\/www.fraczinet.cl\\\/sitio\\\/?s={search_term_string}\"},\"query-input\":{\"@type\":\"PropertyValueSpecification\",\"valueRequired\":true,\"valueName\":\"search_term_string\"}}],\"inLanguage\":\"es\"},{\"@type\":\"Person\",\"@id\":\"\"}]}<\/script>\n<!-- \/ Yoast SEO plugin. -->","yoast_head_json":{"title":"Asamblea Constituyente: Una Nueva Carta Fundamental Para Chile - Nuestro Bio B\u00edo","robots":{"index":"index","follow":"follow","max-snippet":"max-snippet:-1","max-image-preview":"max-image-preview:large","max-video-preview":"max-video-preview:-1"},"canonical":"https:\/\/www.fraczinet.cl\/sitio\/asamblea-constituyente-una-nueva-carta-fundamental-para-chile\/","og_locale":"es_ES","og_type":"article","og_title":"Asamblea Constituyente: Una Nueva Carta Fundamental Para Chile - Nuestro Bio B\u00edo","og_description":"CHARLA:&nbsp; Asamblea Constituyente: una nueva carta fundamental para Chile LUGAR: Auditorio Facultad de Educaci\u00f3n Universidad de Concepci\u00f3n Fecha: Jueves 14 de marzo, de 18:45 a 21 horas Objetivo: Entregar un marco conceptual b\u00e1sico a los concurrentes sobre la necesidad y justificaci\u00f3n de generar una nueva Constituci\u00f3n Pol\u00edtica para nuestro pa\u00eds, como actividad preparatoria y de [&hellip;]","og_url":"https:\/\/www.fraczinet.cl\/sitio\/asamblea-constituyente-una-nueva-carta-fundamental-para-chile\/","og_site_name":"Nuestro Bio B\u00edo","article_publisher":"https:\/\/www.facebook.com\/groups\/15721414452\/","article_published_time":"2013-03-13T18:21:00+00:00","og_image":[{"url":"http:\/\/2.bp.blogspot.com\/-CNjun1xESHg\/UUDDNGCD_rI\/AAAAAAAAYnM\/VNfOPb22zqg\/s320\/Charla+Asamblea+Constituyente.jpg","type":"","width":"","height":""}],"twitter_card":"summary_large_image","twitter_creator":"@nuestrobiobio","twitter_site":"@nuestrobiobio","twitter_misc":{"Escrito por":"","Tiempo de lectura":"1 minuto"},"schema":{"@context":"https:\/\/schema.org","@graph":[{"@type":"Article","@id":"https:\/\/www.fraczinet.cl\/sitio\/asamblea-constituyente-una-nueva-carta-fundamental-para-chile\/#article","isPartOf":{"@id":"https:\/\/www.fraczinet.cl\/sitio\/asamblea-constituyente-una-nueva-carta-fundamental-para-chile\/"},"author":{"name":"","@id":""},"headline":"Asamblea Constituyente: Una Nueva Carta Fundamental Para Chile","datePublished":"2013-03-13T18:21:00+00:00","mainEntityOfPage":{"@id":"https:\/\/www.fraczinet.cl\/sitio\/asamblea-constituyente-una-nueva-carta-fundamental-para-chile\/"},"wordCount":195,"commentCount":0,"image":{"@id":"https:\/\/www.fraczinet.cl\/sitio\/asamblea-constituyente-una-nueva-carta-fundamental-para-chile\/#primaryimage"},"thumbnailUrl":"http:\/\/2.bp.blogspot.com\/-CNjun1xESHg\/UUDDNGCD_rI\/AAAAAAAAYnM\/VNfOPb22zqg\/s320\/Charla+Asamblea+Constituyente.jpg","articleSection":["Asamblea Constituyente","Ciudadan\u00eda","Pol\u00edtica"],"inLanguage":"es","potentialAction":[{"@type":"CommentAction","name":"Comment","target":["https:\/\/www.fraczinet.cl\/sitio\/asamblea-constituyente-una-nueva-carta-fundamental-para-chile\/#respond"]}]},{"@type":"WebPage","@id":"https:\/\/www.fraczinet.cl\/sitio\/asamblea-constituyente-una-nueva-carta-fundamental-para-chile\/","url":"https:\/\/www.fraczinet.cl\/sitio\/asamblea-constituyente-una-nueva-carta-fundamental-para-chile\/","name":"Asamblea Constituyente: Una Nueva Carta Fundamental Para Chile - Nuestro Bio B\u00edo","isPartOf":{"@id":"https:\/\/www.fraczinet.cl\/sitio\/#website"},"primaryImageOfPage":{"@id":"https:\/\/www.fraczinet.cl\/sitio\/asamblea-constituyente-una-nueva-carta-fundamental-para-chile\/#primaryimage"},"image":{"@id":"https:\/\/www.fraczinet.cl\/sitio\/asamblea-constituyente-una-nueva-carta-fundamental-para-chile\/#primaryimage"},"thumbnailUrl":"http:\/\/2.bp.blogspot.com\/-CNjun1xESHg\/UUDDNGCD_rI\/AAAAAAAAYnM\/VNfOPb22zqg\/s320\/Charla+Asamblea+Constituyente.jpg","datePublished":"2013-03-13T18:21:00+00:00","author":{"@id":""},"breadcrumb":{"@id":"https:\/\/www.fraczinet.cl\/sitio\/asamblea-constituyente-una-nueva-carta-fundamental-para-chile\/#breadcrumb"},"inLanguage":"es","potentialAction":[{"@type":"ReadAction","target":["https:\/\/www.fraczinet.cl\/sitio\/asamblea-constituyente-una-nueva-carta-fundamental-para-chile\/"]}]},{"@type":"ImageObject","inLanguage":"es","@id":"https:\/\/www.fraczinet.cl\/sitio\/asamblea-constituyente-una-nueva-carta-fundamental-para-chile\/#primaryimage","url":"http:\/\/2.bp.blogspot.com\/-CNjun1xESHg\/UUDDNGCD_rI\/AAAAAAAAYnM\/VNfOPb22zqg\/s320\/Charla+Asamblea+Constituyente.jpg","contentUrl":"http:\/\/2.bp.blogspot.com\/-CNjun1xESHg\/UUDDNGCD_rI\/AAAAAAAAYnM\/VNfOPb22zqg\/s320\/Charla+Asamblea+Constituyente.jpg"},{"@type":"BreadcrumbList","@id":"https:\/\/www.fraczinet.cl\/sitio\/asamblea-constituyente-una-nueva-carta-fundamental-para-chile\/#breadcrumb","itemListElement":[{"@type":"ListItem","position":1,"name":"Portada","item":"https:\/\/www.fraczinet.cl\/sitio\/"},{"@type":"ListItem","position":2,"name":"Asamblea Constituyente: Una Nueva Carta Fundamental Para Chile"}]},{"@type":"WebSite","@id":"https:\/\/www.fraczinet.cl\/sitio\/#website","url":"https:\/\/www.fraczinet.cl\/sitio\/","name":"Nuestro Bio B\u00edo","description":"Tierra de Encuentros","potentialAction":[{"@type":"SearchAction","target":{"@type":"EntryPoint","urlTemplate":"https:\/\/www.fraczinet.cl\/sitio\/?s={search_term_string}"},"query-input":{"@type":"PropertyValueSpecification","valueRequired":true,"valueName":"search_term_string"}}],"inLanguage":"es"},{"@type":"Person","@id":""}]}},"_links":{"self":[{"href":"https:\/\/www.fraczinet.cl\/sitio\/wp-json\/wp\/v2\/posts\/4273","targetHints":{"allow":["GET"]}}],"collection":[{"href":"https:\/\/www.fraczinet.cl\/sitio\/wp-json\/wp\/v2\/posts"}],"about":[{"href":"https:\/\/www.fraczinet.cl\/sitio\/wp-json\/wp\/v2\/types\/post"}],"author":[{"embeddable":true,"href":"https:\/\/www.fraczinet.cl\/sitio\/wp-json\/wp\/v2\/users\/1"}],"replies":[{"embeddable":true,"href":"https:\/\/www.fraczinet.cl\/sitio\/wp-json\/wp\/v2\/comments?post=4273"}],"version-history":[{"count":0,"href":"https:\/\/www.fraczinet.cl\/sitio\/wp-json\/wp\/v2\/posts\/4273\/revisions"}],"wp:attachment":[{"href":"https:\/\/www.fraczinet.cl\/sitio\/wp-json\/wp\/v2\/media?parent=4273"}],"wp:term":[{"taxonomy":"category","embeddable":true,"href":"https:\/\/www.fraczinet.cl\/sitio\/wp-json\/wp\/v2\/categories?post=4273"},{"taxonomy":"post_tag","embeddable":true,"href":"https:\/\/www.fraczinet.cl\/sitio\/wp-json\/wp\/v2\/tags?post=4273"}],"curies":[{"name":"wp","href":"https:\/\/api.w.org\/{rel}","templated":true}]}}