{"id":4290,"date":"2013-02-27T15:47:00","date_gmt":"2013-02-27T15:47:00","guid":{"rendered":"https:\/\/www.fraczinet.cl\/sitio\/2013\/02\/27\/27-de-febrero-segunda-jornada-de-lucha-de-los-afectados-por-la-politica-fraudulenta-de-reconstruccion-gubernamental\/"},"modified":"2013-02-27T15:47:00","modified_gmt":"2013-02-27T15:47:00","slug":"27-de-febrero-segunda-jornada-de-lucha-de-los-afectados-por-la-politica-fraudulenta-de-reconstruccion-gubernamental","status":"publish","type":"post","link":"https:\/\/www.fraczinet.cl\/sitio\/27-de-febrero-segunda-jornada-de-lucha-de-los-afectados-por-la-politica-fraudulenta-de-reconstruccion-gubernamental\/","title":{"rendered":"27 De Febrero, Segunda Jornada De Lucha De Los Afectados Por La Pol\u00edtica Fraudulenta De Reconstrucci\u00f3n Gubernamental"},"content":{"rendered":"<p><span style=\"color: #000066;\"><\/span><tt><\/tt><\/p>\n<div style=\"text-align: justify;\"><tt><span style=\"color: #000066;\"><\/span><tt><\/tt><tt><\/tt><\/tt><\/div>\n<div style=\"clear: both; text-align: center;\"><tt><tt><a href=\"http:\/\/2.bp.blogspot.com\/-QTqX45fzqA8\/US4qcGbctmI\/AAAAAAAAYdc\/eTKtx-kj8WY\/s1600\/26+y+27+febrero.jpg\" style=\"margin-left: 1em; margin-right: 1em;\"><img fetchpriority=\"high\" decoding=\"async\" border=\"0\" src=\"http:\/\/2.bp.blogspot.com\/-QTqX45fzqA8\/US4qcGbctmI\/AAAAAAAAYdc\/eTKtx-kj8WY\/s320\/26+y+27+febrero.jpg\" height=\"240\" width=\"320\" \/><\/a><\/tt><\/tt><\/div>\n<div style=\"text-align: justify;\"><tt><tt><span style=\"color: #000066;\">Las organizaciones integrantes de Red Construyamos, particularmente la junta vecinal de Villa Futuro y los vecinos de Aurora de Chile organizados en la defensa de la tierra, las diversas organizaciones solidarias y hermanas, han librado una primera jornada de manifestaciones para indicar que bajo esta reconstrucci\u00f3n se ha consumado un fraude inmenso, destinado a desalojar a miles de familias de sus tierras. El aumento del valor del suelo es el motivo que anima a las instituciones del gobierno, particularmente al SERVIU, a llevar adelante pol\u00edticas que s\u00f3lo favorecen a las empresas inmobiliarias, conduciendo a las poblaciones obreras y pobres a una mayor segregaci\u00f3n social. Se trata de una pol\u00edtica de saqueo encubierta.<\/span><\/tt><\/tt><\/div>\n<p><tt><tt> <\/tt><\/tt><\/p>\n<div style=\"text-align: justify;\"><tt><tt><br \/><\/tt><\/tt><\/div>\n<p><tt><tt><\/p>\n<div style=\"text-align: justify;\"><span style=\"color: #000066;\">Las protestas de la noche del 26 de febrero expresan el cansancio y la frustraci\u00f3n a la que conducen estas pol\u00edticas y demuestra que existe un descontento que se acumula. Los sectores que protestan son s\u00f3lo la punta del iceberg de una realidad encubierta tras cifras publicitarias y los mega-eventos vac\u00edos de todo sentido de solidaridad. Los monumentos que pretende levantar el gobierno son ya una burla desproporcionada, pretendi\u00e9ndose instalar a pasos de donde los pobladores se ven forzados a luchar en defensa de sus viviendas contra la embestida cruel del mercado inmobiliario. Bajo las circunstancias que atraviesan los pobladores de Villa Futuro, Dichato, Camilo Olavarr\u00eda, Aurora de Chile y otras poblaciones, en esta y otras regiones, la inversi\u00f3n de 1.900 millones no es un gesto de conmemoraci\u00f3n, sino que, por el contrario, representa un verdadero monumento al fraude.<\/span><\/div>\n<div style=\"text-align: justify;\"><\/div>\n<div style=\"text-align: justify;\"><span style=\"color: #000066;\">Saludamos la convergencia de diversas organizaciones en esta lucha por la defensa de la tierra y pensamos que este proceso debe crecer con todos cuantos son y han sido v\u00edctimas de las cat\u00e1strofes naturales y, sobre todo, de la cat\u00e1strofe provocada por una pol\u00edtica injusta destinada a ceder amplios y valiosos terrenos al lucro y no al bienestar de las familias que se esfuerzan por construirse una vida digna. Por lo mismo, insistimos en el llamado a participar del acto y marcha de entrega del sobre azul a la clase gobernante, para exigir que termine esta colusi\u00f3n pol\u00edtico-empresarial. Este 27 de febrero una parte de nuestra sociedad se pone de pie y exige que se vayan todos.<\/span><\/div>\n<p><\/tt><\/tt><\/p>\n","protected":false},"excerpt":{"rendered":"<p>Las organizaciones integrantes de Red Construyamos, particularmente la junta vecinal de Villa Futuro y los vecinos de Aurora de Chile organizados en la defensa de la tierra, las diversas organizaciones solidarias y hermanas, han librado una primera jornada de manifestaciones para indicar que bajo esta reconstrucci\u00f3n se ha consumado un fraude inmenso, destinado a desalojar [&hellip;]<\/p>\n","protected":false},"author":1,"featured_media":0,"comment_status":"open","ping_status":"closed","sticky":false,"template":"","format":"standard","meta":{"footnotes":""},"categories":[113],"tags":[],"class_list":["post-4290","post","type-post","status-publish","format-standard","hentry","category-ciudadania"],"yoast_head":"<!-- This site is optimized with the Yoast SEO plugin v28.2 - https:\/\/yoast.com\/product\/yoast-seo-wordpress\/ -->\n<title>27 De Febrero, Segunda Jornada De Lucha De Los Afectados Por La Pol\u00edtica Fraudulenta De Reconstrucci\u00f3n Gubernamental - Nuestro Bio B\u00edo<\/title>\n<meta name=\"robots\" content=\"index, follow, max-snippet:-1, max-image-preview:large, max-video-preview:-1\" \/>\n<link rel=\"canonical\" href=\"https:\/\/www.fraczinet.cl\/sitio\/27-de-febrero-segunda-jornada-de-lucha-de-los-afectados-por-la-politica-fraudulenta-de-reconstruccion-gubernamental\/\" \/>\n<meta property=\"og:locale\" content=\"es_ES\" \/>\n<meta property=\"og:type\" content=\"article\" \/>\n<meta property=\"og:title\" content=\"27 De Febrero, Segunda Jornada De Lucha De Los Afectados Por La Pol\u00edtica Fraudulenta De Reconstrucci\u00f3n Gubernamental - Nuestro Bio B\u00edo\" \/>\n<meta property=\"og:description\" content=\"Las organizaciones integrantes de Red Construyamos, particularmente la junta vecinal de Villa Futuro y los vecinos de Aurora de Chile organizados en la defensa de la tierra, las diversas organizaciones solidarias y hermanas, han librado una primera jornada de manifestaciones para indicar que bajo esta reconstrucci\u00f3n se ha consumado un fraude inmenso, destinado a desalojar [&hellip;]\" \/>\n<meta property=\"og:url\" content=\"https:\/\/www.fraczinet.cl\/sitio\/27-de-febrero-segunda-jornada-de-lucha-de-los-afectados-por-la-politica-fraudulenta-de-reconstruccion-gubernamental\/\" \/>\n<meta property=\"og:site_name\" content=\"Nuestro Bio B\u00edo\" \/>\n<meta property=\"article:publisher\" content=\"https:\/\/www.facebook.com\/groups\/15721414452\/\" \/>\n<meta property=\"article:published_time\" content=\"2013-02-27T15:47:00+00:00\" \/>\n<meta property=\"og:image\" content=\"http:\/\/2.bp.blogspot.com\/-QTqX45fzqA8\/US4qcGbctmI\/AAAAAAAAYdc\/eTKtx-kj8WY\/s320\/26+y+27+febrero.jpg\" \/>\n<meta name=\"twitter:card\" content=\"summary_large_image\" \/>\n<meta name=\"twitter:creator\" content=\"@nuestrobiobio\" \/>\n<meta name=\"twitter:site\" content=\"@nuestrobiobio\" \/>\n<meta name=\"twitter:label1\" content=\"Escrito por\" \/>\n\t<meta name=\"twitter:data1\" content=\"\" \/>\n\t<meta name=\"twitter:label2\" content=\"Tiempo de lectura\" \/>\n\t<meta name=\"twitter:data2\" content=\"2 minutos\" \/>\n<script type=\"application\/ld+json\" class=\"yoast-schema-graph\">{\"@context\":\"https:\\\/\\\/schema.org\",\"@graph\":[{\"@type\":\"Article\",\"@id\":\"https:\\\/\\\/www.fraczinet.cl\\\/sitio\\\/27-de-febrero-segunda-jornada-de-lucha-de-los-afectados-por-la-politica-fraudulenta-de-reconstruccion-gubernamental\\\/#article\",\"isPartOf\":{\"@id\":\"https:\\\/\\\/www.fraczinet.cl\\\/sitio\\\/27-de-febrero-segunda-jornada-de-lucha-de-los-afectados-por-la-politica-fraudulenta-de-reconstruccion-gubernamental\\\/\"},\"author\":{\"name\":\"\",\"@id\":\"\"},\"headline\":\"27 De Febrero, Segunda Jornada De Lucha De Los Afectados Por La Pol\u00edtica Fraudulenta De Reconstrucci\u00f3n Gubernamental\",\"datePublished\":\"2013-02-27T15:47:00+00:00\",\"mainEntityOfPage\":{\"@id\":\"https:\\\/\\\/www.fraczinet.cl\\\/sitio\\\/27-de-febrero-segunda-jornada-de-lucha-de-los-afectados-por-la-politica-fraudulenta-de-reconstruccion-gubernamental\\\/\"},\"wordCount\":402,\"commentCount\":0,\"image\":{\"@id\":\"https:\\\/\\\/www.fraczinet.cl\\\/sitio\\\/27-de-febrero-segunda-jornada-de-lucha-de-los-afectados-por-la-politica-fraudulenta-de-reconstruccion-gubernamental\\\/#primaryimage\"},\"thumbnailUrl\":\"http:\\\/\\\/2.bp.blogspot.com\\\/-QTqX45fzqA8\\\/US4qcGbctmI\\\/AAAAAAAAYdc\\\/eTKtx-kj8WY\\\/s320\\\/26+y+27+febrero.jpg\",\"articleSection\":[\"Ciudadan\u00eda\"],\"inLanguage\":\"es\",\"potentialAction\":[{\"@type\":\"CommentAction\",\"name\":\"Comment\",\"target\":[\"https:\\\/\\\/www.fraczinet.cl\\\/sitio\\\/27-de-febrero-segunda-jornada-de-lucha-de-los-afectados-por-la-politica-fraudulenta-de-reconstruccion-gubernamental\\\/#respond\"]}]},{\"@type\":\"WebPage\",\"@id\":\"https:\\\/\\\/www.fraczinet.cl\\\/sitio\\\/27-de-febrero-segunda-jornada-de-lucha-de-los-afectados-por-la-politica-fraudulenta-de-reconstruccion-gubernamental\\\/\",\"url\":\"https:\\\/\\\/www.fraczinet.cl\\\/sitio\\\/27-de-febrero-segunda-jornada-de-lucha-de-los-afectados-por-la-politica-fraudulenta-de-reconstruccion-gubernamental\\\/\",\"name\":\"27 De Febrero, Segunda Jornada De Lucha De Los Afectados Por La Pol\u00edtica Fraudulenta De Reconstrucci\u00f3n Gubernamental - Nuestro Bio B\u00edo\",\"isPartOf\":{\"@id\":\"https:\\\/\\\/www.fraczinet.cl\\\/sitio\\\/#website\"},\"primaryImageOfPage\":{\"@id\":\"https:\\\/\\\/www.fraczinet.cl\\\/sitio\\\/27-de-febrero-segunda-jornada-de-lucha-de-los-afectados-por-la-politica-fraudulenta-de-reconstruccion-gubernamental\\\/#primaryimage\"},\"image\":{\"@id\":\"https:\\\/\\\/www.fraczinet.cl\\\/sitio\\\/27-de-febrero-segunda-jornada-de-lucha-de-los-afectados-por-la-politica-fraudulenta-de-reconstruccion-gubernamental\\\/#primaryimage\"},\"thumbnailUrl\":\"http:\\\/\\\/2.bp.blogspot.com\\\/-QTqX45fzqA8\\\/US4qcGbctmI\\\/AAAAAAAAYdc\\\/eTKtx-kj8WY\\\/s320\\\/26+y+27+febrero.jpg\",\"datePublished\":\"2013-02-27T15:47:00+00:00\",\"author\":{\"@id\":\"\"},\"breadcrumb\":{\"@id\":\"https:\\\/\\\/www.fraczinet.cl\\\/sitio\\\/27-de-febrero-segunda-jornada-de-lucha-de-los-afectados-por-la-politica-fraudulenta-de-reconstruccion-gubernamental\\\/#breadcrumb\"},\"inLanguage\":\"es\",\"potentialAction\":[{\"@type\":\"ReadAction\",\"target\":[\"https:\\\/\\\/www.fraczinet.cl\\\/sitio\\\/27-de-febrero-segunda-jornada-de-lucha-de-los-afectados-por-la-politica-fraudulenta-de-reconstruccion-gubernamental\\\/\"]}]},{\"@type\":\"ImageObject\",\"inLanguage\":\"es\",\"@id\":\"https:\\\/\\\/www.fraczinet.cl\\\/sitio\\\/27-de-febrero-segunda-jornada-de-lucha-de-los-afectados-por-la-politica-fraudulenta-de-reconstruccion-gubernamental\\\/#primaryimage\",\"url\":\"http:\\\/\\\/2.bp.blogspot.com\\\/-QTqX45fzqA8\\\/US4qcGbctmI\\\/AAAAAAAAYdc\\\/eTKtx-kj8WY\\\/s320\\\/26+y+27+febrero.jpg\",\"contentUrl\":\"http:\\\/\\\/2.bp.blogspot.com\\\/-QTqX45fzqA8\\\/US4qcGbctmI\\\/AAAAAAAAYdc\\\/eTKtx-kj8WY\\\/s320\\\/26+y+27+febrero.jpg\"},{\"@type\":\"BreadcrumbList\",\"@id\":\"https:\\\/\\\/www.fraczinet.cl\\\/sitio\\\/27-de-febrero-segunda-jornada-de-lucha-de-los-afectados-por-la-politica-fraudulenta-de-reconstruccion-gubernamental\\\/#breadcrumb\",\"itemListElement\":[{\"@type\":\"ListItem\",\"position\":1,\"name\":\"Portada\",\"item\":\"https:\\\/\\\/www.fraczinet.cl\\\/sitio\\\/\"},{\"@type\":\"ListItem\",\"position\":2,\"name\":\"27 De Febrero, Segunda Jornada De Lucha De Los Afectados Por La Pol\u00edtica Fraudulenta De Reconstrucci\u00f3n Gubernamental\"}]},{\"@type\":\"WebSite\",\"@id\":\"https:\\\/\\\/www.fraczinet.cl\\\/sitio\\\/#website\",\"url\":\"https:\\\/\\\/www.fraczinet.cl\\\/sitio\\\/\",\"name\":\"Nuestro Bio B\u00edo\",\"description\":\"Tierra de Encuentros\",\"potentialAction\":[{\"@type\":\"SearchAction\",\"target\":{\"@type\":\"EntryPoint\",\"urlTemplate\":\"https:\\\/\\\/www.fraczinet.cl\\\/sitio\\\/?s={search_term_string}\"},\"query-input\":{\"@type\":\"PropertyValueSpecification\",\"valueRequired\":true,\"valueName\":\"search_term_string\"}}],\"inLanguage\":\"es\"},{\"@type\":\"Person\",\"@id\":\"\"}]}<\/script>\n<!-- \/ Yoast SEO plugin. -->","yoast_head_json":{"title":"27 De Febrero, Segunda Jornada De Lucha De Los Afectados Por La Pol\u00edtica Fraudulenta De Reconstrucci\u00f3n Gubernamental - Nuestro Bio B\u00edo","robots":{"index":"index","follow":"follow","max-snippet":"max-snippet:-1","max-image-preview":"max-image-preview:large","max-video-preview":"max-video-preview:-1"},"canonical":"https:\/\/www.fraczinet.cl\/sitio\/27-de-febrero-segunda-jornada-de-lucha-de-los-afectados-por-la-politica-fraudulenta-de-reconstruccion-gubernamental\/","og_locale":"es_ES","og_type":"article","og_title":"27 De Febrero, Segunda Jornada De Lucha De Los Afectados Por La Pol\u00edtica Fraudulenta De Reconstrucci\u00f3n Gubernamental - Nuestro Bio B\u00edo","og_description":"Las organizaciones integrantes de Red Construyamos, particularmente la junta vecinal de Villa Futuro y los vecinos de Aurora de Chile organizados en la defensa de la tierra, las diversas organizaciones solidarias y hermanas, han librado una primera jornada de manifestaciones para indicar que bajo esta reconstrucci\u00f3n se ha consumado un fraude inmenso, destinado a desalojar [&hellip;]","og_url":"https:\/\/www.fraczinet.cl\/sitio\/27-de-febrero-segunda-jornada-de-lucha-de-los-afectados-por-la-politica-fraudulenta-de-reconstruccion-gubernamental\/","og_site_name":"Nuestro Bio B\u00edo","article_publisher":"https:\/\/www.facebook.com\/groups\/15721414452\/","article_published_time":"2013-02-27T15:47:00+00:00","og_image":[{"url":"http:\/\/2.bp.blogspot.com\/-QTqX45fzqA8\/US4qcGbctmI\/AAAAAAAAYdc\/eTKtx-kj8WY\/s320\/26+y+27+febrero.jpg","type":"","width":"","height":""}],"twitter_card":"summary_large_image","twitter_creator":"@nuestrobiobio","twitter_site":"@nuestrobiobio","twitter_misc":{"Escrito por":"","Tiempo de lectura":"2 minutos"},"schema":{"@context":"https:\/\/schema.org","@graph":[{"@type":"Article","@id":"https:\/\/www.fraczinet.cl\/sitio\/27-de-febrero-segunda-jornada-de-lucha-de-los-afectados-por-la-politica-fraudulenta-de-reconstruccion-gubernamental\/#article","isPartOf":{"@id":"https:\/\/www.fraczinet.cl\/sitio\/27-de-febrero-segunda-jornada-de-lucha-de-los-afectados-por-la-politica-fraudulenta-de-reconstruccion-gubernamental\/"},"author":{"name":"","@id":""},"headline":"27 De Febrero, Segunda Jornada De Lucha De Los Afectados Por La Pol\u00edtica Fraudulenta De Reconstrucci\u00f3n Gubernamental","datePublished":"2013-02-27T15:47:00+00:00","mainEntityOfPage":{"@id":"https:\/\/www.fraczinet.cl\/sitio\/27-de-febrero-segunda-jornada-de-lucha-de-los-afectados-por-la-politica-fraudulenta-de-reconstruccion-gubernamental\/"},"wordCount":402,"commentCount":0,"image":{"@id":"https:\/\/www.fraczinet.cl\/sitio\/27-de-febrero-segunda-jornada-de-lucha-de-los-afectados-por-la-politica-fraudulenta-de-reconstruccion-gubernamental\/#primaryimage"},"thumbnailUrl":"http:\/\/2.bp.blogspot.com\/-QTqX45fzqA8\/US4qcGbctmI\/AAAAAAAAYdc\/eTKtx-kj8WY\/s320\/26+y+27+febrero.jpg","articleSection":["Ciudadan\u00eda"],"inLanguage":"es","potentialAction":[{"@type":"CommentAction","name":"Comment","target":["https:\/\/www.fraczinet.cl\/sitio\/27-de-febrero-segunda-jornada-de-lucha-de-los-afectados-por-la-politica-fraudulenta-de-reconstruccion-gubernamental\/#respond"]}]},{"@type":"WebPage","@id":"https:\/\/www.fraczinet.cl\/sitio\/27-de-febrero-segunda-jornada-de-lucha-de-los-afectados-por-la-politica-fraudulenta-de-reconstruccion-gubernamental\/","url":"https:\/\/www.fraczinet.cl\/sitio\/27-de-febrero-segunda-jornada-de-lucha-de-los-afectados-por-la-politica-fraudulenta-de-reconstruccion-gubernamental\/","name":"27 De Febrero, Segunda Jornada De Lucha De Los Afectados Por La Pol\u00edtica Fraudulenta De Reconstrucci\u00f3n Gubernamental - Nuestro Bio B\u00edo","isPartOf":{"@id":"https:\/\/www.fraczinet.cl\/sitio\/#website"},"primaryImageOfPage":{"@id":"https:\/\/www.fraczinet.cl\/sitio\/27-de-febrero-segunda-jornada-de-lucha-de-los-afectados-por-la-politica-fraudulenta-de-reconstruccion-gubernamental\/#primaryimage"},"image":{"@id":"https:\/\/www.fraczinet.cl\/sitio\/27-de-febrero-segunda-jornada-de-lucha-de-los-afectados-por-la-politica-fraudulenta-de-reconstruccion-gubernamental\/#primaryimage"},"thumbnailUrl":"http:\/\/2.bp.blogspot.com\/-QTqX45fzqA8\/US4qcGbctmI\/AAAAAAAAYdc\/eTKtx-kj8WY\/s320\/26+y+27+febrero.jpg","datePublished":"2013-02-27T15:47:00+00:00","author":{"@id":""},"breadcrumb":{"@id":"https:\/\/www.fraczinet.cl\/sitio\/27-de-febrero-segunda-jornada-de-lucha-de-los-afectados-por-la-politica-fraudulenta-de-reconstruccion-gubernamental\/#breadcrumb"},"inLanguage":"es","potentialAction":[{"@type":"ReadAction","target":["https:\/\/www.fraczinet.cl\/sitio\/27-de-febrero-segunda-jornada-de-lucha-de-los-afectados-por-la-politica-fraudulenta-de-reconstruccion-gubernamental\/"]}]},{"@type":"ImageObject","inLanguage":"es","@id":"https:\/\/www.fraczinet.cl\/sitio\/27-de-febrero-segunda-jornada-de-lucha-de-los-afectados-por-la-politica-fraudulenta-de-reconstruccion-gubernamental\/#primaryimage","url":"http:\/\/2.bp.blogspot.com\/-QTqX45fzqA8\/US4qcGbctmI\/AAAAAAAAYdc\/eTKtx-kj8WY\/s320\/26+y+27+febrero.jpg","contentUrl":"http:\/\/2.bp.blogspot.com\/-QTqX45fzqA8\/US4qcGbctmI\/AAAAAAAAYdc\/eTKtx-kj8WY\/s320\/26+y+27+febrero.jpg"},{"@type":"BreadcrumbList","@id":"https:\/\/www.fraczinet.cl\/sitio\/27-de-febrero-segunda-jornada-de-lucha-de-los-afectados-por-la-politica-fraudulenta-de-reconstruccion-gubernamental\/#breadcrumb","itemListElement":[{"@type":"ListItem","position":1,"name":"Portada","item":"https:\/\/www.fraczinet.cl\/sitio\/"},{"@type":"ListItem","position":2,"name":"27 De Febrero, Segunda Jornada De Lucha De Los Afectados Por La Pol\u00edtica Fraudulenta De Reconstrucci\u00f3n Gubernamental"}]},{"@type":"WebSite","@id":"https:\/\/www.fraczinet.cl\/sitio\/#website","url":"https:\/\/www.fraczinet.cl\/sitio\/","name":"Nuestro Bio B\u00edo","description":"Tierra de Encuentros","potentialAction":[{"@type":"SearchAction","target":{"@type":"EntryPoint","urlTemplate":"https:\/\/www.fraczinet.cl\/sitio\/?s={search_term_string}"},"query-input":{"@type":"PropertyValueSpecification","valueRequired":true,"valueName":"search_term_string"}}],"inLanguage":"es"},{"@type":"Person","@id":""}]}},"_links":{"self":[{"href":"https:\/\/www.fraczinet.cl\/sitio\/wp-json\/wp\/v2\/posts\/4290","targetHints":{"allow":["GET"]}}],"collection":[{"href":"https:\/\/www.fraczinet.cl\/sitio\/wp-json\/wp\/v2\/posts"}],"about":[{"href":"https:\/\/www.fraczinet.cl\/sitio\/wp-json\/wp\/v2\/types\/post"}],"author":[{"embeddable":true,"href":"https:\/\/www.fraczinet.cl\/sitio\/wp-json\/wp\/v2\/users\/1"}],"replies":[{"embeddable":true,"href":"https:\/\/www.fraczinet.cl\/sitio\/wp-json\/wp\/v2\/comments?post=4290"}],"version-history":[{"count":0,"href":"https:\/\/www.fraczinet.cl\/sitio\/wp-json\/wp\/v2\/posts\/4290\/revisions"}],"wp:attachment":[{"href":"https:\/\/www.fraczinet.cl\/sitio\/wp-json\/wp\/v2\/media?parent=4290"}],"wp:term":[{"taxonomy":"category","embeddable":true,"href":"https:\/\/www.fraczinet.cl\/sitio\/wp-json\/wp\/v2\/categories?post=4290"},{"taxonomy":"post_tag","embeddable":true,"href":"https:\/\/www.fraczinet.cl\/sitio\/wp-json\/wp\/v2\/tags?post=4290"}],"curies":[{"name":"wp","href":"https:\/\/api.w.org\/{rel}","templated":true}]}}