{"id":4307,"date":"2013-02-20T13:48:00","date_gmt":"2013-02-20T13:48:00","guid":{"rendered":"https:\/\/www.fraczinet.cl\/sitio\/2013\/02\/20\/quien-fue-y-como-murio-giordano-bruno\/"},"modified":"2013-02-20T13:48:00","modified_gmt":"2013-02-20T13:48:00","slug":"quien-fue-y-como-murio-giordano-bruno","status":"publish","type":"post","link":"https:\/\/www.fraczinet.cl\/sitio\/2013\/02\/20\/quien-fue-y-como-murio-giordano-bruno\/","title":{"rendered":"\u00bfQui\u00e9n Fue Y Como Muri\u00f3 Giordano Bruno?"},"content":{"rendered":"<div style=\"clear: both; text-align: center;\"><a href=\"http:\/\/3.bp.blogspot.com\/-Iha98MCM1tM\/USTT9_0EGfI\/AAAAAAAAYaw\/TTNGSGQRIQM\/s1600\/Giordano+Bruno.jpg\" style=\"margin-left: 1em; margin-right: 1em;\"><img fetchpriority=\"high\" decoding=\"async\" border=\"0\" height=\"212\" src=\"https:\/\/3.bp.blogspot.com\/-Iha98MCM1tM\/USTT9_0EGfI\/AAAAAAAAYaw\/TTNGSGQRIQM\/s320\/Giordano+Bruno.jpg\" width=\"320\" \/><\/a><\/div>\n<p><span>Campo Dei Fiori, Roma. All\u00ed se encuentra la estatua del escultor Ettore  Ferrari del a\u00f1o 1887, en honor al astr\u00f3nomo, fil\u00f3sofo y poeta italiano  Giordano Bruno. En este sitio, se ejecutaba a los senten<span>ciados  por la Inquisici\u00f3n. Debe su nombre, a que antiguamente era un prado de  flores, pero posteriormente, en el a\u00f1o 1456, el Papa Calixto III orden\u00f3  adoquinarlo.<\/p>\n<p> En la base del monumento, se observan tres  medallones en bronce, con escenas de la vida de Bruno: disertando en la  Catedra de Oxford, compadeciendo ante el Tribunal de la Inquisici\u00f3n y su  ejecuci\u00f3n en la hoguera. Al frente del monumento, se encuentra una  placa con la siguiente inscripci\u00f3n: \u201cA bruno II \u2013 Secolo da lui  divinato, quid ove il rogo arse.\u201d (A Bruno &#8211; El siglo que \u00e9l adivin\u00f3,  aqu\u00ed donde el fuego ard\u00eda)<\/p>\n<p> El monumento, no s\u00f3lo es un homenaje  a Bruno, sino tambi\u00e9n a otras v\u00edctimas de la Inquisici\u00f3n. Los  personajes all\u00ed recordados son: Fray Paolo Sarpi (1552-1625), Fray  Tommaso Campanella (1568-1639), Erasmo de Rotterdam (1466 &#8211; 1536),  Giulio Cesare Vanini (1585 &#8211; 1619), Aonio Paleario (1503 &#8211; 1570), Miguel  Servet (1511 &#8211; 1553), John Wiclef (1320 &#8211; 1384) y John Huss (1370 &#8211;  1415).<\/p>\n<p> Sabemos por sus escritos, que Bruno adhiri\u00f3 a la Teor\u00eda  Helioc\u00e9ntrica de Cop\u00e9rnico y asever\u00f3 que el Universo era infinito y que  exist\u00eda la posibilidad de vida fuera de la Tierra, algo absolutamente  inaceptable para la Iglesia. Sus escritos m\u00e1s importantes son: \u201cDe  umbris idearum\u201d, de 1582; \u201cLa cena de las cenizas\u201d, \u201cSobre el infinito:  el Universo y los mundos\u201d y \u201cSobre la causa, el principio y el uno\u201d, las  tres \u00faltimas escritas en 1584. En 1585 escribi\u00f3 \u201cDe los heroicos  furores\u201d, en estilo de dialogo plat\u00f3nico, obra en la que describe el  camino hacia Dios a trav\u00e9s de la sabidur\u00eda. <\/p>\n<p> Al ser sus ideas  contrarias a las propuestas por la Iglesia, fue acusado de herej\u00eda, y la  Inquisici\u00f3n, tras enjuiciarlo por blasfemo inmoral, lo encarcel\u00f3  en  1593 por ocho a\u00f1os. Luego de su encierro, Bruno fue sometido a un  segundo juicio en el tribunal de Venecia, por cargos de blasfemia,  herej\u00eda, conducta inmoral y ense\u00f1anzas falsas sobre los sistemas solares  y sobre la infinitud del Universo. El proceso fue dirigido por  Belarmino, quien posteriormente llevar\u00eda el similar proceso contra  Galileo. Se expusieron los cargos en contra de Bruno y las m\u00faltiples  ofertas de retractaci\u00f3n fueron desestimadas. Giordano Bruno decidi\u00f3  reafirmarse en sus ideas y el Papa Clemente orden\u00f3 que fuera llevado  ante las autoridades seculares.<\/p>\n<p> El 8 de febrero, fue le\u00edda la  sentencia en donde se le declaraba her\u00e9tico, impenitente, pertinaz y  obstinado. Es famosa la frase que dirigi\u00f3 a sus jueces: \u201cTembl\u00e1is m\u00e1s  vosotros al anunciar esta sentencia que yo al recibirla\u201d. Fue expulsado  de la Iglesia y sus trabajos fueron quemados en la plaza p\u00fablica.<\/p>\n<p> Durante todo el proceso, fue acompa\u00f1ado por monjes de la Iglesia. Antes  de ser ejecutado en la hoguera, uno de ellos le ofreci\u00f3 un crucifijo  para besarlo, pero Bruno lo rechaz\u00f3, sosteniendo que morir\u00eda como un  m\u00e1rtir por la Ciencia y por sus ideales. <\/p>\n<p> Sus \u00faltimas y memorables palabras fueron:<\/p>\n<p> \u201cDecid, \u00bfcu\u00e1l es mi crimen? \u00bfLo sospech\u00e1is siquiera? <br \/> Y me acus\u00e1is, \u00a1sabiendo que nunca delinqu\u00ed! <br \/> Quemadme, que ma\u00f1ana, donde encend\u00e1is la hoguera, <br \/> Levantar\u00e1 la historia una estatua para m\u00ed. <br \/> Yo s\u00e9 que me condena vuestra demencia suma, <br \/> \u00bfPor qu\u00e9?&#8230; Porque las luces busqu\u00e9 de la verdad, <br \/> No en vuestra falsa ciencia que el pensamiento abruma <br \/> Con dogmas y con mitos robados a otra edad, <br \/> Sino en el libro eterno del Universo mundo, <br \/> que encierra entre sus folios de inmensa duraci\u00f3n; <br \/> los g\u00e9rmenes benditos de un porvenir fecundo, <br \/> basado en la justicia, fundado en la raz\u00f3n. <br \/> Y bien, sab\u00e9is que el hombre, si busca en su conciencia, <br \/> la causa de las causas, el \u00faltimo por qu\u00e9 <br \/> ha de trocar muy pronto, la Biblia por la Ciencia, <br \/> los templos por la escuela, la raz\u00f3n por la fe. <br \/> Yo s\u00e9 que esto os asusta, como os asusta todo <br \/> todo lo grande, y quisierais poderme desmentir. <br \/> M\u00e1s a\u00fan, vuestras conciencias, hundidas en el lodo <br \/> de un servilismo que hace de l\u00e1stima gemir&#8230; <br \/> A\u00fan all\u00e1, en el fondo, bien saben que la idea, <br \/> es intangible, eterna, divina, inmaterial&#8230; <br \/> Que no es ella el Dios y la religi\u00f3n vuestra <br \/> Sino la que forma con sus cambios , la historia universal. <br \/> Que es ella la que saca la vida del osario <br \/> la que convierte al hombre, de polvo, en creador, <br \/> la que escribi\u00f3 con sangre la escena del calvario, <br \/> despu\u00e9s de haber escrito con luz, la de Tabor. <br \/> M\u00e1s sois siempre los mismos, los viejos fariseos, <br \/> Los que oran y se postran donde los puedan ver, <br \/> fingiendo fe, sois falsos llamando a Dios, ateos <br \/> \u00a1chacales que un cad\u00e1ver busc\u00e1is para roer! <br \/> \u00bfCu\u00e1l es vuestra doctrina? Tejido de patra\u00f1as, <br \/> vuestra ortodoxia, embuste; vuestro patriarca, un rey; <br \/> leyenda vuestra historia, fant\u00e1stica y extra\u00f1a. <br \/> Vuestra raz\u00f3n la fuerza; y el oro vuestra ley. <br \/> Ten\u00e9is todos los vicios que anta\u00f1o los gentiles <br \/> Ten\u00e9is la bacanales, su p\u00e9rfida maldad; <br \/> como ellos sois farsantes, hip\u00f3critas y viles <br \/> Quer\u00e9is, como quisieron, matar a la verdad; <br \/> M\u00e1s&#8230; \u00a1Vano vuestro empe\u00f1o!&#8230; Si en esto vence alguno; <br \/> soy yo porque la historia dir\u00e1 en lo porvenir; <br \/> \u00abRespeto a los que mueren como muriera Bruno\u00bb <br \/> Y en cambio vuestros nombres&#8230; \u00bfQui\u00e9n los podr\u00e1 decir? <\/p>\n<p> \u00a1Ah!&#8230;Prefiero mil veces mi muerte a vuestra suerte; <br \/> Morir como yo muero&#8230;no es una muerte \u00a1no! <br \/> Morir as\u00ed es la vida; vuestro vivir, la muerte <br \/> Por eso habr\u00e1 quien triunfe, y no es Roma \u00a1Soy Yo! <br \/> Decid a vuestro Papa, vuestro se\u00f1or y due\u00f1o, <br \/> Decidle que a la muerte me entrego como un sue\u00f1o, <br \/> porque es la muerte un sue\u00f1o, que nos conduce a Dios&#8230; <br \/> M\u00e1s no a ese Dios siniestro, con vicios y pasiones <br \/> que al hombre da la vida y al par su maldici\u00f3n, <br \/> Sino a ese Dios-Idea, que en mil evoluciones <br \/> da a la materia forma, y vida a la creaci\u00f3n. <br \/> No al Dios de las batallas, s\u00ed al Dios del pensamiento, <br \/> al Dios de la conciencia, al Dios que vive en m\u00ed, <br \/> Al Dios que anima el fuego, la luz, la tierra, el viento, <br \/> Al Dios de las bondades, no al Dios de ira sin fin. <br \/> Decidle que diez a\u00f1os, con fiebre, con delirio, <br \/> Con hambre, no pudieron mi voluntad quebrar, <br \/> Que niegue Pedro al Maestro Jes\u00fas, que a m\u00ed ante el martirio, <br \/> de la verdad que sepa, no me har\u00e9is apostatar. <br \/> \u00a1M\u00e1s basta!&#8230; \u00a1Yo os aguardo! Dad fin a vuestra obra, <br \/> \u00a1Cobardes! \u00bfQu\u00e9 os detiene?&#8230; \u00bfTem\u00e9is al porvenir? <br \/> \u00a1Ah!&#8230;Tembl\u00e1is&#8230;Es porque os falta la fe que a m\u00ed me sobra&#8230; <br \/> Miradme&#8230;Yo no tiemblo&#8230; \u00a1Y soy quien va a morir!&#8230;\u201d<\/span><\/span><\/p>\n<p><strong>Fuente: <a data-mce-href=\"http:\/\/www.facebook.com\/photo.php?fbid=296305107163744&amp;set=a.124029134391343.18237.124025797725010&amp;type=1&amp;theater\" href=\"http:\/\/www.facebook.com\/photo.php?fbid=296305107163744&amp;set=a.124029134391343.18237.124025797725010&amp;type=1&amp;theater\">Humanismo Secular<\/a><\/strong><span><span> <\/span><\/span><\/p>\n","protected":false},"excerpt":{"rendered":"<p>Campo Dei Fiori, Roma. All\u00ed se encuentra la estatua del escultor Ettore Ferrari del a\u00f1o 1887, en honor al astr\u00f3nomo, fil\u00f3sofo y poeta italiano Giordano Bruno. En este sitio, se ejecutaba a los sentenciados por la Inquisici\u00f3n. Debe su nombre, a que antiguamente era un prado de flores, pero posteriormente, en el a\u00f1o 1456, el [&hellip;]<\/p>\n","protected":false},"author":1,"featured_media":0,"comment_status":"open","ping_status":"open","sticky":false,"template":"","format":"standard","meta":{"footnotes":""},"categories":[191,10,192,23,67],"tags":[],"class_list":["post-4307","post","type-post","status-publish","format-standard","hentry","category-giordano-bruno","category-historia","category-humanismo","category-personajes","category-poesia"],"yoast_head":"<!-- This site is optimized with the Yoast SEO plugin v25.0 - https:\/\/yoast.com\/wordpress\/plugins\/seo\/ -->\n<title>\u00bfQui\u00e9n Fue Y Como Muri\u00f3 Giordano Bruno? - Nuestro Bio B\u00edo<\/title>\n<meta name=\"robots\" content=\"index, follow, max-snippet:-1, max-image-preview:large, max-video-preview:-1\" \/>\n<link rel=\"canonical\" href=\"https:\/\/www.fraczinet.cl\/sitio\/2013\/02\/20\/quien-fue-y-como-murio-giordano-bruno\/\" \/>\n<meta property=\"og:locale\" content=\"es_ES\" \/>\n<meta property=\"og:type\" content=\"article\" \/>\n<meta property=\"og:title\" content=\"\u00bfQui\u00e9n Fue Y Como Muri\u00f3 Giordano Bruno? - Nuestro Bio B\u00edo\" \/>\n<meta property=\"og:description\" content=\"Campo Dei Fiori, Roma. All\u00ed se encuentra la estatua del escultor Ettore Ferrari del a\u00f1o 1887, en honor al astr\u00f3nomo, fil\u00f3sofo y poeta italiano Giordano Bruno. En este sitio, se ejecutaba a los sentenciados por la Inquisici\u00f3n. Debe su nombre, a que antiguamente era un prado de flores, pero posteriormente, en el a\u00f1o 1456, el [&hellip;]\" \/>\n<meta property=\"og:url\" content=\"https:\/\/www.fraczinet.cl\/sitio\/2013\/02\/20\/quien-fue-y-como-murio-giordano-bruno\/\" \/>\n<meta property=\"og:site_name\" content=\"Nuestro Bio B\u00edo\" \/>\n<meta property=\"article:published_time\" content=\"2013-02-20T13:48:00+00:00\" \/>\n<meta property=\"og:image\" content=\"https:\/\/3.bp.blogspot.com\/-Iha98MCM1tM\/USTT9_0EGfI\/AAAAAAAAYaw\/TTNGSGQRIQM\/s320\/Giordano+Bruno.jpg\" \/>\n<meta name=\"author\" content=\"admin\" \/>\n<meta name=\"twitter:card\" content=\"summary_large_image\" \/>\n<meta name=\"twitter:creator\" content=\"@nuestrobiobio\" \/>\n<meta name=\"twitter:site\" content=\"@nuestrobiobio\" \/>\n<meta name=\"twitter:label1\" content=\"Escrito por\" \/>\n\t<meta name=\"twitter:data1\" content=\"admin\" \/>\n\t<meta name=\"twitter:label2\" content=\"Tiempo de lectura\" \/>\n\t<meta name=\"twitter:data2\" content=\"6 minutos\" \/>\n<script type=\"application\/ld+json\" class=\"yoast-schema-graph\">{\"@context\":\"https:\/\/schema.org\",\"@graph\":[{\"@type\":\"Article\",\"@id\":\"https:\/\/www.fraczinet.cl\/sitio\/2013\/02\/20\/quien-fue-y-como-murio-giordano-bruno\/#article\",\"isPartOf\":{\"@id\":\"https:\/\/www.fraczinet.cl\/sitio\/2013\/02\/20\/quien-fue-y-como-murio-giordano-bruno\/\"},\"author\":{\"name\":\"admin\",\"@id\":\"https:\/\/www.fraczinet.cl\/sitio\/#\/schema\/person\/bc30f98e9cb10ae7e119dbe14bc93784\"},\"headline\":\"\u00bfQui\u00e9n Fue Y Como Muri\u00f3 Giordano Bruno?\",\"datePublished\":\"2013-02-20T13:48:00+00:00\",\"mainEntityOfPage\":{\"@id\":\"https:\/\/www.fraczinet.cl\/sitio\/2013\/02\/20\/quien-fue-y-como-murio-giordano-bruno\/\"},\"wordCount\":1183,\"commentCount\":0,\"publisher\":{\"@id\":\"https:\/\/www.fraczinet.cl\/sitio\/#\/schema\/person\/aec8ee4da68df2b9b0eefdad24a0d582\"},\"image\":{\"@id\":\"https:\/\/www.fraczinet.cl\/sitio\/2013\/02\/20\/quien-fue-y-como-murio-giordano-bruno\/#primaryimage\"},\"thumbnailUrl\":\"https:\/\/3.bp.blogspot.com\/-Iha98MCM1tM\/USTT9_0EGfI\/AAAAAAAAYaw\/TTNGSGQRIQM\/s320\/Giordano+Bruno.jpg\",\"articleSection\":[\"Giordano Bruno\",\"Historia\",\"Humanismo\",\"Personajes\",\"Poes\u00eda\"],\"inLanguage\":\"es\",\"potentialAction\":[{\"@type\":\"CommentAction\",\"name\":\"Comment\",\"target\":[\"https:\/\/www.fraczinet.cl\/sitio\/2013\/02\/20\/quien-fue-y-como-murio-giordano-bruno\/#respond\"]}]},{\"@type\":\"WebPage\",\"@id\":\"https:\/\/www.fraczinet.cl\/sitio\/2013\/02\/20\/quien-fue-y-como-murio-giordano-bruno\/\",\"url\":\"https:\/\/www.fraczinet.cl\/sitio\/2013\/02\/20\/quien-fue-y-como-murio-giordano-bruno\/\",\"name\":\"\u00bfQui\u00e9n Fue Y Como Muri\u00f3 Giordano Bruno? - Nuestro Bio B\u00edo\",\"isPartOf\":{\"@id\":\"https:\/\/www.fraczinet.cl\/sitio\/#website\"},\"primaryImageOfPage\":{\"@id\":\"https:\/\/www.fraczinet.cl\/sitio\/2013\/02\/20\/quien-fue-y-como-murio-giordano-bruno\/#primaryimage\"},\"image\":{\"@id\":\"https:\/\/www.fraczinet.cl\/sitio\/2013\/02\/20\/quien-fue-y-como-murio-giordano-bruno\/#primaryimage\"},\"thumbnailUrl\":\"https:\/\/3.bp.blogspot.com\/-Iha98MCM1tM\/USTT9_0EGfI\/AAAAAAAAYaw\/TTNGSGQRIQM\/s320\/Giordano+Bruno.jpg\",\"datePublished\":\"2013-02-20T13:48:00+00:00\",\"breadcrumb\":{\"@id\":\"https:\/\/www.fraczinet.cl\/sitio\/2013\/02\/20\/quien-fue-y-como-murio-giordano-bruno\/#breadcrumb\"},\"inLanguage\":\"es\",\"potentialAction\":[{\"@type\":\"ReadAction\",\"target\":[\"https:\/\/www.fraczinet.cl\/sitio\/2013\/02\/20\/quien-fue-y-como-murio-giordano-bruno\/\"]}]},{\"@type\":\"ImageObject\",\"inLanguage\":\"es\",\"@id\":\"https:\/\/www.fraczinet.cl\/sitio\/2013\/02\/20\/quien-fue-y-como-murio-giordano-bruno\/#primaryimage\",\"url\":\"https:\/\/3.bp.blogspot.com\/-Iha98MCM1tM\/USTT9_0EGfI\/AAAAAAAAYaw\/TTNGSGQRIQM\/s320\/Giordano+Bruno.jpg\",\"contentUrl\":\"https:\/\/3.bp.blogspot.com\/-Iha98MCM1tM\/USTT9_0EGfI\/AAAAAAAAYaw\/TTNGSGQRIQM\/s320\/Giordano+Bruno.jpg\"},{\"@type\":\"BreadcrumbList\",\"@id\":\"https:\/\/www.fraczinet.cl\/sitio\/2013\/02\/20\/quien-fue-y-como-murio-giordano-bruno\/#breadcrumb\",\"itemListElement\":[{\"@type\":\"ListItem\",\"position\":1,\"name\":\"Portada\",\"item\":\"https:\/\/www.fraczinet.cl\/sitio\/\"},{\"@type\":\"ListItem\",\"position\":2,\"name\":\"\u00bfQui\u00e9n Fue Y Como Muri\u00f3 Giordano Bruno?\"}]},{\"@type\":\"WebSite\",\"@id\":\"https:\/\/www.fraczinet.cl\/sitio\/#website\",\"url\":\"https:\/\/www.fraczinet.cl\/sitio\/\",\"name\":\"Nuestro Bio B\u00edo\",\"description\":\"Tierra de Encuentros\",\"publisher\":{\"@id\":\"https:\/\/www.fraczinet.cl\/sitio\/#\/schema\/person\/aec8ee4da68df2b9b0eefdad24a0d582\"},\"potentialAction\":[{\"@type\":\"SearchAction\",\"target\":{\"@type\":\"EntryPoint\",\"urlTemplate\":\"https:\/\/www.fraczinet.cl\/sitio\/?s={search_term_string}\"},\"query-input\":{\"@type\":\"PropertyValueSpecification\",\"valueRequired\":true,\"valueName\":\"search_term_string\"}}],\"inLanguage\":\"es\"},{\"@type\":[\"Person\",\"Organization\"],\"@id\":\"https:\/\/www.fraczinet.cl\/sitio\/#\/schema\/person\/aec8ee4da68df2b9b0eefdad24a0d582\",\"name\":\"Luis Fernando Fraczinet\",\"image\":{\"@type\":\"ImageObject\",\"inLanguage\":\"es\",\"@id\":\"https:\/\/www.fraczinet.cl\/sitio\/#\/schema\/person\/image\/\",\"url\":\"https:\/\/www.fraczinet.cl\/sitio\/wp-content\/uploads\/2021\/07\/bannerlogo-1.gif\",\"contentUrl\":\"https:\/\/www.fraczinet.cl\/sitio\/wp-content\/uploads\/2021\/07\/bannerlogo-1.gif\",\"width\":159,\"height\":79,\"caption\":\"Luis Fernando Fraczinet\"},\"logo\":{\"@id\":\"https:\/\/www.fraczinet.cl\/sitio\/#\/schema\/person\/image\/\"},\"sameAs\":[\"https:\/\/www.fraczinet.cl\/sitio\/\"]},{\"@type\":\"Person\",\"@id\":\"https:\/\/www.fraczinet.cl\/sitio\/#\/schema\/person\/bc30f98e9cb10ae7e119dbe14bc93784\",\"name\":\"admin\",\"image\":{\"@type\":\"ImageObject\",\"inLanguage\":\"es\",\"@id\":\"https:\/\/www.fraczinet.cl\/sitio\/#\/schema\/person\/image\/\",\"url\":\"https:\/\/secure.gravatar.com\/avatar\/d5ad3cf7ef3b23a2bb5be73be780c86b2fc8545c3ad6b149f3913ff458c00099?s=96&d=mm&r=g\",\"contentUrl\":\"https:\/\/secure.gravatar.com\/avatar\/d5ad3cf7ef3b23a2bb5be73be780c86b2fc8545c3ad6b149f3913ff458c00099?s=96&d=mm&r=g\",\"caption\":\"admin\"},\"sameAs\":[\"https:\/\/www.fraczinet.cl\/sitio\"]}]}<\/script>\n<!-- \/ Yoast SEO plugin. -->","yoast_head_json":{"title":"\u00bfQui\u00e9n Fue Y Como Muri\u00f3 Giordano Bruno? - Nuestro Bio B\u00edo","robots":{"index":"index","follow":"follow","max-snippet":"max-snippet:-1","max-image-preview":"max-image-preview:large","max-video-preview":"max-video-preview:-1"},"canonical":"https:\/\/www.fraczinet.cl\/sitio\/2013\/02\/20\/quien-fue-y-como-murio-giordano-bruno\/","og_locale":"es_ES","og_type":"article","og_title":"\u00bfQui\u00e9n Fue Y Como Muri\u00f3 Giordano Bruno? - Nuestro Bio B\u00edo","og_description":"Campo Dei Fiori, Roma. All\u00ed se encuentra la estatua del escultor Ettore Ferrari del a\u00f1o 1887, en honor al astr\u00f3nomo, fil\u00f3sofo y poeta italiano Giordano Bruno. En este sitio, se ejecutaba a los sentenciados por la Inquisici\u00f3n. Debe su nombre, a que antiguamente era un prado de flores, pero posteriormente, en el a\u00f1o 1456, el [&hellip;]","og_url":"https:\/\/www.fraczinet.cl\/sitio\/2013\/02\/20\/quien-fue-y-como-murio-giordano-bruno\/","og_site_name":"Nuestro Bio B\u00edo","article_published_time":"2013-02-20T13:48:00+00:00","og_image":[{"url":"https:\/\/3.bp.blogspot.com\/-Iha98MCM1tM\/USTT9_0EGfI\/AAAAAAAAYaw\/TTNGSGQRIQM\/s320\/Giordano+Bruno.jpg","type":"","width":"","height":""}],"author":"admin","twitter_card":"summary_large_image","twitter_creator":"@nuestrobiobio","twitter_site":"@nuestrobiobio","twitter_misc":{"Escrito por":"admin","Tiempo de lectura":"6 minutos"},"schema":{"@context":"https:\/\/schema.org","@graph":[{"@type":"Article","@id":"https:\/\/www.fraczinet.cl\/sitio\/2013\/02\/20\/quien-fue-y-como-murio-giordano-bruno\/#article","isPartOf":{"@id":"https:\/\/www.fraczinet.cl\/sitio\/2013\/02\/20\/quien-fue-y-como-murio-giordano-bruno\/"},"author":{"name":"admin","@id":"https:\/\/www.fraczinet.cl\/sitio\/#\/schema\/person\/bc30f98e9cb10ae7e119dbe14bc93784"},"headline":"\u00bfQui\u00e9n Fue Y Como Muri\u00f3 Giordano Bruno?","datePublished":"2013-02-20T13:48:00+00:00","mainEntityOfPage":{"@id":"https:\/\/www.fraczinet.cl\/sitio\/2013\/02\/20\/quien-fue-y-como-murio-giordano-bruno\/"},"wordCount":1183,"commentCount":0,"publisher":{"@id":"https:\/\/www.fraczinet.cl\/sitio\/#\/schema\/person\/aec8ee4da68df2b9b0eefdad24a0d582"},"image":{"@id":"https:\/\/www.fraczinet.cl\/sitio\/2013\/02\/20\/quien-fue-y-como-murio-giordano-bruno\/#primaryimage"},"thumbnailUrl":"https:\/\/3.bp.blogspot.com\/-Iha98MCM1tM\/USTT9_0EGfI\/AAAAAAAAYaw\/TTNGSGQRIQM\/s320\/Giordano+Bruno.jpg","articleSection":["Giordano Bruno","Historia","Humanismo","Personajes","Poes\u00eda"],"inLanguage":"es","potentialAction":[{"@type":"CommentAction","name":"Comment","target":["https:\/\/www.fraczinet.cl\/sitio\/2013\/02\/20\/quien-fue-y-como-murio-giordano-bruno\/#respond"]}]},{"@type":"WebPage","@id":"https:\/\/www.fraczinet.cl\/sitio\/2013\/02\/20\/quien-fue-y-como-murio-giordano-bruno\/","url":"https:\/\/www.fraczinet.cl\/sitio\/2013\/02\/20\/quien-fue-y-como-murio-giordano-bruno\/","name":"\u00bfQui\u00e9n Fue Y Como Muri\u00f3 Giordano Bruno? - Nuestro Bio B\u00edo","isPartOf":{"@id":"https:\/\/www.fraczinet.cl\/sitio\/#website"},"primaryImageOfPage":{"@id":"https:\/\/www.fraczinet.cl\/sitio\/2013\/02\/20\/quien-fue-y-como-murio-giordano-bruno\/#primaryimage"},"image":{"@id":"https:\/\/www.fraczinet.cl\/sitio\/2013\/02\/20\/quien-fue-y-como-murio-giordano-bruno\/#primaryimage"},"thumbnailUrl":"https:\/\/3.bp.blogspot.com\/-Iha98MCM1tM\/USTT9_0EGfI\/AAAAAAAAYaw\/TTNGSGQRIQM\/s320\/Giordano+Bruno.jpg","datePublished":"2013-02-20T13:48:00+00:00","breadcrumb":{"@id":"https:\/\/www.fraczinet.cl\/sitio\/2013\/02\/20\/quien-fue-y-como-murio-giordano-bruno\/#breadcrumb"},"inLanguage":"es","potentialAction":[{"@type":"ReadAction","target":["https:\/\/www.fraczinet.cl\/sitio\/2013\/02\/20\/quien-fue-y-como-murio-giordano-bruno\/"]}]},{"@type":"ImageObject","inLanguage":"es","@id":"https:\/\/www.fraczinet.cl\/sitio\/2013\/02\/20\/quien-fue-y-como-murio-giordano-bruno\/#primaryimage","url":"https:\/\/3.bp.blogspot.com\/-Iha98MCM1tM\/USTT9_0EGfI\/AAAAAAAAYaw\/TTNGSGQRIQM\/s320\/Giordano+Bruno.jpg","contentUrl":"https:\/\/3.bp.blogspot.com\/-Iha98MCM1tM\/USTT9_0EGfI\/AAAAAAAAYaw\/TTNGSGQRIQM\/s320\/Giordano+Bruno.jpg"},{"@type":"BreadcrumbList","@id":"https:\/\/www.fraczinet.cl\/sitio\/2013\/02\/20\/quien-fue-y-como-murio-giordano-bruno\/#breadcrumb","itemListElement":[{"@type":"ListItem","position":1,"name":"Portada","item":"https:\/\/www.fraczinet.cl\/sitio\/"},{"@type":"ListItem","position":2,"name":"\u00bfQui\u00e9n Fue Y Como Muri\u00f3 Giordano Bruno?"}]},{"@type":"WebSite","@id":"https:\/\/www.fraczinet.cl\/sitio\/#website","url":"https:\/\/www.fraczinet.cl\/sitio\/","name":"Nuestro Bio B\u00edo","description":"Tierra de Encuentros","publisher":{"@id":"https:\/\/www.fraczinet.cl\/sitio\/#\/schema\/person\/aec8ee4da68df2b9b0eefdad24a0d582"},"potentialAction":[{"@type":"SearchAction","target":{"@type":"EntryPoint","urlTemplate":"https:\/\/www.fraczinet.cl\/sitio\/?s={search_term_string}"},"query-input":{"@type":"PropertyValueSpecification","valueRequired":true,"valueName":"search_term_string"}}],"inLanguage":"es"},{"@type":["Person","Organization"],"@id":"https:\/\/www.fraczinet.cl\/sitio\/#\/schema\/person\/aec8ee4da68df2b9b0eefdad24a0d582","name":"Luis Fernando Fraczinet","image":{"@type":"ImageObject","inLanguage":"es","@id":"https:\/\/www.fraczinet.cl\/sitio\/#\/schema\/person\/image\/","url":"https:\/\/www.fraczinet.cl\/sitio\/wp-content\/uploads\/2021\/07\/bannerlogo-1.gif","contentUrl":"https:\/\/www.fraczinet.cl\/sitio\/wp-content\/uploads\/2021\/07\/bannerlogo-1.gif","width":159,"height":79,"caption":"Luis Fernando Fraczinet"},"logo":{"@id":"https:\/\/www.fraczinet.cl\/sitio\/#\/schema\/person\/image\/"},"sameAs":["https:\/\/www.fraczinet.cl\/sitio\/"]},{"@type":"Person","@id":"https:\/\/www.fraczinet.cl\/sitio\/#\/schema\/person\/bc30f98e9cb10ae7e119dbe14bc93784","name":"admin","image":{"@type":"ImageObject","inLanguage":"es","@id":"https:\/\/www.fraczinet.cl\/sitio\/#\/schema\/person\/image\/","url":"https:\/\/secure.gravatar.com\/avatar\/d5ad3cf7ef3b23a2bb5be73be780c86b2fc8545c3ad6b149f3913ff458c00099?s=96&d=mm&r=g","contentUrl":"https:\/\/secure.gravatar.com\/avatar\/d5ad3cf7ef3b23a2bb5be73be780c86b2fc8545c3ad6b149f3913ff458c00099?s=96&d=mm&r=g","caption":"admin"},"sameAs":["https:\/\/www.fraczinet.cl\/sitio"]}]}},"_links":{"self":[{"href":"https:\/\/www.fraczinet.cl\/sitio\/wp-json\/wp\/v2\/posts\/4307","targetHints":{"allow":["GET"]}}],"collection":[{"href":"https:\/\/www.fraczinet.cl\/sitio\/wp-json\/wp\/v2\/posts"}],"about":[{"href":"https:\/\/www.fraczinet.cl\/sitio\/wp-json\/wp\/v2\/types\/post"}],"author":[{"embeddable":true,"href":"https:\/\/www.fraczinet.cl\/sitio\/wp-json\/wp\/v2\/users\/1"}],"replies":[{"embeddable":true,"href":"https:\/\/www.fraczinet.cl\/sitio\/wp-json\/wp\/v2\/comments?post=4307"}],"version-history":[{"count":0,"href":"https:\/\/www.fraczinet.cl\/sitio\/wp-json\/wp\/v2\/posts\/4307\/revisions"}],"wp:attachment":[{"href":"https:\/\/www.fraczinet.cl\/sitio\/wp-json\/wp\/v2\/media?parent=4307"}],"wp:term":[{"taxonomy":"category","embeddable":true,"href":"https:\/\/www.fraczinet.cl\/sitio\/wp-json\/wp\/v2\/categories?post=4307"},{"taxonomy":"post_tag","embeddable":true,"href":"https:\/\/www.fraczinet.cl\/sitio\/wp-json\/wp\/v2\/tags?post=4307"}],"curies":[{"name":"wp","href":"https:\/\/api.w.org\/{rel}","templated":true}]}}