{"id":4321,"date":"2013-02-07T00:00:00","date_gmt":"2013-02-07T00:00:00","guid":{"rendered":"https:\/\/www.fraczinet.cl\/sitio\/2013\/02\/07\/programa-de-la-semana-monteaguilina-2013\/"},"modified":"2022-10-04T12:56:19","modified_gmt":"2022-10-04T12:56:19","slug":"programa-de-la-semana-monteaguilina-2013","status":"publish","type":"post","link":"https:\/\/www.fraczinet.cl\/sitio\/programa-de-la-semana-monteaguilina-2013\/","title":{"rendered":"Programa De La Semana Monteaguilina 2013"},"content":{"rendered":"<div style=\"clear: both; text-align: center;\"><a href=\"http:\/\/4.bp.blogspot.com\/-Ug14jbSAJeo\/URLuZkE-tmI\/AAAAAAAAYX4\/Z_2KsODz5KU\/s1600\/semana-monteaguilina.jpg\" style=\"clear: left; float: left; margin-bottom: 1em; margin-right: 1em;\"><img decoding=\"async\" border=\"0\" src=\"http:\/\/4.bp.blogspot.com\/-Ug14jbSAJeo\/URLuZkE-tmI\/AAAAAAAAYX4\/Z_2KsODz5KU\/s1600\/semana-monteaguilina.jpg\" \/><\/a><\/div>\n<div style=\"text-align: justify;\">Espect\u00e1culos m\u00fasicales de primer nivel y  un gran n\u00famero de actividades para las alianzas son los principales  condimentos de la Semana Monteaguilina 2013.<\/div>\n<div style=\"text-align: justify;\"><\/div>\n<div style=\"text-align: justify;\">Tras  una excelente Semana Cabrerina, Monte \u00c1guila no se queda atr\u00e1s y ofrece  shows estelares y divertidas competencias para los vecinos que se  animen a participar en equipo.<\/div>\n<div style=\"text-align: justify;\"><\/div>\n<div style=\"text-align: justify;\">El  alcalde, Mario Gierke, espera que los monteaguilinos se motiven con esta  instancia participativa y de esparcimiento que ya es tradici\u00f3n en la  localidad ubicada en la comuna de Cabrero.<\/div>\n<h2 data-mce-style=\"text-align: justify;\" style=\"text-align: justify;\">Programa de Eventos Estelares:<\/h2>\n<div style=\"text-align: justify;\"><strong>Lunes 11 de febrero, 21:30 horas<\/strong>, Noche de Apertura en Plaza de Armas: Los Iracundos (Grupo Uruguayo). Entrada gratuita<\/div>\n<div style=\"text-align: justify;\"><strong>Martes 12 de febrero, 21;30 horas<\/strong>, Noche de Gala, Complejo Deportivo: La Noche. Entrada 2 mil pesos.<\/div>\n<div style=\"text-align: justify;\"><strong>Mi\u00e9rcoles 13 de febrero, 21:30 horas<\/strong>, 3\u00ba Festival de la Voz, Plaza de Armas: Premiaci\u00f3n 3 primeros lugares. Gratis.<\/div>\n<div style=\"text-align: justify;\"><strong>Jueves 14 de febrero, 21:30 horas<\/strong>, Noche Ranchera, Plaza de Armas: Los Super Charros. Entrada Gratuita.<\/div>\n<div style=\"text-align: justify;\"><strong>Viernes 15 de febrero, 21:30 horas<\/strong>, Noche del Tugar-Tugar, Plaza de Armas: Orquesta S\u00faper Fr\u00edo. Entrada Gratuita.<\/div>\n<div style=\"text-align: justify;\"><strong>S\u00e1bado 16 de febrero, 21:30 horas<\/strong>, Noche Estelar, Complejo Deportivo: Organizaci\u00f3n X. Entrada mil 500 pesos.<\/div>\n<div style=\"text-align: justify;\"><strong>Domingo 17 de febrero, 21:30 horas<\/strong>, Noche de Carnaval, Plaza de Armas: Desfile Carros Aleg\u00f3ricos, Coronaci\u00f3n de Reina, Banda Savanda. Gratis.<\/div>\n","protected":false},"excerpt":{"rendered":"<p>Espect\u00e1culos m\u00fasicales de primer nivel y un gran n\u00famero de actividades para las alianzas son los principales condimentos de la Semana Monteaguilina 2013. Tras una excelente Semana Cabrerina, Monte \u00c1guila no se queda atr\u00e1s y ofrece shows estelares y divertidas competencias para los vecinos que se animen a participar en equipo. El alcalde, Mario Gierke, [&hellip;]<\/p>\n","protected":false},"author":1,"featured_media":0,"comment_status":"open","ping_status":"closed","sticky":false,"template":"","format":"standard","meta":{"footnotes":""},"categories":[7,185],"tags":[],"class_list":["post-4321","post","type-post","status-publish","format-standard","hentry","category-fiestas-y-tradiciones","category-monte-aguila"],"yoast_head":"<!-- This site is optimized with the Yoast SEO plugin v28.2 - https:\/\/yoast.com\/product\/yoast-seo-wordpress\/ -->\n<title>Programa De La Semana Monteaguilina 2013 - Nuestro Bio B\u00edo<\/title>\n<meta name=\"robots\" content=\"index, follow, max-snippet:-1, max-image-preview:large, max-video-preview:-1\" \/>\n<link rel=\"canonical\" href=\"https:\/\/www.fraczinet.cl\/sitio\/programa-de-la-semana-monteaguilina-2013\/\" \/>\n<meta property=\"og:locale\" content=\"es_ES\" \/>\n<meta property=\"og:type\" content=\"article\" \/>\n<meta property=\"og:title\" content=\"Programa De La Semana Monteaguilina 2013 - Nuestro Bio B\u00edo\" \/>\n<meta property=\"og:description\" content=\"Espect\u00e1culos m\u00fasicales de primer nivel y un gran n\u00famero de actividades para las alianzas son los principales condimentos de la Semana Monteaguilina 2013. Tras una excelente Semana Cabrerina, Monte \u00c1guila no se queda atr\u00e1s y ofrece shows estelares y divertidas competencias para los vecinos que se animen a participar en equipo. El alcalde, Mario Gierke, [&hellip;]\" \/>\n<meta property=\"og:url\" content=\"https:\/\/www.fraczinet.cl\/sitio\/programa-de-la-semana-monteaguilina-2013\/\" \/>\n<meta property=\"og:site_name\" content=\"Nuestro Bio B\u00edo\" \/>\n<meta property=\"article:publisher\" content=\"https:\/\/www.facebook.com\/groups\/15721414452\/\" \/>\n<meta property=\"article:published_time\" content=\"2013-02-07T00:00:00+00:00\" \/>\n<meta property=\"article:modified_time\" content=\"2022-10-04T12:56:19+00:00\" \/>\n<meta property=\"og:image\" content=\"http:\/\/4.bp.blogspot.com\/-Ug14jbSAJeo\/URLuZkE-tmI\/AAAAAAAAYX4\/Z_2KsODz5KU\/s1600\/semana-monteaguilina.jpg\" \/>\n<meta name=\"twitter:card\" content=\"summary_large_image\" \/>\n<meta name=\"twitter:creator\" content=\"@nuestrobiobio\" \/>\n<meta name=\"twitter:site\" content=\"@nuestrobiobio\" \/>\n<meta name=\"twitter:label1\" content=\"Escrito por\" \/>\n\t<meta name=\"twitter:data1\" content=\"\" \/>\n\t<meta name=\"twitter:label2\" content=\"Tiempo de lectura\" \/>\n\t<meta name=\"twitter:data2\" content=\"1 minuto\" \/>\n<script type=\"application\/ld+json\" class=\"yoast-schema-graph\">{\"@context\":\"https:\\\/\\\/schema.org\",\"@graph\":[{\"@type\":\"Article\",\"@id\":\"https:\\\/\\\/www.fraczinet.cl\\\/sitio\\\/programa-de-la-semana-monteaguilina-2013\\\/#article\",\"isPartOf\":{\"@id\":\"https:\\\/\\\/www.fraczinet.cl\\\/sitio\\\/programa-de-la-semana-monteaguilina-2013\\\/\"},\"author\":{\"name\":\"\",\"@id\":\"\"},\"headline\":\"Programa De La Semana Monteaguilina 2013\",\"datePublished\":\"2013-02-07T00:00:00+00:00\",\"dateModified\":\"2022-10-04T12:56:19+00:00\",\"mainEntityOfPage\":{\"@id\":\"https:\\\/\\\/www.fraczinet.cl\\\/sitio\\\/programa-de-la-semana-monteaguilina-2013\\\/\"},\"wordCount\":209,\"commentCount\":0,\"image\":{\"@id\":\"https:\\\/\\\/www.fraczinet.cl\\\/sitio\\\/programa-de-la-semana-monteaguilina-2013\\\/#primaryimage\"},\"thumbnailUrl\":\"http:\\\/\\\/4.bp.blogspot.com\\\/-Ug14jbSAJeo\\\/URLuZkE-tmI\\\/AAAAAAAAYX4\\\/Z_2KsODz5KU\\\/s1600\\\/semana-monteaguilina.jpg\",\"articleSection\":[\"Fiestas y Tradiciones\",\"Monte \u00c1guila\"],\"inLanguage\":\"es\",\"potentialAction\":[{\"@type\":\"CommentAction\",\"name\":\"Comment\",\"target\":[\"https:\\\/\\\/www.fraczinet.cl\\\/sitio\\\/programa-de-la-semana-monteaguilina-2013\\\/#respond\"]}]},{\"@type\":\"WebPage\",\"@id\":\"https:\\\/\\\/www.fraczinet.cl\\\/sitio\\\/programa-de-la-semana-monteaguilina-2013\\\/\",\"url\":\"https:\\\/\\\/www.fraczinet.cl\\\/sitio\\\/programa-de-la-semana-monteaguilina-2013\\\/\",\"name\":\"Programa De La Semana Monteaguilina 2013 - Nuestro Bio B\u00edo\",\"isPartOf\":{\"@id\":\"https:\\\/\\\/www.fraczinet.cl\\\/sitio\\\/#website\"},\"primaryImageOfPage\":{\"@id\":\"https:\\\/\\\/www.fraczinet.cl\\\/sitio\\\/programa-de-la-semana-monteaguilina-2013\\\/#primaryimage\"},\"image\":{\"@id\":\"https:\\\/\\\/www.fraczinet.cl\\\/sitio\\\/programa-de-la-semana-monteaguilina-2013\\\/#primaryimage\"},\"thumbnailUrl\":\"http:\\\/\\\/4.bp.blogspot.com\\\/-Ug14jbSAJeo\\\/URLuZkE-tmI\\\/AAAAAAAAYX4\\\/Z_2KsODz5KU\\\/s1600\\\/semana-monteaguilina.jpg\",\"datePublished\":\"2013-02-07T00:00:00+00:00\",\"dateModified\":\"2022-10-04T12:56:19+00:00\",\"author\":{\"@id\":\"\"},\"breadcrumb\":{\"@id\":\"https:\\\/\\\/www.fraczinet.cl\\\/sitio\\\/programa-de-la-semana-monteaguilina-2013\\\/#breadcrumb\"},\"inLanguage\":\"es\",\"potentialAction\":[{\"@type\":\"ReadAction\",\"target\":[\"https:\\\/\\\/www.fraczinet.cl\\\/sitio\\\/programa-de-la-semana-monteaguilina-2013\\\/\"]}]},{\"@type\":\"ImageObject\",\"inLanguage\":\"es\",\"@id\":\"https:\\\/\\\/www.fraczinet.cl\\\/sitio\\\/programa-de-la-semana-monteaguilina-2013\\\/#primaryimage\",\"url\":\"http:\\\/\\\/4.bp.blogspot.com\\\/-Ug14jbSAJeo\\\/URLuZkE-tmI\\\/AAAAAAAAYX4\\\/Z_2KsODz5KU\\\/s1600\\\/semana-monteaguilina.jpg\",\"contentUrl\":\"http:\\\/\\\/4.bp.blogspot.com\\\/-Ug14jbSAJeo\\\/URLuZkE-tmI\\\/AAAAAAAAYX4\\\/Z_2KsODz5KU\\\/s1600\\\/semana-monteaguilina.jpg\"},{\"@type\":\"BreadcrumbList\",\"@id\":\"https:\\\/\\\/www.fraczinet.cl\\\/sitio\\\/programa-de-la-semana-monteaguilina-2013\\\/#breadcrumb\",\"itemListElement\":[{\"@type\":\"ListItem\",\"position\":1,\"name\":\"Portada\",\"item\":\"https:\\\/\\\/www.fraczinet.cl\\\/sitio\\\/\"},{\"@type\":\"ListItem\",\"position\":2,\"name\":\"Programa De La Semana Monteaguilina 2013\"}]},{\"@type\":\"WebSite\",\"@id\":\"https:\\\/\\\/www.fraczinet.cl\\\/sitio\\\/#website\",\"url\":\"https:\\\/\\\/www.fraczinet.cl\\\/sitio\\\/\",\"name\":\"Nuestro Bio B\u00edo\",\"description\":\"Tierra de Encuentros\",\"potentialAction\":[{\"@type\":\"SearchAction\",\"target\":{\"@type\":\"EntryPoint\",\"urlTemplate\":\"https:\\\/\\\/www.fraczinet.cl\\\/sitio\\\/?s={search_term_string}\"},\"query-input\":{\"@type\":\"PropertyValueSpecification\",\"valueRequired\":true,\"valueName\":\"search_term_string\"}}],\"inLanguage\":\"es\"},{\"@type\":\"Person\",\"@id\":\"\"}]}<\/script>\n<!-- \/ Yoast SEO plugin. -->","yoast_head_json":{"title":"Programa De La Semana Monteaguilina 2013 - Nuestro Bio B\u00edo","robots":{"index":"index","follow":"follow","max-snippet":"max-snippet:-1","max-image-preview":"max-image-preview:large","max-video-preview":"max-video-preview:-1"},"canonical":"https:\/\/www.fraczinet.cl\/sitio\/programa-de-la-semana-monteaguilina-2013\/","og_locale":"es_ES","og_type":"article","og_title":"Programa De La Semana Monteaguilina 2013 - Nuestro Bio B\u00edo","og_description":"Espect\u00e1culos m\u00fasicales de primer nivel y un gran n\u00famero de actividades para las alianzas son los principales condimentos de la Semana Monteaguilina 2013. Tras una excelente Semana Cabrerina, Monte \u00c1guila no se queda atr\u00e1s y ofrece shows estelares y divertidas competencias para los vecinos que se animen a participar en equipo. El alcalde, Mario Gierke, [&hellip;]","og_url":"https:\/\/www.fraczinet.cl\/sitio\/programa-de-la-semana-monteaguilina-2013\/","og_site_name":"Nuestro Bio B\u00edo","article_publisher":"https:\/\/www.facebook.com\/groups\/15721414452\/","article_published_time":"2013-02-07T00:00:00+00:00","article_modified_time":"2022-10-04T12:56:19+00:00","og_image":[{"url":"http:\/\/4.bp.blogspot.com\/-Ug14jbSAJeo\/URLuZkE-tmI\/AAAAAAAAYX4\/Z_2KsODz5KU\/s1600\/semana-monteaguilina.jpg","type":"","width":"","height":""}],"twitter_card":"summary_large_image","twitter_creator":"@nuestrobiobio","twitter_site":"@nuestrobiobio","twitter_misc":{"Escrito por":"","Tiempo de lectura":"1 minuto"},"schema":{"@context":"https:\/\/schema.org","@graph":[{"@type":"Article","@id":"https:\/\/www.fraczinet.cl\/sitio\/programa-de-la-semana-monteaguilina-2013\/#article","isPartOf":{"@id":"https:\/\/www.fraczinet.cl\/sitio\/programa-de-la-semana-monteaguilina-2013\/"},"author":{"name":"","@id":""},"headline":"Programa De La Semana Monteaguilina 2013","datePublished":"2013-02-07T00:00:00+00:00","dateModified":"2022-10-04T12:56:19+00:00","mainEntityOfPage":{"@id":"https:\/\/www.fraczinet.cl\/sitio\/programa-de-la-semana-monteaguilina-2013\/"},"wordCount":209,"commentCount":0,"image":{"@id":"https:\/\/www.fraczinet.cl\/sitio\/programa-de-la-semana-monteaguilina-2013\/#primaryimage"},"thumbnailUrl":"http:\/\/4.bp.blogspot.com\/-Ug14jbSAJeo\/URLuZkE-tmI\/AAAAAAAAYX4\/Z_2KsODz5KU\/s1600\/semana-monteaguilina.jpg","articleSection":["Fiestas y Tradiciones","Monte \u00c1guila"],"inLanguage":"es","potentialAction":[{"@type":"CommentAction","name":"Comment","target":["https:\/\/www.fraczinet.cl\/sitio\/programa-de-la-semana-monteaguilina-2013\/#respond"]}]},{"@type":"WebPage","@id":"https:\/\/www.fraczinet.cl\/sitio\/programa-de-la-semana-monteaguilina-2013\/","url":"https:\/\/www.fraczinet.cl\/sitio\/programa-de-la-semana-monteaguilina-2013\/","name":"Programa De La Semana Monteaguilina 2013 - Nuestro Bio B\u00edo","isPartOf":{"@id":"https:\/\/www.fraczinet.cl\/sitio\/#website"},"primaryImageOfPage":{"@id":"https:\/\/www.fraczinet.cl\/sitio\/programa-de-la-semana-monteaguilina-2013\/#primaryimage"},"image":{"@id":"https:\/\/www.fraczinet.cl\/sitio\/programa-de-la-semana-monteaguilina-2013\/#primaryimage"},"thumbnailUrl":"http:\/\/4.bp.blogspot.com\/-Ug14jbSAJeo\/URLuZkE-tmI\/AAAAAAAAYX4\/Z_2KsODz5KU\/s1600\/semana-monteaguilina.jpg","datePublished":"2013-02-07T00:00:00+00:00","dateModified":"2022-10-04T12:56:19+00:00","author":{"@id":""},"breadcrumb":{"@id":"https:\/\/www.fraczinet.cl\/sitio\/programa-de-la-semana-monteaguilina-2013\/#breadcrumb"},"inLanguage":"es","potentialAction":[{"@type":"ReadAction","target":["https:\/\/www.fraczinet.cl\/sitio\/programa-de-la-semana-monteaguilina-2013\/"]}]},{"@type":"ImageObject","inLanguage":"es","@id":"https:\/\/www.fraczinet.cl\/sitio\/programa-de-la-semana-monteaguilina-2013\/#primaryimage","url":"http:\/\/4.bp.blogspot.com\/-Ug14jbSAJeo\/URLuZkE-tmI\/AAAAAAAAYX4\/Z_2KsODz5KU\/s1600\/semana-monteaguilina.jpg","contentUrl":"http:\/\/4.bp.blogspot.com\/-Ug14jbSAJeo\/URLuZkE-tmI\/AAAAAAAAYX4\/Z_2KsODz5KU\/s1600\/semana-monteaguilina.jpg"},{"@type":"BreadcrumbList","@id":"https:\/\/www.fraczinet.cl\/sitio\/programa-de-la-semana-monteaguilina-2013\/#breadcrumb","itemListElement":[{"@type":"ListItem","position":1,"name":"Portada","item":"https:\/\/www.fraczinet.cl\/sitio\/"},{"@type":"ListItem","position":2,"name":"Programa De La Semana Monteaguilina 2013"}]},{"@type":"WebSite","@id":"https:\/\/www.fraczinet.cl\/sitio\/#website","url":"https:\/\/www.fraczinet.cl\/sitio\/","name":"Nuestro Bio B\u00edo","description":"Tierra de Encuentros","potentialAction":[{"@type":"SearchAction","target":{"@type":"EntryPoint","urlTemplate":"https:\/\/www.fraczinet.cl\/sitio\/?s={search_term_string}"},"query-input":{"@type":"PropertyValueSpecification","valueRequired":true,"valueName":"search_term_string"}}],"inLanguage":"es"},{"@type":"Person","@id":""}]}},"_links":{"self":[{"href":"https:\/\/www.fraczinet.cl\/sitio\/wp-json\/wp\/v2\/posts\/4321","targetHints":{"allow":["GET"]}}],"collection":[{"href":"https:\/\/www.fraczinet.cl\/sitio\/wp-json\/wp\/v2\/posts"}],"about":[{"href":"https:\/\/www.fraczinet.cl\/sitio\/wp-json\/wp\/v2\/types\/post"}],"author":[{"embeddable":true,"href":"https:\/\/www.fraczinet.cl\/sitio\/wp-json\/wp\/v2\/users\/1"}],"replies":[{"embeddable":true,"href":"https:\/\/www.fraczinet.cl\/sitio\/wp-json\/wp\/v2\/comments?post=4321"}],"version-history":[{"count":1,"href":"https:\/\/www.fraczinet.cl\/sitio\/wp-json\/wp\/v2\/posts\/4321\/revisions"}],"predecessor-version":[{"id":13814,"href":"https:\/\/www.fraczinet.cl\/sitio\/wp-json\/wp\/v2\/posts\/4321\/revisions\/13814"}],"wp:attachment":[{"href":"https:\/\/www.fraczinet.cl\/sitio\/wp-json\/wp\/v2\/media?parent=4321"}],"wp:term":[{"taxonomy":"category","embeddable":true,"href":"https:\/\/www.fraczinet.cl\/sitio\/wp-json\/wp\/v2\/categories?post=4321"},{"taxonomy":"post_tag","embeddable":true,"href":"https:\/\/www.fraczinet.cl\/sitio\/wp-json\/wp\/v2\/tags?post=4321"}],"curies":[{"name":"wp","href":"https:\/\/api.w.org\/{rel}","templated":true}]}}