{"id":4325,"date":"2013-02-03T14:38:00","date_gmt":"2013-02-03T14:38:00","guid":{"rendered":"https:\/\/www.fraczinet.cl\/sitio\/2013\/02\/03\/mensaje-de-organizaciones-cristianas-presentes-en-la-cumbre-de-los-pueblos-santiago-2013\/"},"modified":"2013-02-03T14:38:00","modified_gmt":"2013-02-03T14:38:00","slug":"mensaje-de-organizaciones-cristianas-presentes-en-la-cumbre-de-los-pueblos-santiago-2013","status":"publish","type":"post","link":"https:\/\/www.fraczinet.cl\/sitio\/2013\/02\/03\/mensaje-de-organizaciones-cristianas-presentes-en-la-cumbre-de-los-pueblos-santiago-2013\/","title":{"rendered":"Mensaje De Organizaciones Cristianas Presentes En La Cumbre De Los Pueblos Santiago 2013"},"content":{"rendered":"<div style=\"clear: both; text-align: center;\"><a href=\"http:\/\/3.bp.blogspot.com\/-zgE142x4XBA\/UQ52OXvIMJI\/AAAAAAAAApo\/mwckJ3CdEOE\/s1600\/Ya+no+basta+con+rezar+texto.jpg\" style=\"clear: left; float: left; margin-bottom: 1em; margin-right: 1em;\"><img fetchpriority=\"high\" decoding=\"async\" border=\"0\" src=\"http:\/\/3.bp.blogspot.com\/-zgE142x4XBA\/UQ52OXvIMJI\/AAAAAAAAApo\/mwckJ3CdEOE\/s320\/Ya+no+basta+con+rezar+texto.jpg\" height=\"182\" width=\"320\" \/><\/a><\/div>\n<p><strong>Mensaje de organizaciones cristianas presentes en la Cumbre de los Pueblos<\/strong><br \/><strong> Santiago 2013<\/strong><\/p>\n<p>Las organizaciones cristianas participantes en la Cumbre de los  Pueblos, realizada en Santiago de Chile durante los d\u00edas 25, 26 y 27 de  enero, declara lo siguiente:<\/p>\n<p><strong>1.<\/strong> La fe se  expresa en obras de justicia. Por lo tanto, los cristianos somos  solidarios con los pueblos que buscan la liberaci\u00f3n y nos hacemos parte  de la construcci\u00f3n de caminos para humanizar a la humanidad.<\/p>\n<p><strong>2.<\/strong> El Evangelio nutre las luchas ut\u00f3picas de movimientos y revoluciones,  contra el hambre y la esclavitud, contra los reg\u00edmenes pol\u00edticos que  niegan la tierra, el pan y el agua que pertenecen a todos. No es posible  aceptar que alrededor de 230 familias se apropien del 80% de la riqueza  del planeta.<\/p>\n<p><strong>3.<\/strong> La econom\u00eda de mercado que  ha sido impuesta a sangre y fuego, no corresponde a lo que Dios quiere  para la humanidad, porque dicho sistema est\u00e1 basado en el ego\u00edsmo la  prepotencia, la exclusi\u00f3n, el hambre y la muerte.<\/p>\n<p><strong>4.<\/strong> Las y los cristianos no podemos callar ante las injusticias, el  silencio y la ausencia de participaci\u00f3n en las organizaciones sociales y  pol\u00edticas en pos del Buen Vivir y el Buen Convivir. Es por ello que  compartimos el dolor de la persecuci\u00f3n que sufren el pueblo Mapuche y  los pueblos originarios de Am\u00e9rica Latina. No denunciar estas  aberraciones nos har\u00eda c\u00f3mplices de los genocidios que propicia el  neoliberalismo.<\/p>\n<p><strong>5.<\/strong> Emulando al obispo m\u00e1rtir  Oscar Romero, la liberaci\u00f3n significa que no haya explotaci\u00f3n del  hombre por el hombre y todo aquel que se preocupa del hambriento,  desnudo, desaparecido, torturado y prisionero tiene cerca a Dios.<\/p>\n<p><strong>Comit\u00e9 Oscar Romero \u2013 Chile<\/strong><br \/><strong> Servicio Internacional Cristiano de Solidaridad con los Pueblos de Am\u00e9rica Latina \u2013 SICSAL<\/strong><br \/><strong> Amerindia Chile<\/strong><br \/><strong> Pastoral Mapuche, Regi\u00f3n Metropolitana<\/strong><br \/><strong> Convergencia Cristiana para la Liberaci\u00f3n<\/strong><br \/><strong> Comunidad Ecum\u00e9nica Martin Luther King<\/strong><br \/><strong> Fraternidad Laica Charles de Foucauld<\/strong><br \/><strong> Retiro Buena Nueva pa los pobres<\/strong><br \/><strong> Alfonso Baeza Donoso. Pbro. Miembro de la Comisi\u00f3n \u00c9tica Contra la Tortura.<\/strong><br \/><strong> Comit\u00e9 Oscar Romero de Moyobamba. Amazonia Peruana.<\/strong><br \/><strong> Rev.Luis Carlos Marrero Ch., Grupo de Reflexion y Solidaridad \u201cOscar A. Romero\u201d de Cuba<\/strong><\/p>\n<p><strong> Santiago de Chile, 27 de enero de 2013<\/strong><\/p>\n","protected":false},"excerpt":{"rendered":"<p>Mensaje de organizaciones cristianas presentes en la Cumbre de los Pueblos Santiago 2013 Las organizaciones cristianas participantes en la Cumbre de los Pueblos, realizada en Santiago de Chile durante los d\u00edas 25, 26 y 27 de enero, declara lo siguiente: 1. La fe se expresa en obras de justicia. Por lo tanto, los cristianos somos [&hellip;]<\/p>\n","protected":false},"author":1,"featured_media":0,"comment_status":"open","ping_status":"open","sticky":false,"template":"","format":"standard","meta":{"footnotes":""},"categories":[196,112],"tags":[],"class_list":["post-4325","post","type-post","status-publish","format-standard","hentry","category-congresos","category-opinion"],"yoast_head":"<!-- This site is optimized with the Yoast SEO plugin v25.0 - https:\/\/yoast.com\/wordpress\/plugins\/seo\/ -->\n<title>Mensaje De Organizaciones Cristianas Presentes En La Cumbre De Los Pueblos Santiago 2013 - Nuestro Bio B\u00edo<\/title>\n<meta name=\"robots\" content=\"index, follow, max-snippet:-1, max-image-preview:large, max-video-preview:-1\" \/>\n<link rel=\"canonical\" href=\"https:\/\/www.fraczinet.cl\/sitio\/2013\/02\/03\/mensaje-de-organizaciones-cristianas-presentes-en-la-cumbre-de-los-pueblos-santiago-2013\/\" \/>\n<meta property=\"og:locale\" content=\"es_ES\" \/>\n<meta property=\"og:type\" content=\"article\" \/>\n<meta property=\"og:title\" content=\"Mensaje De Organizaciones Cristianas Presentes En La Cumbre De Los Pueblos Santiago 2013 - Nuestro Bio B\u00edo\" \/>\n<meta property=\"og:description\" content=\"Mensaje de organizaciones cristianas presentes en la Cumbre de los Pueblos Santiago 2013 Las organizaciones cristianas participantes en la Cumbre de los Pueblos, realizada en Santiago de Chile durante los d\u00edas 25, 26 y 27 de enero, declara lo siguiente: 1. La fe se expresa en obras de justicia. Por lo tanto, los cristianos somos [&hellip;]\" \/>\n<meta property=\"og:url\" content=\"https:\/\/www.fraczinet.cl\/sitio\/2013\/02\/03\/mensaje-de-organizaciones-cristianas-presentes-en-la-cumbre-de-los-pueblos-santiago-2013\/\" \/>\n<meta property=\"og:site_name\" content=\"Nuestro Bio B\u00edo\" \/>\n<meta property=\"article:published_time\" content=\"2013-02-03T14:38:00+00:00\" \/>\n<meta property=\"og:image\" content=\"http:\/\/3.bp.blogspot.com\/-zgE142x4XBA\/UQ52OXvIMJI\/AAAAAAAAApo\/mwckJ3CdEOE\/s320\/Ya+no+basta+con+rezar+texto.jpg\" \/>\n<meta name=\"author\" content=\"admin\" \/>\n<meta name=\"twitter:card\" content=\"summary_large_image\" \/>\n<meta name=\"twitter:creator\" content=\"@nuestrobiobio\" \/>\n<meta name=\"twitter:site\" content=\"@nuestrobiobio\" \/>\n<meta name=\"twitter:label1\" content=\"Escrito por\" \/>\n\t<meta name=\"twitter:data1\" content=\"admin\" \/>\n\t<meta name=\"twitter:label2\" content=\"Tiempo de lectura\" \/>\n\t<meta name=\"twitter:data2\" content=\"2 minutos\" \/>\n<script type=\"application\/ld+json\" class=\"yoast-schema-graph\">{\"@context\":\"https:\/\/schema.org\",\"@graph\":[{\"@type\":\"Article\",\"@id\":\"https:\/\/www.fraczinet.cl\/sitio\/2013\/02\/03\/mensaje-de-organizaciones-cristianas-presentes-en-la-cumbre-de-los-pueblos-santiago-2013\/#article\",\"isPartOf\":{\"@id\":\"https:\/\/www.fraczinet.cl\/sitio\/2013\/02\/03\/mensaje-de-organizaciones-cristianas-presentes-en-la-cumbre-de-los-pueblos-santiago-2013\/\"},\"author\":{\"name\":\"admin\",\"@id\":\"https:\/\/www.fraczinet.cl\/sitio\/#\/schema\/person\/bc30f98e9cb10ae7e119dbe14bc93784\"},\"headline\":\"Mensaje De Organizaciones Cristianas Presentes En La Cumbre De Los Pueblos Santiago 2013\",\"datePublished\":\"2013-02-03T14:38:00+00:00\",\"mainEntityOfPage\":{\"@id\":\"https:\/\/www.fraczinet.cl\/sitio\/2013\/02\/03\/mensaje-de-organizaciones-cristianas-presentes-en-la-cumbre-de-los-pueblos-santiago-2013\/\"},\"wordCount\":381,\"commentCount\":0,\"publisher\":{\"@id\":\"https:\/\/www.fraczinet.cl\/sitio\/#\/schema\/person\/aec8ee4da68df2b9b0eefdad24a0d582\"},\"image\":{\"@id\":\"https:\/\/www.fraczinet.cl\/sitio\/2013\/02\/03\/mensaje-de-organizaciones-cristianas-presentes-en-la-cumbre-de-los-pueblos-santiago-2013\/#primaryimage\"},\"thumbnailUrl\":\"http:\/\/3.bp.blogspot.com\/-zgE142x4XBA\/UQ52OXvIMJI\/AAAAAAAAApo\/mwckJ3CdEOE\/s320\/Ya+no+basta+con+rezar+texto.jpg\",\"articleSection\":[\"Congresos\",\"Opini\u00f3n\"],\"inLanguage\":\"es\",\"potentialAction\":[{\"@type\":\"CommentAction\",\"name\":\"Comment\",\"target\":[\"https:\/\/www.fraczinet.cl\/sitio\/2013\/02\/03\/mensaje-de-organizaciones-cristianas-presentes-en-la-cumbre-de-los-pueblos-santiago-2013\/#respond\"]}]},{\"@type\":\"WebPage\",\"@id\":\"https:\/\/www.fraczinet.cl\/sitio\/2013\/02\/03\/mensaje-de-organizaciones-cristianas-presentes-en-la-cumbre-de-los-pueblos-santiago-2013\/\",\"url\":\"https:\/\/www.fraczinet.cl\/sitio\/2013\/02\/03\/mensaje-de-organizaciones-cristianas-presentes-en-la-cumbre-de-los-pueblos-santiago-2013\/\",\"name\":\"Mensaje De Organizaciones Cristianas Presentes En La Cumbre De Los Pueblos Santiago 2013 - Nuestro Bio B\u00edo\",\"isPartOf\":{\"@id\":\"https:\/\/www.fraczinet.cl\/sitio\/#website\"},\"primaryImageOfPage\":{\"@id\":\"https:\/\/www.fraczinet.cl\/sitio\/2013\/02\/03\/mensaje-de-organizaciones-cristianas-presentes-en-la-cumbre-de-los-pueblos-santiago-2013\/#primaryimage\"},\"image\":{\"@id\":\"https:\/\/www.fraczinet.cl\/sitio\/2013\/02\/03\/mensaje-de-organizaciones-cristianas-presentes-en-la-cumbre-de-los-pueblos-santiago-2013\/#primaryimage\"},\"thumbnailUrl\":\"http:\/\/3.bp.blogspot.com\/-zgE142x4XBA\/UQ52OXvIMJI\/AAAAAAAAApo\/mwckJ3CdEOE\/s320\/Ya+no+basta+con+rezar+texto.jpg\",\"datePublished\":\"2013-02-03T14:38:00+00:00\",\"breadcrumb\":{\"@id\":\"https:\/\/www.fraczinet.cl\/sitio\/2013\/02\/03\/mensaje-de-organizaciones-cristianas-presentes-en-la-cumbre-de-los-pueblos-santiago-2013\/#breadcrumb\"},\"inLanguage\":\"es\",\"potentialAction\":[{\"@type\":\"ReadAction\",\"target\":[\"https:\/\/www.fraczinet.cl\/sitio\/2013\/02\/03\/mensaje-de-organizaciones-cristianas-presentes-en-la-cumbre-de-los-pueblos-santiago-2013\/\"]}]},{\"@type\":\"ImageObject\",\"inLanguage\":\"es\",\"@id\":\"https:\/\/www.fraczinet.cl\/sitio\/2013\/02\/03\/mensaje-de-organizaciones-cristianas-presentes-en-la-cumbre-de-los-pueblos-santiago-2013\/#primaryimage\",\"url\":\"http:\/\/3.bp.blogspot.com\/-zgE142x4XBA\/UQ52OXvIMJI\/AAAAAAAAApo\/mwckJ3CdEOE\/s320\/Ya+no+basta+con+rezar+texto.jpg\",\"contentUrl\":\"http:\/\/3.bp.blogspot.com\/-zgE142x4XBA\/UQ52OXvIMJI\/AAAAAAAAApo\/mwckJ3CdEOE\/s320\/Ya+no+basta+con+rezar+texto.jpg\"},{\"@type\":\"BreadcrumbList\",\"@id\":\"https:\/\/www.fraczinet.cl\/sitio\/2013\/02\/03\/mensaje-de-organizaciones-cristianas-presentes-en-la-cumbre-de-los-pueblos-santiago-2013\/#breadcrumb\",\"itemListElement\":[{\"@type\":\"ListItem\",\"position\":1,\"name\":\"Portada\",\"item\":\"https:\/\/www.fraczinet.cl\/sitio\/\"},{\"@type\":\"ListItem\",\"position\":2,\"name\":\"Mensaje De Organizaciones Cristianas Presentes En La Cumbre De Los Pueblos Santiago 2013\"}]},{\"@type\":\"WebSite\",\"@id\":\"https:\/\/www.fraczinet.cl\/sitio\/#website\",\"url\":\"https:\/\/www.fraczinet.cl\/sitio\/\",\"name\":\"Nuestro Bio B\u00edo\",\"description\":\"Tierra de Encuentros\",\"publisher\":{\"@id\":\"https:\/\/www.fraczinet.cl\/sitio\/#\/schema\/person\/aec8ee4da68df2b9b0eefdad24a0d582\"},\"potentialAction\":[{\"@type\":\"SearchAction\",\"target\":{\"@type\":\"EntryPoint\",\"urlTemplate\":\"https:\/\/www.fraczinet.cl\/sitio\/?s={search_term_string}\"},\"query-input\":{\"@type\":\"PropertyValueSpecification\",\"valueRequired\":true,\"valueName\":\"search_term_string\"}}],\"inLanguage\":\"es\"},{\"@type\":[\"Person\",\"Organization\"],\"@id\":\"https:\/\/www.fraczinet.cl\/sitio\/#\/schema\/person\/aec8ee4da68df2b9b0eefdad24a0d582\",\"name\":\"Luis Fernando Fraczinet\",\"image\":{\"@type\":\"ImageObject\",\"inLanguage\":\"es\",\"@id\":\"https:\/\/www.fraczinet.cl\/sitio\/#\/schema\/person\/image\/\",\"url\":\"https:\/\/www.fraczinet.cl\/sitio\/wp-content\/uploads\/2021\/07\/bannerlogo-1.gif\",\"contentUrl\":\"https:\/\/www.fraczinet.cl\/sitio\/wp-content\/uploads\/2021\/07\/bannerlogo-1.gif\",\"width\":159,\"height\":79,\"caption\":\"Luis Fernando Fraczinet\"},\"logo\":{\"@id\":\"https:\/\/www.fraczinet.cl\/sitio\/#\/schema\/person\/image\/\"},\"sameAs\":[\"https:\/\/www.fraczinet.cl\/sitio\/\"]},{\"@type\":\"Person\",\"@id\":\"https:\/\/www.fraczinet.cl\/sitio\/#\/schema\/person\/bc30f98e9cb10ae7e119dbe14bc93784\",\"name\":\"admin\",\"image\":{\"@type\":\"ImageObject\",\"inLanguage\":\"es\",\"@id\":\"https:\/\/www.fraczinet.cl\/sitio\/#\/schema\/person\/image\/\",\"url\":\"https:\/\/secure.gravatar.com\/avatar\/d5ad3cf7ef3b23a2bb5be73be780c86b2fc8545c3ad6b149f3913ff458c00099?s=96&d=mm&r=g\",\"contentUrl\":\"https:\/\/secure.gravatar.com\/avatar\/d5ad3cf7ef3b23a2bb5be73be780c86b2fc8545c3ad6b149f3913ff458c00099?s=96&d=mm&r=g\",\"caption\":\"admin\"},\"sameAs\":[\"https:\/\/www.fraczinet.cl\/sitio\"]}]}<\/script>\n<!-- \/ Yoast SEO plugin. -->","yoast_head_json":{"title":"Mensaje De Organizaciones Cristianas Presentes En La Cumbre De Los Pueblos Santiago 2013 - Nuestro Bio B\u00edo","robots":{"index":"index","follow":"follow","max-snippet":"max-snippet:-1","max-image-preview":"max-image-preview:large","max-video-preview":"max-video-preview:-1"},"canonical":"https:\/\/www.fraczinet.cl\/sitio\/2013\/02\/03\/mensaje-de-organizaciones-cristianas-presentes-en-la-cumbre-de-los-pueblos-santiago-2013\/","og_locale":"es_ES","og_type":"article","og_title":"Mensaje De Organizaciones Cristianas Presentes En La Cumbre De Los Pueblos Santiago 2013 - Nuestro Bio B\u00edo","og_description":"Mensaje de organizaciones cristianas presentes en la Cumbre de los Pueblos Santiago 2013 Las organizaciones cristianas participantes en la Cumbre de los Pueblos, realizada en Santiago de Chile durante los d\u00edas 25, 26 y 27 de enero, declara lo siguiente: 1. La fe se expresa en obras de justicia. Por lo tanto, los cristianos somos [&hellip;]","og_url":"https:\/\/www.fraczinet.cl\/sitio\/2013\/02\/03\/mensaje-de-organizaciones-cristianas-presentes-en-la-cumbre-de-los-pueblos-santiago-2013\/","og_site_name":"Nuestro Bio B\u00edo","article_published_time":"2013-02-03T14:38:00+00:00","og_image":[{"url":"http:\/\/3.bp.blogspot.com\/-zgE142x4XBA\/UQ52OXvIMJI\/AAAAAAAAApo\/mwckJ3CdEOE\/s320\/Ya+no+basta+con+rezar+texto.jpg","type":"","width":"","height":""}],"author":"admin","twitter_card":"summary_large_image","twitter_creator":"@nuestrobiobio","twitter_site":"@nuestrobiobio","twitter_misc":{"Escrito por":"admin","Tiempo de lectura":"2 minutos"},"schema":{"@context":"https:\/\/schema.org","@graph":[{"@type":"Article","@id":"https:\/\/www.fraczinet.cl\/sitio\/2013\/02\/03\/mensaje-de-organizaciones-cristianas-presentes-en-la-cumbre-de-los-pueblos-santiago-2013\/#article","isPartOf":{"@id":"https:\/\/www.fraczinet.cl\/sitio\/2013\/02\/03\/mensaje-de-organizaciones-cristianas-presentes-en-la-cumbre-de-los-pueblos-santiago-2013\/"},"author":{"name":"admin","@id":"https:\/\/www.fraczinet.cl\/sitio\/#\/schema\/person\/bc30f98e9cb10ae7e119dbe14bc93784"},"headline":"Mensaje De Organizaciones Cristianas Presentes En La Cumbre De Los Pueblos Santiago 2013","datePublished":"2013-02-03T14:38:00+00:00","mainEntityOfPage":{"@id":"https:\/\/www.fraczinet.cl\/sitio\/2013\/02\/03\/mensaje-de-organizaciones-cristianas-presentes-en-la-cumbre-de-los-pueblos-santiago-2013\/"},"wordCount":381,"commentCount":0,"publisher":{"@id":"https:\/\/www.fraczinet.cl\/sitio\/#\/schema\/person\/aec8ee4da68df2b9b0eefdad24a0d582"},"image":{"@id":"https:\/\/www.fraczinet.cl\/sitio\/2013\/02\/03\/mensaje-de-organizaciones-cristianas-presentes-en-la-cumbre-de-los-pueblos-santiago-2013\/#primaryimage"},"thumbnailUrl":"http:\/\/3.bp.blogspot.com\/-zgE142x4XBA\/UQ52OXvIMJI\/AAAAAAAAApo\/mwckJ3CdEOE\/s320\/Ya+no+basta+con+rezar+texto.jpg","articleSection":["Congresos","Opini\u00f3n"],"inLanguage":"es","potentialAction":[{"@type":"CommentAction","name":"Comment","target":["https:\/\/www.fraczinet.cl\/sitio\/2013\/02\/03\/mensaje-de-organizaciones-cristianas-presentes-en-la-cumbre-de-los-pueblos-santiago-2013\/#respond"]}]},{"@type":"WebPage","@id":"https:\/\/www.fraczinet.cl\/sitio\/2013\/02\/03\/mensaje-de-organizaciones-cristianas-presentes-en-la-cumbre-de-los-pueblos-santiago-2013\/","url":"https:\/\/www.fraczinet.cl\/sitio\/2013\/02\/03\/mensaje-de-organizaciones-cristianas-presentes-en-la-cumbre-de-los-pueblos-santiago-2013\/","name":"Mensaje De Organizaciones Cristianas Presentes En La Cumbre De Los Pueblos Santiago 2013 - Nuestro Bio B\u00edo","isPartOf":{"@id":"https:\/\/www.fraczinet.cl\/sitio\/#website"},"primaryImageOfPage":{"@id":"https:\/\/www.fraczinet.cl\/sitio\/2013\/02\/03\/mensaje-de-organizaciones-cristianas-presentes-en-la-cumbre-de-los-pueblos-santiago-2013\/#primaryimage"},"image":{"@id":"https:\/\/www.fraczinet.cl\/sitio\/2013\/02\/03\/mensaje-de-organizaciones-cristianas-presentes-en-la-cumbre-de-los-pueblos-santiago-2013\/#primaryimage"},"thumbnailUrl":"http:\/\/3.bp.blogspot.com\/-zgE142x4XBA\/UQ52OXvIMJI\/AAAAAAAAApo\/mwckJ3CdEOE\/s320\/Ya+no+basta+con+rezar+texto.jpg","datePublished":"2013-02-03T14:38:00+00:00","breadcrumb":{"@id":"https:\/\/www.fraczinet.cl\/sitio\/2013\/02\/03\/mensaje-de-organizaciones-cristianas-presentes-en-la-cumbre-de-los-pueblos-santiago-2013\/#breadcrumb"},"inLanguage":"es","potentialAction":[{"@type":"ReadAction","target":["https:\/\/www.fraczinet.cl\/sitio\/2013\/02\/03\/mensaje-de-organizaciones-cristianas-presentes-en-la-cumbre-de-los-pueblos-santiago-2013\/"]}]},{"@type":"ImageObject","inLanguage":"es","@id":"https:\/\/www.fraczinet.cl\/sitio\/2013\/02\/03\/mensaje-de-organizaciones-cristianas-presentes-en-la-cumbre-de-los-pueblos-santiago-2013\/#primaryimage","url":"http:\/\/3.bp.blogspot.com\/-zgE142x4XBA\/UQ52OXvIMJI\/AAAAAAAAApo\/mwckJ3CdEOE\/s320\/Ya+no+basta+con+rezar+texto.jpg","contentUrl":"http:\/\/3.bp.blogspot.com\/-zgE142x4XBA\/UQ52OXvIMJI\/AAAAAAAAApo\/mwckJ3CdEOE\/s320\/Ya+no+basta+con+rezar+texto.jpg"},{"@type":"BreadcrumbList","@id":"https:\/\/www.fraczinet.cl\/sitio\/2013\/02\/03\/mensaje-de-organizaciones-cristianas-presentes-en-la-cumbre-de-los-pueblos-santiago-2013\/#breadcrumb","itemListElement":[{"@type":"ListItem","position":1,"name":"Portada","item":"https:\/\/www.fraczinet.cl\/sitio\/"},{"@type":"ListItem","position":2,"name":"Mensaje De Organizaciones Cristianas Presentes En La Cumbre De Los Pueblos Santiago 2013"}]},{"@type":"WebSite","@id":"https:\/\/www.fraczinet.cl\/sitio\/#website","url":"https:\/\/www.fraczinet.cl\/sitio\/","name":"Nuestro Bio B\u00edo","description":"Tierra de Encuentros","publisher":{"@id":"https:\/\/www.fraczinet.cl\/sitio\/#\/schema\/person\/aec8ee4da68df2b9b0eefdad24a0d582"},"potentialAction":[{"@type":"SearchAction","target":{"@type":"EntryPoint","urlTemplate":"https:\/\/www.fraczinet.cl\/sitio\/?s={search_term_string}"},"query-input":{"@type":"PropertyValueSpecification","valueRequired":true,"valueName":"search_term_string"}}],"inLanguage":"es"},{"@type":["Person","Organization"],"@id":"https:\/\/www.fraczinet.cl\/sitio\/#\/schema\/person\/aec8ee4da68df2b9b0eefdad24a0d582","name":"Luis Fernando Fraczinet","image":{"@type":"ImageObject","inLanguage":"es","@id":"https:\/\/www.fraczinet.cl\/sitio\/#\/schema\/person\/image\/","url":"https:\/\/www.fraczinet.cl\/sitio\/wp-content\/uploads\/2021\/07\/bannerlogo-1.gif","contentUrl":"https:\/\/www.fraczinet.cl\/sitio\/wp-content\/uploads\/2021\/07\/bannerlogo-1.gif","width":159,"height":79,"caption":"Luis Fernando Fraczinet"},"logo":{"@id":"https:\/\/www.fraczinet.cl\/sitio\/#\/schema\/person\/image\/"},"sameAs":["https:\/\/www.fraczinet.cl\/sitio\/"]},{"@type":"Person","@id":"https:\/\/www.fraczinet.cl\/sitio\/#\/schema\/person\/bc30f98e9cb10ae7e119dbe14bc93784","name":"admin","image":{"@type":"ImageObject","inLanguage":"es","@id":"https:\/\/www.fraczinet.cl\/sitio\/#\/schema\/person\/image\/","url":"https:\/\/secure.gravatar.com\/avatar\/d5ad3cf7ef3b23a2bb5be73be780c86b2fc8545c3ad6b149f3913ff458c00099?s=96&d=mm&r=g","contentUrl":"https:\/\/secure.gravatar.com\/avatar\/d5ad3cf7ef3b23a2bb5be73be780c86b2fc8545c3ad6b149f3913ff458c00099?s=96&d=mm&r=g","caption":"admin"},"sameAs":["https:\/\/www.fraczinet.cl\/sitio"]}]}},"_links":{"self":[{"href":"https:\/\/www.fraczinet.cl\/sitio\/wp-json\/wp\/v2\/posts\/4325","targetHints":{"allow":["GET"]}}],"collection":[{"href":"https:\/\/www.fraczinet.cl\/sitio\/wp-json\/wp\/v2\/posts"}],"about":[{"href":"https:\/\/www.fraczinet.cl\/sitio\/wp-json\/wp\/v2\/types\/post"}],"author":[{"embeddable":true,"href":"https:\/\/www.fraczinet.cl\/sitio\/wp-json\/wp\/v2\/users\/1"}],"replies":[{"embeddable":true,"href":"https:\/\/www.fraczinet.cl\/sitio\/wp-json\/wp\/v2\/comments?post=4325"}],"version-history":[{"count":0,"href":"https:\/\/www.fraczinet.cl\/sitio\/wp-json\/wp\/v2\/posts\/4325\/revisions"}],"wp:attachment":[{"href":"https:\/\/www.fraczinet.cl\/sitio\/wp-json\/wp\/v2\/media?parent=4325"}],"wp:term":[{"taxonomy":"category","embeddable":true,"href":"https:\/\/www.fraczinet.cl\/sitio\/wp-json\/wp\/v2\/categories?post=4325"},{"taxonomy":"post_tag","embeddable":true,"href":"https:\/\/www.fraczinet.cl\/sitio\/wp-json\/wp\/v2\/tags?post=4325"}],"curies":[{"name":"wp","href":"https:\/\/api.w.org\/{rel}","templated":true}]}}