{"id":4327,"date":"2013-02-01T15:26:00","date_gmt":"2013-02-01T15:26:00","guid":{"rendered":"https:\/\/www.fraczinet.cl\/sitio\/2013\/02\/01\/liberan-a-dos-imputados-por-el-asesinato-de-fernando-alvarez-castillo-ultimo-intendente-de-concepcion-durante-allende\/"},"modified":"2013-02-01T15:26:00","modified_gmt":"2013-02-01T15:26:00","slug":"liberan-a-dos-imputados-por-el-asesinato-de-fernando-alvarez-castillo-ultimo-intendente-de-concepcion-durante-allende","status":"publish","type":"post","link":"https:\/\/www.fraczinet.cl\/sitio\/2013\/02\/01\/liberan-a-dos-imputados-por-el-asesinato-de-fernando-alvarez-castillo-ultimo-intendente-de-concepcion-durante-allende\/","title":{"rendered":"Liberan A Dos Imputados Por El Asesinato De Fernando \u00c1lvarez Castillo, \u00daltimo Intendente De Concepci\u00f3n Durante Allende"},"content":{"rendered":"<div style=\"clear: both; text-align: center;\"><a href=\"http:\/\/2.bp.blogspot.com\/-zM-SpJn9d5Y\/UQvei3F-qFI\/AAAAAAAAApY\/MAuOG8sjzR4\/s1600\/Fernando+%C3%81lvarez+Castillo.jpg\" style=\"clear: left; float: left; margin-bottom: 1em; margin-right: 1em;\"><img decoding=\"async\" border=\"0\" src=\"http:\/\/2.bp.blogspot.com\/-zM-SpJn9d5Y\/UQvei3F-qFI\/AAAAAAAAApY\/MAuOG8sjzR4\/s1600\/Fernando+%C3%81lvarez+Castillo.jpg\" \/><\/a><\/div>\n<div style=\"text-align: justify;\">Ante la liberaci\u00f3n de dos imputados por  el asesinato de Fernando \u00c1lvarez Castillo, \u00faltimo intendente de  Concepci\u00f3n en el periodo democr\u00e1tico, declaramos que:<\/div>\n<div style=\"text-align: justify;\"><\/div>\n<div style=\"text-align: justify;\"><strong>1.<\/strong> Para nosotros, los comunistas, la b\u00fasqueda de un proceso judicial real  no s\u00f3lo aspira al juicio y castigo de todos los cr\u00edmenes contra la  Humanidad. Adem\u00e1s, debe permitir reconstituir los hechos hist\u00f3ricos.  Tenemos la certeza de que el esclarecimiento del crimen cometido contra  el intendente \u00c1lvarez permitir\u00e1 aclarar otros casos que permanecen en la  injusticia y el silencio, permitiendo la comprensi\u00f3n de una serie de  hechos violentos que incluyen cr\u00edmenes anteriores al golpe militar.  Estos hechos \u2013que se mantienen ocultos a\u00fan despu\u00e9s de 40 a\u00f1os- estar\u00edan  asociados a actos de desestabilizaci\u00f3n de la democracia y son la clave  para que la sociedad chilena comprenda el por qu\u00e9 y el c\u00f3mo del plan  golpista organizado por la derecha civil y militar.&nbsp;<\/div>\n<div style=\"text-align: justify;\"><\/div>\n<div style=\"text-align: justify;\">Por  la v\u00eda de la investigaci\u00f3n del caso \u00c1lvarez, se puede avanzar en  esclarecer el asesinato de Exequiel Aroca, cabo de Carabineros, muerto  el a\u00f1o 1972. El asesinato del cabo Aroca permiti\u00f3 que el PDC realizara  presiones para destituir autoridades del gobierno popular, en tanto se  inculpaba a j\u00f3venes socialistas. Hoy existen indicios de que los autores  fueron oficiales de Carabineros de Chile vinculados a terroristas de  Patria y Libertad, los que organizaron el plan para ejecutar a un  inocente. Esta es la raz\u00f3n que explicar\u00eda por qu\u00e9 un grupo de  Carabineros se adelant\u00f3 al golpe militar para raptar en su hogar al ex  intendente en la madrugada del 11 de septiembre, explica el que le hayan  conducido a las oficinas de la Intendencia y que allanaran el lugar  para encontrar y destruir evidencias claves del caso Aroca (que est\u00e1n  se\u00f1aladas en testimonios de la investigaci\u00f3n del caso \u00c1lvarez); esto  explicar\u00eda el hecho que un comando de carabineros e inteligencia militar  haya intervenido en noviembre de ese a\u00f1o para retirar a \u00c1lvarez del  campo de concentraci\u00f3n de Quiriquina y conducirlo a la <strong>1\u00aa Comisar\u00eda de Concepci\u00f3n, donde lo torturaran hasta darle muerte<\/strong>.  Existen fundadas sospechas de que el asesinato de \u00c1lvarez fue parte de  operaciones de Patria y Libertad para borrar sus huellas en atentados  contra uniformados como el del Gral. Ren\u00e9 Schneider.<\/div>\n<div style=\"text-align: justify;\"><\/div>\n<div style=\"text-align: justify;\"><strong>2.<\/strong> <strong>Sin  embargo, despu\u00e9s de que se realizara una esperada reconstituci\u00f3n de  escena, y luego de haber identificado y detenido a dos implicados (al  oficial de Carabineros Francisco Ar\u00e9valo Cid y al oficial de la  inteligencia del Ej\u00e9rcito Jos\u00e9 Puga Pascua), al d\u00eda siguiente el  ministro Aldana los ha liberado<\/strong>.&nbsp;<\/div>\n<div style=\"text-align: justify;\"><\/div>\n<div style=\"text-align: justify;\">Solidarizamos  con la familia \u00c1lvarez Ram\u00edrez y particularmente con nuestra compa\u00f1era  Adriana, y expresamos nuestro profundo malestar, porque la Justicia  chilena ha probado su incapacidad para garantizar la paz y el respeto de  los derechos humanos, conservando su mancha c\u00f3mplice. La demora de 39  a\u00f1os en el inicio de un proceso real, ha sido una desgracia en s\u00ed y un  peso para la familia, amigos y compa\u00f1eros de Fernando \u00c1lvarez, as\u00ed como  lo es a\u00fan para los casos de miles de chilenos ejecutados, desaparecidos,  presos y torturados. Este proceso no lleg\u00f3 a ninguna parte, dejando en  nada el esperado juicio y castigo de un crimen atroz en el que los  responsables est\u00e1n claramente reconocidos. De esta manera, la Justicia  chilena baja una vez m\u00e1s a los subterr\u00e1neos imp\u00fadicos e inmorales de la  impunidad, contribuyendo a conservar el clima de injusticia cultivado  por la dictadura.<\/div>\n<div style=\"text-align: justify;\"><\/div>\n<div style=\"text-align: justify;\"><strong>3.<\/strong> Exigimos justicia, porque es de justicia resolver el crimen contra el  intendente \u00c1lvarez y porque es de justicia llegar a los verdaderos  criminales en el caso del cabo Aroca. Exigimos justicia, porque es  tiempo de que nuestro pa\u00eds conozca a cabalidad el papel jugado por la  derecha pol\u00edtica, orientada y financiada por la CIA y el gobierno de  Estados Unidos. Parte de esta verdad se encontrar\u00e1 s\u00f3lo una vez que la  Justicia esclarezca el asesinato de Fernando \u00c1lvarez Castillo.<\/div>\n<div style=\"text-align: justify;\"><\/div>\n<div align=\"center\" style=\"text-align: justify;\"><strong>UNIDAD COMUNISTA<\/strong><\/div>\n","protected":false},"excerpt":{"rendered":"<p>Ante la liberaci\u00f3n de dos imputados por el asesinato de Fernando \u00c1lvarez Castillo, \u00faltimo intendente de Concepci\u00f3n en el periodo democr\u00e1tico, declaramos que: 1. Para nosotros, los comunistas, la b\u00fasqueda de un proceso judicial real no s\u00f3lo aspira al juicio y castigo de todos los cr\u00edmenes contra la Humanidad. Adem\u00e1s, debe permitir reconstituir los hechos [&hellip;]<\/p>\n","protected":false},"author":1,"featured_media":0,"comment_status":"open","ping_status":"open","sticky":false,"template":"","format":"standard","meta":{"footnotes":""},"categories":[154],"tags":[],"class_list":["post-4327","post","type-post","status-publish","format-standard","hentry","category-ddhh"],"yoast_head":"<!-- This site is optimized with the Yoast SEO plugin v25.0 - https:\/\/yoast.com\/wordpress\/plugins\/seo\/ -->\n<title>Liberan A Dos Imputados Por El Asesinato De Fernando \u00c1lvarez Castillo, \u00daltimo Intendente De Concepci\u00f3n Durante Allende - Nuestro Bio B\u00edo<\/title>\n<meta name=\"robots\" content=\"index, follow, max-snippet:-1, max-image-preview:large, max-video-preview:-1\" \/>\n<link rel=\"canonical\" href=\"https:\/\/www.fraczinet.cl\/sitio\/2013\/02\/01\/liberan-a-dos-imputados-por-el-asesinato-de-fernando-alvarez-castillo-ultimo-intendente-de-concepcion-durante-allende\/\" \/>\n<meta property=\"og:locale\" content=\"es_ES\" \/>\n<meta property=\"og:type\" content=\"article\" \/>\n<meta property=\"og:title\" content=\"Liberan A Dos Imputados Por El Asesinato De Fernando \u00c1lvarez Castillo, \u00daltimo Intendente De Concepci\u00f3n Durante Allende - Nuestro Bio B\u00edo\" \/>\n<meta property=\"og:description\" content=\"Ante la liberaci\u00f3n de dos imputados por el asesinato de Fernando \u00c1lvarez Castillo, \u00faltimo intendente de Concepci\u00f3n en el periodo democr\u00e1tico, declaramos que: 1. Para nosotros, los comunistas, la b\u00fasqueda de un proceso judicial real no s\u00f3lo aspira al juicio y castigo de todos los cr\u00edmenes contra la Humanidad. Adem\u00e1s, debe permitir reconstituir los hechos [&hellip;]\" \/>\n<meta property=\"og:url\" content=\"https:\/\/www.fraczinet.cl\/sitio\/2013\/02\/01\/liberan-a-dos-imputados-por-el-asesinato-de-fernando-alvarez-castillo-ultimo-intendente-de-concepcion-durante-allende\/\" \/>\n<meta property=\"og:site_name\" content=\"Nuestro Bio B\u00edo\" \/>\n<meta property=\"article:published_time\" content=\"2013-02-01T15:26:00+00:00\" \/>\n<meta property=\"og:image\" content=\"http:\/\/2.bp.blogspot.com\/-zM-SpJn9d5Y\/UQvei3F-qFI\/AAAAAAAAApY\/MAuOG8sjzR4\/s1600\/Fernando+%C3%81lvarez+Castillo.jpg\" \/>\n<meta name=\"author\" content=\"admin\" \/>\n<meta name=\"twitter:card\" content=\"summary_large_image\" \/>\n<meta name=\"twitter:creator\" content=\"@nuestrobiobio\" \/>\n<meta name=\"twitter:site\" content=\"@nuestrobiobio\" \/>\n<meta name=\"twitter:label1\" content=\"Escrito por\" \/>\n\t<meta name=\"twitter:data1\" content=\"admin\" \/>\n\t<meta name=\"twitter:label2\" content=\"Tiempo de lectura\" \/>\n\t<meta name=\"twitter:data2\" content=\"3 minutos\" \/>\n<script type=\"application\/ld+json\" class=\"yoast-schema-graph\">{\"@context\":\"https:\/\/schema.org\",\"@graph\":[{\"@type\":\"Article\",\"@id\":\"https:\/\/www.fraczinet.cl\/sitio\/2013\/02\/01\/liberan-a-dos-imputados-por-el-asesinato-de-fernando-alvarez-castillo-ultimo-intendente-de-concepcion-durante-allende\/#article\",\"isPartOf\":{\"@id\":\"https:\/\/www.fraczinet.cl\/sitio\/2013\/02\/01\/liberan-a-dos-imputados-por-el-asesinato-de-fernando-alvarez-castillo-ultimo-intendente-de-concepcion-durante-allende\/\"},\"author\":{\"name\":\"admin\",\"@id\":\"https:\/\/www.fraczinet.cl\/sitio\/#\/schema\/person\/bc30f98e9cb10ae7e119dbe14bc93784\"},\"headline\":\"Liberan A Dos Imputados Por El Asesinato De Fernando \u00c1lvarez Castillo, \u00daltimo Intendente De Concepci\u00f3n Durante Allende\",\"datePublished\":\"2013-02-01T15:26:00+00:00\",\"mainEntityOfPage\":{\"@id\":\"https:\/\/www.fraczinet.cl\/sitio\/2013\/02\/01\/liberan-a-dos-imputados-por-el-asesinato-de-fernando-alvarez-castillo-ultimo-intendente-de-concepcion-durante-allende\/\"},\"wordCount\":703,\"commentCount\":0,\"publisher\":{\"@id\":\"https:\/\/www.fraczinet.cl\/sitio\/#\/schema\/person\/aec8ee4da68df2b9b0eefdad24a0d582\"},\"image\":{\"@id\":\"https:\/\/www.fraczinet.cl\/sitio\/2013\/02\/01\/liberan-a-dos-imputados-por-el-asesinato-de-fernando-alvarez-castillo-ultimo-intendente-de-concepcion-durante-allende\/#primaryimage\"},\"thumbnailUrl\":\"http:\/\/2.bp.blogspot.com\/-zM-SpJn9d5Y\/UQvei3F-qFI\/AAAAAAAAApY\/MAuOG8sjzR4\/s1600\/Fernando+%C3%81lvarez+Castillo.jpg\",\"articleSection\":[\"DDHH\"],\"inLanguage\":\"es\",\"potentialAction\":[{\"@type\":\"CommentAction\",\"name\":\"Comment\",\"target\":[\"https:\/\/www.fraczinet.cl\/sitio\/2013\/02\/01\/liberan-a-dos-imputados-por-el-asesinato-de-fernando-alvarez-castillo-ultimo-intendente-de-concepcion-durante-allende\/#respond\"]}]},{\"@type\":\"WebPage\",\"@id\":\"https:\/\/www.fraczinet.cl\/sitio\/2013\/02\/01\/liberan-a-dos-imputados-por-el-asesinato-de-fernando-alvarez-castillo-ultimo-intendente-de-concepcion-durante-allende\/\",\"url\":\"https:\/\/www.fraczinet.cl\/sitio\/2013\/02\/01\/liberan-a-dos-imputados-por-el-asesinato-de-fernando-alvarez-castillo-ultimo-intendente-de-concepcion-durante-allende\/\",\"name\":\"Liberan A Dos Imputados Por El Asesinato De Fernando \u00c1lvarez Castillo, \u00daltimo Intendente De Concepci\u00f3n Durante Allende - Nuestro Bio B\u00edo\",\"isPartOf\":{\"@id\":\"https:\/\/www.fraczinet.cl\/sitio\/#website\"},\"primaryImageOfPage\":{\"@id\":\"https:\/\/www.fraczinet.cl\/sitio\/2013\/02\/01\/liberan-a-dos-imputados-por-el-asesinato-de-fernando-alvarez-castillo-ultimo-intendente-de-concepcion-durante-allende\/#primaryimage\"},\"image\":{\"@id\":\"https:\/\/www.fraczinet.cl\/sitio\/2013\/02\/01\/liberan-a-dos-imputados-por-el-asesinato-de-fernando-alvarez-castillo-ultimo-intendente-de-concepcion-durante-allende\/#primaryimage\"},\"thumbnailUrl\":\"http:\/\/2.bp.blogspot.com\/-zM-SpJn9d5Y\/UQvei3F-qFI\/AAAAAAAAApY\/MAuOG8sjzR4\/s1600\/Fernando+%C3%81lvarez+Castillo.jpg\",\"datePublished\":\"2013-02-01T15:26:00+00:00\",\"breadcrumb\":{\"@id\":\"https:\/\/www.fraczinet.cl\/sitio\/2013\/02\/01\/liberan-a-dos-imputados-por-el-asesinato-de-fernando-alvarez-castillo-ultimo-intendente-de-concepcion-durante-allende\/#breadcrumb\"},\"inLanguage\":\"es\",\"potentialAction\":[{\"@type\":\"ReadAction\",\"target\":[\"https:\/\/www.fraczinet.cl\/sitio\/2013\/02\/01\/liberan-a-dos-imputados-por-el-asesinato-de-fernando-alvarez-castillo-ultimo-intendente-de-concepcion-durante-allende\/\"]}]},{\"@type\":\"ImageObject\",\"inLanguage\":\"es\",\"@id\":\"https:\/\/www.fraczinet.cl\/sitio\/2013\/02\/01\/liberan-a-dos-imputados-por-el-asesinato-de-fernando-alvarez-castillo-ultimo-intendente-de-concepcion-durante-allende\/#primaryimage\",\"url\":\"http:\/\/2.bp.blogspot.com\/-zM-SpJn9d5Y\/UQvei3F-qFI\/AAAAAAAAApY\/MAuOG8sjzR4\/s1600\/Fernando+%C3%81lvarez+Castillo.jpg\",\"contentUrl\":\"http:\/\/2.bp.blogspot.com\/-zM-SpJn9d5Y\/UQvei3F-qFI\/AAAAAAAAApY\/MAuOG8sjzR4\/s1600\/Fernando+%C3%81lvarez+Castillo.jpg\"},{\"@type\":\"BreadcrumbList\",\"@id\":\"https:\/\/www.fraczinet.cl\/sitio\/2013\/02\/01\/liberan-a-dos-imputados-por-el-asesinato-de-fernando-alvarez-castillo-ultimo-intendente-de-concepcion-durante-allende\/#breadcrumb\",\"itemListElement\":[{\"@type\":\"ListItem\",\"position\":1,\"name\":\"Portada\",\"item\":\"https:\/\/www.fraczinet.cl\/sitio\/\"},{\"@type\":\"ListItem\",\"position\":2,\"name\":\"Liberan A Dos Imputados Por El Asesinato De Fernando \u00c1lvarez Castillo, \u00daltimo Intendente De Concepci\u00f3n Durante Allende\"}]},{\"@type\":\"WebSite\",\"@id\":\"https:\/\/www.fraczinet.cl\/sitio\/#website\",\"url\":\"https:\/\/www.fraczinet.cl\/sitio\/\",\"name\":\"Nuestro Bio B\u00edo\",\"description\":\"Tierra de Encuentros\",\"publisher\":{\"@id\":\"https:\/\/www.fraczinet.cl\/sitio\/#\/schema\/person\/aec8ee4da68df2b9b0eefdad24a0d582\"},\"potentialAction\":[{\"@type\":\"SearchAction\",\"target\":{\"@type\":\"EntryPoint\",\"urlTemplate\":\"https:\/\/www.fraczinet.cl\/sitio\/?s={search_term_string}\"},\"query-input\":{\"@type\":\"PropertyValueSpecification\",\"valueRequired\":true,\"valueName\":\"search_term_string\"}}],\"inLanguage\":\"es\"},{\"@type\":[\"Person\",\"Organization\"],\"@id\":\"https:\/\/www.fraczinet.cl\/sitio\/#\/schema\/person\/aec8ee4da68df2b9b0eefdad24a0d582\",\"name\":\"Luis Fernando Fraczinet\",\"image\":{\"@type\":\"ImageObject\",\"inLanguage\":\"es\",\"@id\":\"https:\/\/www.fraczinet.cl\/sitio\/#\/schema\/person\/image\/\",\"url\":\"https:\/\/www.fraczinet.cl\/sitio\/wp-content\/uploads\/2021\/07\/bannerlogo-1.gif\",\"contentUrl\":\"https:\/\/www.fraczinet.cl\/sitio\/wp-content\/uploads\/2021\/07\/bannerlogo-1.gif\",\"width\":159,\"height\":79,\"caption\":\"Luis Fernando Fraczinet\"},\"logo\":{\"@id\":\"https:\/\/www.fraczinet.cl\/sitio\/#\/schema\/person\/image\/\"},\"sameAs\":[\"https:\/\/www.fraczinet.cl\/sitio\/\"]},{\"@type\":\"Person\",\"@id\":\"https:\/\/www.fraczinet.cl\/sitio\/#\/schema\/person\/bc30f98e9cb10ae7e119dbe14bc93784\",\"name\":\"admin\",\"image\":{\"@type\":\"ImageObject\",\"inLanguage\":\"es\",\"@id\":\"https:\/\/www.fraczinet.cl\/sitio\/#\/schema\/person\/image\/\",\"url\":\"https:\/\/secure.gravatar.com\/avatar\/d5ad3cf7ef3b23a2bb5be73be780c86b2fc8545c3ad6b149f3913ff458c00099?s=96&d=mm&r=g\",\"contentUrl\":\"https:\/\/secure.gravatar.com\/avatar\/d5ad3cf7ef3b23a2bb5be73be780c86b2fc8545c3ad6b149f3913ff458c00099?s=96&d=mm&r=g\",\"caption\":\"admin\"},\"sameAs\":[\"https:\/\/www.fraczinet.cl\/sitio\"]}]}<\/script>\n<!-- \/ Yoast SEO plugin. -->","yoast_head_json":{"title":"Liberan A Dos Imputados Por El Asesinato De Fernando \u00c1lvarez Castillo, \u00daltimo Intendente De Concepci\u00f3n Durante Allende - Nuestro Bio B\u00edo","robots":{"index":"index","follow":"follow","max-snippet":"max-snippet:-1","max-image-preview":"max-image-preview:large","max-video-preview":"max-video-preview:-1"},"canonical":"https:\/\/www.fraczinet.cl\/sitio\/2013\/02\/01\/liberan-a-dos-imputados-por-el-asesinato-de-fernando-alvarez-castillo-ultimo-intendente-de-concepcion-durante-allende\/","og_locale":"es_ES","og_type":"article","og_title":"Liberan A Dos Imputados Por El Asesinato De Fernando \u00c1lvarez Castillo, \u00daltimo Intendente De Concepci\u00f3n Durante Allende - Nuestro Bio B\u00edo","og_description":"Ante la liberaci\u00f3n de dos imputados por el asesinato de Fernando \u00c1lvarez Castillo, \u00faltimo intendente de Concepci\u00f3n en el periodo democr\u00e1tico, declaramos que: 1. Para nosotros, los comunistas, la b\u00fasqueda de un proceso judicial real no s\u00f3lo aspira al juicio y castigo de todos los cr\u00edmenes contra la Humanidad. Adem\u00e1s, debe permitir reconstituir los hechos [&hellip;]","og_url":"https:\/\/www.fraczinet.cl\/sitio\/2013\/02\/01\/liberan-a-dos-imputados-por-el-asesinato-de-fernando-alvarez-castillo-ultimo-intendente-de-concepcion-durante-allende\/","og_site_name":"Nuestro Bio B\u00edo","article_published_time":"2013-02-01T15:26:00+00:00","og_image":[{"url":"http:\/\/2.bp.blogspot.com\/-zM-SpJn9d5Y\/UQvei3F-qFI\/AAAAAAAAApY\/MAuOG8sjzR4\/s1600\/Fernando+%C3%81lvarez+Castillo.jpg","type":"","width":"","height":""}],"author":"admin","twitter_card":"summary_large_image","twitter_creator":"@nuestrobiobio","twitter_site":"@nuestrobiobio","twitter_misc":{"Escrito por":"admin","Tiempo de lectura":"3 minutos"},"schema":{"@context":"https:\/\/schema.org","@graph":[{"@type":"Article","@id":"https:\/\/www.fraczinet.cl\/sitio\/2013\/02\/01\/liberan-a-dos-imputados-por-el-asesinato-de-fernando-alvarez-castillo-ultimo-intendente-de-concepcion-durante-allende\/#article","isPartOf":{"@id":"https:\/\/www.fraczinet.cl\/sitio\/2013\/02\/01\/liberan-a-dos-imputados-por-el-asesinato-de-fernando-alvarez-castillo-ultimo-intendente-de-concepcion-durante-allende\/"},"author":{"name":"admin","@id":"https:\/\/www.fraczinet.cl\/sitio\/#\/schema\/person\/bc30f98e9cb10ae7e119dbe14bc93784"},"headline":"Liberan A Dos Imputados Por El Asesinato De Fernando \u00c1lvarez Castillo, \u00daltimo Intendente De Concepci\u00f3n Durante Allende","datePublished":"2013-02-01T15:26:00+00:00","mainEntityOfPage":{"@id":"https:\/\/www.fraczinet.cl\/sitio\/2013\/02\/01\/liberan-a-dos-imputados-por-el-asesinato-de-fernando-alvarez-castillo-ultimo-intendente-de-concepcion-durante-allende\/"},"wordCount":703,"commentCount":0,"publisher":{"@id":"https:\/\/www.fraczinet.cl\/sitio\/#\/schema\/person\/aec8ee4da68df2b9b0eefdad24a0d582"},"image":{"@id":"https:\/\/www.fraczinet.cl\/sitio\/2013\/02\/01\/liberan-a-dos-imputados-por-el-asesinato-de-fernando-alvarez-castillo-ultimo-intendente-de-concepcion-durante-allende\/#primaryimage"},"thumbnailUrl":"http:\/\/2.bp.blogspot.com\/-zM-SpJn9d5Y\/UQvei3F-qFI\/AAAAAAAAApY\/MAuOG8sjzR4\/s1600\/Fernando+%C3%81lvarez+Castillo.jpg","articleSection":["DDHH"],"inLanguage":"es","potentialAction":[{"@type":"CommentAction","name":"Comment","target":["https:\/\/www.fraczinet.cl\/sitio\/2013\/02\/01\/liberan-a-dos-imputados-por-el-asesinato-de-fernando-alvarez-castillo-ultimo-intendente-de-concepcion-durante-allende\/#respond"]}]},{"@type":"WebPage","@id":"https:\/\/www.fraczinet.cl\/sitio\/2013\/02\/01\/liberan-a-dos-imputados-por-el-asesinato-de-fernando-alvarez-castillo-ultimo-intendente-de-concepcion-durante-allende\/","url":"https:\/\/www.fraczinet.cl\/sitio\/2013\/02\/01\/liberan-a-dos-imputados-por-el-asesinato-de-fernando-alvarez-castillo-ultimo-intendente-de-concepcion-durante-allende\/","name":"Liberan A Dos Imputados Por El Asesinato De Fernando \u00c1lvarez Castillo, \u00daltimo Intendente De Concepci\u00f3n Durante Allende - Nuestro Bio B\u00edo","isPartOf":{"@id":"https:\/\/www.fraczinet.cl\/sitio\/#website"},"primaryImageOfPage":{"@id":"https:\/\/www.fraczinet.cl\/sitio\/2013\/02\/01\/liberan-a-dos-imputados-por-el-asesinato-de-fernando-alvarez-castillo-ultimo-intendente-de-concepcion-durante-allende\/#primaryimage"},"image":{"@id":"https:\/\/www.fraczinet.cl\/sitio\/2013\/02\/01\/liberan-a-dos-imputados-por-el-asesinato-de-fernando-alvarez-castillo-ultimo-intendente-de-concepcion-durante-allende\/#primaryimage"},"thumbnailUrl":"http:\/\/2.bp.blogspot.com\/-zM-SpJn9d5Y\/UQvei3F-qFI\/AAAAAAAAApY\/MAuOG8sjzR4\/s1600\/Fernando+%C3%81lvarez+Castillo.jpg","datePublished":"2013-02-01T15:26:00+00:00","breadcrumb":{"@id":"https:\/\/www.fraczinet.cl\/sitio\/2013\/02\/01\/liberan-a-dos-imputados-por-el-asesinato-de-fernando-alvarez-castillo-ultimo-intendente-de-concepcion-durante-allende\/#breadcrumb"},"inLanguage":"es","potentialAction":[{"@type":"ReadAction","target":["https:\/\/www.fraczinet.cl\/sitio\/2013\/02\/01\/liberan-a-dos-imputados-por-el-asesinato-de-fernando-alvarez-castillo-ultimo-intendente-de-concepcion-durante-allende\/"]}]},{"@type":"ImageObject","inLanguage":"es","@id":"https:\/\/www.fraczinet.cl\/sitio\/2013\/02\/01\/liberan-a-dos-imputados-por-el-asesinato-de-fernando-alvarez-castillo-ultimo-intendente-de-concepcion-durante-allende\/#primaryimage","url":"http:\/\/2.bp.blogspot.com\/-zM-SpJn9d5Y\/UQvei3F-qFI\/AAAAAAAAApY\/MAuOG8sjzR4\/s1600\/Fernando+%C3%81lvarez+Castillo.jpg","contentUrl":"http:\/\/2.bp.blogspot.com\/-zM-SpJn9d5Y\/UQvei3F-qFI\/AAAAAAAAApY\/MAuOG8sjzR4\/s1600\/Fernando+%C3%81lvarez+Castillo.jpg"},{"@type":"BreadcrumbList","@id":"https:\/\/www.fraczinet.cl\/sitio\/2013\/02\/01\/liberan-a-dos-imputados-por-el-asesinato-de-fernando-alvarez-castillo-ultimo-intendente-de-concepcion-durante-allende\/#breadcrumb","itemListElement":[{"@type":"ListItem","position":1,"name":"Portada","item":"https:\/\/www.fraczinet.cl\/sitio\/"},{"@type":"ListItem","position":2,"name":"Liberan A Dos Imputados Por El Asesinato De Fernando \u00c1lvarez Castillo, \u00daltimo Intendente De Concepci\u00f3n Durante Allende"}]},{"@type":"WebSite","@id":"https:\/\/www.fraczinet.cl\/sitio\/#website","url":"https:\/\/www.fraczinet.cl\/sitio\/","name":"Nuestro Bio B\u00edo","description":"Tierra de Encuentros","publisher":{"@id":"https:\/\/www.fraczinet.cl\/sitio\/#\/schema\/person\/aec8ee4da68df2b9b0eefdad24a0d582"},"potentialAction":[{"@type":"SearchAction","target":{"@type":"EntryPoint","urlTemplate":"https:\/\/www.fraczinet.cl\/sitio\/?s={search_term_string}"},"query-input":{"@type":"PropertyValueSpecification","valueRequired":true,"valueName":"search_term_string"}}],"inLanguage":"es"},{"@type":["Person","Organization"],"@id":"https:\/\/www.fraczinet.cl\/sitio\/#\/schema\/person\/aec8ee4da68df2b9b0eefdad24a0d582","name":"Luis Fernando Fraczinet","image":{"@type":"ImageObject","inLanguage":"es","@id":"https:\/\/www.fraczinet.cl\/sitio\/#\/schema\/person\/image\/","url":"https:\/\/www.fraczinet.cl\/sitio\/wp-content\/uploads\/2021\/07\/bannerlogo-1.gif","contentUrl":"https:\/\/www.fraczinet.cl\/sitio\/wp-content\/uploads\/2021\/07\/bannerlogo-1.gif","width":159,"height":79,"caption":"Luis Fernando Fraczinet"},"logo":{"@id":"https:\/\/www.fraczinet.cl\/sitio\/#\/schema\/person\/image\/"},"sameAs":["https:\/\/www.fraczinet.cl\/sitio\/"]},{"@type":"Person","@id":"https:\/\/www.fraczinet.cl\/sitio\/#\/schema\/person\/bc30f98e9cb10ae7e119dbe14bc93784","name":"admin","image":{"@type":"ImageObject","inLanguage":"es","@id":"https:\/\/www.fraczinet.cl\/sitio\/#\/schema\/person\/image\/","url":"https:\/\/secure.gravatar.com\/avatar\/d5ad3cf7ef3b23a2bb5be73be780c86b2fc8545c3ad6b149f3913ff458c00099?s=96&d=mm&r=g","contentUrl":"https:\/\/secure.gravatar.com\/avatar\/d5ad3cf7ef3b23a2bb5be73be780c86b2fc8545c3ad6b149f3913ff458c00099?s=96&d=mm&r=g","caption":"admin"},"sameAs":["https:\/\/www.fraczinet.cl\/sitio"]}]}},"_links":{"self":[{"href":"https:\/\/www.fraczinet.cl\/sitio\/wp-json\/wp\/v2\/posts\/4327","targetHints":{"allow":["GET"]}}],"collection":[{"href":"https:\/\/www.fraczinet.cl\/sitio\/wp-json\/wp\/v2\/posts"}],"about":[{"href":"https:\/\/www.fraczinet.cl\/sitio\/wp-json\/wp\/v2\/types\/post"}],"author":[{"embeddable":true,"href":"https:\/\/www.fraczinet.cl\/sitio\/wp-json\/wp\/v2\/users\/1"}],"replies":[{"embeddable":true,"href":"https:\/\/www.fraczinet.cl\/sitio\/wp-json\/wp\/v2\/comments?post=4327"}],"version-history":[{"count":0,"href":"https:\/\/www.fraczinet.cl\/sitio\/wp-json\/wp\/v2\/posts\/4327\/revisions"}],"wp:attachment":[{"href":"https:\/\/www.fraczinet.cl\/sitio\/wp-json\/wp\/v2\/media?parent=4327"}],"wp:term":[{"taxonomy":"category","embeddable":true,"href":"https:\/\/www.fraczinet.cl\/sitio\/wp-json\/wp\/v2\/categories?post=4327"},{"taxonomy":"post_tag","embeddable":true,"href":"https:\/\/www.fraczinet.cl\/sitio\/wp-json\/wp\/v2\/tags?post=4327"}],"curies":[{"name":"wp","href":"https:\/\/api.w.org\/{rel}","templated":true}]}}