{"id":4343,"date":"2013-01-19T16:39:00","date_gmt":"2013-01-19T16:39:00","guid":{"rendered":"https:\/\/www.fraczinet.cl\/sitio\/2013\/01\/19\/exposicion-duenos-de-esta-selva-maestros-animales-de-los-artistas-tomas-saavedra-y-fernanda-rojas\/"},"modified":"2022-10-06T22:34:01","modified_gmt":"2022-10-06T22:34:01","slug":"exposicion-duenos-de-esta-selva-maestros-animales-de-los-artistas-tomas-saavedra-y-fernanda-rojas","status":"publish","type":"post","link":"https:\/\/www.fraczinet.cl\/sitio\/2013\/01\/19\/exposicion-duenos-de-esta-selva-maestros-animales-de-los-artistas-tomas-saavedra-y-fernanda-rojas\/","title":{"rendered":"Exposici\u00f3n \u00abDue\u00f1os De Esta Selva, Maestros Animales\u00bb De Los Artistas Tom\u00e1s Saavedra Y Fernanda Rojas"},"content":{"rendered":"<div style=\"text-align: justify;\">El d\u00eda 22 de enero de 2013, a las 18:00 hrs. se inaugura en el Centro Cultural de San Pedro de la Paz ubicado en Los Fresnos 1640, una nueva muestra, esta vez en la Regi\u00f3n del Bio B\u00edo, de esta serie \u201c<b>Due\u00f1os de esta Selva-<\/b> <b> Nuestros animales<\/b>\u201d  que lleva a conocer un poco m\u00e1s sobre los animales chilenos,  permitiendo una mayor cercan\u00eda y comprensi\u00f3n con lo que representa cada  uno, especialmente para la cultura mapuche. Esta exposici\u00f3n estar\u00e1  abierta hasta el 29 de enero de 2013.<\/div>\n<div style=\"text-align: justify;\"><\/div>\n<div style=\"clear: both; text-align: justify;\"><a href=\"http:\/\/2.bp.blogspot.com\/-w3iDsGF39yk\/UPrMFHT-N0I\/AAAAAAAAYN4\/VivClacuBKI\/s1600\/FOTO+CUADRO+-SAPO+-+BOCO+-+FERNANDA+ROJAS+1.JPG\" style=\"margin-left: 1em; margin-right: 1em;\"><img fetchpriority=\"high\" decoding=\"async\" border=\"0\" height=\"243\" src=\"https:\/\/2.bp.blogspot.com\/-w3iDsGF39yk\/UPrMFHT-N0I\/AAAAAAAAYN4\/VivClacuBKI\/s320\/FOTO+CUADRO+-SAPO+-+BOCO+-+FERNANDA+ROJAS+1.JPG\" width=\"320\" \/><\/a><\/div>\n<div style=\"text-align: justify;\"><\/div>\n<div style=\"clear: both; text-align: justify;\"><a href=\"http:\/\/2.bp.blogspot.com\/-19goZXzE5yM\/UPrMJDBxFQI\/AAAAAAAAYOA\/Lcmn5VV_2WE\/s1600\/FOTO+CUADRO+PERRO+TOMAS+SAAVEDRA.jpg\" style=\"margin-left: 1em; margin-right: 1em;\"><img decoding=\"async\" border=\"0\" src=\"https:\/\/2.bp.blogspot.com\/-19goZXzE5yM\/UPrMJDBxFQI\/AAAAAAAAYOA\/Lcmn5VV_2WE\/s1600\/FOTO+CUADRO+PERRO+TOMAS+SAAVEDRA.jpg\" \/><\/a><\/div>\n<div style=\"text-align: justify;\">Esta presentaci\u00f3n conjunta,  de los artistas visuales Tom\u00e1s Saavedra y Fernanda Rojas P\u00e1ez, que  refleja dos miradas hacia los verdaderos due\u00f1os de este planeta:  nuestros animales, se ha presentado en la Corporaci\u00f3n Cultural de Lo  Barnechea (Centro Lector, 2012) y en Puente Arte de la municipalidad de  Puente Alto (Biblioteca Central, 2012).<\/div>\n<div style=\"text-align: justify;\"><\/div>\n<div style=\"text-align: justify;\">\u201cLo que quiero reflejar en  esta muestra -explica el artista visual Tom\u00e1s Saavedra-, no es tanto el  dolor o sufrimiento por el que ellos pasan si no que darlos a conocer  como seres normales que aportan y le dan belleza a nuestra patria, por  eso me inclino por el lado m\u00e1s cotidiano, m\u00e1s sano.<\/div>\n<div style=\"text-align: justify;\"><\/div>\n<div style=\"text-align: justify;\">Cada h\u00e1bitat  para m\u00ed representa colores y formas distintas ya sea el aire la tierra  el mar, y trato de resaltar eso en cada cuadro, para poder darle a cada  uno una autenticidad que hace que las obras se vean m\u00e1s llamativas.&nbsp;  Juego mucho tambi\u00e9n con el espacio del formato en el cual incluyo varios  objetos que muchas veces no se ven, por eso necesario mirar con  detenci\u00f3n cada una de mis obras, para tener una noci\u00f3n m\u00e1s clara. Esto  me lleva a que las t\u00e9cnicas utilizadas son varias lo que hace que este  trabajo obtenga un resultado justo y atractivo para quienes lo miren.\u201d<\/div>\n<div style=\"text-align: justify;\"><\/div>\n<div style=\"text-align: justify;\">Por  su parte, la artista visual Fernanda Rojas P\u00e1ez, dice sobre su trabajo:  \u201cPara la cultura mapuche los animales est\u00e1n integrados a su  cosmovisi\u00f3n, a su forma de vivir. Est\u00e1n presentes en su g\u00e9nesis, son  gu\u00edas y protectores de sus comunidades, los conocen profundamente y  consideran sagrada la funci\u00f3n de cada uno de ellos en la naturaleza\u2026 Las  machis invocan a sus animales sagrados y usan elementos que los  representan en sus ceremonias, pues les brindan protecci\u00f3n y poderes  seg\u00fan sea el animal\u2026 En esta serie, que es parte del resultado de mi  proceso de investigaci\u00f3n sobre los animales sagrados para la cultura  mapuche y la decodificaci\u00f3n de su simbolog\u00eda como lenguaje espiritual y  est\u00e9tico, busco mostrar ese misterio y ese mundo m\u00e1gico lleno de  im\u00e1genes evocativas que los envuelve, por medio de una expresi\u00f3n  figurativa, con \u00e9nfasis en la simbolog\u00eda, el color y las texturas que  representan la esencia y el esp\u00edritu de cada uno de los animales.\u201d<\/div>\n<div style=\"text-align: justify;\">Fernanda  Rojas P\u00e1ez luego de ejercer como periodista, desde el 2006 se dedica  exclusivamente a desarrollar su vocaci\u00f3n por las artes visuales. Dada su  formaci\u00f3n acad\u00e9mica y su inter\u00e9s en la investigaci\u00f3n, centra su trabajo  art\u00edstico en la vinculaci\u00f3n de dos culturas originarias: la mapuche y  la china, especialmente en su simbolog\u00eda espiritual. En enero de 2011  realiza la exposici\u00f3n \u201cDialogo de Reencuentro\u201d junto a Tom\u00e1s Saavedra. &nbsp;  El conocimiento de la cultura mapuche lleva a la artista al encuentro  con sus animales sagrados, propios de Chile, surge as\u00ed la serie \u201cDue\u00f1os  de Esta Selva, Nuestros Animales\u201d la que expone, en conjunto con Tom\u00e1s  Saavedra, en&nbsp; la Corporaci\u00f3n Cultural de Lo Barnechea y en la  Biblioteca central de Puente Alto, en 2012. A partir del 26 de enero  hasta el 28 de febrero de 2013, otras de sus obras estar\u00e1n en el Museo  Lord Cochrane en Valpara\u00edso, en una exposici\u00f3n colectiva con el grupo  Resucitarte.<\/div>\n<div style=\"text-align: justify;\"><\/div>\n<div style=\"text-align: justify;\">En tanto, Tom\u00e1s Saavedra es artista visual e  ilustrador digital. Su inter\u00e9s por el arte surge desde muy joven y lo  lleva a realizar diversos cursos en el \u00e1rea y a estudiar ilustraci\u00f3n  digital el 2010. A nivel art\u00edstico ha realizado varias exposiciones. La  primera en la Estaci\u00f3n del Metro Quinta Normal, oportunidad en la que en  el concurso de la \u201cBicicultura\u201d obteniendo la primera menci\u00f3n honrosa.  Luego en enero de 2011 realiza la exposici\u00f3n \u201cComo Nosotros\u201d, en  conjunto con Fernanda Rojas. En 2011 tambi\u00e9n expone en la Corporaci\u00f3n  Cultural de Puente Alto. Luego en 2012, presenta la serie \u201cDue\u00f1os de  Esta Selva, Nuestros Animales\u201d en conjunto con Fernanda Rojas, en la  Corporaci\u00f3n Cultural de Lo Barnechea y en la Biblioteca central de  Puente Alto. Otros trabajos del artistas se estar\u00e1n presentando entre el  17 de enero hasta el 28 de febrero en las salas de Hostal Mano de  Monja, en la ciudad de Valpara\u00edso.<\/div>\n","protected":false},"excerpt":{"rendered":"<p>El d\u00eda 22 de enero de 2013, a las 18:00 hrs. se inaugura en el Centro Cultural de San Pedro de la Paz ubicado en Los Fresnos 1640, una nueva muestra, esta vez en la Regi\u00f3n del Bio B\u00edo, de esta serie \u201cDue\u00f1os de esta Selva- Nuestros animales\u201d que lleva a conocer un poco m\u00e1s [&hellip;]<\/p>\n","protected":false},"author":1,"featured_media":0,"comment_status":"open","ping_status":"open","sticky":false,"template":"","format":"standard","meta":{"footnotes":""},"categories":[44],"tags":[],"class_list":["post-4343","post","type-post","status-publish","format-standard","hentry","category-eventos"],"yoast_head":"<!-- This site is optimized with the Yoast SEO plugin v25.0 - https:\/\/yoast.com\/wordpress\/plugins\/seo\/ -->\n<title>Exposici\u00f3n &quot;Due\u00f1os De Esta Selva, Maestros Animales&quot; De Los Artistas Tom\u00e1s Saavedra Y Fernanda Rojas - Nuestro Bio B\u00edo<\/title>\n<meta name=\"robots\" content=\"index, follow, max-snippet:-1, max-image-preview:large, max-video-preview:-1\" \/>\n<link rel=\"canonical\" href=\"https:\/\/www.fraczinet.cl\/sitio\/2013\/01\/19\/exposicion-duenos-de-esta-selva-maestros-animales-de-los-artistas-tomas-saavedra-y-fernanda-rojas\/\" \/>\n<meta property=\"og:locale\" content=\"es_ES\" \/>\n<meta property=\"og:type\" content=\"article\" \/>\n<meta property=\"og:title\" content=\"Exposici\u00f3n &quot;Due\u00f1os De Esta Selva, Maestros Animales&quot; De Los Artistas Tom\u00e1s Saavedra Y Fernanda Rojas - Nuestro Bio B\u00edo\" \/>\n<meta property=\"og:description\" content=\"El d\u00eda 22 de enero de 2013, a las 18:00 hrs. se inaugura en el Centro Cultural de San Pedro de la Paz ubicado en Los Fresnos 1640, una nueva muestra, esta vez en la Regi\u00f3n del Bio B\u00edo, de esta serie \u201cDue\u00f1os de esta Selva- Nuestros animales\u201d que lleva a conocer un poco m\u00e1s [&hellip;]\" \/>\n<meta property=\"og:url\" content=\"https:\/\/www.fraczinet.cl\/sitio\/2013\/01\/19\/exposicion-duenos-de-esta-selva-maestros-animales-de-los-artistas-tomas-saavedra-y-fernanda-rojas\/\" \/>\n<meta property=\"og:site_name\" content=\"Nuestro Bio B\u00edo\" \/>\n<meta property=\"article:published_time\" content=\"2013-01-19T16:39:00+00:00\" \/>\n<meta property=\"article:modified_time\" content=\"2022-10-06T22:34:01+00:00\" \/>\n<meta property=\"og:image\" content=\"https:\/\/2.bp.blogspot.com\/-w3iDsGF39yk\/UPrMFHT-N0I\/AAAAAAAAYN4\/VivClacuBKI\/s320\/FOTO+CUADRO+-SAPO+-+BOCO+-+FERNANDA+ROJAS+1.JPG\" \/>\n<meta name=\"author\" content=\"admin\" \/>\n<meta name=\"twitter:card\" content=\"summary_large_image\" \/>\n<meta name=\"twitter:creator\" content=\"@nuestrobiobio\" \/>\n<meta name=\"twitter:site\" content=\"@nuestrobiobio\" \/>\n<meta name=\"twitter:label1\" content=\"Escrito por\" \/>\n\t<meta name=\"twitter:data1\" content=\"admin\" \/>\n\t<meta name=\"twitter:label2\" content=\"Tiempo de lectura\" \/>\n\t<meta name=\"twitter:data2\" content=\"4 minutos\" \/>\n<script type=\"application\/ld+json\" class=\"yoast-schema-graph\">{\"@context\":\"https:\/\/schema.org\",\"@graph\":[{\"@type\":\"Article\",\"@id\":\"https:\/\/www.fraczinet.cl\/sitio\/2013\/01\/19\/exposicion-duenos-de-esta-selva-maestros-animales-de-los-artistas-tomas-saavedra-y-fernanda-rojas\/#article\",\"isPartOf\":{\"@id\":\"https:\/\/www.fraczinet.cl\/sitio\/2013\/01\/19\/exposicion-duenos-de-esta-selva-maestros-animales-de-los-artistas-tomas-saavedra-y-fernanda-rojas\/\"},\"author\":{\"name\":\"admin\",\"@id\":\"https:\/\/www.fraczinet.cl\/sitio\/#\/schema\/person\/bc30f98e9cb10ae7e119dbe14bc93784\"},\"headline\":\"Exposici\u00f3n \u00abDue\u00f1os De Esta Selva, Maestros Animales\u00bb De Los Artistas Tom\u00e1s Saavedra Y Fernanda Rojas\",\"datePublished\":\"2013-01-19T16:39:00+00:00\",\"dateModified\":\"2022-10-06T22:34:01+00:00\",\"mainEntityOfPage\":{\"@id\":\"https:\/\/www.fraczinet.cl\/sitio\/2013\/01\/19\/exposicion-duenos-de-esta-selva-maestros-animales-de-los-artistas-tomas-saavedra-y-fernanda-rojas\/\"},\"wordCount\":838,\"commentCount\":0,\"publisher\":{\"@id\":\"https:\/\/www.fraczinet.cl\/sitio\/#\/schema\/person\/aec8ee4da68df2b9b0eefdad24a0d582\"},\"image\":{\"@id\":\"https:\/\/www.fraczinet.cl\/sitio\/2013\/01\/19\/exposicion-duenos-de-esta-selva-maestros-animales-de-los-artistas-tomas-saavedra-y-fernanda-rojas\/#primaryimage\"},\"thumbnailUrl\":\"https:\/\/2.bp.blogspot.com\/-w3iDsGF39yk\/UPrMFHT-N0I\/AAAAAAAAYN4\/VivClacuBKI\/s320\/FOTO+CUADRO+-SAPO+-+BOCO+-+FERNANDA+ROJAS+1.JPG\",\"articleSection\":[\"Eventos\"],\"inLanguage\":\"es\",\"potentialAction\":[{\"@type\":\"CommentAction\",\"name\":\"Comment\",\"target\":[\"https:\/\/www.fraczinet.cl\/sitio\/2013\/01\/19\/exposicion-duenos-de-esta-selva-maestros-animales-de-los-artistas-tomas-saavedra-y-fernanda-rojas\/#respond\"]}]},{\"@type\":\"WebPage\",\"@id\":\"https:\/\/www.fraczinet.cl\/sitio\/2013\/01\/19\/exposicion-duenos-de-esta-selva-maestros-animales-de-los-artistas-tomas-saavedra-y-fernanda-rojas\/\",\"url\":\"https:\/\/www.fraczinet.cl\/sitio\/2013\/01\/19\/exposicion-duenos-de-esta-selva-maestros-animales-de-los-artistas-tomas-saavedra-y-fernanda-rojas\/\",\"name\":\"Exposici\u00f3n \\\"Due\u00f1os De Esta Selva, Maestros Animales\\\" De Los Artistas Tom\u00e1s Saavedra Y Fernanda Rojas - Nuestro Bio B\u00edo\",\"isPartOf\":{\"@id\":\"https:\/\/www.fraczinet.cl\/sitio\/#website\"},\"primaryImageOfPage\":{\"@id\":\"https:\/\/www.fraczinet.cl\/sitio\/2013\/01\/19\/exposicion-duenos-de-esta-selva-maestros-animales-de-los-artistas-tomas-saavedra-y-fernanda-rojas\/#primaryimage\"},\"image\":{\"@id\":\"https:\/\/www.fraczinet.cl\/sitio\/2013\/01\/19\/exposicion-duenos-de-esta-selva-maestros-animales-de-los-artistas-tomas-saavedra-y-fernanda-rojas\/#primaryimage\"},\"thumbnailUrl\":\"https:\/\/2.bp.blogspot.com\/-w3iDsGF39yk\/UPrMFHT-N0I\/AAAAAAAAYN4\/VivClacuBKI\/s320\/FOTO+CUADRO+-SAPO+-+BOCO+-+FERNANDA+ROJAS+1.JPG\",\"datePublished\":\"2013-01-19T16:39:00+00:00\",\"dateModified\":\"2022-10-06T22:34:01+00:00\",\"breadcrumb\":{\"@id\":\"https:\/\/www.fraczinet.cl\/sitio\/2013\/01\/19\/exposicion-duenos-de-esta-selva-maestros-animales-de-los-artistas-tomas-saavedra-y-fernanda-rojas\/#breadcrumb\"},\"inLanguage\":\"es\",\"potentialAction\":[{\"@type\":\"ReadAction\",\"target\":[\"https:\/\/www.fraczinet.cl\/sitio\/2013\/01\/19\/exposicion-duenos-de-esta-selva-maestros-animales-de-los-artistas-tomas-saavedra-y-fernanda-rojas\/\"]}]},{\"@type\":\"ImageObject\",\"inLanguage\":\"es\",\"@id\":\"https:\/\/www.fraczinet.cl\/sitio\/2013\/01\/19\/exposicion-duenos-de-esta-selva-maestros-animales-de-los-artistas-tomas-saavedra-y-fernanda-rojas\/#primaryimage\",\"url\":\"https:\/\/2.bp.blogspot.com\/-w3iDsGF39yk\/UPrMFHT-N0I\/AAAAAAAAYN4\/VivClacuBKI\/s320\/FOTO+CUADRO+-SAPO+-+BOCO+-+FERNANDA+ROJAS+1.JPG\",\"contentUrl\":\"https:\/\/2.bp.blogspot.com\/-w3iDsGF39yk\/UPrMFHT-N0I\/AAAAAAAAYN4\/VivClacuBKI\/s320\/FOTO+CUADRO+-SAPO+-+BOCO+-+FERNANDA+ROJAS+1.JPG\"},{\"@type\":\"BreadcrumbList\",\"@id\":\"https:\/\/www.fraczinet.cl\/sitio\/2013\/01\/19\/exposicion-duenos-de-esta-selva-maestros-animales-de-los-artistas-tomas-saavedra-y-fernanda-rojas\/#breadcrumb\",\"itemListElement\":[{\"@type\":\"ListItem\",\"position\":1,\"name\":\"Portada\",\"item\":\"https:\/\/www.fraczinet.cl\/sitio\/\"},{\"@type\":\"ListItem\",\"position\":2,\"name\":\"Exposici\u00f3n \u00abDue\u00f1os De Esta Selva, Maestros Animales\u00bb De Los Artistas Tom\u00e1s Saavedra Y Fernanda Rojas\"}]},{\"@type\":\"WebSite\",\"@id\":\"https:\/\/www.fraczinet.cl\/sitio\/#website\",\"url\":\"https:\/\/www.fraczinet.cl\/sitio\/\",\"name\":\"Nuestro Bio B\u00edo\",\"description\":\"Tierra de Encuentros\",\"publisher\":{\"@id\":\"https:\/\/www.fraczinet.cl\/sitio\/#\/schema\/person\/aec8ee4da68df2b9b0eefdad24a0d582\"},\"potentialAction\":[{\"@type\":\"SearchAction\",\"target\":{\"@type\":\"EntryPoint\",\"urlTemplate\":\"https:\/\/www.fraczinet.cl\/sitio\/?s={search_term_string}\"},\"query-input\":{\"@type\":\"PropertyValueSpecification\",\"valueRequired\":true,\"valueName\":\"search_term_string\"}}],\"inLanguage\":\"es\"},{\"@type\":[\"Person\",\"Organization\"],\"@id\":\"https:\/\/www.fraczinet.cl\/sitio\/#\/schema\/person\/aec8ee4da68df2b9b0eefdad24a0d582\",\"name\":\"Luis Fernando Fraczinet\",\"image\":{\"@type\":\"ImageObject\",\"inLanguage\":\"es\",\"@id\":\"https:\/\/www.fraczinet.cl\/sitio\/#\/schema\/person\/image\/\",\"url\":\"https:\/\/www.fraczinet.cl\/sitio\/wp-content\/uploads\/2021\/07\/bannerlogo-1.gif\",\"contentUrl\":\"https:\/\/www.fraczinet.cl\/sitio\/wp-content\/uploads\/2021\/07\/bannerlogo-1.gif\",\"width\":159,\"height\":79,\"caption\":\"Luis Fernando Fraczinet\"},\"logo\":{\"@id\":\"https:\/\/www.fraczinet.cl\/sitio\/#\/schema\/person\/image\/\"},\"sameAs\":[\"https:\/\/www.fraczinet.cl\/sitio\/\"]},{\"@type\":\"Person\",\"@id\":\"https:\/\/www.fraczinet.cl\/sitio\/#\/schema\/person\/bc30f98e9cb10ae7e119dbe14bc93784\",\"name\":\"admin\",\"image\":{\"@type\":\"ImageObject\",\"inLanguage\":\"es\",\"@id\":\"https:\/\/www.fraczinet.cl\/sitio\/#\/schema\/person\/image\/\",\"url\":\"https:\/\/secure.gravatar.com\/avatar\/d5ad3cf7ef3b23a2bb5be73be780c86b2fc8545c3ad6b149f3913ff458c00099?s=96&d=mm&r=g\",\"contentUrl\":\"https:\/\/secure.gravatar.com\/avatar\/d5ad3cf7ef3b23a2bb5be73be780c86b2fc8545c3ad6b149f3913ff458c00099?s=96&d=mm&r=g\",\"caption\":\"admin\"},\"sameAs\":[\"https:\/\/www.fraczinet.cl\/sitio\"]}]}<\/script>\n<!-- \/ Yoast SEO plugin. -->","yoast_head_json":{"title":"Exposici\u00f3n \"Due\u00f1os De Esta Selva, Maestros Animales\" De Los Artistas Tom\u00e1s Saavedra Y Fernanda Rojas - Nuestro Bio B\u00edo","robots":{"index":"index","follow":"follow","max-snippet":"max-snippet:-1","max-image-preview":"max-image-preview:large","max-video-preview":"max-video-preview:-1"},"canonical":"https:\/\/www.fraczinet.cl\/sitio\/2013\/01\/19\/exposicion-duenos-de-esta-selva-maestros-animales-de-los-artistas-tomas-saavedra-y-fernanda-rojas\/","og_locale":"es_ES","og_type":"article","og_title":"Exposici\u00f3n \"Due\u00f1os De Esta Selva, Maestros Animales\" De Los Artistas Tom\u00e1s Saavedra Y Fernanda Rojas - Nuestro Bio B\u00edo","og_description":"El d\u00eda 22 de enero de 2013, a las 18:00 hrs. se inaugura en el Centro Cultural de San Pedro de la Paz ubicado en Los Fresnos 1640, una nueva muestra, esta vez en la Regi\u00f3n del Bio B\u00edo, de esta serie \u201cDue\u00f1os de esta Selva- Nuestros animales\u201d que lleva a conocer un poco m\u00e1s [&hellip;]","og_url":"https:\/\/www.fraczinet.cl\/sitio\/2013\/01\/19\/exposicion-duenos-de-esta-selva-maestros-animales-de-los-artistas-tomas-saavedra-y-fernanda-rojas\/","og_site_name":"Nuestro Bio B\u00edo","article_published_time":"2013-01-19T16:39:00+00:00","article_modified_time":"2022-10-06T22:34:01+00:00","og_image":[{"url":"https:\/\/2.bp.blogspot.com\/-w3iDsGF39yk\/UPrMFHT-N0I\/AAAAAAAAYN4\/VivClacuBKI\/s320\/FOTO+CUADRO+-SAPO+-+BOCO+-+FERNANDA+ROJAS+1.JPG","type":"","width":"","height":""}],"author":"admin","twitter_card":"summary_large_image","twitter_creator":"@nuestrobiobio","twitter_site":"@nuestrobiobio","twitter_misc":{"Escrito por":"admin","Tiempo de lectura":"4 minutos"},"schema":{"@context":"https:\/\/schema.org","@graph":[{"@type":"Article","@id":"https:\/\/www.fraczinet.cl\/sitio\/2013\/01\/19\/exposicion-duenos-de-esta-selva-maestros-animales-de-los-artistas-tomas-saavedra-y-fernanda-rojas\/#article","isPartOf":{"@id":"https:\/\/www.fraczinet.cl\/sitio\/2013\/01\/19\/exposicion-duenos-de-esta-selva-maestros-animales-de-los-artistas-tomas-saavedra-y-fernanda-rojas\/"},"author":{"name":"admin","@id":"https:\/\/www.fraczinet.cl\/sitio\/#\/schema\/person\/bc30f98e9cb10ae7e119dbe14bc93784"},"headline":"Exposici\u00f3n \u00abDue\u00f1os De Esta Selva, Maestros Animales\u00bb De Los Artistas Tom\u00e1s Saavedra Y Fernanda Rojas","datePublished":"2013-01-19T16:39:00+00:00","dateModified":"2022-10-06T22:34:01+00:00","mainEntityOfPage":{"@id":"https:\/\/www.fraczinet.cl\/sitio\/2013\/01\/19\/exposicion-duenos-de-esta-selva-maestros-animales-de-los-artistas-tomas-saavedra-y-fernanda-rojas\/"},"wordCount":838,"commentCount":0,"publisher":{"@id":"https:\/\/www.fraczinet.cl\/sitio\/#\/schema\/person\/aec8ee4da68df2b9b0eefdad24a0d582"},"image":{"@id":"https:\/\/www.fraczinet.cl\/sitio\/2013\/01\/19\/exposicion-duenos-de-esta-selva-maestros-animales-de-los-artistas-tomas-saavedra-y-fernanda-rojas\/#primaryimage"},"thumbnailUrl":"https:\/\/2.bp.blogspot.com\/-w3iDsGF39yk\/UPrMFHT-N0I\/AAAAAAAAYN4\/VivClacuBKI\/s320\/FOTO+CUADRO+-SAPO+-+BOCO+-+FERNANDA+ROJAS+1.JPG","articleSection":["Eventos"],"inLanguage":"es","potentialAction":[{"@type":"CommentAction","name":"Comment","target":["https:\/\/www.fraczinet.cl\/sitio\/2013\/01\/19\/exposicion-duenos-de-esta-selva-maestros-animales-de-los-artistas-tomas-saavedra-y-fernanda-rojas\/#respond"]}]},{"@type":"WebPage","@id":"https:\/\/www.fraczinet.cl\/sitio\/2013\/01\/19\/exposicion-duenos-de-esta-selva-maestros-animales-de-los-artistas-tomas-saavedra-y-fernanda-rojas\/","url":"https:\/\/www.fraczinet.cl\/sitio\/2013\/01\/19\/exposicion-duenos-de-esta-selva-maestros-animales-de-los-artistas-tomas-saavedra-y-fernanda-rojas\/","name":"Exposici\u00f3n \"Due\u00f1os De Esta Selva, Maestros Animales\" De Los Artistas Tom\u00e1s Saavedra Y Fernanda Rojas - Nuestro Bio B\u00edo","isPartOf":{"@id":"https:\/\/www.fraczinet.cl\/sitio\/#website"},"primaryImageOfPage":{"@id":"https:\/\/www.fraczinet.cl\/sitio\/2013\/01\/19\/exposicion-duenos-de-esta-selva-maestros-animales-de-los-artistas-tomas-saavedra-y-fernanda-rojas\/#primaryimage"},"image":{"@id":"https:\/\/www.fraczinet.cl\/sitio\/2013\/01\/19\/exposicion-duenos-de-esta-selva-maestros-animales-de-los-artistas-tomas-saavedra-y-fernanda-rojas\/#primaryimage"},"thumbnailUrl":"https:\/\/2.bp.blogspot.com\/-w3iDsGF39yk\/UPrMFHT-N0I\/AAAAAAAAYN4\/VivClacuBKI\/s320\/FOTO+CUADRO+-SAPO+-+BOCO+-+FERNANDA+ROJAS+1.JPG","datePublished":"2013-01-19T16:39:00+00:00","dateModified":"2022-10-06T22:34:01+00:00","breadcrumb":{"@id":"https:\/\/www.fraczinet.cl\/sitio\/2013\/01\/19\/exposicion-duenos-de-esta-selva-maestros-animales-de-los-artistas-tomas-saavedra-y-fernanda-rojas\/#breadcrumb"},"inLanguage":"es","potentialAction":[{"@type":"ReadAction","target":["https:\/\/www.fraczinet.cl\/sitio\/2013\/01\/19\/exposicion-duenos-de-esta-selva-maestros-animales-de-los-artistas-tomas-saavedra-y-fernanda-rojas\/"]}]},{"@type":"ImageObject","inLanguage":"es","@id":"https:\/\/www.fraczinet.cl\/sitio\/2013\/01\/19\/exposicion-duenos-de-esta-selva-maestros-animales-de-los-artistas-tomas-saavedra-y-fernanda-rojas\/#primaryimage","url":"https:\/\/2.bp.blogspot.com\/-w3iDsGF39yk\/UPrMFHT-N0I\/AAAAAAAAYN4\/VivClacuBKI\/s320\/FOTO+CUADRO+-SAPO+-+BOCO+-+FERNANDA+ROJAS+1.JPG","contentUrl":"https:\/\/2.bp.blogspot.com\/-w3iDsGF39yk\/UPrMFHT-N0I\/AAAAAAAAYN4\/VivClacuBKI\/s320\/FOTO+CUADRO+-SAPO+-+BOCO+-+FERNANDA+ROJAS+1.JPG"},{"@type":"BreadcrumbList","@id":"https:\/\/www.fraczinet.cl\/sitio\/2013\/01\/19\/exposicion-duenos-de-esta-selva-maestros-animales-de-los-artistas-tomas-saavedra-y-fernanda-rojas\/#breadcrumb","itemListElement":[{"@type":"ListItem","position":1,"name":"Portada","item":"https:\/\/www.fraczinet.cl\/sitio\/"},{"@type":"ListItem","position":2,"name":"Exposici\u00f3n \u00abDue\u00f1os De Esta Selva, Maestros Animales\u00bb De Los Artistas Tom\u00e1s Saavedra Y Fernanda Rojas"}]},{"@type":"WebSite","@id":"https:\/\/www.fraczinet.cl\/sitio\/#website","url":"https:\/\/www.fraczinet.cl\/sitio\/","name":"Nuestro Bio B\u00edo","description":"Tierra de Encuentros","publisher":{"@id":"https:\/\/www.fraczinet.cl\/sitio\/#\/schema\/person\/aec8ee4da68df2b9b0eefdad24a0d582"},"potentialAction":[{"@type":"SearchAction","target":{"@type":"EntryPoint","urlTemplate":"https:\/\/www.fraczinet.cl\/sitio\/?s={search_term_string}"},"query-input":{"@type":"PropertyValueSpecification","valueRequired":true,"valueName":"search_term_string"}}],"inLanguage":"es"},{"@type":["Person","Organization"],"@id":"https:\/\/www.fraczinet.cl\/sitio\/#\/schema\/person\/aec8ee4da68df2b9b0eefdad24a0d582","name":"Luis Fernando Fraczinet","image":{"@type":"ImageObject","inLanguage":"es","@id":"https:\/\/www.fraczinet.cl\/sitio\/#\/schema\/person\/image\/","url":"https:\/\/www.fraczinet.cl\/sitio\/wp-content\/uploads\/2021\/07\/bannerlogo-1.gif","contentUrl":"https:\/\/www.fraczinet.cl\/sitio\/wp-content\/uploads\/2021\/07\/bannerlogo-1.gif","width":159,"height":79,"caption":"Luis Fernando Fraczinet"},"logo":{"@id":"https:\/\/www.fraczinet.cl\/sitio\/#\/schema\/person\/image\/"},"sameAs":["https:\/\/www.fraczinet.cl\/sitio\/"]},{"@type":"Person","@id":"https:\/\/www.fraczinet.cl\/sitio\/#\/schema\/person\/bc30f98e9cb10ae7e119dbe14bc93784","name":"admin","image":{"@type":"ImageObject","inLanguage":"es","@id":"https:\/\/www.fraczinet.cl\/sitio\/#\/schema\/person\/image\/","url":"https:\/\/secure.gravatar.com\/avatar\/d5ad3cf7ef3b23a2bb5be73be780c86b2fc8545c3ad6b149f3913ff458c00099?s=96&d=mm&r=g","contentUrl":"https:\/\/secure.gravatar.com\/avatar\/d5ad3cf7ef3b23a2bb5be73be780c86b2fc8545c3ad6b149f3913ff458c00099?s=96&d=mm&r=g","caption":"admin"},"sameAs":["https:\/\/www.fraczinet.cl\/sitio"]}]}},"_links":{"self":[{"href":"https:\/\/www.fraczinet.cl\/sitio\/wp-json\/wp\/v2\/posts\/4343","targetHints":{"allow":["GET"]}}],"collection":[{"href":"https:\/\/www.fraczinet.cl\/sitio\/wp-json\/wp\/v2\/posts"}],"about":[{"href":"https:\/\/www.fraczinet.cl\/sitio\/wp-json\/wp\/v2\/types\/post"}],"author":[{"embeddable":true,"href":"https:\/\/www.fraczinet.cl\/sitio\/wp-json\/wp\/v2\/users\/1"}],"replies":[{"embeddable":true,"href":"https:\/\/www.fraczinet.cl\/sitio\/wp-json\/wp\/v2\/comments?post=4343"}],"version-history":[{"count":1,"href":"https:\/\/www.fraczinet.cl\/sitio\/wp-json\/wp\/v2\/posts\/4343\/revisions"}],"predecessor-version":[{"id":14295,"href":"https:\/\/www.fraczinet.cl\/sitio\/wp-json\/wp\/v2\/posts\/4343\/revisions\/14295"}],"wp:attachment":[{"href":"https:\/\/www.fraczinet.cl\/sitio\/wp-json\/wp\/v2\/media?parent=4343"}],"wp:term":[{"taxonomy":"category","embeddable":true,"href":"https:\/\/www.fraczinet.cl\/sitio\/wp-json\/wp\/v2\/categories?post=4343"},{"taxonomy":"post_tag","embeddable":true,"href":"https:\/\/www.fraczinet.cl\/sitio\/wp-json\/wp\/v2\/tags?post=4343"}],"curies":[{"name":"wp","href":"https:\/\/api.w.org\/{rel}","templated":true}]}}