{"id":4345,"date":"2013-01-18T00:56:00","date_gmt":"2013-01-18T00:56:00","guid":{"rendered":"https:\/\/www.fraczinet.cl\/sitio\/2013\/01\/18\/la-asamblea-constituyente-es-usted\/"},"modified":"2013-01-18T00:56:00","modified_gmt":"2013-01-18T00:56:00","slug":"la-asamblea-constituyente-es-usted","status":"publish","type":"post","link":"https:\/\/www.fraczinet.cl\/sitio\/la-asamblea-constituyente-es-usted\/","title":{"rendered":"La Asamblea Constituyente es: USTED"},"content":{"rendered":"<p>Las luchas sociales del per\u00edodo reciente ponen de manifiesto que  una mayor\u00eda de chilenos rechaza el sistema econ\u00f3mico, social y pol\u00edtico  impuesto, hace ya 40 a\u00f1os, por medio del terrorismo estatal.<\/p>\n<div>Las  masivas, persistentes y diversas movilizaciones de protesta no se  enfilaron s\u00f3lo contra el actual presidente de la rep\u00fablica o contra un  partido pol\u00edtico en particular, sino contra el r\u00e9gimen entronizado por  la dictadura c\u00edvico militar en 1973 y que representa los intereses del  gran capital for\u00e1neo y de una minor\u00eda olig\u00e1rquica que vive en la  opulencia y que no excede el 1% de la poblaci\u00f3n chilena.<\/div>\n<div>Incuestionablemente,  los movimientos sociales, que por largos per\u00edodos actuaron en el  estrecho marco de sus demandas sectoriales, han iniciado una etapa de  convergencia, de superaci\u00f3n de falsos autonomismos, de cooperaci\u00f3n o  incluso de unificaci\u00f3n entre las distintas regiones, entre los diversos  pueblos originarios, entre estudiantes universitarios y secundarios,  entre obreros urbanos, mineros y campesinos, mujeres y hombres, j\u00f3venes y  adultos mayores, etc., dispuestos a superar posturas autorreferentes y  sectarias que tanto da\u00f1o hicieron en el pasado. La consigna <em>\u201c<strong>tu problema es mi problema<\/strong>\u201d<\/em> cal\u00f3 profundamente en el pueblo movilizado. La exigencia de <strong>Asamblea Constituyente<\/strong> se transform\u00f3 en el com\u00fan denominador para la diversidad de fuerzas que postulamos un cambio profundo en el rumbo del pa\u00eds.<\/div>\n<div>En  esta etapa, se puso en evidencia que la mayor\u00eda ciudadana es  democr\u00e1tica, solidaria, patri\u00f3tica y que es falso que rechace o repudie  la pol\u00edtica. Lo que realmente deplora es la ACTUAL INSTITUCIONALIDAD  POLITICA Y A LOS PARTIDOS POLITICOS QUE LA SOSTIENEN, los cuales se han  convertido en verdaderas agencias de empleo, mercaderes de la  corrupci\u00f3n, correveidiles de los grandes capitales, ap\u00e9ndices de los  poderes f\u00e1cticos, que han conspirado en el secreto de los pasillos  parlamentarios y en las sinecuras del aparato estatal para ningunear al  pueblo, mantenerlo desinformado y reducido a la mera condici\u00f3n de  consumidor, de reba\u00f1o, de objeto de las pr\u00e1cticas clientelistas de los  gobernantes de turno.<\/div>\n<div>Una vez m\u00e1s, los hechos demostraron que  el n\u00facleo dirigente de la CONCERTACION DE PARTIDOS POR LA DEMOCRACIA,  desde 1990, tiene un compromiso duro, inconmovible e incondicional de  sometimiento y subordinaci\u00f3n a la dominaci\u00f3n de los poderes f\u00e1cticos  internos y transnacionales.<\/div>\n<div>La mal llamada \u201cconstituci\u00f3n de  1980\u201d &#8211; reforzada en su aspecto antidemocr\u00e1tico con el voto favorable de  la Concertaci\u00f3n y el pinochetismo en el plebiscito de julio de 1989-,  provee el manto de legitimidad que, en los \u00faltimos veinte a\u00f1os, ha  permitido que los capitales extranjeros tomen el control de casi dos  tercios del producto interno bruto y m\u00e1s del 72 % de la producci\u00f3n de  nuestro cobre, nacionalizado en 1971 por la unanimidad del parlamento.  &nbsp;La vigencia, por cuatro d\u00e9cadas, de un r\u00e9gimen plutocr\u00e1tico, ha  significado que la inmensa mayor\u00eda de trabajadores es pobre, cuyo  salario no permite satisfacer las necesidades b\u00e1sicas de su n\u00facleo  familiar, que a diario y de manera cotidiana debe sufrir atropellos en  su lugar de trabajo, en la sala de espera de consultorios y hospitales,  en el transporte p\u00fablico, en la fila para pagar la luz, el agua, la  basura, la electricidad, en el barrio, en las tiendas y en los bancos  donde impera el robo de cuello y corbata, en las ISAPRES, en las AFP, en  el Retail, en colegios y universidades, etc. En resumen, la  institucionalidad actual, junto con asegurar irritantes privilegios a la  elite olig\u00e1rquica, deja al ciudadano completamente desguarnecido,  reprimido, sometido a los abusos del gran capital y de su r\u00e9gimen  tramposo y corrupto, autocr\u00e1tico, racista y antinacional. &nbsp;Ello explica  en gran medida que m\u00e1s del 60 % de las personas en capacidad de votar se  abstuvieron de hacerlo en la \u00faltima elecci\u00f3n municipal. En importantes  comunas del pa\u00eds, los alcaldes fueron elegidos con menos del 14% de los  electores habilitados para votar.Pese a lo anterior, la mayor\u00eda de  los parlamentarios, tanto de la Concertaci\u00f3n como de la Alianza por  Chile, est\u00e1 bastante c\u00f3moda con la Constituci\u00f3n pinochetista y con el  modelo pol\u00edtico, econ\u00f3mico e institucional que ampara. &nbsp;Hay una  flagrante contradicci\u00f3n entre el descontento popular hacia el orden  jur\u00eddico vigente y la postura complaciente de la elite parlamentaria,  empresarial y militar que alienta su conservaci\u00f3n.<\/div>\n<div>Ante el clamor popular por una <strong>Asamblea Constituyente<\/strong>,  las elites dominantes se dividieron: Unos la rechazaron tajantemente, a  todo evento, como el ex ministro P\u00e9rez Yoma que declar\u00f3: \u201cjam\u00e1s, en  ninguna parte y por ning\u00fan motivo\u201d. Otros, aparentando mayor  \u201cflexibilidad\u201d y con la pretensi\u00f3n de \u201creencantar al pueblo\u201d,  presentaron, en enero de 2012, un proyecto de ley para \u201ccambiar la  Constituci\u00f3n\u201d pero entre cuatro paredes, en el secretismo del  parlamento, encargando su redacci\u00f3n a una comisi\u00f3n mixta de diputados y  senadores y resolviendo, en definitiva, en el exclusivo marco del  Congreso Pleno, escamoteando la participaci\u00f3n popular.<\/div>\n<div>En el  fondo, unos y otros pretenden que el pueblo contin\u00fae sin acceso a la  informaci\u00f3n, que no se interese ni participe en los asuntos p\u00fablicos, y  que se comporte frente a los poderes f\u00e1cticos de manera pasiva,  subordinada y obediente. No faltan algunos ingeniosos intelectuales que  fomentan una brecha entre \u201clo social\u201d y \u201clo pol\u00edtico\u201d, lo que implicar\u00eda  que las bases populares movilizadas acoten sus luchas a un esquema  PETICIONARIO, es decir con derecho a pedir y no exigir, circunscrito a  lo que puedan gestionar y negociar las c\u00fapulas parlamentarias y el  gobierno de turno.<\/div>\n<div>Salta a la vista que las \u201creformas  pol\u00edticas\u201d negociadas el a\u00f1o pasado entre el Presidente Pi\u00f1era y los ex  Presidentes Ricardo Lagos y Michelle Bachelet estuvieron acotadas a  cuestiones subalternas que no alteran en absoluto la vigencia del modelo  neoliberal, los privilegios de la elite dominante y la exclusi\u00f3n de la  mayor\u00eda ciudadana.<\/div>\n<div>En definitiva, la elite dominante intentar\u00e1  descomprimir la caldera social sometiendo a la ciudadan\u00eda a la \u00fanica  opci\u00f3n de alternancia en el gobierno entre los dos bloques  parlamentarios que monopolizan el sistema pol\u00edtico desde 1989,  intentando que la salida de uno implique la entrada del otro, de manera  indefinida en el tiempo, tal como ocurre en EEUU, Alemania, Francia,  Espa\u00f1a, etc., lo que implica prolongar indefinidamente la vigencia de la  Constituci\u00f3n de 1980.<\/div>\n<div>Si queremos conquistar LA DEMOCRACIA no  podemos transitar hacia ese callej\u00f3n sin salida. Por el contrario,  debemos hacer camino al andar y generar nuestro propio PROCESO  CONSTITUYENTE, desde las bases sociales, unidas y comprometidas en un  MOVIMIENTO POLITICO cuyo programa se proponga el cambio de la  Constituci\u00f3n Pol\u00edtica mediante una Asamblea Constituyente que represente  a todos los pueblos de Chile, \u00fanica forma de restablecer el principio  de la Soberan\u00eda Popular \u2013principio fundacional de nuestra Rep\u00fablica- y  de terminar con el r\u00e9gimen que se nos impuso mediante la violencia  criminal de la minor\u00eda olig\u00e1rquica y transnacional.<\/div>\n<div>Este nuevo  MOVIMIENTO o FUERZA POLITICA DEBE apelar a una organizaci\u00f3n y m\u00e9todos  de trabajo que la habiliten para cambiar la correlaci\u00f3n de fuerzas  actual y generar una mayor\u00eda pol\u00edtica que doblegue la resistencia de las  fuerzas refractarias al cambio social y al protagonismo popular.<\/div>\n<div>Ello  implica una estrategia de largo plazo, un marco te\u00f3rico, un diagn\u00f3stico  de la realidad y un plan de acci\u00f3n que supere las visiones  cortoplacistas, el sectarismo y el mesianismo pol\u00edtico. &nbsp;Para enfrentar  la crisis actual, la ciudadan\u00eda no requiere de un \u201chada madrina\u201d, ni un  t\u00e9cnico, un sabio, un l\u00edder o un mes\u00edas que la \u201cilumine\u201d y la \u201cconduzca\u201d  hacia su emancipaci\u00f3n. El hist\u00f3rico avance logrado en los a\u00f1os  recientes es producto de un liderazgo y un intelectual colectivo, que ha  madurado al calor de m\u00faltiples batallas, con un marco te\u00f3rico  ampliamente compartido, nutri\u00e9ndose de las valiosas experiencias de  lucha popular en Latinoam\u00e9rica y en el mundo y, lo m\u00e1s importante, con  la mente abierta a la b\u00fasqueda de entendimientos y consensos con todas  las agrupaciones y liderazgos que comparten el anhelo de superaci\u00f3n del  capitalismo salvaje y su reemplazo por nuevas formas de convivencia que  reconozcan en el pueblo chileno el supremo constructor de su propio  destino.<\/div>\n<div>Partiendo de la base de que nos comprometemos en un  proceso hist\u00f3rico de largo aliento, en un escenario en que la  correlaci\u00f3n de fuerzas es a\u00fan adversa, consideramos que en la coyuntura  de las elecciones presidenciales y parlamentarias del a\u00f1o 2013, las  bases populares deben generar una alternativa propia de modo que ning\u00fan  voto de la ciudadan\u00eda consciente y movilizada contribuya a oxigenar las  ya decadentes coaliciones del duopolio ALIANZA &nbsp;&#8211; CONCERTACION. Ni el  ausentismo ni el abstencionismo har\u00e1n mella en la estabilidad pol\u00edtica  del r\u00e9gimen actual.<\/div>\n<div>Concretamente proponemos que el <strong>Movimiento por la Asamblea Constituyente<\/strong>,  junto a todas las fuerzas sociales comprometidas en la superaci\u00f3n del  capitalismo salvaje, generen, desde las bases mismas de la ciudadan\u00eda,  una candidatura unitaria&nbsp;para enfrentar las elecciones de presidente de  la Rep\u00fablica, senadores y diputados.<\/div>\n<div>Primero debemos acordar  los principios, el programa y el tipo de organizaci\u00f3n de esta nueva  fuerza. Despu\u00e9s, buscar las y los ciudadanos que puedan representar de  mejor manera este proyecto hist\u00f3rico, para lo cual ser\u00e1 importante  conocer la trayectoria pol\u00edtica, la capacidad intelectual, la  consecuencia en su pr\u00e1ctica cotidiana y su talento para comunicar el  mensaje emancipador a toda la ciudadan\u00eda.<\/div>\n<div>Independientemente  que nuestros candidatos sean electos o no, su trabajo estar\u00e1 orientado a  fortalecer en la base los cimientos para la construcci\u00f3n de esta NUEVA  FUERZA DE CAMBIO SOCIAL, cuya demanda pol\u00edtica central ser\u00e1: <strong><em>la convocatoria a una Asamblea Constituyente que permita restablecer en Chile la soberan\u00eda popular<\/em><\/strong> que nos escamotearon hace 40 a\u00f1os.<\/div>\n<div>No  basta con redactar un bonito programa. No nos encandilaremos con  \u201cfiguras de la tele\u201d ni con las promesas verbales de aquellos que  siempre \u201cest\u00e1n disponibles\u201d para aventuras personalistas. Lo importante  es el movimiento, la fuerza, la organizaci\u00f3n y la unidad de nuestros  pueblos.<\/div>\n<div>Para construir este gran proyecto hist\u00f3rico y para  definir la t\u00e1ctica espec\u00edfica del escenario coyuntural que se abre hasta  las elecciones de noviembre de 2013, invitamos a las bases y adherentes  del PROCESO CONSTITUYENTE a este Congreso Nacional.<\/div>\n<div><\/div>\n<div>Viernes 18 de enero a las 18:00hrs y contin\u00faa el S\u00e1bado 19 a las 9:00 hasta las 21:00 hrs.<\/div>\n<div><\/div>\n<div>Direcci\u00f3n: Domeyko 1938, Santiago Centro, a cuatro cuadras del Metro Toesca.<\/div>\n<div>Inscripci\u00f3n obligatoria a trav\u00e9s del correo electr\u00f3nico:<\/div>\n<div><a data-mce-href=\"mailto:procesoconstituyente2013@gmail.com\" href=\"mailto:procesoconstituyente2013@gmail.com\" rel=\"nofollow noopener\" target=\"_blank\">procesoconstituyente2013@<wbr><\/wbr>gmail.com<\/a><\/div>\n<p>Mayores informaciones en la web &nbsp;<a data-mce-href=\"http:\/\/www.asambleaconstituyentechile.cl\/\" href=\"http:\/\/www.asambleaconstituyentechile.cl\/\" rel=\"nofollow noopener\" target=\"_blank\">www.<wbr><\/wbr>asambleaconstituyentechile.cl<\/a><\/p>\n","protected":false},"excerpt":{"rendered":"<p>Las luchas sociales del per\u00edodo reciente ponen de manifiesto que una mayor\u00eda de chilenos rechaza el sistema econ\u00f3mico, social y pol\u00edtico impuesto, hace ya 40 a\u00f1os, por medio del terrorismo estatal. Las masivas, persistentes y diversas movilizaciones de protesta no se enfilaron s\u00f3lo contra el actual presidente de la rep\u00fablica o contra un partido pol\u00edtico [&hellip;]<\/p>\n","protected":false},"author":1,"featured_media":0,"comment_status":"open","ping_status":"closed","sticky":false,"template":"","format":"standard","meta":{"footnotes":""},"categories":[122,131],"tags":[],"class_list":["post-4345","post","type-post","status-publish","format-standard","hentry","category-asamblea-constituyente","category-politica"],"yoast_head":"<!-- This site is optimized with the Yoast SEO plugin v28.2 - https:\/\/yoast.com\/product\/yoast-seo-wordpress\/ -->\n<title>La Asamblea Constituyente es: USTED - Nuestro Bio B\u00edo<\/title>\n<meta name=\"robots\" content=\"index, follow, max-snippet:-1, max-image-preview:large, max-video-preview:-1\" \/>\n<link rel=\"canonical\" href=\"https:\/\/www.fraczinet.cl\/sitio\/la-asamblea-constituyente-es-usted\/\" \/>\n<meta property=\"og:locale\" content=\"es_ES\" \/>\n<meta property=\"og:type\" content=\"article\" \/>\n<meta property=\"og:title\" content=\"La Asamblea Constituyente es: USTED - Nuestro Bio B\u00edo\" \/>\n<meta property=\"og:description\" content=\"Las luchas sociales del per\u00edodo reciente ponen de manifiesto que una mayor\u00eda de chilenos rechaza el sistema econ\u00f3mico, social y pol\u00edtico impuesto, hace ya 40 a\u00f1os, por medio del terrorismo estatal. Las masivas, persistentes y diversas movilizaciones de protesta no se enfilaron s\u00f3lo contra el actual presidente de la rep\u00fablica o contra un partido pol\u00edtico [&hellip;]\" \/>\n<meta property=\"og:url\" content=\"https:\/\/www.fraczinet.cl\/sitio\/la-asamblea-constituyente-es-usted\/\" \/>\n<meta property=\"og:site_name\" content=\"Nuestro Bio B\u00edo\" \/>\n<meta property=\"article:publisher\" content=\"https:\/\/www.facebook.com\/groups\/15721414452\/\" \/>\n<meta property=\"article:published_time\" content=\"2013-01-18T00:56:00+00:00\" \/>\n<meta property=\"og:image\" content=\"https:\/\/www.fraczinet.cl\/sitio\/wp-content\/uploads\/2021\/07\/bannerlogo-1.gif\" \/>\n\t<meta property=\"og:image:width\" content=\"159\" \/>\n\t<meta property=\"og:image:height\" content=\"79\" \/>\n\t<meta property=\"og:image:type\" content=\"image\/gif\" \/>\n<meta name=\"twitter:card\" content=\"summary_large_image\" \/>\n<meta name=\"twitter:creator\" content=\"@nuestrobiobio\" \/>\n<meta name=\"twitter:site\" content=\"@nuestrobiobio\" \/>\n<meta name=\"twitter:label1\" content=\"Escrito por\" \/>\n\t<meta name=\"twitter:data1\" content=\"\" \/>\n\t<meta name=\"twitter:label2\" content=\"Tiempo de lectura\" \/>\n\t<meta name=\"twitter:data2\" content=\"9 minutos\" \/>\n<script type=\"application\/ld+json\" class=\"yoast-schema-graph\">{\"@context\":\"https:\\\/\\\/schema.org\",\"@graph\":[{\"@type\":\"Article\",\"@id\":\"https:\\\/\\\/www.fraczinet.cl\\\/sitio\\\/la-asamblea-constituyente-es-usted\\\/#article\",\"isPartOf\":{\"@id\":\"https:\\\/\\\/www.fraczinet.cl\\\/sitio\\\/la-asamblea-constituyente-es-usted\\\/\"},\"author\":{\"name\":\"\",\"@id\":\"\"},\"headline\":\"La Asamblea Constituyente es: USTED\",\"datePublished\":\"2013-01-18T00:56:00+00:00\",\"mainEntityOfPage\":{\"@id\":\"https:\\\/\\\/www.fraczinet.cl\\\/sitio\\\/la-asamblea-constituyente-es-usted\\\/\"},\"wordCount\":1829,\"commentCount\":0,\"articleSection\":[\"Asamblea Constituyente\",\"Pol\u00edtica\"],\"inLanguage\":\"es\",\"potentialAction\":[{\"@type\":\"CommentAction\",\"name\":\"Comment\",\"target\":[\"https:\\\/\\\/www.fraczinet.cl\\\/sitio\\\/la-asamblea-constituyente-es-usted\\\/#respond\"]}]},{\"@type\":\"WebPage\",\"@id\":\"https:\\\/\\\/www.fraczinet.cl\\\/sitio\\\/la-asamblea-constituyente-es-usted\\\/\",\"url\":\"https:\\\/\\\/www.fraczinet.cl\\\/sitio\\\/la-asamblea-constituyente-es-usted\\\/\",\"name\":\"La Asamblea Constituyente es: USTED - Nuestro Bio B\u00edo\",\"isPartOf\":{\"@id\":\"https:\\\/\\\/www.fraczinet.cl\\\/sitio\\\/#website\"},\"datePublished\":\"2013-01-18T00:56:00+00:00\",\"author\":{\"@id\":\"\"},\"breadcrumb\":{\"@id\":\"https:\\\/\\\/www.fraczinet.cl\\\/sitio\\\/la-asamblea-constituyente-es-usted\\\/#breadcrumb\"},\"inLanguage\":\"es\",\"potentialAction\":[{\"@type\":\"ReadAction\",\"target\":[\"https:\\\/\\\/www.fraczinet.cl\\\/sitio\\\/la-asamblea-constituyente-es-usted\\\/\"]}]},{\"@type\":\"BreadcrumbList\",\"@id\":\"https:\\\/\\\/www.fraczinet.cl\\\/sitio\\\/la-asamblea-constituyente-es-usted\\\/#breadcrumb\",\"itemListElement\":[{\"@type\":\"ListItem\",\"position\":1,\"name\":\"Portada\",\"item\":\"https:\\\/\\\/www.fraczinet.cl\\\/sitio\\\/\"},{\"@type\":\"ListItem\",\"position\":2,\"name\":\"La Asamblea Constituyente es: USTED\"}]},{\"@type\":\"WebSite\",\"@id\":\"https:\\\/\\\/www.fraczinet.cl\\\/sitio\\\/#website\",\"url\":\"https:\\\/\\\/www.fraczinet.cl\\\/sitio\\\/\",\"name\":\"Nuestro Bio B\u00edo\",\"description\":\"Tierra de Encuentros\",\"potentialAction\":[{\"@type\":\"SearchAction\",\"target\":{\"@type\":\"EntryPoint\",\"urlTemplate\":\"https:\\\/\\\/www.fraczinet.cl\\\/sitio\\\/?s={search_term_string}\"},\"query-input\":{\"@type\":\"PropertyValueSpecification\",\"valueRequired\":true,\"valueName\":\"search_term_string\"}}],\"inLanguage\":\"es\"},{\"@type\":\"Person\",\"@id\":\"\"}]}<\/script>\n<!-- \/ Yoast SEO plugin. -->","yoast_head_json":{"title":"La Asamblea Constituyente es: USTED - Nuestro Bio B\u00edo","robots":{"index":"index","follow":"follow","max-snippet":"max-snippet:-1","max-image-preview":"max-image-preview:large","max-video-preview":"max-video-preview:-1"},"canonical":"https:\/\/www.fraczinet.cl\/sitio\/la-asamblea-constituyente-es-usted\/","og_locale":"es_ES","og_type":"article","og_title":"La Asamblea Constituyente es: USTED - Nuestro Bio B\u00edo","og_description":"Las luchas sociales del per\u00edodo reciente ponen de manifiesto que una mayor\u00eda de chilenos rechaza el sistema econ\u00f3mico, social y pol\u00edtico impuesto, hace ya 40 a\u00f1os, por medio del terrorismo estatal. Las masivas, persistentes y diversas movilizaciones de protesta no se enfilaron s\u00f3lo contra el actual presidente de la rep\u00fablica o contra un partido pol\u00edtico [&hellip;]","og_url":"https:\/\/www.fraczinet.cl\/sitio\/la-asamblea-constituyente-es-usted\/","og_site_name":"Nuestro Bio B\u00edo","article_publisher":"https:\/\/www.facebook.com\/groups\/15721414452\/","article_published_time":"2013-01-18T00:56:00+00:00","og_image":[{"width":159,"height":79,"url":"https:\/\/www.fraczinet.cl\/sitio\/wp-content\/uploads\/2021\/07\/bannerlogo-1.gif","type":"image\/gif"}],"twitter_card":"summary_large_image","twitter_creator":"@nuestrobiobio","twitter_site":"@nuestrobiobio","twitter_misc":{"Escrito por":"","Tiempo de lectura":"9 minutos"},"schema":{"@context":"https:\/\/schema.org","@graph":[{"@type":"Article","@id":"https:\/\/www.fraczinet.cl\/sitio\/la-asamblea-constituyente-es-usted\/#article","isPartOf":{"@id":"https:\/\/www.fraczinet.cl\/sitio\/la-asamblea-constituyente-es-usted\/"},"author":{"name":"","@id":""},"headline":"La Asamblea Constituyente es: USTED","datePublished":"2013-01-18T00:56:00+00:00","mainEntityOfPage":{"@id":"https:\/\/www.fraczinet.cl\/sitio\/la-asamblea-constituyente-es-usted\/"},"wordCount":1829,"commentCount":0,"articleSection":["Asamblea Constituyente","Pol\u00edtica"],"inLanguage":"es","potentialAction":[{"@type":"CommentAction","name":"Comment","target":["https:\/\/www.fraczinet.cl\/sitio\/la-asamblea-constituyente-es-usted\/#respond"]}]},{"@type":"WebPage","@id":"https:\/\/www.fraczinet.cl\/sitio\/la-asamblea-constituyente-es-usted\/","url":"https:\/\/www.fraczinet.cl\/sitio\/la-asamblea-constituyente-es-usted\/","name":"La Asamblea Constituyente es: USTED - Nuestro Bio B\u00edo","isPartOf":{"@id":"https:\/\/www.fraczinet.cl\/sitio\/#website"},"datePublished":"2013-01-18T00:56:00+00:00","author":{"@id":""},"breadcrumb":{"@id":"https:\/\/www.fraczinet.cl\/sitio\/la-asamblea-constituyente-es-usted\/#breadcrumb"},"inLanguage":"es","potentialAction":[{"@type":"ReadAction","target":["https:\/\/www.fraczinet.cl\/sitio\/la-asamblea-constituyente-es-usted\/"]}]},{"@type":"BreadcrumbList","@id":"https:\/\/www.fraczinet.cl\/sitio\/la-asamblea-constituyente-es-usted\/#breadcrumb","itemListElement":[{"@type":"ListItem","position":1,"name":"Portada","item":"https:\/\/www.fraczinet.cl\/sitio\/"},{"@type":"ListItem","position":2,"name":"La Asamblea Constituyente es: USTED"}]},{"@type":"WebSite","@id":"https:\/\/www.fraczinet.cl\/sitio\/#website","url":"https:\/\/www.fraczinet.cl\/sitio\/","name":"Nuestro Bio B\u00edo","description":"Tierra de Encuentros","potentialAction":[{"@type":"SearchAction","target":{"@type":"EntryPoint","urlTemplate":"https:\/\/www.fraczinet.cl\/sitio\/?s={search_term_string}"},"query-input":{"@type":"PropertyValueSpecification","valueRequired":true,"valueName":"search_term_string"}}],"inLanguage":"es"},{"@type":"Person","@id":""}]}},"_links":{"self":[{"href":"https:\/\/www.fraczinet.cl\/sitio\/wp-json\/wp\/v2\/posts\/4345","targetHints":{"allow":["GET"]}}],"collection":[{"href":"https:\/\/www.fraczinet.cl\/sitio\/wp-json\/wp\/v2\/posts"}],"about":[{"href":"https:\/\/www.fraczinet.cl\/sitio\/wp-json\/wp\/v2\/types\/post"}],"author":[{"embeddable":true,"href":"https:\/\/www.fraczinet.cl\/sitio\/wp-json\/wp\/v2\/users\/1"}],"replies":[{"embeddable":true,"href":"https:\/\/www.fraczinet.cl\/sitio\/wp-json\/wp\/v2\/comments?post=4345"}],"version-history":[{"count":0,"href":"https:\/\/www.fraczinet.cl\/sitio\/wp-json\/wp\/v2\/posts\/4345\/revisions"}],"wp:attachment":[{"href":"https:\/\/www.fraczinet.cl\/sitio\/wp-json\/wp\/v2\/media?parent=4345"}],"wp:term":[{"taxonomy":"category","embeddable":true,"href":"https:\/\/www.fraczinet.cl\/sitio\/wp-json\/wp\/v2\/categories?post=4345"},{"taxonomy":"post_tag","embeddable":true,"href":"https:\/\/www.fraczinet.cl\/sitio\/wp-json\/wp\/v2\/tags?post=4345"}],"curies":[{"name":"wp","href":"https:\/\/api.w.org\/{rel}","templated":true}]}}