{"id":4425,"date":"2009-12-30T23:45:00","date_gmt":"2009-12-30T23:45:00","guid":{"rendered":""},"modified":"2021-08-25T23:19:01","modified_gmt":"2021-08-25T23:19:01","slug":"todos-los-sabados-por-canal-9-regional-porque-escribi","status":"publish","type":"post","link":"https:\/\/www.fraczinet.cl\/sitio\/2009\/12\/30\/todos-los-sabados-por-canal-9-regional-porque-escribi\/","title":{"rendered":"Todos Los S\u00e1bados Por Canal 9 Regional \u00abPorque Escrib\u00ed\u00bb"},"content":{"rendered":"<p>Todos los s\u00e1bados por Canal 9 Regional se presenta el programa de entrevistas a escritores de la regi\u00f3n del Bio B\u00edo \u00abPorque escrib\u00ed\u00bb presentado por la escritora de nuestra tierra <a href=\"http:\/\/antologiaingridodgers.blogspot.com\/\">Ingrid Odgers<\/a>.<\/p>\n<p>En este trabajo, financiado por el Fondo Nacional de Fomento del Libro y la Lectura, se presenta la visi\u00f3n y experiencias personales de una selecci\u00f3n de escritores locales.<\/p>\n<p>Programaci\u00f3n:<\/p>\n<p>1.- Alejandro Anan\u00edas s\u00e1bado 26 de diciembre<br \/>2.- Roxana Heise s\u00e1bado 2 de enero 2010<br \/>3.- Cristian Lagos s\u00e1bado 9 de enero 2010<br \/>4.- Esther Mora s\u00e1bado 16 de enero 2010<br \/>5.- M\u00aa Cristina Ogalde s\u00e1bado 23 de enero 2010<br \/>6.- Eli Neira s\u00e1bado 30 de enero 2010<br \/>7.- B\u00e1rbara Calder\u00f3n 6 de febrero<br \/>8.- VAN-RA 13 de febrero<br \/>9.- Juan Polizzi 20 de febrero<br \/>10.- Carmen Dur\u00e1n 27 de febrero<\/p>\n<p>TODOS LOS S\u00c1BADOS A LAS 16:45 P.M.<\/p>\n<p>Sitio web del programa: <a href=\"http:\/\/literaturachilena-tv.blogspot.com\/\">http:\/\/literaturachilena-tv.blogspot.com\/<\/a><\/p>\n<p><a href=\"https:\/\/www.fraczinet.cl\/sitio\/wp-content\/uploads\/2009\/12\/18750_229608503319_752898319_3165883_4357918_n.jpg\"><img decoding=\"async\" alt=\"\" border=\"0\" id=\"BLOGGER_PHOTO_ID_5421180182668610162\" src=\"https:\/\/www.fraczinet.cl\/sitio\/wp-content\/uploads\/2009\/12\/18750_229608503319_752898319_3165883_4357918_n-300x300.jpg\" style=\"cursor: hand; cursor: pointer; height: 400px; width: 400px;\" \/><\/a><\/p>\n","protected":false},"excerpt":{"rendered":"<p>Todos los s\u00e1bados por Canal 9 Regional se presenta el programa de entrevistas a escritores de la regi\u00f3n del Bio B\u00edo \u00abPorque escrib\u00ed\u00bb presentado por la escritora de nuestra tierra Ingrid Odgers. En este trabajo, financiado por el Fondo Nacional de Fomento del Libro y la Lectura, se presenta la visi\u00f3n y experiencias personales de [&hellip;]<\/p>\n","protected":false},"author":1,"featured_media":5237,"comment_status":"open","ping_status":"open","sticky":false,"template":"","format":"standard","meta":{"footnotes":""},"categories":[149],"tags":[],"class_list":["post-4425","post","type-post","status-publish","format-standard","has-post-thumbnail","hentry","category-ingrid-odgers"],"yoast_head":"<!-- This site is optimized with the Yoast SEO plugin v25.0 - https:\/\/yoast.com\/wordpress\/plugins\/seo\/ -->\n<title>Todos Los S\u00e1bados Por Canal 9 Regional &quot;Porque Escrib\u00ed&quot; - Nuestro Bio B\u00edo<\/title>\n<meta name=\"robots\" content=\"index, follow, max-snippet:-1, max-image-preview:large, max-video-preview:-1\" \/>\n<link rel=\"canonical\" href=\"https:\/\/www.fraczinet.cl\/sitio\/2009\/12\/30\/todos-los-sabados-por-canal-9-regional-porque-escribi\/\" \/>\n<meta property=\"og:locale\" content=\"es_ES\" \/>\n<meta property=\"og:type\" content=\"article\" \/>\n<meta property=\"og:title\" content=\"Todos Los S\u00e1bados Por Canal 9 Regional &quot;Porque Escrib\u00ed&quot; - Nuestro Bio B\u00edo\" \/>\n<meta property=\"og:description\" content=\"Todos los s\u00e1bados por Canal 9 Regional se presenta el programa de entrevistas a escritores de la regi\u00f3n del Bio B\u00edo \u00abPorque escrib\u00ed\u00bb presentado por la escritora de nuestra tierra Ingrid Odgers. En este trabajo, financiado por el Fondo Nacional de Fomento del Libro y la Lectura, se presenta la visi\u00f3n y experiencias personales de [&hellip;]\" \/>\n<meta property=\"og:url\" content=\"https:\/\/www.fraczinet.cl\/sitio\/2009\/12\/30\/todos-los-sabados-por-canal-9-regional-porque-escribi\/\" \/>\n<meta property=\"og:site_name\" content=\"Nuestro Bio B\u00edo\" \/>\n<meta property=\"article:published_time\" content=\"2009-12-30T23:45:00+00:00\" \/>\n<meta property=\"article:modified_time\" content=\"2021-08-25T23:19:01+00:00\" \/>\n<meta property=\"og:image\" content=\"https:\/\/www.fraczinet.cl\/sitio\/wp-content\/uploads\/2009\/12\/18750_229608503319_752898319_3165883_4357918_n.jpg\" \/>\n\t<meta property=\"og:image:width\" content=\"604\" \/>\n\t<meta property=\"og:image:height\" content=\"604\" \/>\n\t<meta property=\"og:image:type\" content=\"image\/jpeg\" \/>\n<meta name=\"author\" content=\"admin\" \/>\n<meta name=\"twitter:card\" content=\"summary_large_image\" \/>\n<meta name=\"twitter:creator\" content=\"@nuestrobiobio\" \/>\n<meta name=\"twitter:site\" content=\"@nuestrobiobio\" \/>\n<meta name=\"twitter:label1\" content=\"Escrito por\" \/>\n\t<meta name=\"twitter:data1\" content=\"admin\" \/>\n\t<meta name=\"twitter:label2\" content=\"Tiempo de lectura\" \/>\n\t<meta name=\"twitter:data2\" content=\"1 minuto\" \/>\n<script type=\"application\/ld+json\" class=\"yoast-schema-graph\">{\"@context\":\"https:\/\/schema.org\",\"@graph\":[{\"@type\":\"Article\",\"@id\":\"https:\/\/www.fraczinet.cl\/sitio\/2009\/12\/30\/todos-los-sabados-por-canal-9-regional-porque-escribi\/#article\",\"isPartOf\":{\"@id\":\"https:\/\/www.fraczinet.cl\/sitio\/2009\/12\/30\/todos-los-sabados-por-canal-9-regional-porque-escribi\/\"},\"author\":{\"name\":\"admin\",\"@id\":\"https:\/\/www.fraczinet.cl\/sitio\/#\/schema\/person\/bc30f98e9cb10ae7e119dbe14bc93784\"},\"headline\":\"Todos Los S\u00e1bados Por Canal 9 Regional \u00abPorque Escrib\u00ed\u00bb\",\"datePublished\":\"2009-12-30T23:45:00+00:00\",\"dateModified\":\"2021-08-25T23:19:01+00:00\",\"mainEntityOfPage\":{\"@id\":\"https:\/\/www.fraczinet.cl\/sitio\/2009\/12\/30\/todos-los-sabados-por-canal-9-regional-porque-escribi\/\"},\"wordCount\":157,\"commentCount\":2,\"publisher\":{\"@id\":\"https:\/\/www.fraczinet.cl\/sitio\/#\/schema\/person\/aec8ee4da68df2b9b0eefdad24a0d582\"},\"image\":{\"@id\":\"https:\/\/www.fraczinet.cl\/sitio\/2009\/12\/30\/todos-los-sabados-por-canal-9-regional-porque-escribi\/#primaryimage\"},\"thumbnailUrl\":\"https:\/\/www.fraczinet.cl\/sitio\/wp-content\/uploads\/2009\/12\/18750_229608503319_752898319_3165883_4357918_n.jpg\",\"articleSection\":[\"Ingrid Odgers\"],\"inLanguage\":\"es\",\"potentialAction\":[{\"@type\":\"CommentAction\",\"name\":\"Comment\",\"target\":[\"https:\/\/www.fraczinet.cl\/sitio\/2009\/12\/30\/todos-los-sabados-por-canal-9-regional-porque-escribi\/#respond\"]}]},{\"@type\":\"WebPage\",\"@id\":\"https:\/\/www.fraczinet.cl\/sitio\/2009\/12\/30\/todos-los-sabados-por-canal-9-regional-porque-escribi\/\",\"url\":\"https:\/\/www.fraczinet.cl\/sitio\/2009\/12\/30\/todos-los-sabados-por-canal-9-regional-porque-escribi\/\",\"name\":\"Todos Los S\u00e1bados Por Canal 9 Regional \\\"Porque Escrib\u00ed\\\" - Nuestro Bio B\u00edo\",\"isPartOf\":{\"@id\":\"https:\/\/www.fraczinet.cl\/sitio\/#website\"},\"primaryImageOfPage\":{\"@id\":\"https:\/\/www.fraczinet.cl\/sitio\/2009\/12\/30\/todos-los-sabados-por-canal-9-regional-porque-escribi\/#primaryimage\"},\"image\":{\"@id\":\"https:\/\/www.fraczinet.cl\/sitio\/2009\/12\/30\/todos-los-sabados-por-canal-9-regional-porque-escribi\/#primaryimage\"},\"thumbnailUrl\":\"https:\/\/www.fraczinet.cl\/sitio\/wp-content\/uploads\/2009\/12\/18750_229608503319_752898319_3165883_4357918_n.jpg\",\"datePublished\":\"2009-12-30T23:45:00+00:00\",\"dateModified\":\"2021-08-25T23:19:01+00:00\",\"breadcrumb\":{\"@id\":\"https:\/\/www.fraczinet.cl\/sitio\/2009\/12\/30\/todos-los-sabados-por-canal-9-regional-porque-escribi\/#breadcrumb\"},\"inLanguage\":\"es\",\"potentialAction\":[{\"@type\":\"ReadAction\",\"target\":[\"https:\/\/www.fraczinet.cl\/sitio\/2009\/12\/30\/todos-los-sabados-por-canal-9-regional-porque-escribi\/\"]}]},{\"@type\":\"ImageObject\",\"inLanguage\":\"es\",\"@id\":\"https:\/\/www.fraczinet.cl\/sitio\/2009\/12\/30\/todos-los-sabados-por-canal-9-regional-porque-escribi\/#primaryimage\",\"url\":\"https:\/\/www.fraczinet.cl\/sitio\/wp-content\/uploads\/2009\/12\/18750_229608503319_752898319_3165883_4357918_n.jpg\",\"contentUrl\":\"https:\/\/www.fraczinet.cl\/sitio\/wp-content\/uploads\/2009\/12\/18750_229608503319_752898319_3165883_4357918_n.jpg\",\"width\":604,\"height\":604},{\"@type\":\"BreadcrumbList\",\"@id\":\"https:\/\/www.fraczinet.cl\/sitio\/2009\/12\/30\/todos-los-sabados-por-canal-9-regional-porque-escribi\/#breadcrumb\",\"itemListElement\":[{\"@type\":\"ListItem\",\"position\":1,\"name\":\"Portada\",\"item\":\"https:\/\/www.fraczinet.cl\/sitio\/\"},{\"@type\":\"ListItem\",\"position\":2,\"name\":\"Todos Los S\u00e1bados Por Canal 9 Regional \u00abPorque Escrib\u00ed\u00bb\"}]},{\"@type\":\"WebSite\",\"@id\":\"https:\/\/www.fraczinet.cl\/sitio\/#website\",\"url\":\"https:\/\/www.fraczinet.cl\/sitio\/\",\"name\":\"Nuestro Bio B\u00edo\",\"description\":\"Tierra de Encuentros\",\"publisher\":{\"@id\":\"https:\/\/www.fraczinet.cl\/sitio\/#\/schema\/person\/aec8ee4da68df2b9b0eefdad24a0d582\"},\"potentialAction\":[{\"@type\":\"SearchAction\",\"target\":{\"@type\":\"EntryPoint\",\"urlTemplate\":\"https:\/\/www.fraczinet.cl\/sitio\/?s={search_term_string}\"},\"query-input\":{\"@type\":\"PropertyValueSpecification\",\"valueRequired\":true,\"valueName\":\"search_term_string\"}}],\"inLanguage\":\"es\"},{\"@type\":[\"Person\",\"Organization\"],\"@id\":\"https:\/\/www.fraczinet.cl\/sitio\/#\/schema\/person\/aec8ee4da68df2b9b0eefdad24a0d582\",\"name\":\"Luis Fernando Fraczinet\",\"image\":{\"@type\":\"ImageObject\",\"inLanguage\":\"es\",\"@id\":\"https:\/\/www.fraczinet.cl\/sitio\/#\/schema\/person\/image\/\",\"url\":\"https:\/\/www.fraczinet.cl\/sitio\/wp-content\/uploads\/2021\/07\/bannerlogo-1.gif\",\"contentUrl\":\"https:\/\/www.fraczinet.cl\/sitio\/wp-content\/uploads\/2021\/07\/bannerlogo-1.gif\",\"width\":159,\"height\":79,\"caption\":\"Luis Fernando Fraczinet\"},\"logo\":{\"@id\":\"https:\/\/www.fraczinet.cl\/sitio\/#\/schema\/person\/image\/\"},\"sameAs\":[\"https:\/\/www.fraczinet.cl\/sitio\/\"]},{\"@type\":\"Person\",\"@id\":\"https:\/\/www.fraczinet.cl\/sitio\/#\/schema\/person\/bc30f98e9cb10ae7e119dbe14bc93784\",\"name\":\"admin\",\"image\":{\"@type\":\"ImageObject\",\"inLanguage\":\"es\",\"@id\":\"https:\/\/www.fraczinet.cl\/sitio\/#\/schema\/person\/image\/\",\"url\":\"https:\/\/secure.gravatar.com\/avatar\/d5ad3cf7ef3b23a2bb5be73be780c86b2fc8545c3ad6b149f3913ff458c00099?s=96&d=mm&r=g\",\"contentUrl\":\"https:\/\/secure.gravatar.com\/avatar\/d5ad3cf7ef3b23a2bb5be73be780c86b2fc8545c3ad6b149f3913ff458c00099?s=96&d=mm&r=g\",\"caption\":\"admin\"},\"sameAs\":[\"https:\/\/www.fraczinet.cl\/sitio\"]}]}<\/script>\n<!-- \/ Yoast SEO plugin. -->","yoast_head_json":{"title":"Todos Los S\u00e1bados Por Canal 9 Regional \"Porque Escrib\u00ed\" - Nuestro Bio B\u00edo","robots":{"index":"index","follow":"follow","max-snippet":"max-snippet:-1","max-image-preview":"max-image-preview:large","max-video-preview":"max-video-preview:-1"},"canonical":"https:\/\/www.fraczinet.cl\/sitio\/2009\/12\/30\/todos-los-sabados-por-canal-9-regional-porque-escribi\/","og_locale":"es_ES","og_type":"article","og_title":"Todos Los S\u00e1bados Por Canal 9 Regional \"Porque Escrib\u00ed\" - Nuestro Bio B\u00edo","og_description":"Todos los s\u00e1bados por Canal 9 Regional se presenta el programa de entrevistas a escritores de la regi\u00f3n del Bio B\u00edo \u00abPorque escrib\u00ed\u00bb presentado por la escritora de nuestra tierra Ingrid Odgers. En este trabajo, financiado por el Fondo Nacional de Fomento del Libro y la Lectura, se presenta la visi\u00f3n y experiencias personales de [&hellip;]","og_url":"https:\/\/www.fraczinet.cl\/sitio\/2009\/12\/30\/todos-los-sabados-por-canal-9-regional-porque-escribi\/","og_site_name":"Nuestro Bio B\u00edo","article_published_time":"2009-12-30T23:45:00+00:00","article_modified_time":"2021-08-25T23:19:01+00:00","og_image":[{"width":604,"height":604,"url":"https:\/\/www.fraczinet.cl\/sitio\/wp-content\/uploads\/2009\/12\/18750_229608503319_752898319_3165883_4357918_n.jpg","type":"image\/jpeg"}],"author":"admin","twitter_card":"summary_large_image","twitter_creator":"@nuestrobiobio","twitter_site":"@nuestrobiobio","twitter_misc":{"Escrito por":"admin","Tiempo de lectura":"1 minuto"},"schema":{"@context":"https:\/\/schema.org","@graph":[{"@type":"Article","@id":"https:\/\/www.fraczinet.cl\/sitio\/2009\/12\/30\/todos-los-sabados-por-canal-9-regional-porque-escribi\/#article","isPartOf":{"@id":"https:\/\/www.fraczinet.cl\/sitio\/2009\/12\/30\/todos-los-sabados-por-canal-9-regional-porque-escribi\/"},"author":{"name":"admin","@id":"https:\/\/www.fraczinet.cl\/sitio\/#\/schema\/person\/bc30f98e9cb10ae7e119dbe14bc93784"},"headline":"Todos Los S\u00e1bados Por Canal 9 Regional \u00abPorque Escrib\u00ed\u00bb","datePublished":"2009-12-30T23:45:00+00:00","dateModified":"2021-08-25T23:19:01+00:00","mainEntityOfPage":{"@id":"https:\/\/www.fraczinet.cl\/sitio\/2009\/12\/30\/todos-los-sabados-por-canal-9-regional-porque-escribi\/"},"wordCount":157,"commentCount":2,"publisher":{"@id":"https:\/\/www.fraczinet.cl\/sitio\/#\/schema\/person\/aec8ee4da68df2b9b0eefdad24a0d582"},"image":{"@id":"https:\/\/www.fraczinet.cl\/sitio\/2009\/12\/30\/todos-los-sabados-por-canal-9-regional-porque-escribi\/#primaryimage"},"thumbnailUrl":"https:\/\/www.fraczinet.cl\/sitio\/wp-content\/uploads\/2009\/12\/18750_229608503319_752898319_3165883_4357918_n.jpg","articleSection":["Ingrid Odgers"],"inLanguage":"es","potentialAction":[{"@type":"CommentAction","name":"Comment","target":["https:\/\/www.fraczinet.cl\/sitio\/2009\/12\/30\/todos-los-sabados-por-canal-9-regional-porque-escribi\/#respond"]}]},{"@type":"WebPage","@id":"https:\/\/www.fraczinet.cl\/sitio\/2009\/12\/30\/todos-los-sabados-por-canal-9-regional-porque-escribi\/","url":"https:\/\/www.fraczinet.cl\/sitio\/2009\/12\/30\/todos-los-sabados-por-canal-9-regional-porque-escribi\/","name":"Todos Los S\u00e1bados Por Canal 9 Regional \"Porque Escrib\u00ed\" - Nuestro Bio B\u00edo","isPartOf":{"@id":"https:\/\/www.fraczinet.cl\/sitio\/#website"},"primaryImageOfPage":{"@id":"https:\/\/www.fraczinet.cl\/sitio\/2009\/12\/30\/todos-los-sabados-por-canal-9-regional-porque-escribi\/#primaryimage"},"image":{"@id":"https:\/\/www.fraczinet.cl\/sitio\/2009\/12\/30\/todos-los-sabados-por-canal-9-regional-porque-escribi\/#primaryimage"},"thumbnailUrl":"https:\/\/www.fraczinet.cl\/sitio\/wp-content\/uploads\/2009\/12\/18750_229608503319_752898319_3165883_4357918_n.jpg","datePublished":"2009-12-30T23:45:00+00:00","dateModified":"2021-08-25T23:19:01+00:00","breadcrumb":{"@id":"https:\/\/www.fraczinet.cl\/sitio\/2009\/12\/30\/todos-los-sabados-por-canal-9-regional-porque-escribi\/#breadcrumb"},"inLanguage":"es","potentialAction":[{"@type":"ReadAction","target":["https:\/\/www.fraczinet.cl\/sitio\/2009\/12\/30\/todos-los-sabados-por-canal-9-regional-porque-escribi\/"]}]},{"@type":"ImageObject","inLanguage":"es","@id":"https:\/\/www.fraczinet.cl\/sitio\/2009\/12\/30\/todos-los-sabados-por-canal-9-regional-porque-escribi\/#primaryimage","url":"https:\/\/www.fraczinet.cl\/sitio\/wp-content\/uploads\/2009\/12\/18750_229608503319_752898319_3165883_4357918_n.jpg","contentUrl":"https:\/\/www.fraczinet.cl\/sitio\/wp-content\/uploads\/2009\/12\/18750_229608503319_752898319_3165883_4357918_n.jpg","width":604,"height":604},{"@type":"BreadcrumbList","@id":"https:\/\/www.fraczinet.cl\/sitio\/2009\/12\/30\/todos-los-sabados-por-canal-9-regional-porque-escribi\/#breadcrumb","itemListElement":[{"@type":"ListItem","position":1,"name":"Portada","item":"https:\/\/www.fraczinet.cl\/sitio\/"},{"@type":"ListItem","position":2,"name":"Todos Los S\u00e1bados Por Canal 9 Regional \u00abPorque Escrib\u00ed\u00bb"}]},{"@type":"WebSite","@id":"https:\/\/www.fraczinet.cl\/sitio\/#website","url":"https:\/\/www.fraczinet.cl\/sitio\/","name":"Nuestro Bio B\u00edo","description":"Tierra de Encuentros","publisher":{"@id":"https:\/\/www.fraczinet.cl\/sitio\/#\/schema\/person\/aec8ee4da68df2b9b0eefdad24a0d582"},"potentialAction":[{"@type":"SearchAction","target":{"@type":"EntryPoint","urlTemplate":"https:\/\/www.fraczinet.cl\/sitio\/?s={search_term_string}"},"query-input":{"@type":"PropertyValueSpecification","valueRequired":true,"valueName":"search_term_string"}}],"inLanguage":"es"},{"@type":["Person","Organization"],"@id":"https:\/\/www.fraczinet.cl\/sitio\/#\/schema\/person\/aec8ee4da68df2b9b0eefdad24a0d582","name":"Luis Fernando Fraczinet","image":{"@type":"ImageObject","inLanguage":"es","@id":"https:\/\/www.fraczinet.cl\/sitio\/#\/schema\/person\/image\/","url":"https:\/\/www.fraczinet.cl\/sitio\/wp-content\/uploads\/2021\/07\/bannerlogo-1.gif","contentUrl":"https:\/\/www.fraczinet.cl\/sitio\/wp-content\/uploads\/2021\/07\/bannerlogo-1.gif","width":159,"height":79,"caption":"Luis Fernando Fraczinet"},"logo":{"@id":"https:\/\/www.fraczinet.cl\/sitio\/#\/schema\/person\/image\/"},"sameAs":["https:\/\/www.fraczinet.cl\/sitio\/"]},{"@type":"Person","@id":"https:\/\/www.fraczinet.cl\/sitio\/#\/schema\/person\/bc30f98e9cb10ae7e119dbe14bc93784","name":"admin","image":{"@type":"ImageObject","inLanguage":"es","@id":"https:\/\/www.fraczinet.cl\/sitio\/#\/schema\/person\/image\/","url":"https:\/\/secure.gravatar.com\/avatar\/d5ad3cf7ef3b23a2bb5be73be780c86b2fc8545c3ad6b149f3913ff458c00099?s=96&d=mm&r=g","contentUrl":"https:\/\/secure.gravatar.com\/avatar\/d5ad3cf7ef3b23a2bb5be73be780c86b2fc8545c3ad6b149f3913ff458c00099?s=96&d=mm&r=g","caption":"admin"},"sameAs":["https:\/\/www.fraczinet.cl\/sitio"]}]}},"_links":{"self":[{"href":"https:\/\/www.fraczinet.cl\/sitio\/wp-json\/wp\/v2\/posts\/4425","targetHints":{"allow":["GET"]}}],"collection":[{"href":"https:\/\/www.fraczinet.cl\/sitio\/wp-json\/wp\/v2\/posts"}],"about":[{"href":"https:\/\/www.fraczinet.cl\/sitio\/wp-json\/wp\/v2\/types\/post"}],"author":[{"embeddable":true,"href":"https:\/\/www.fraczinet.cl\/sitio\/wp-json\/wp\/v2\/users\/1"}],"replies":[{"embeddable":true,"href":"https:\/\/www.fraczinet.cl\/sitio\/wp-json\/wp\/v2\/comments?post=4425"}],"version-history":[{"count":1,"href":"https:\/\/www.fraczinet.cl\/sitio\/wp-json\/wp\/v2\/posts\/4425\/revisions"}],"predecessor-version":[{"id":5238,"href":"https:\/\/www.fraczinet.cl\/sitio\/wp-json\/wp\/v2\/posts\/4425\/revisions\/5238"}],"wp:featuredmedia":[{"embeddable":true,"href":"https:\/\/www.fraczinet.cl\/sitio\/wp-json\/wp\/v2\/media\/5237"}],"wp:attachment":[{"href":"https:\/\/www.fraczinet.cl\/sitio\/wp-json\/wp\/v2\/media?parent=4425"}],"wp:term":[{"taxonomy":"category","embeddable":true,"href":"https:\/\/www.fraczinet.cl\/sitio\/wp-json\/wp\/v2\/categories?post=4425"},{"taxonomy":"post_tag","embeddable":true,"href":"https:\/\/www.fraczinet.cl\/sitio\/wp-json\/wp\/v2\/tags?post=4425"}],"curies":[{"name":"wp","href":"https:\/\/api.w.org\/{rel}","templated":true}]}}