{"id":4429,"date":"2009-12-28T23:04:00","date_gmt":"2009-12-28T23:04:00","guid":{"rendered":""},"modified":"2022-10-05T22:09:15","modified_gmt":"2022-10-05T22:09:15","slug":"ubb-inicia-plan-de-expansion-en-chillan-y-concepcion","status":"publish","type":"post","link":"https:\/\/www.fraczinet.cl\/sitio\/2009\/12\/28\/ubb-inicia-plan-de-expansion-en-chillan-y-concepcion\/","title":{"rendered":"UBB Inicia Plan De Expansi\u00f3n En Chill\u00e1n y Concepci\u00f3n"},"content":{"rendered":"<div style=\"text-align: justify;\">Esta iniciativa de Responsabilidad Social Universitaria se enmarca en una estrategia de vinculaci\u00f3n regional, donde el pionero proyecto \u201cIntegraci\u00f3n social y \u00e9xito acad\u00e9mico de los estudiantes de la Universidad del Bio B\u00edo\u201d es clave, en el contexto del Convenio de Desempe\u00f1o suscrito con el ministerio de Educaci\u00f3n que permite disponer de fondos del Banco Mundial. <\/div>\n<div style=\"text-align: justify;\"><\/div>\n<div style=\"text-align: justify;\">Al respecto, el vicerrector de Asuntos Econ\u00f3micos, Luis Am\u00e9stica, indic\u00f3 que este financiamiento  aceler\u00f3 el proceso de expansi\u00f3n del plantel en pro del desarrollo educativo de sus m\u00e1s de 10 mil alumnos, disponiendo de una inversi\u00f3n de 3 mil millones de pesos en obras de infraestructura para los campus Concepci\u00f3n y Chill\u00e1n, gracias a recursos complementarios provenientes del programa Mecesup, del Fondo de Desarrollo Institucional y del mercado de capitales, entre otros.  <\/div>\n<div style=\"text-align: justify;\"><\/div>\n<div style=\"text-align: justify;\">De esta forma, Am\u00e9stica precis\u00f3 que \u201cla Universidad del Bio B\u00edo se ajusta a las demandas educativas actuales y a diversas acciones concernientes a la formaci\u00f3n profesional e integral de sus estudiantes, en un mundo laboral competitivo\u201d.<\/div>\n<div style=\"text-align: justify;\"><\/div>\n<div style=\"text-align: justify;\">En esta senda, el plantel avanza en proyectos de trascendencia regional, entre los que destacan el Centro de Alta Tecnolog\u00eda de la Vivienda y un Parque Deportivo y Recreativo, \u00e9ste \u00faltimo se encuentra en etapa de dise\u00f1o y tiene financiamiento del Fondo Nacional de Desarrollo Regional, FNDR.<\/div>\n<div style=\"text-align: justify;\"><\/div>\n<div style=\"text-align: justify;\">A estas iniciativas se suman el departamento de Ingenier\u00eda Industrial, una nueva biblioteca y el edificio de Ingenier\u00eda en Mec\u00e1nica. <\/div>\n<div style=\"text-align: justify;\"><\/div>\n<div style=\"text-align: justify;\">Mientras que en la sede Chill\u00e1n comenzar\u00e1 la segunda etapa del gimnasio del campus La Castilla, nuevas aulas en la sede Fernando May y la ampliaci\u00f3n de la Escuela de Psicolog\u00eda. <\/div>\n<div style=\"text-align: justify;\"><\/div>\n<div style=\"text-align: justify;\">Durante el pr\u00f3ximo a\u00f1o se ejecutar\u00e1 la primera etapa del edificio de la Facultad de Ciencias Empresariales, en Chill\u00e1n, adem\u00e1s de la reciente adjudicaci\u00f3n de un proyecto para mejorar las instalaciones de Bienestar Estudiantil en la misma ciudad. <\/div>\n<div style=\"text-align: justify;\">Otros proyectos presentados a los fondos concursables del FNDR son una pista atl\u00e9tica y un Centro de Atenci\u00f3n Comunitaria, en la sede Chill\u00e1n. <\/div>\n<div style=\"text-align: justify;\"><\/div>\n<div style=\"text-align: justify;\">Mientras que los proyectos que se encuentran en etapa de estudio son: un nuevo edificio de Recursos Tecnol\u00f3gicos, un casino, un polideportivo e instalaciones para las actividades culturales en Concepci\u00f3n, as\u00ed tambi\u00e9n, otras iniciativas en el marco de la innovaci\u00f3n acad\u00e9mica.  En tanto, en etapa de postulaci\u00f3n est\u00e1 el proyecto de un Centro de Gesti\u00f3n para la Vinculaci\u00f3n Universidad \u2013 Empresa. Todo esto confluye para potenciar la marca de ciudad universitaria.  <\/div>\n<div style=\"text-align: justify;\"><\/div>\n<div style=\"text-align: justify;\">De ah\u00ed la importancia de concretar un nuevo \u201cBarrio Universitario UBB\u201d abierto a la comunidad, que mejore el reordenamiento territorial e incentive la pr\u00e1ctica del deporte y de actividades al aire libre, considerando que la casa de estudios superiores cuenta con un terreno cuya superficie total supera las 24,5 hect\u00e1reas, s\u00f3lo en la sede Concepci\u00f3n.<\/div>\n<div style=\"text-align: justify;\"><\/div>\n<div style=\"text-align: justify;\">En este contexto, este parque urbano irrumpe con un sello de identidad privilegiada, que est\u00e1 plenamente enfocado al peat\u00f3n, quien hoy dispone de un completo equipamiento, conformado por esca\u00f1os, se\u00f1al\u00e9tica <span style=\"font-style: italic;\">ad hoc<\/span>, mobiliario urbano, porta bicicletas, estacionamientos y nuevos accesos. A ello se suman destacadas obras arquitect\u00f3nicas como la escultura \u00abSiglo XXI\u00bb, de Sergio Castillo, Premio Nacional de Arte 1997, y otras esculturas de Marta Colvin, Osvaldo Pe\u00f1a y Vicente Gajardo que embellecen el campus penquista. <\/div>\n<div style=\"text-align: justify;\"><\/div>\n<div style=\"text-align: justify;\">Otro de los aspectos que marcan la diferencia se relaciona con una adecuada oferta de cafeter\u00eda y cornedores de alimentaci\u00f3n, con sistemas de internet inal\u00e1mbricos, conexi\u00f3n el\u00e9ctrica en los espacios p\u00fablicos y amplias \u00e1reas verdes.<\/div>\n<div style=\"text-align: justify;\"><\/div>\n<div style=\"text-align: justify;\">Desde el punto de vista arquitect\u00f3nico, el campus no tiene rejas en sus accesos principales y las \u00e1reas verdes estar\u00e1n abiertas para los alumnos y comunidad en general.<\/div>\n","protected":false},"excerpt":{"rendered":"<p>Esta iniciativa de Responsabilidad Social Universitaria se enmarca en una estrategia de vinculaci\u00f3n regional, donde el pionero proyecto \u201cIntegraci\u00f3n social y \u00e9xito acad\u00e9mico de los estudiantes de la Universidad del Bio B\u00edo\u201d es clave, en el contexto del Convenio de Desempe\u00f1o suscrito con el ministerio de Educaci\u00f3n que permite disponer de fondos del Banco Mundial. [&hellip;]<\/p>\n","protected":false},"author":1,"featured_media":0,"comment_status":"open","ping_status":"open","sticky":false,"template":"","format":"standard","meta":{"footnotes":""},"categories":[151],"tags":[],"class_list":["post-4429","post","type-post","status-publish","format-standard","hentry","category-educacion"],"yoast_head":"<!-- This site is optimized with the Yoast SEO plugin v25.0 - https:\/\/yoast.com\/wordpress\/plugins\/seo\/ -->\n<title>UBB Inicia Plan De Expansi\u00f3n En Chill\u00e1n y Concepci\u00f3n - Nuestro Bio B\u00edo<\/title>\n<meta name=\"robots\" content=\"index, follow, max-snippet:-1, max-image-preview:large, max-video-preview:-1\" \/>\n<link rel=\"canonical\" href=\"https:\/\/www.fraczinet.cl\/sitio\/2009\/12\/28\/ubb-inicia-plan-de-expansion-en-chillan-y-concepcion\/\" \/>\n<meta property=\"og:locale\" content=\"es_ES\" \/>\n<meta property=\"og:type\" content=\"article\" \/>\n<meta property=\"og:title\" content=\"UBB Inicia Plan De Expansi\u00f3n En Chill\u00e1n y Concepci\u00f3n - Nuestro Bio B\u00edo\" \/>\n<meta property=\"og:description\" content=\"Esta iniciativa de Responsabilidad Social Universitaria se enmarca en una estrategia de vinculaci\u00f3n regional, donde el pionero proyecto \u201cIntegraci\u00f3n social y \u00e9xito acad\u00e9mico de los estudiantes de la Universidad del Bio B\u00edo\u201d es clave, en el contexto del Convenio de Desempe\u00f1o suscrito con el ministerio de Educaci\u00f3n que permite disponer de fondos del Banco Mundial. [&hellip;]\" \/>\n<meta property=\"og:url\" content=\"https:\/\/www.fraczinet.cl\/sitio\/2009\/12\/28\/ubb-inicia-plan-de-expansion-en-chillan-y-concepcion\/\" \/>\n<meta property=\"og:site_name\" content=\"Nuestro Bio B\u00edo\" \/>\n<meta property=\"article:published_time\" content=\"2009-12-28T23:04:00+00:00\" \/>\n<meta property=\"article:modified_time\" content=\"2022-10-05T22:09:15+00:00\" \/>\n<meta property=\"og:image\" content=\"https:\/\/www.fraczinet.cl\/sitio\/wp-content\/uploads\/2021\/07\/bannerlogo-1.gif\" \/>\n\t<meta property=\"og:image:width\" content=\"159\" \/>\n\t<meta property=\"og:image:height\" content=\"79\" \/>\n\t<meta property=\"og:image:type\" content=\"image\/gif\" \/>\n<meta name=\"author\" content=\"admin\" \/>\n<meta name=\"twitter:card\" content=\"summary_large_image\" \/>\n<meta name=\"twitter:creator\" content=\"@nuestrobiobio\" \/>\n<meta name=\"twitter:site\" content=\"@nuestrobiobio\" \/>\n<meta name=\"twitter:label1\" content=\"Escrito por\" \/>\n\t<meta name=\"twitter:data1\" content=\"admin\" \/>\n\t<meta name=\"twitter:label2\" content=\"Tiempo de lectura\" \/>\n\t<meta name=\"twitter:data2\" content=\"3 minutos\" \/>\n<script type=\"application\/ld+json\" class=\"yoast-schema-graph\">{\"@context\":\"https:\/\/schema.org\",\"@graph\":[{\"@type\":\"Article\",\"@id\":\"https:\/\/www.fraczinet.cl\/sitio\/2009\/12\/28\/ubb-inicia-plan-de-expansion-en-chillan-y-concepcion\/#article\",\"isPartOf\":{\"@id\":\"https:\/\/www.fraczinet.cl\/sitio\/2009\/12\/28\/ubb-inicia-plan-de-expansion-en-chillan-y-concepcion\/\"},\"author\":{\"name\":\"admin\",\"@id\":\"https:\/\/www.fraczinet.cl\/sitio\/#\/schema\/person\/bc30f98e9cb10ae7e119dbe14bc93784\"},\"headline\":\"UBB Inicia Plan De Expansi\u00f3n En Chill\u00e1n y Concepci\u00f3n\",\"datePublished\":\"2009-12-28T23:04:00+00:00\",\"dateModified\":\"2022-10-05T22:09:15+00:00\",\"mainEntityOfPage\":{\"@id\":\"https:\/\/www.fraczinet.cl\/sitio\/2009\/12\/28\/ubb-inicia-plan-de-expansion-en-chillan-y-concepcion\/\"},\"wordCount\":653,\"commentCount\":0,\"publisher\":{\"@id\":\"https:\/\/www.fraczinet.cl\/sitio\/#\/schema\/person\/aec8ee4da68df2b9b0eefdad24a0d582\"},\"articleSection\":[\"Educaci\u00f3n\"],\"inLanguage\":\"es\",\"potentialAction\":[{\"@type\":\"CommentAction\",\"name\":\"Comment\",\"target\":[\"https:\/\/www.fraczinet.cl\/sitio\/2009\/12\/28\/ubb-inicia-plan-de-expansion-en-chillan-y-concepcion\/#respond\"]}]},{\"@type\":\"WebPage\",\"@id\":\"https:\/\/www.fraczinet.cl\/sitio\/2009\/12\/28\/ubb-inicia-plan-de-expansion-en-chillan-y-concepcion\/\",\"url\":\"https:\/\/www.fraczinet.cl\/sitio\/2009\/12\/28\/ubb-inicia-plan-de-expansion-en-chillan-y-concepcion\/\",\"name\":\"UBB Inicia Plan De Expansi\u00f3n En Chill\u00e1n y Concepci\u00f3n - Nuestro Bio B\u00edo\",\"isPartOf\":{\"@id\":\"https:\/\/www.fraczinet.cl\/sitio\/#website\"},\"datePublished\":\"2009-12-28T23:04:00+00:00\",\"dateModified\":\"2022-10-05T22:09:15+00:00\",\"breadcrumb\":{\"@id\":\"https:\/\/www.fraczinet.cl\/sitio\/2009\/12\/28\/ubb-inicia-plan-de-expansion-en-chillan-y-concepcion\/#breadcrumb\"},\"inLanguage\":\"es\",\"potentialAction\":[{\"@type\":\"ReadAction\",\"target\":[\"https:\/\/www.fraczinet.cl\/sitio\/2009\/12\/28\/ubb-inicia-plan-de-expansion-en-chillan-y-concepcion\/\"]}]},{\"@type\":\"BreadcrumbList\",\"@id\":\"https:\/\/www.fraczinet.cl\/sitio\/2009\/12\/28\/ubb-inicia-plan-de-expansion-en-chillan-y-concepcion\/#breadcrumb\",\"itemListElement\":[{\"@type\":\"ListItem\",\"position\":1,\"name\":\"Portada\",\"item\":\"https:\/\/www.fraczinet.cl\/sitio\/\"},{\"@type\":\"ListItem\",\"position\":2,\"name\":\"UBB Inicia Plan De Expansi\u00f3n En Chill\u00e1n y Concepci\u00f3n\"}]},{\"@type\":\"WebSite\",\"@id\":\"https:\/\/www.fraczinet.cl\/sitio\/#website\",\"url\":\"https:\/\/www.fraczinet.cl\/sitio\/\",\"name\":\"Nuestro Bio B\u00edo\",\"description\":\"Tierra de Encuentros\",\"publisher\":{\"@id\":\"https:\/\/www.fraczinet.cl\/sitio\/#\/schema\/person\/aec8ee4da68df2b9b0eefdad24a0d582\"},\"potentialAction\":[{\"@type\":\"SearchAction\",\"target\":{\"@type\":\"EntryPoint\",\"urlTemplate\":\"https:\/\/www.fraczinet.cl\/sitio\/?s={search_term_string}\"},\"query-input\":{\"@type\":\"PropertyValueSpecification\",\"valueRequired\":true,\"valueName\":\"search_term_string\"}}],\"inLanguage\":\"es\"},{\"@type\":[\"Person\",\"Organization\"],\"@id\":\"https:\/\/www.fraczinet.cl\/sitio\/#\/schema\/person\/aec8ee4da68df2b9b0eefdad24a0d582\",\"name\":\"Luis Fernando Fraczinet\",\"image\":{\"@type\":\"ImageObject\",\"inLanguage\":\"es\",\"@id\":\"https:\/\/www.fraczinet.cl\/sitio\/#\/schema\/person\/image\/\",\"url\":\"https:\/\/www.fraczinet.cl\/sitio\/wp-content\/uploads\/2021\/07\/bannerlogo-1.gif\",\"contentUrl\":\"https:\/\/www.fraczinet.cl\/sitio\/wp-content\/uploads\/2021\/07\/bannerlogo-1.gif\",\"width\":159,\"height\":79,\"caption\":\"Luis Fernando Fraczinet\"},\"logo\":{\"@id\":\"https:\/\/www.fraczinet.cl\/sitio\/#\/schema\/person\/image\/\"},\"sameAs\":[\"https:\/\/www.fraczinet.cl\/sitio\/\"]},{\"@type\":\"Person\",\"@id\":\"https:\/\/www.fraczinet.cl\/sitio\/#\/schema\/person\/bc30f98e9cb10ae7e119dbe14bc93784\",\"name\":\"admin\",\"image\":{\"@type\":\"ImageObject\",\"inLanguage\":\"es\",\"@id\":\"https:\/\/www.fraczinet.cl\/sitio\/#\/schema\/person\/image\/\",\"url\":\"https:\/\/secure.gravatar.com\/avatar\/d5ad3cf7ef3b23a2bb5be73be780c86b2fc8545c3ad6b149f3913ff458c00099?s=96&d=mm&r=g\",\"contentUrl\":\"https:\/\/secure.gravatar.com\/avatar\/d5ad3cf7ef3b23a2bb5be73be780c86b2fc8545c3ad6b149f3913ff458c00099?s=96&d=mm&r=g\",\"caption\":\"admin\"},\"sameAs\":[\"https:\/\/www.fraczinet.cl\/sitio\"]}]}<\/script>\n<!-- \/ Yoast SEO plugin. -->","yoast_head_json":{"title":"UBB Inicia Plan De Expansi\u00f3n En Chill\u00e1n y Concepci\u00f3n - Nuestro Bio B\u00edo","robots":{"index":"index","follow":"follow","max-snippet":"max-snippet:-1","max-image-preview":"max-image-preview:large","max-video-preview":"max-video-preview:-1"},"canonical":"https:\/\/www.fraczinet.cl\/sitio\/2009\/12\/28\/ubb-inicia-plan-de-expansion-en-chillan-y-concepcion\/","og_locale":"es_ES","og_type":"article","og_title":"UBB Inicia Plan De Expansi\u00f3n En Chill\u00e1n y Concepci\u00f3n - Nuestro Bio B\u00edo","og_description":"Esta iniciativa de Responsabilidad Social Universitaria se enmarca en una estrategia de vinculaci\u00f3n regional, donde el pionero proyecto \u201cIntegraci\u00f3n social y \u00e9xito acad\u00e9mico de los estudiantes de la Universidad del Bio B\u00edo\u201d es clave, en el contexto del Convenio de Desempe\u00f1o suscrito con el ministerio de Educaci\u00f3n que permite disponer de fondos del Banco Mundial. [&hellip;]","og_url":"https:\/\/www.fraczinet.cl\/sitio\/2009\/12\/28\/ubb-inicia-plan-de-expansion-en-chillan-y-concepcion\/","og_site_name":"Nuestro Bio B\u00edo","article_published_time":"2009-12-28T23:04:00+00:00","article_modified_time":"2022-10-05T22:09:15+00:00","og_image":[{"width":159,"height":79,"url":"https:\/\/www.fraczinet.cl\/sitio\/wp-content\/uploads\/2021\/07\/bannerlogo-1.gif","type":"image\/gif"}],"author":"admin","twitter_card":"summary_large_image","twitter_creator":"@nuestrobiobio","twitter_site":"@nuestrobiobio","twitter_misc":{"Escrito por":"admin","Tiempo de lectura":"3 minutos"},"schema":{"@context":"https:\/\/schema.org","@graph":[{"@type":"Article","@id":"https:\/\/www.fraczinet.cl\/sitio\/2009\/12\/28\/ubb-inicia-plan-de-expansion-en-chillan-y-concepcion\/#article","isPartOf":{"@id":"https:\/\/www.fraczinet.cl\/sitio\/2009\/12\/28\/ubb-inicia-plan-de-expansion-en-chillan-y-concepcion\/"},"author":{"name":"admin","@id":"https:\/\/www.fraczinet.cl\/sitio\/#\/schema\/person\/bc30f98e9cb10ae7e119dbe14bc93784"},"headline":"UBB Inicia Plan De Expansi\u00f3n En Chill\u00e1n y Concepci\u00f3n","datePublished":"2009-12-28T23:04:00+00:00","dateModified":"2022-10-05T22:09:15+00:00","mainEntityOfPage":{"@id":"https:\/\/www.fraczinet.cl\/sitio\/2009\/12\/28\/ubb-inicia-plan-de-expansion-en-chillan-y-concepcion\/"},"wordCount":653,"commentCount":0,"publisher":{"@id":"https:\/\/www.fraczinet.cl\/sitio\/#\/schema\/person\/aec8ee4da68df2b9b0eefdad24a0d582"},"articleSection":["Educaci\u00f3n"],"inLanguage":"es","potentialAction":[{"@type":"CommentAction","name":"Comment","target":["https:\/\/www.fraczinet.cl\/sitio\/2009\/12\/28\/ubb-inicia-plan-de-expansion-en-chillan-y-concepcion\/#respond"]}]},{"@type":"WebPage","@id":"https:\/\/www.fraczinet.cl\/sitio\/2009\/12\/28\/ubb-inicia-plan-de-expansion-en-chillan-y-concepcion\/","url":"https:\/\/www.fraczinet.cl\/sitio\/2009\/12\/28\/ubb-inicia-plan-de-expansion-en-chillan-y-concepcion\/","name":"UBB Inicia Plan De Expansi\u00f3n En Chill\u00e1n y Concepci\u00f3n - Nuestro Bio B\u00edo","isPartOf":{"@id":"https:\/\/www.fraczinet.cl\/sitio\/#website"},"datePublished":"2009-12-28T23:04:00+00:00","dateModified":"2022-10-05T22:09:15+00:00","breadcrumb":{"@id":"https:\/\/www.fraczinet.cl\/sitio\/2009\/12\/28\/ubb-inicia-plan-de-expansion-en-chillan-y-concepcion\/#breadcrumb"},"inLanguage":"es","potentialAction":[{"@type":"ReadAction","target":["https:\/\/www.fraczinet.cl\/sitio\/2009\/12\/28\/ubb-inicia-plan-de-expansion-en-chillan-y-concepcion\/"]}]},{"@type":"BreadcrumbList","@id":"https:\/\/www.fraczinet.cl\/sitio\/2009\/12\/28\/ubb-inicia-plan-de-expansion-en-chillan-y-concepcion\/#breadcrumb","itemListElement":[{"@type":"ListItem","position":1,"name":"Portada","item":"https:\/\/www.fraczinet.cl\/sitio\/"},{"@type":"ListItem","position":2,"name":"UBB Inicia Plan De Expansi\u00f3n En Chill\u00e1n y Concepci\u00f3n"}]},{"@type":"WebSite","@id":"https:\/\/www.fraczinet.cl\/sitio\/#website","url":"https:\/\/www.fraczinet.cl\/sitio\/","name":"Nuestro Bio B\u00edo","description":"Tierra de Encuentros","publisher":{"@id":"https:\/\/www.fraczinet.cl\/sitio\/#\/schema\/person\/aec8ee4da68df2b9b0eefdad24a0d582"},"potentialAction":[{"@type":"SearchAction","target":{"@type":"EntryPoint","urlTemplate":"https:\/\/www.fraczinet.cl\/sitio\/?s={search_term_string}"},"query-input":{"@type":"PropertyValueSpecification","valueRequired":true,"valueName":"search_term_string"}}],"inLanguage":"es"},{"@type":["Person","Organization"],"@id":"https:\/\/www.fraczinet.cl\/sitio\/#\/schema\/person\/aec8ee4da68df2b9b0eefdad24a0d582","name":"Luis Fernando Fraczinet","image":{"@type":"ImageObject","inLanguage":"es","@id":"https:\/\/www.fraczinet.cl\/sitio\/#\/schema\/person\/image\/","url":"https:\/\/www.fraczinet.cl\/sitio\/wp-content\/uploads\/2021\/07\/bannerlogo-1.gif","contentUrl":"https:\/\/www.fraczinet.cl\/sitio\/wp-content\/uploads\/2021\/07\/bannerlogo-1.gif","width":159,"height":79,"caption":"Luis Fernando Fraczinet"},"logo":{"@id":"https:\/\/www.fraczinet.cl\/sitio\/#\/schema\/person\/image\/"},"sameAs":["https:\/\/www.fraczinet.cl\/sitio\/"]},{"@type":"Person","@id":"https:\/\/www.fraczinet.cl\/sitio\/#\/schema\/person\/bc30f98e9cb10ae7e119dbe14bc93784","name":"admin","image":{"@type":"ImageObject","inLanguage":"es","@id":"https:\/\/www.fraczinet.cl\/sitio\/#\/schema\/person\/image\/","url":"https:\/\/secure.gravatar.com\/avatar\/d5ad3cf7ef3b23a2bb5be73be780c86b2fc8545c3ad6b149f3913ff458c00099?s=96&d=mm&r=g","contentUrl":"https:\/\/secure.gravatar.com\/avatar\/d5ad3cf7ef3b23a2bb5be73be780c86b2fc8545c3ad6b149f3913ff458c00099?s=96&d=mm&r=g","caption":"admin"},"sameAs":["https:\/\/www.fraczinet.cl\/sitio"]}]}},"_links":{"self":[{"href":"https:\/\/www.fraczinet.cl\/sitio\/wp-json\/wp\/v2\/posts\/4429","targetHints":{"allow":["GET"]}}],"collection":[{"href":"https:\/\/www.fraczinet.cl\/sitio\/wp-json\/wp\/v2\/posts"}],"about":[{"href":"https:\/\/www.fraczinet.cl\/sitio\/wp-json\/wp\/v2\/types\/post"}],"author":[{"embeddable":true,"href":"https:\/\/www.fraczinet.cl\/sitio\/wp-json\/wp\/v2\/users\/1"}],"replies":[{"embeddable":true,"href":"https:\/\/www.fraczinet.cl\/sitio\/wp-json\/wp\/v2\/comments?post=4429"}],"version-history":[{"count":1,"href":"https:\/\/www.fraczinet.cl\/sitio\/wp-json\/wp\/v2\/posts\/4429\/revisions"}],"predecessor-version":[{"id":5245,"href":"https:\/\/www.fraczinet.cl\/sitio\/wp-json\/wp\/v2\/posts\/4429\/revisions\/5245"}],"wp:attachment":[{"href":"https:\/\/www.fraczinet.cl\/sitio\/wp-json\/wp\/v2\/media?parent=4429"}],"wp:term":[{"taxonomy":"category","embeddable":true,"href":"https:\/\/www.fraczinet.cl\/sitio\/wp-json\/wp\/v2\/categories?post=4429"},{"taxonomy":"post_tag","embeddable":true,"href":"https:\/\/www.fraczinet.cl\/sitio\/wp-json\/wp\/v2\/tags?post=4429"}],"curies":[{"name":"wp","href":"https:\/\/api.w.org\/{rel}","templated":true}]}}